{"id":71642,"date":"2017-01-12T16:54:19","date_gmt":"2017-01-12T15:54:19","guid":{"rendered":"https:\/\/www.prijedordanas.com\/?p=71642"},"modified":"2017-01-12T16:54:19","modified_gmt":"2017-01-12T15:54:19","slug":"nedodirljiv-u-norveskoj-osumnjiceni-za-dvostruko-ubistvo-se-opet-nije-pojavio-u-sudu-u-banjaluci","status":"publish","type":"post","link":"https:\/\/www.prijedordanas.com\/?p=71642","title":{"rendered":"NEDODIRLJIV U NORVE\u0160KOJ: OSUMNJI\u010cENI ZA DVOSTRUKO UBISTVO SE OPET NIJE POJAVIO U SUDU U BANJALUCI"},"content":{"rendered":"<p><a href=\"https:\/\/www.prijedordanas.com\/wp-content\/uploads\/2017\/01\/blic-krkic.jpg\"><img loading=\"lazy\" decoding=\"async\" src=\"https:\/\/www.prijedordanas.com\/wp-content\/uploads\/2017\/01\/blic-krkic-300x222.jpg\" alt=\"blic-krkic\" width=\"300\" height=\"222\" class=\"alignleft size-medium wp-image-71643\" srcset=\"https:\/\/www.prijedordanas.com\/wp-content\/uploads\/2017\/01\/blic-krkic-300x222.jpg 300w, https:\/\/www.prijedordanas.com\/wp-content\/uploads\/2017\/01\/blic-krkic-100x74.jpg 100w, https:\/\/www.prijedordanas.com\/wp-content\/uploads\/2017\/01\/blic-krkic.jpg 675w\" sizes=\"(max-width: 300px) 100vw, 300px\" \/><\/a>Zikrija Krki\u0107 (44) optu\u017eeni za dvostruko ubistvo ponovo se ju\u010de nije pojavio na ro\u010di\u0161tu u Okru\u017enom sudu u Banjaluci i bi\u0107e mu poslan novi poziv u Norve\u0161ku.<\/p>\n<p>Predsednica sudskog ve\u0107a Olga Panti\u0107 rekla je da nakon \u0161to se Krki\u0107 u oktobru nije pojavio na su\u0111enju da je tada preko Ministarstva pravde BiH i me\u0111unarodne pomo\u0107i upu\u0107en mu poziv u Norve\u0161ku.<\/p>\n<p>-Po\u0161to nismo dobili odgovor da li mu je stigao poziv, kontaktirala sam Ministarstvo pravde BiH. Oni su me obavestili da kada se \u0161alje poziv preko me\u0111unarodne pravne pomo\u0107i da treba ostaviti rok od \u010detiri meseca od slanja poziva do su\u0111enja \u2013 pojasnila je Panti\u0107eva.<\/p>\n<p>Krki\u0107 je ranije poslao zahtev Okru\u017enom sudu u Banjaluci da njegov predmet ustupi pravosu\u0111u u Norve\u0161koj i to je odbijeno. Na to se \u017ealili Krki\u0107ev advokat Jasminka Jovi\u0161evi\u0107, ali je na dana\u0161njem ro\u010di\u0161tu sudsko ve\u0107e odbacilo njen prigovor.<\/p>\n<p>Krki\u0107 je optu\u017een da je 28. jula 2014. godine u Trnopolju kod Prijedora u kafi\u0107u \u201eSan\u201c iz automatske pu\u0161ke ubio Muharema Bali\u0107a (62) i Almira Red\u017ei\u0107a (48). Prvostepenom presudom on je za ovo dvostruko ubistvo oslobo\u0111en krivice zbog nedostatka dokaza, a zbog nedozvoljenog dr\u017eanja oru\u017eja osu\u0111en je na deset meseci zatvora. Me\u0111utim, Vrhovni sud RS je 24. maja pro\u0161le godine poni\u0161tio ovu presudu i vratio na ponovljeno su\u0111enje. Nakon \u0161to je oslobo\u0111en Krki\u0107 je oti\u0161ao za Norve\u0161ku, jer ima njihovo dr\u017eavljanstvo. Nastavak su\u0111enja zakazan je za 18. maj.<\/p>\n<p>EuroBlic<\/p>\n","protected":false},"excerpt":{"rendered":"<p>Zikrija Krki\u0107 (44) optu\u017eeni za dvostruko ubistvo ponovo se ju\u010de nije pojavio na ro\u010di\u0161tu u Okru\u017enom sudu u Banjaluci i bi\u0107e mu poslan novi poziv u Norve\u0161ku. Predsednica sudskog ve\u0107a [&hellip;]<\/p>\n","protected":false},"author":1,"featured_media":0,"comment_status":"closed","ping_status":"open","sticky":false,"template":"","format":"standard","meta":{"_monsterinsights_skip_tracking":false,"_monsterinsights_sitenote_active":false,"_monsterinsights_sitenote_note":"","_monsterinsights_sitenote_category":0,"footnotes":""},"categories":[5],"tags":[2022],"yoast_head":"<!-- This site is optimized with the Yoast SEO plugin v21.6 - https:\/\/yoast.com\/wordpress\/plugins\/seo\/ -->\n<title>NEDODIRLJIV U NORVE\u0160KOJ: OSUMNJI\u010cENI ZA DVOSTRUKO UBISTVO SE OPET NIJE POJAVIO U SUDU U BANJALUCI - PrijedorDanas.com - Prijedorski gradski portal<\/title>\n<meta name=\"robots\" content=\"index, follow, max-snippet:-1, max-image-preview:large, max-video-preview:-1\" \/>\n<link rel=\"canonical\" href=\"https:\/\/www.prijedordanas.com\/?p=71642\" \/>\n<meta property=\"og:locale\" content=\"en_US\" \/>\n<meta property=\"og:type\" content=\"article\" \/>\n<meta property=\"og:title\" content=\"NEDODIRLJIV U NORVE\u0160KOJ: OSUMNJI\u010cENI ZA DVOSTRUKO UBISTVO SE OPET NIJE POJAVIO U SUDU U BANJALUCI - PrijedorDanas.com - Prijedorski gradski portal\" \/>\n<meta property=\"og:description\" content=\"Zikrija Krki\u0107 (44) optu\u017eeni za dvostruko ubistvo ponovo se ju\u010de nije pojavio na ro\u010di\u0161tu u Okru\u017enom sudu u Banjaluci i bi\u0107e mu poslan novi poziv u Norve\u0161ku. Predsednica sudskog ve\u0107a [&hellip;]\" \/>\n<meta property=\"og:url\" content=\"https:\/\/www.prijedordanas.com\/?p=71642\" \/>\n<meta property=\"og:site_name\" content=\"PrijedorDanas.com - Prijedorski gradski portal\" \/>\n<meta property=\"article:publisher\" content=\"https:\/\/www.facebook.com\/PrijedorDanasCom\/\" \/>\n<meta property=\"article:published_time\" content=\"2017-01-12T15:54:19+00:00\" \/>\n<meta property=\"og:image\" content=\"https:\/\/www.prijedordanas.com\/wp-content\/uploads\/2017\/01\/blic-krkic-300x222.jpg\" \/>\n<meta name=\"author\" content=\"admin\" \/>\n<meta name=\"twitter:card\" content=\"summary_large_image\" \/>\n<meta name=\"twitter:label1\" content=\"Written by\" \/>\n\t<meta name=\"twitter:data1\" content=\"admin\" \/>\n\t<meta name=\"twitter:label2\" content=\"Est. reading time\" \/>\n\t<meta name=\"twitter:data2\" content=\"1 minute\" \/>\n<script type=\"application\/ld+json\" class=\"yoast-schema-graph\">{\"@context\":\"https:\/\/schema.org\",\"@graph\":[{\"@type\":\"Article\",\"@id\":\"https:\/\/www.prijedordanas.com\/?p=71642#article\",\"isPartOf\":{\"@id\":\"https:\/\/www.prijedordanas.com\/?p=71642\"},\"author\":{\"name\":\"admin\",\"@id\":\"https:\/\/www.prijedordanas.com\/#\/schema\/person\/4e08ccf29b506ca916ff86d46bb700e6\"},\"headline\":\"NEDODIRLJIV U NORVE\u0160KOJ: OSUMNJI\u010cENI ZA DVOSTRUKO UBISTVO SE OPET NIJE POJAVIO U SUDU U BANJALUCI\",\"datePublished\":\"2017-01-12T15:54:19+00:00\",\"dateModified\":\"2017-01-12T15:54:19+00:00\",\"mainEntityOfPage\":{\"@id\":\"https:\/\/www.prijedordanas.com\/?p=71642\"},\"wordCount\":286,\"publisher\":{\"@id\":\"https:\/\/www.prijedordanas.com\/#organization\"},\"keywords\":[\"Zikrija Krki\u0107\"],\"articleSection\":[\"Hronika\"],\"inLanguage\":\"en-US\"},{\"@type\":\"WebPage\",\"@id\":\"https:\/\/www.prijedordanas.com\/?p=71642\",\"url\":\"https:\/\/www.prijedordanas.com\/?p=71642\",\"name\":\"NEDODIRLJIV U NORVE\u0160KOJ: OSUMNJI\u010cENI ZA DVOSTRUKO UBISTVO SE OPET NIJE POJAVIO U SUDU U BANJALUCI - PrijedorDanas.com - Prijedorski gradski portal\",\"isPartOf\":{\"@id\":\"https:\/\/www.prijedordanas.com\/#website\"},\"datePublished\":\"2017-01-12T15:54:19+00:00\",\"dateModified\":\"2017-01-12T15:54:19+00:00\",\"breadcrumb\":{\"@id\":\"https:\/\/www.prijedordanas.com\/?p=71642#breadcrumb\"},\"inLanguage\":\"en-US\",\"potentialAction\":[{\"@type\":\"ReadAction\",\"target\":[\"https:\/\/www.prijedordanas.com\/?p=71642\"]}]},{\"@type\":\"BreadcrumbList\",\"@id\":\"https:\/\/www.prijedordanas.com\/?p=71642#breadcrumb\",\"itemListElement\":[{\"@type\":\"ListItem\",\"position\":1,\"name\":\"Home\",\"item\":\"https:\/\/www.prijedordanas.com\/\"},{\"@type\":\"ListItem\",\"position\":2,\"name\":\"NEDODIRLJIV U NORVE\u0160KOJ: OSUMNJI\u010cENI ZA DVOSTRUKO UBISTVO SE OPET NIJE POJAVIO U SUDU U BANJALUCI\"}]},{\"@type\":\"WebSite\",\"@id\":\"https:\/\/www.prijedordanas.com\/#website\",\"url\":\"https:\/\/www.prijedordanas.com\/\",\"name\":\"PrijedorDanas.com - Prijedorski gradski portal\",\"description\":\"Portal o doga\u0111anjima u gradu Prijedoru\",\"publisher\":{\"@id\":\"https:\/\/www.prijedordanas.com\/#organization\"},\"potentialAction\":[{\"@type\":\"SearchAction\",\"target\":{\"@type\":\"EntryPoint\",\"urlTemplate\":\"https:\/\/www.prijedordanas.com\/?s={search_term_string}\"},\"query-input\":\"required name=search_term_string\"}],\"inLanguage\":\"en-US\"},{\"@type\":\"Organization\",\"@id\":\"https:\/\/www.prijedordanas.com\/#organization\",\"name\":\"PrijedorDanas.com\",\"url\":\"https:\/\/www.prijedordanas.com\/\",\"logo\":{\"@type\":\"ImageObject\",\"inLanguage\":\"en-US\",\"@id\":\"https:\/\/www.prijedordanas.com\/#\/schema\/logo\/image\/\",\"url\":\"http:\/\/www.prijedordanas.com\/wp-content\/uploads\/2021\/12\/logopng.png\",\"contentUrl\":\"http:\/\/www.prijedordanas.com\/wp-content\/uploads\/2021\/12\/logopng.png\",\"width\":1019,\"height\":776,\"caption\":\"PrijedorDanas.com\"},\"image\":{\"@id\":\"https:\/\/www.prijedordanas.com\/#\/schema\/logo\/image\/\"},\"sameAs\":[\"https:\/\/www.facebook.com\/PrijedorDanasCom\/\"]},{\"@type\":\"Person\",\"@id\":\"https:\/\/www.prijedordanas.com\/#\/schema\/person\/4e08ccf29b506ca916ff86d46bb700e6\",\"name\":\"admin\",\"image\":{\"@type\":\"ImageObject\",\"inLanguage\":\"en-US\",\"@id\":\"https:\/\/www.prijedordanas.com\/#\/schema\/person\/image\/\",\"url\":\"https:\/\/secure.gravatar.com\/avatar\/1d3fc949d550f0b53a5f0d51e06dfd79?s=96&d=mm&r=g\",\"contentUrl\":\"https:\/\/secure.gravatar.com\/avatar\/1d3fc949d550f0b53a5f0d51e06dfd79?s=96&d=mm&r=g\",\"caption\":\"admin\"},\"url\":\"https:\/\/www.prijedordanas.com\/?author=1\"}]}<\/script>\n<!-- \/ Yoast SEO plugin. -->","yoast_head_json":{"title":"NEDODIRLJIV U NORVE\u0160KOJ: OSUMNJI\u010cENI ZA DVOSTRUKO UBISTVO SE OPET NIJE POJAVIO U SUDU U BANJALUCI - PrijedorDanas.com - Prijedorski gradski portal","robots":{"index":"index","follow":"follow","max-snippet":"max-snippet:-1","max-image-preview":"max-image-preview:large","max-video-preview":"max-video-preview:-1"},"canonical":"https:\/\/www.prijedordanas.com\/?p=71642","og_locale":"en_US","og_type":"article","og_title":"NEDODIRLJIV U NORVE\u0160KOJ: OSUMNJI\u010cENI ZA DVOSTRUKO UBISTVO SE OPET NIJE POJAVIO U SUDU U BANJALUCI - PrijedorDanas.com - Prijedorski gradski portal","og_description":"Zikrija Krki\u0107 (44) optu\u017eeni za dvostruko ubistvo ponovo se ju\u010de nije pojavio na ro\u010di\u0161tu u Okru\u017enom sudu u Banjaluci i bi\u0107e mu poslan novi poziv u Norve\u0161ku. Predsednica sudskog ve\u0107a [&hellip;]","og_url":"https:\/\/www.prijedordanas.com\/?p=71642","og_site_name":"PrijedorDanas.com - Prijedorski gradski portal","article_publisher":"https:\/\/www.facebook.com\/PrijedorDanasCom\/","article_published_time":"2017-01-12T15:54:19+00:00","og_image":[{"url":"https:\/\/www.prijedordanas.com\/wp-content\/uploads\/2017\/01\/blic-krkic-300x222.jpg"}],"author":"admin","twitter_card":"summary_large_image","twitter_misc":{"Written by":"admin","Est. reading time":"1 minute"},"schema":{"@context":"https:\/\/schema.org","@graph":[{"@type":"Article","@id":"https:\/\/www.prijedordanas.com\/?p=71642#article","isPartOf":{"@id":"https:\/\/www.prijedordanas.com\/?p=71642"},"author":{"name":"admin","@id":"https:\/\/www.prijedordanas.com\/#\/schema\/person\/4e08ccf29b506ca916ff86d46bb700e6"},"headline":"NEDODIRLJIV U NORVE\u0160KOJ: OSUMNJI\u010cENI ZA DVOSTRUKO UBISTVO SE OPET NIJE POJAVIO U SUDU U BANJALUCI","datePublished":"2017-01-12T15:54:19+00:00","dateModified":"2017-01-12T15:54:19+00:00","mainEntityOfPage":{"@id":"https:\/\/www.prijedordanas.com\/?p=71642"},"wordCount":286,"publisher":{"@id":"https:\/\/www.prijedordanas.com\/#organization"},"keywords":["Zikrija Krki\u0107"],"articleSection":["Hronika"],"inLanguage":"en-US"},{"@type":"WebPage","@id":"https:\/\/www.prijedordanas.com\/?p=71642","url":"https:\/\/www.prijedordanas.com\/?p=71642","name":"NEDODIRLJIV U NORVE\u0160KOJ: OSUMNJI\u010cENI ZA DVOSTRUKO UBISTVO SE OPET NIJE POJAVIO U SUDU U BANJALUCI - PrijedorDanas.com - Prijedorski gradski portal","isPartOf":{"@id":"https:\/\/www.prijedordanas.com\/#website"},"datePublished":"2017-01-12T15:54:19+00:00","dateModified":"2017-01-12T15:54:19+00:00","breadcrumb":{"@id":"https:\/\/www.prijedordanas.com\/?p=71642#breadcrumb"},"inLanguage":"en-US","potentialAction":[{"@type":"ReadAction","target":["https:\/\/www.prijedordanas.com\/?p=71642"]}]},{"@type":"BreadcrumbList","@id":"https:\/\/www.prijedordanas.com\/?p=71642#breadcrumb","itemListElement":[{"@type":"ListItem","position":1,"name":"Home","item":"https:\/\/www.prijedordanas.com\/"},{"@type":"ListItem","position":2,"name":"NEDODIRLJIV U NORVE\u0160KOJ: OSUMNJI\u010cENI ZA DVOSTRUKO UBISTVO SE OPET NIJE POJAVIO U SUDU U BANJALUCI"}]},{"@type":"WebSite","@id":"https:\/\/www.prijedordanas.com\/#website","url":"https:\/\/www.prijedordanas.com\/","name":"PrijedorDanas.com - Prijedorski gradski portal","description":"Portal o doga\u0111anjima u gradu Prijedoru","publisher":{"@id":"https:\/\/www.prijedordanas.com\/#organization"},"potentialAction":[{"@type":"SearchAction","target":{"@type":"EntryPoint","urlTemplate":"https:\/\/www.prijedordanas.com\/?s={search_term_string}"},"query-input":"required name=search_term_string"}],"inLanguage":"en-US"},{"@type":"Organization","@id":"https:\/\/www.prijedordanas.com\/#organization","name":"PrijedorDanas.com","url":"https:\/\/www.prijedordanas.com\/","logo":{"@type":"ImageObject","inLanguage":"en-US","@id":"https:\/\/www.prijedordanas.com\/#\/schema\/logo\/image\/","url":"http:\/\/www.prijedordanas.com\/wp-content\/uploads\/2021\/12\/logopng.png","contentUrl":"http:\/\/www.prijedordanas.com\/wp-content\/uploads\/2021\/12\/logopng.png","width":1019,"height":776,"caption":"PrijedorDanas.com"},"image":{"@id":"https:\/\/www.prijedordanas.com\/#\/schema\/logo\/image\/"},"sameAs":["https:\/\/www.facebook.com\/PrijedorDanasCom\/"]},{"@type":"Person","@id":"https:\/\/www.prijedordanas.com\/#\/schema\/person\/4e08ccf29b506ca916ff86d46bb700e6","name":"admin","image":{"@type":"ImageObject","inLanguage":"en-US","@id":"https:\/\/www.prijedordanas.com\/#\/schema\/person\/image\/","url":"https:\/\/secure.gravatar.com\/avatar\/1d3fc949d550f0b53a5f0d51e06dfd79?s=96&d=mm&r=g","contentUrl":"https:\/\/secure.gravatar.com\/avatar\/1d3fc949d550f0b53a5f0d51e06dfd79?s=96&d=mm&r=g","caption":"admin"},"url":"https:\/\/www.prijedordanas.com\/?author=1"}]}},"_links":{"self":[{"href":"https:\/\/www.prijedordanas.com\/index.php?rest_route=\/wp\/v2\/posts\/71642"}],"collection":[{"href":"https:\/\/www.prijedordanas.com\/index.php?rest_route=\/wp\/v2\/posts"}],"about":[{"href":"https:\/\/www.prijedordanas.com\/index.php?rest_route=\/wp\/v2\/types\/post"}],"author":[{"embeddable":true,"href":"https:\/\/www.prijedordanas.com\/index.php?rest_route=\/wp\/v2\/users\/1"}],"replies":[{"embeddable":true,"href":"https:\/\/www.prijedordanas.com\/index.php?rest_route=%2Fwp%2Fv2%2Fcomments&post=71642"}],"version-history":[{"count":1,"href":"https:\/\/www.prijedordanas.com\/index.php?rest_route=\/wp\/v2\/posts\/71642\/revisions"}],"predecessor-version":[{"id":71644,"href":"https:\/\/www.prijedordanas.com\/index.php?rest_route=\/wp\/v2\/posts\/71642\/revisions\/71644"}],"wp:attachment":[{"href":"https:\/\/www.prijedordanas.com\/index.php?rest_route=%2Fwp%2Fv2%2Fmedia&parent=71642"}],"wp:term":[{"taxonomy":"category","embeddable":true,"href":"https:\/\/www.prijedordanas.com\/index.php?rest_route=%2Fwp%2Fv2%2Fcategories&post=71642"},{"taxonomy":"post_tag","embeddable":true,"href":"https:\/\/www.prijedordanas.com\/index.php?rest_route=%2Fwp%2Fv2%2Ftags&post=71642"}],"curies":[{"name":"wp","href":"https:\/\/api.w.org\/{rel}","templated":true}]}}