{"id":71463,"date":"2017-01-11T08:49:00","date_gmt":"2017-01-11T07:49:00","guid":{"rendered":"https:\/\/www.prijedordanas.com\/?p=71463"},"modified":"2017-01-11T08:49:00","modified_gmt":"2017-01-11T07:49:00","slug":"novogodisnji-pokloni-za-djecu-gornje-ravske-fotovideo","status":"publish","type":"post","link":"https:\/\/www.prijedordanas.com\/?p=71463","title":{"rendered":"NOVOGODI\u0160NJI POKLONI ZA  DJECU GORNJE RAVSKE &#8211; FOTO\/VIDEO"},"content":{"rendered":"<p><a href=\"https:\/\/www.prijedordanas.com\/wp-content\/uploads\/2017\/01\/prijedorgradorg-gornja-ravska-paketici-1.jpg\"><img loading=\"lazy\" decoding=\"async\" class=\"alignleft size-medium wp-image-71464\" src=\"https:\/\/www.prijedordanas.com\/wp-content\/uploads\/2017\/01\/prijedorgradorg-gornja-ravska-paketici-1-300x225.jpg\" alt=\"prijedorgradorg-gornja-ravska-paketici-1\" width=\"300\" height=\"225\" srcset=\"https:\/\/www.prijedordanas.com\/wp-content\/uploads\/2017\/01\/prijedorgradorg-gornja-ravska-paketici-1-300x225.jpg 300w, https:\/\/www.prijedordanas.com\/wp-content\/uploads\/2017\/01\/prijedorgradorg-gornja-ravska-paketici-1-100x75.jpg 100w, https:\/\/www.prijedordanas.com\/wp-content\/uploads\/2017\/01\/prijedorgradorg-gornja-ravska-paketici-1-640x480.jpg 640w, https:\/\/www.prijedordanas.com\/wp-content\/uploads\/2017\/01\/prijedorgradorg-gornja-ravska-paketici-1.jpg 667w\" sizes=\"(max-width: 300px) 100vw, 300px\" \/><\/a>Predstavnici Gradske uprave posjetili su pred kraj 2016. godine Gornju Ravsku, i tom prilikom uru\u010dili novogodi\u0161nje paketi\u0107e za 30 djece koja \u017eive u ovom selu.<\/p>\n<p>Poklone im je uru\u010dio Rade Aleksi\u0107, \u0161ef Odsjeka za mjesne zajednice grada Prijedora, koji je napomenuo da je ovo ve\u0107 tre\u0107a godina kako se na ovaj na\u010din uljep\u0161avaju praznici mali\u0161anima koji \u017eive u jednom od najudaljenijih prijedorskih sela.<\/p>\n<p>\u2013 Mislim da je vrlo dobro \u0161to Gradske uprava prepoznaje i sredine udaljene od grada, i to je dobar znak saradnje Gradske uprave i mjesne zajednice, kao i znak podr\u0161ke djeci i omladini ovog sela \u2013 rekao je Aleksi\u0107.<\/p>\n<p>Podru\u010dno odjeljenje O\u0160 \u201eMladen Stojanovi\u0107\u201c, Ljubija, u ovom mjestu poha\u0111a \u0161estoro djece, a njihova u\u010diteljica Tanja Rajili\u0107 izrazila je nadu da \u0107e i budu\u0107e generacije djece u ovom selu dobijati ove paketi\u0107e.<\/p>\n<p>\u2013 I ovo malo nama jako puno zna\u010di. Djeca su se puno obradovala svemu ovome i drago mi je \u0161to su im i na ovaj na\u010din uljep\u0161ani predstoje\u0107i praznici \u2013 navela je Rajili\u0107eva.<\/p>\n<p>Tekst\/video-RTV Prijedor<br \/>\nFoto &#8211; www.prijedorgrad.org<\/p>\n<p><iframe loading=\"lazy\" width=\"500\" height=\"281\" src=\"https:\/\/www.youtube.com\/embed\/-nkZQPFnafk?feature=oembed\" frameborder=\"0\" allowfullscreen><\/iframe><\/p>\n<p><a href=\"https:\/\/www.prijedordanas.com\/wp-content\/uploads\/2017\/01\/prijedorgradorg-gornja-ravska-paketici-2.jpg\"><img loading=\"lazy\" decoding=\"async\" src=\"https:\/\/www.prijedordanas.com\/wp-content\/uploads\/2017\/01\/prijedorgradorg-gornja-ravska-paketici-2-300x225.jpg\" alt=\"prijedorgradorg-gornja-ravska-paketici-2\" width=\"300\" height=\"225\" class=\"alignleft size-medium wp-image-71465\" srcset=\"https:\/\/www.prijedordanas.com\/wp-content\/uploads\/2017\/01\/prijedorgradorg-gornja-ravska-paketici-2-300x225.jpg 300w, https:\/\/www.prijedordanas.com\/wp-content\/uploads\/2017\/01\/prijedorgradorg-gornja-ravska-paketici-2-100x75.jpg 100w, https:\/\/www.prijedordanas.com\/wp-content\/uploads\/2017\/01\/prijedorgradorg-gornja-ravska-paketici-2-640x480.jpg 640w, https:\/\/www.prijedordanas.com\/wp-content\/uploads\/2017\/01\/prijedorgradorg-gornja-ravska-paketici-2.jpg 667w\" sizes=\"(max-width: 300px) 100vw, 300px\" \/><\/a> <a href=\"https:\/\/www.prijedordanas.com\/wp-content\/uploads\/2017\/01\/prijedorgradorg-gornja-ravska-paketici-3.jpg\"><img loading=\"lazy\" decoding=\"async\" src=\"https:\/\/www.prijedordanas.com\/wp-content\/uploads\/2017\/01\/prijedorgradorg-gornja-ravska-paketici-3-300x225.jpg\" alt=\"prijedorgradorg-gornja-ravska-paketici-3\" width=\"300\" height=\"225\" class=\"alignleft size-medium wp-image-71466\" srcset=\"https:\/\/www.prijedordanas.com\/wp-content\/uploads\/2017\/01\/prijedorgradorg-gornja-ravska-paketici-3-300x225.jpg 300w, https:\/\/www.prijedordanas.com\/wp-content\/uploads\/2017\/01\/prijedorgradorg-gornja-ravska-paketici-3-100x75.jpg 100w, https:\/\/www.prijedordanas.com\/wp-content\/uploads\/2017\/01\/prijedorgradorg-gornja-ravska-paketici-3-640x480.jpg 640w, https:\/\/www.prijedordanas.com\/wp-content\/uploads\/2017\/01\/prijedorgradorg-gornja-ravska-paketici-3.jpg 667w\" sizes=\"(max-width: 300px) 100vw, 300px\" \/><\/a> <a href=\"https:\/\/www.prijedordanas.com\/wp-content\/uploads\/2017\/01\/prijedorgradorg-gornja-ravska-paketici-4.jpg\"><img loading=\"lazy\" decoding=\"async\" src=\"https:\/\/www.prijedordanas.com\/wp-content\/uploads\/2017\/01\/prijedorgradorg-gornja-ravska-paketici-4-300x225.jpg\" alt=\"prijedorgradorg-gornja-ravska-paketici-4\" width=\"300\" height=\"225\" class=\"alignleft size-medium wp-image-71467\" srcset=\"https:\/\/www.prijedordanas.com\/wp-content\/uploads\/2017\/01\/prijedorgradorg-gornja-ravska-paketici-4-300x225.jpg 300w, https:\/\/www.prijedordanas.com\/wp-content\/uploads\/2017\/01\/prijedorgradorg-gornja-ravska-paketici-4-100x75.jpg 100w, https:\/\/www.prijedordanas.com\/wp-content\/uploads\/2017\/01\/prijedorgradorg-gornja-ravska-paketici-4-640x480.jpg 640w, https:\/\/www.prijedordanas.com\/wp-content\/uploads\/2017\/01\/prijedorgradorg-gornja-ravska-paketici-4.jpg 667w\" sizes=\"(max-width: 300px) 100vw, 300px\" \/><\/a> <a href=\"https:\/\/www.prijedordanas.com\/wp-content\/uploads\/2017\/01\/prijedorgradorg-gornja-ravska-paketici-5.jpg\"><img loading=\"lazy\" decoding=\"async\" src=\"https:\/\/www.prijedordanas.com\/wp-content\/uploads\/2017\/01\/prijedorgradorg-gornja-ravska-paketici-5-300x225.jpg\" alt=\"prijedorgradorg-gornja-ravska-paketici-5\" width=\"300\" height=\"225\" class=\"alignleft size-medium wp-image-71468\" srcset=\"https:\/\/www.prijedordanas.com\/wp-content\/uploads\/2017\/01\/prijedorgradorg-gornja-ravska-paketici-5-300x225.jpg 300w, https:\/\/www.prijedordanas.com\/wp-content\/uploads\/2017\/01\/prijedorgradorg-gornja-ravska-paketici-5-100x75.jpg 100w, https:\/\/www.prijedordanas.com\/wp-content\/uploads\/2017\/01\/prijedorgradorg-gornja-ravska-paketici-5-640x480.jpg 640w, https:\/\/www.prijedordanas.com\/wp-content\/uploads\/2017\/01\/prijedorgradorg-gornja-ravska-paketici-5.jpg 667w\" sizes=\"(max-width: 300px) 100vw, 300px\" \/><\/a><\/p>\n","protected":false},"excerpt":{"rendered":"<p>Predstavnici Gradske uprave posjetili su pred kraj 2016. godine Gornju Ravsku, i tom prilikom uru\u010dili novogodi\u0161nje paketi\u0107e za 30 djece koja \u017eive u ovom selu. Poklone im je uru\u010dio Rade [&hellip;]<\/p>\n","protected":false},"author":1,"featured_media":0,"comment_status":"closed","ping_status":"open","sticky":false,"template":"","format":"standard","meta":{"_monsterinsights_skip_tracking":false,"_monsterinsights_sitenote_active":false,"_monsterinsights_sitenote_note":"","_monsterinsights_sitenote_category":0,"footnotes":""},"categories":[7518],"tags":[2897,2913],"yoast_head":"<!-- This site is optimized with the Yoast SEO plugin v21.6 - https:\/\/yoast.com\/wordpress\/plugins\/seo\/ -->\n<title>NOVOGODI\u0160NJI POKLONI ZA DJECU GORNJE RAVSKE - FOTO\/VIDEO - PrijedorDanas.com - Prijedorski gradski portal<\/title>\n<meta name=\"robots\" content=\"index, follow, max-snippet:-1, max-image-preview:large, max-video-preview:-1\" \/>\n<link rel=\"canonical\" href=\"https:\/\/www.prijedordanas.com\/?p=71463\" \/>\n<meta property=\"og:locale\" content=\"en_US\" \/>\n<meta property=\"og:type\" content=\"article\" \/>\n<meta property=\"og:title\" content=\"NOVOGODI\u0160NJI POKLONI ZA DJECU GORNJE RAVSKE - FOTO\/VIDEO - PrijedorDanas.com - Prijedorski gradski portal\" \/>\n<meta property=\"og:description\" content=\"Predstavnici Gradske uprave posjetili su pred kraj 2016. godine Gornju Ravsku, i tom prilikom uru\u010dili novogodi\u0161nje paketi\u0107e za 30 djece koja \u017eive u ovom selu. Poklone im je uru\u010dio Rade [&hellip;]\" \/>\n<meta property=\"og:url\" content=\"https:\/\/www.prijedordanas.com\/?p=71463\" \/>\n<meta property=\"og:site_name\" content=\"PrijedorDanas.com - Prijedorski gradski portal\" \/>\n<meta property=\"article:publisher\" content=\"https:\/\/www.facebook.com\/PrijedorDanasCom\/\" \/>\n<meta property=\"article:published_time\" content=\"2017-01-11T07:49:00+00:00\" \/>\n<meta property=\"og:image\" content=\"https:\/\/www.prijedordanas.com\/wp-content\/uploads\/2017\/01\/prijedorgradorg-gornja-ravska-paketici-1-300x225.jpg\" \/>\n<meta name=\"author\" content=\"admin\" \/>\n<meta name=\"twitter:card\" content=\"summary_large_image\" \/>\n<meta name=\"twitter:label1\" content=\"Written by\" \/>\n\t<meta name=\"twitter:data1\" content=\"admin\" \/>\n\t<meta name=\"twitter:label2\" content=\"Est. reading time\" \/>\n\t<meta name=\"twitter:data2\" content=\"1 minute\" \/>\n<script type=\"application\/ld+json\" class=\"yoast-schema-graph\">{\"@context\":\"https:\/\/schema.org\",\"@graph\":[{\"@type\":\"Article\",\"@id\":\"https:\/\/www.prijedordanas.com\/?p=71463#article\",\"isPartOf\":{\"@id\":\"https:\/\/www.prijedordanas.com\/?p=71463\"},\"author\":{\"name\":\"admin\",\"@id\":\"https:\/\/www.prijedordanas.com\/#\/schema\/person\/4e08ccf29b506ca916ff86d46bb700e6\"},\"headline\":\"NOVOGODI\u0160NJI POKLONI ZA DJECU GORNJE RAVSKE &#8211; FOTO\/VIDEO\",\"datePublished\":\"2017-01-11T07:49:00+00:00\",\"dateModified\":\"2017-01-11T07:49:00+00:00\",\"mainEntityOfPage\":{\"@id\":\"https:\/\/www.prijedordanas.com\/?p=71463\"},\"wordCount\":202,\"publisher\":{\"@id\":\"https:\/\/www.prijedordanas.com\/#organization\"},\"keywords\":[\"Gornja Ravska\",\"paketi\u0107i\"],\"articleSection\":[\"Mladi\"],\"inLanguage\":\"en-US\"},{\"@type\":\"WebPage\",\"@id\":\"https:\/\/www.prijedordanas.com\/?p=71463\",\"url\":\"https:\/\/www.prijedordanas.com\/?p=71463\",\"name\":\"NOVOGODI\u0160NJI POKLONI ZA DJECU GORNJE RAVSKE - FOTO\/VIDEO - PrijedorDanas.com - Prijedorski gradski portal\",\"isPartOf\":{\"@id\":\"https:\/\/www.prijedordanas.com\/#website\"},\"datePublished\":\"2017-01-11T07:49:00+00:00\",\"dateModified\":\"2017-01-11T07:49:00+00:00\",\"breadcrumb\":{\"@id\":\"https:\/\/www.prijedordanas.com\/?p=71463#breadcrumb\"},\"inLanguage\":\"en-US\",\"potentialAction\":[{\"@type\":\"ReadAction\",\"target\":[\"https:\/\/www.prijedordanas.com\/?p=71463\"]}]},{\"@type\":\"BreadcrumbList\",\"@id\":\"https:\/\/www.prijedordanas.com\/?p=71463#breadcrumb\",\"itemListElement\":[{\"@type\":\"ListItem\",\"position\":1,\"name\":\"Home\",\"item\":\"https:\/\/www.prijedordanas.com\/\"},{\"@type\":\"ListItem\",\"position\":2,\"name\":\"NOVOGODI\u0160NJI POKLONI ZA DJECU GORNJE RAVSKE &#8211; FOTO\/VIDEO\"}]},{\"@type\":\"WebSite\",\"@id\":\"https:\/\/www.prijedordanas.com\/#website\",\"url\":\"https:\/\/www.prijedordanas.com\/\",\"name\":\"PrijedorDanas.com - Prijedorski gradski portal\",\"description\":\"Portal o doga\u0111anjima u gradu Prijedoru\",\"publisher\":{\"@id\":\"https:\/\/www.prijedordanas.com\/#organization\"},\"potentialAction\":[{\"@type\":\"SearchAction\",\"target\":{\"@type\":\"EntryPoint\",\"urlTemplate\":\"https:\/\/www.prijedordanas.com\/?s={search_term_string}\"},\"query-input\":\"required name=search_term_string\"}],\"inLanguage\":\"en-US\"},{\"@type\":\"Organization\",\"@id\":\"https:\/\/www.prijedordanas.com\/#organization\",\"name\":\"PrijedorDanas.com\",\"url\":\"https:\/\/www.prijedordanas.com\/\",\"logo\":{\"@type\":\"ImageObject\",\"inLanguage\":\"en-US\",\"@id\":\"https:\/\/www.prijedordanas.com\/#\/schema\/logo\/image\/\",\"url\":\"http:\/\/www.prijedordanas.com\/wp-content\/uploads\/2021\/12\/logopng.png\",\"contentUrl\":\"http:\/\/www.prijedordanas.com\/wp-content\/uploads\/2021\/12\/logopng.png\",\"width\":1019,\"height\":776,\"caption\":\"PrijedorDanas.com\"},\"image\":{\"@id\":\"https:\/\/www.prijedordanas.com\/#\/schema\/logo\/image\/\"},\"sameAs\":[\"https:\/\/www.facebook.com\/PrijedorDanasCom\/\"]},{\"@type\":\"Person\",\"@id\":\"https:\/\/www.prijedordanas.com\/#\/schema\/person\/4e08ccf29b506ca916ff86d46bb700e6\",\"name\":\"admin\",\"image\":{\"@type\":\"ImageObject\",\"inLanguage\":\"en-US\",\"@id\":\"https:\/\/www.prijedordanas.com\/#\/schema\/person\/image\/\",\"url\":\"https:\/\/secure.gravatar.com\/avatar\/1d3fc949d550f0b53a5f0d51e06dfd79?s=96&d=mm&r=g\",\"contentUrl\":\"https:\/\/secure.gravatar.com\/avatar\/1d3fc949d550f0b53a5f0d51e06dfd79?s=96&d=mm&r=g\",\"caption\":\"admin\"},\"url\":\"https:\/\/www.prijedordanas.com\/?author=1\"}]}<\/script>\n<!-- \/ Yoast SEO plugin. -->","yoast_head_json":{"title":"NOVOGODI\u0160NJI POKLONI ZA DJECU GORNJE RAVSKE - FOTO\/VIDEO - PrijedorDanas.com - Prijedorski gradski portal","robots":{"index":"index","follow":"follow","max-snippet":"max-snippet:-1","max-image-preview":"max-image-preview:large","max-video-preview":"max-video-preview:-1"},"canonical":"https:\/\/www.prijedordanas.com\/?p=71463","og_locale":"en_US","og_type":"article","og_title":"NOVOGODI\u0160NJI POKLONI ZA DJECU GORNJE RAVSKE - FOTO\/VIDEO - PrijedorDanas.com - Prijedorski gradski portal","og_description":"Predstavnici Gradske uprave posjetili su pred kraj 2016. godine Gornju Ravsku, i tom prilikom uru\u010dili novogodi\u0161nje paketi\u0107e za 30 djece koja \u017eive u ovom selu. Poklone im je uru\u010dio Rade [&hellip;]","og_url":"https:\/\/www.prijedordanas.com\/?p=71463","og_site_name":"PrijedorDanas.com - Prijedorski gradski portal","article_publisher":"https:\/\/www.facebook.com\/PrijedorDanasCom\/","article_published_time":"2017-01-11T07:49:00+00:00","og_image":[{"url":"https:\/\/www.prijedordanas.com\/wp-content\/uploads\/2017\/01\/prijedorgradorg-gornja-ravska-paketici-1-300x225.jpg"}],"author":"admin","twitter_card":"summary_large_image","twitter_misc":{"Written by":"admin","Est. reading time":"1 minute"},"schema":{"@context":"https:\/\/schema.org","@graph":[{"@type":"Article","@id":"https:\/\/www.prijedordanas.com\/?p=71463#article","isPartOf":{"@id":"https:\/\/www.prijedordanas.com\/?p=71463"},"author":{"name":"admin","@id":"https:\/\/www.prijedordanas.com\/#\/schema\/person\/4e08ccf29b506ca916ff86d46bb700e6"},"headline":"NOVOGODI\u0160NJI POKLONI ZA DJECU GORNJE RAVSKE &#8211; FOTO\/VIDEO","datePublished":"2017-01-11T07:49:00+00:00","dateModified":"2017-01-11T07:49:00+00:00","mainEntityOfPage":{"@id":"https:\/\/www.prijedordanas.com\/?p=71463"},"wordCount":202,"publisher":{"@id":"https:\/\/www.prijedordanas.com\/#organization"},"keywords":["Gornja Ravska","paketi\u0107i"],"articleSection":["Mladi"],"inLanguage":"en-US"},{"@type":"WebPage","@id":"https:\/\/www.prijedordanas.com\/?p=71463","url":"https:\/\/www.prijedordanas.com\/?p=71463","name":"NOVOGODI\u0160NJI POKLONI ZA DJECU GORNJE RAVSKE - FOTO\/VIDEO - PrijedorDanas.com - Prijedorski gradski portal","isPartOf":{"@id":"https:\/\/www.prijedordanas.com\/#website"},"datePublished":"2017-01-11T07:49:00+00:00","dateModified":"2017-01-11T07:49:00+00:00","breadcrumb":{"@id":"https:\/\/www.prijedordanas.com\/?p=71463#breadcrumb"},"inLanguage":"en-US","potentialAction":[{"@type":"ReadAction","target":["https:\/\/www.prijedordanas.com\/?p=71463"]}]},{"@type":"BreadcrumbList","@id":"https:\/\/www.prijedordanas.com\/?p=71463#breadcrumb","itemListElement":[{"@type":"ListItem","position":1,"name":"Home","item":"https:\/\/www.prijedordanas.com\/"},{"@type":"ListItem","position":2,"name":"NOVOGODI\u0160NJI POKLONI ZA DJECU GORNJE RAVSKE &#8211; FOTO\/VIDEO"}]},{"@type":"WebSite","@id":"https:\/\/www.prijedordanas.com\/#website","url":"https:\/\/www.prijedordanas.com\/","name":"PrijedorDanas.com - Prijedorski gradski portal","description":"Portal o doga\u0111anjima u gradu Prijedoru","publisher":{"@id":"https:\/\/www.prijedordanas.com\/#organization"},"potentialAction":[{"@type":"SearchAction","target":{"@type":"EntryPoint","urlTemplate":"https:\/\/www.prijedordanas.com\/?s={search_term_string}"},"query-input":"required name=search_term_string"}],"inLanguage":"en-US"},{"@type":"Organization","@id":"https:\/\/www.prijedordanas.com\/#organization","name":"PrijedorDanas.com","url":"https:\/\/www.prijedordanas.com\/","logo":{"@type":"ImageObject","inLanguage":"en-US","@id":"https:\/\/www.prijedordanas.com\/#\/schema\/logo\/image\/","url":"http:\/\/www.prijedordanas.com\/wp-content\/uploads\/2021\/12\/logopng.png","contentUrl":"http:\/\/www.prijedordanas.com\/wp-content\/uploads\/2021\/12\/logopng.png","width":1019,"height":776,"caption":"PrijedorDanas.com"},"image":{"@id":"https:\/\/www.prijedordanas.com\/#\/schema\/logo\/image\/"},"sameAs":["https:\/\/www.facebook.com\/PrijedorDanasCom\/"]},{"@type":"Person","@id":"https:\/\/www.prijedordanas.com\/#\/schema\/person\/4e08ccf29b506ca916ff86d46bb700e6","name":"admin","image":{"@type":"ImageObject","inLanguage":"en-US","@id":"https:\/\/www.prijedordanas.com\/#\/schema\/person\/image\/","url":"https:\/\/secure.gravatar.com\/avatar\/1d3fc949d550f0b53a5f0d51e06dfd79?s=96&d=mm&r=g","contentUrl":"https:\/\/secure.gravatar.com\/avatar\/1d3fc949d550f0b53a5f0d51e06dfd79?s=96&d=mm&r=g","caption":"admin"},"url":"https:\/\/www.prijedordanas.com\/?author=1"}]}},"_links":{"self":[{"href":"https:\/\/www.prijedordanas.com\/index.php?rest_route=\/wp\/v2\/posts\/71463"}],"collection":[{"href":"https:\/\/www.prijedordanas.com\/index.php?rest_route=\/wp\/v2\/posts"}],"about":[{"href":"https:\/\/www.prijedordanas.com\/index.php?rest_route=\/wp\/v2\/types\/post"}],"author":[{"embeddable":true,"href":"https:\/\/www.prijedordanas.com\/index.php?rest_route=\/wp\/v2\/users\/1"}],"replies":[{"embeddable":true,"href":"https:\/\/www.prijedordanas.com\/index.php?rest_route=%2Fwp%2Fv2%2Fcomments&post=71463"}],"version-history":[{"count":2,"href":"https:\/\/www.prijedordanas.com\/index.php?rest_route=\/wp\/v2\/posts\/71463\/revisions"}],"predecessor-version":[{"id":71470,"href":"https:\/\/www.prijedordanas.com\/index.php?rest_route=\/wp\/v2\/posts\/71463\/revisions\/71470"}],"wp:attachment":[{"href":"https:\/\/www.prijedordanas.com\/index.php?rest_route=%2Fwp%2Fv2%2Fmedia&parent=71463"}],"wp:term":[{"taxonomy":"category","embeddable":true,"href":"https:\/\/www.prijedordanas.com\/index.php?rest_route=%2Fwp%2Fv2%2Fcategories&post=71463"},{"taxonomy":"post_tag","embeddable":true,"href":"https:\/\/www.prijedordanas.com\/index.php?rest_route=%2Fwp%2Fv2%2Ftags&post=71463"}],"curies":[{"name":"wp","href":"https:\/\/api.w.org\/{rel}","templated":true}]}}