{"id":71423,"date":"2017-01-10T20:45:13","date_gmt":"2017-01-10T19:45:13","guid":{"rendered":"https:\/\/www.prijedordanas.com\/?p=71423"},"modified":"2017-01-10T20:45:13","modified_gmt":"2017-01-10T19:45:13","slug":"prijedor-poreska-uprava-opet-u-arselor-mitalu-video","status":"publish","type":"post","link":"https:\/\/www.prijedordanas.com\/?p=71423","title":{"rendered":"PRIJEDOR: PORESKA UPRAVA OPET U \u201eARSELOR MITALU\u201c \u2013 VIDEO"},"content":{"rendered":"<p><a href=\"https:\/\/www.prijedordanas.com\/wp-content\/uploads\/2017\/01\/atv-poreska-uprava-amp.jpg\"><img loading=\"lazy\" decoding=\"async\" src=\"https:\/\/www.prijedordanas.com\/wp-content\/uploads\/2017\/01\/atv-poreska-uprava-amp-300x222.jpg\" alt=\"atv-poreska-uprava-amp\" width=\"300\" height=\"222\" class=\"alignleft size-medium wp-image-71424\" srcset=\"https:\/\/www.prijedordanas.com\/wp-content\/uploads\/2017\/01\/atv-poreska-uprava-amp-300x222.jpg 300w, https:\/\/www.prijedordanas.com\/wp-content\/uploads\/2017\/01\/atv-poreska-uprava-amp-100x74.jpg 100w, https:\/\/www.prijedordanas.com\/wp-content\/uploads\/2017\/01\/atv-poreska-uprava-amp.jpg 675w\" sizes=\"(max-width: 300px) 100vw, 300px\" \/><\/a>Inspektori Poreske uprave zapo\u010deli su novu kontrolu transfernih cijena u prijedorskom Arselor Mitalu. Poku\u0161a\u0107e ponovo da doka\u017eu ono \u0161to je sud nedavno osporio, a to je da Mital dr\u017eavi duguje 49 miliona maraka poreza, koje je navodno utajio u poslednje tri godine.<\/p>\n<p>Da su inspektori ponovo u Mitalu, ATV-u je potvr\u0111eno u Poreskoj upravi, ali dok se postupak ne okon\u010da niko ne \u017eeli da se ogla\u0161ava. Da se u Mitalu \u0161timaju cijene rude uvjeren je i predsjednik Republike koji za ATV ka\u017ee da Srpska zbog toga gubi velike pare. Zato je, ka\u017ee, i pokrenuo pri\u010du o prodaji akcija R\u017dR-a.<\/p>\n<p>\u201cIonako nemamo nikakve koristi od svega toga. Imamo samo dugoro\u010dno ono \u0161to se zove, kroz cijene koje se namje\u0161taju, dugoro\u010dno smanjenje dobiti u samom rudniku u Prijedoru i da u tom pogledu treba da vidimo na koji na\u010din da dobijemo daleko vi\u0161e\u201d, istakao je Milorad Dodik, predsjednik Republike Srpske.<\/p>\n<p>Poreska je pro\u0161le godine utvrdila da Mital svojoj \u017deljezari u Zenici, prodaje rudu po ni\u017eim cijenama od tr\u017ei\u0161nih i na taj na\u010din osim utaje poreza umanjuje i dobit zajedni\u010dkog preduze\u0107a od \u010dega polovina pripada dr\u017eavi. U Mitalu odgovaraju da ta pri\u010da nema osnove \u0161to su, ka\u017eu, uspjeli i na sudu da doka\u017eu. \u017dalili su se na pro\u0161logodi\u0161nje rje\u0161enje poreske uprave i dobili spor.<\/p>\n<p>Zato se druga\u010dijem ishodu nove kontrole nada direktor Mladen Jela\u010da koji je uvjeren da se na ovu pri\u010du mora staviti ta\u010dka, \u010dime bi se otvorio put za dogovor Vlade i Arselor Mitala.<\/p>\n<p>\u201cNa\u0161a \u017ealba sudu je usvojena. To zna\u010di da danas ne postoji nikakva obaveza na\u0161a od famoznih 49 miliona. To \u0107e mo\u017eda i\u0107i u proces obnove, ali to \u0107e definitivno biti u sasvim drugom smjeru. Evo ovo je mo\u017eda dobra situacija u kojoj nemamo nikakvih optere\u0107enja, da zajedno i Vlada i Mital mogu bez ikakvih problema koji su do sada bili, rije\u0161iti ove stvari koje se meni \u010dine manje problemati\u010dnim\u201d, kazao je Mladen Jela\u010da, direktor \u201cArselor Mital\u201d Prijedor.<\/p>\n<p>Dok Mital vjeruje u dogovor, Vlada je vi\u0161e puta otkrila taktiku. Poku\u0161a\u0107e da bar dio spornih miliona od utajenog poreza i umanjene dobiti izvu\u010de kroz prodaju akcija R\u017dR. Prodaju ipak ko\u010di DNS, koji je pokrenuo pri\u010du o podjeli i osnivanju novog preduze\u0107a.<\/p>\n<p>Portal \u201cKapital\u201d objavio je dopis Marka Pavi\u0107a Vladi Srpske u kojem tra\u017ei da se iz paketa prodaje izuzme nekoliko lokacija u Prijedoru kao i Rudarski fakultet i Rudarski institut. Iako su ponude za sve to ve\u0107 stigle na adresu Vlade, sutra bi skup\u0161tina akcionara R\u017dR trebalo da glasa o podjeli firme, a ministar industrije ve\u0107 je naredio je predstavniku dr\u017eavnog kapitala da tra\u017ei skidanje ove ta\u010dke sa dnevnog reda.<\/p>\n<p>ATV BL<\/p>\n<p><iframe loading=\"lazy\" width=\"500\" height=\"375\" src=\"https:\/\/www.youtube.com\/embed\/qlmSafDM_8I?feature=oembed\" frameborder=\"0\" allowfullscreen><\/iframe><\/p>\n","protected":false},"excerpt":{"rendered":"<p>Inspektori Poreske uprave zapo\u010deli su novu kontrolu transfernih cijena u prijedorskom Arselor Mitalu. Poku\u0161a\u0107e ponovo da doka\u017eu ono \u0161to je sud nedavno osporio, a to je da Mital dr\u017eavi duguje [&hellip;]<\/p>\n","protected":false},"author":1,"featured_media":0,"comment_status":"closed","ping_status":"open","sticky":false,"template":"","format":"standard","meta":{"_monsterinsights_skip_tracking":false,"_monsterinsights_sitenote_active":false,"_monsterinsights_sitenote_note":"","_monsterinsights_sitenote_category":0,"footnotes":""},"categories":[4],"tags":[2626,2795],"yoast_head":"<!-- This site is optimized with the Yoast SEO plugin v21.6 - https:\/\/yoast.com\/wordpress\/plugins\/seo\/ -->\n<title>PRIJEDOR: PORESKA UPRAVA OPET U \u201eARSELOR MITALU\u201c \u2013 VIDEO - PrijedorDanas.com - Prijedorski gradski portal<\/title>\n<meta name=\"robots\" content=\"index, follow, max-snippet:-1, max-image-preview:large, max-video-preview:-1\" \/>\n<link rel=\"canonical\" href=\"https:\/\/www.prijedordanas.com\/?p=71423\" \/>\n<meta property=\"og:locale\" content=\"en_US\" \/>\n<meta property=\"og:type\" content=\"article\" \/>\n<meta property=\"og:title\" content=\"PRIJEDOR: PORESKA UPRAVA OPET U \u201eARSELOR MITALU\u201c \u2013 VIDEO - PrijedorDanas.com - Prijedorski gradski portal\" \/>\n<meta property=\"og:description\" content=\"Inspektori Poreske uprave zapo\u010deli su novu kontrolu transfernih cijena u prijedorskom Arselor Mitalu. Poku\u0161a\u0107e ponovo da doka\u017eu ono \u0161to je sud nedavno osporio, a to je da Mital dr\u017eavi duguje [&hellip;]\" \/>\n<meta property=\"og:url\" content=\"https:\/\/www.prijedordanas.com\/?p=71423\" \/>\n<meta property=\"og:site_name\" content=\"PrijedorDanas.com - Prijedorski gradski portal\" \/>\n<meta property=\"article:publisher\" content=\"https:\/\/www.facebook.com\/PrijedorDanasCom\/\" \/>\n<meta property=\"article:published_time\" content=\"2017-01-10T19:45:13+00:00\" \/>\n<meta property=\"og:image\" content=\"https:\/\/www.prijedordanas.com\/wp-content\/uploads\/2017\/01\/atv-poreska-uprava-amp-300x222.jpg\" \/>\n<meta name=\"author\" content=\"admin\" \/>\n<meta name=\"twitter:card\" content=\"summary_large_image\" \/>\n<meta name=\"twitter:label1\" content=\"Written by\" \/>\n\t<meta name=\"twitter:data1\" content=\"admin\" \/>\n\t<meta name=\"twitter:label2\" content=\"Est. reading time\" \/>\n\t<meta name=\"twitter:data2\" content=\"2 minutes\" \/>\n<script type=\"application\/ld+json\" class=\"yoast-schema-graph\">{\"@context\":\"https:\/\/schema.org\",\"@graph\":[{\"@type\":\"Article\",\"@id\":\"https:\/\/www.prijedordanas.com\/?p=71423#article\",\"isPartOf\":{\"@id\":\"https:\/\/www.prijedordanas.com\/?p=71423\"},\"author\":{\"name\":\"admin\",\"@id\":\"https:\/\/www.prijedordanas.com\/#\/schema\/person\/4e08ccf29b506ca916ff86d46bb700e6\"},\"headline\":\"PRIJEDOR: PORESKA UPRAVA OPET U \u201eARSELOR MITALU\u201c \u2013 VIDEO\",\"datePublished\":\"2017-01-10T19:45:13+00:00\",\"dateModified\":\"2017-01-10T19:45:13+00:00\",\"mainEntityOfPage\":{\"@id\":\"https:\/\/www.prijedordanas.com\/?p=71423\"},\"wordCount\":504,\"publisher\":{\"@id\":\"https:\/\/www.prijedordanas.com\/#organization\"},\"keywords\":[\"Arselor Mital Prijedor\",\"Poreska uprava\"],\"articleSection\":[\"Dru\u0161tvo\"],\"inLanguage\":\"en-US\"},{\"@type\":\"WebPage\",\"@id\":\"https:\/\/www.prijedordanas.com\/?p=71423\",\"url\":\"https:\/\/www.prijedordanas.com\/?p=71423\",\"name\":\"PRIJEDOR: PORESKA UPRAVA OPET U \u201eARSELOR MITALU\u201c \u2013 VIDEO - PrijedorDanas.com - Prijedorski gradski portal\",\"isPartOf\":{\"@id\":\"https:\/\/www.prijedordanas.com\/#website\"},\"datePublished\":\"2017-01-10T19:45:13+00:00\",\"dateModified\":\"2017-01-10T19:45:13+00:00\",\"breadcrumb\":{\"@id\":\"https:\/\/www.prijedordanas.com\/?p=71423#breadcrumb\"},\"inLanguage\":\"en-US\",\"potentialAction\":[{\"@type\":\"ReadAction\",\"target\":[\"https:\/\/www.prijedordanas.com\/?p=71423\"]}]},{\"@type\":\"BreadcrumbList\",\"@id\":\"https:\/\/www.prijedordanas.com\/?p=71423#breadcrumb\",\"itemListElement\":[{\"@type\":\"ListItem\",\"position\":1,\"name\":\"Home\",\"item\":\"https:\/\/www.prijedordanas.com\/\"},{\"@type\":\"ListItem\",\"position\":2,\"name\":\"PRIJEDOR: PORESKA UPRAVA OPET U \u201eARSELOR MITALU\u201c \u2013 VIDEO\"}]},{\"@type\":\"WebSite\",\"@id\":\"https:\/\/www.prijedordanas.com\/#website\",\"url\":\"https:\/\/www.prijedordanas.com\/\",\"name\":\"PrijedorDanas.com - Prijedorski gradski portal\",\"description\":\"Portal o doga\u0111anjima u gradu Prijedoru\",\"publisher\":{\"@id\":\"https:\/\/www.prijedordanas.com\/#organization\"},\"potentialAction\":[{\"@type\":\"SearchAction\",\"target\":{\"@type\":\"EntryPoint\",\"urlTemplate\":\"https:\/\/www.prijedordanas.com\/?s={search_term_string}\"},\"query-input\":\"required name=search_term_string\"}],\"inLanguage\":\"en-US\"},{\"@type\":\"Organization\",\"@id\":\"https:\/\/www.prijedordanas.com\/#organization\",\"name\":\"PrijedorDanas.com\",\"url\":\"https:\/\/www.prijedordanas.com\/\",\"logo\":{\"@type\":\"ImageObject\",\"inLanguage\":\"en-US\",\"@id\":\"https:\/\/www.prijedordanas.com\/#\/schema\/logo\/image\/\",\"url\":\"http:\/\/www.prijedordanas.com\/wp-content\/uploads\/2021\/12\/logopng.png\",\"contentUrl\":\"http:\/\/www.prijedordanas.com\/wp-content\/uploads\/2021\/12\/logopng.png\",\"width\":1019,\"height\":776,\"caption\":\"PrijedorDanas.com\"},\"image\":{\"@id\":\"https:\/\/www.prijedordanas.com\/#\/schema\/logo\/image\/\"},\"sameAs\":[\"https:\/\/www.facebook.com\/PrijedorDanasCom\/\"]},{\"@type\":\"Person\",\"@id\":\"https:\/\/www.prijedordanas.com\/#\/schema\/person\/4e08ccf29b506ca916ff86d46bb700e6\",\"name\":\"admin\",\"image\":{\"@type\":\"ImageObject\",\"inLanguage\":\"en-US\",\"@id\":\"https:\/\/www.prijedordanas.com\/#\/schema\/person\/image\/\",\"url\":\"https:\/\/secure.gravatar.com\/avatar\/1d3fc949d550f0b53a5f0d51e06dfd79?s=96&d=mm&r=g\",\"contentUrl\":\"https:\/\/secure.gravatar.com\/avatar\/1d3fc949d550f0b53a5f0d51e06dfd79?s=96&d=mm&r=g\",\"caption\":\"admin\"},\"url\":\"https:\/\/www.prijedordanas.com\/?author=1\"}]}<\/script>\n<!-- \/ Yoast SEO plugin. -->","yoast_head_json":{"title":"PRIJEDOR: PORESKA UPRAVA OPET U \u201eARSELOR MITALU\u201c \u2013 VIDEO - PrijedorDanas.com - Prijedorski gradski portal","robots":{"index":"index","follow":"follow","max-snippet":"max-snippet:-1","max-image-preview":"max-image-preview:large","max-video-preview":"max-video-preview:-1"},"canonical":"https:\/\/www.prijedordanas.com\/?p=71423","og_locale":"en_US","og_type":"article","og_title":"PRIJEDOR: PORESKA UPRAVA OPET U \u201eARSELOR MITALU\u201c \u2013 VIDEO - PrijedorDanas.com - Prijedorski gradski portal","og_description":"Inspektori Poreske uprave zapo\u010deli su novu kontrolu transfernih cijena u prijedorskom Arselor Mitalu. Poku\u0161a\u0107e ponovo da doka\u017eu ono \u0161to je sud nedavno osporio, a to je da Mital dr\u017eavi duguje [&hellip;]","og_url":"https:\/\/www.prijedordanas.com\/?p=71423","og_site_name":"PrijedorDanas.com - Prijedorski gradski portal","article_publisher":"https:\/\/www.facebook.com\/PrijedorDanasCom\/","article_published_time":"2017-01-10T19:45:13+00:00","og_image":[{"url":"https:\/\/www.prijedordanas.com\/wp-content\/uploads\/2017\/01\/atv-poreska-uprava-amp-300x222.jpg"}],"author":"admin","twitter_card":"summary_large_image","twitter_misc":{"Written by":"admin","Est. reading time":"2 minutes"},"schema":{"@context":"https:\/\/schema.org","@graph":[{"@type":"Article","@id":"https:\/\/www.prijedordanas.com\/?p=71423#article","isPartOf":{"@id":"https:\/\/www.prijedordanas.com\/?p=71423"},"author":{"name":"admin","@id":"https:\/\/www.prijedordanas.com\/#\/schema\/person\/4e08ccf29b506ca916ff86d46bb700e6"},"headline":"PRIJEDOR: PORESKA UPRAVA OPET U \u201eARSELOR MITALU\u201c \u2013 VIDEO","datePublished":"2017-01-10T19:45:13+00:00","dateModified":"2017-01-10T19:45:13+00:00","mainEntityOfPage":{"@id":"https:\/\/www.prijedordanas.com\/?p=71423"},"wordCount":504,"publisher":{"@id":"https:\/\/www.prijedordanas.com\/#organization"},"keywords":["Arselor Mital Prijedor","Poreska uprava"],"articleSection":["Dru\u0161tvo"],"inLanguage":"en-US"},{"@type":"WebPage","@id":"https:\/\/www.prijedordanas.com\/?p=71423","url":"https:\/\/www.prijedordanas.com\/?p=71423","name":"PRIJEDOR: PORESKA UPRAVA OPET U \u201eARSELOR MITALU\u201c \u2013 VIDEO - PrijedorDanas.com - Prijedorski gradski portal","isPartOf":{"@id":"https:\/\/www.prijedordanas.com\/#website"},"datePublished":"2017-01-10T19:45:13+00:00","dateModified":"2017-01-10T19:45:13+00:00","breadcrumb":{"@id":"https:\/\/www.prijedordanas.com\/?p=71423#breadcrumb"},"inLanguage":"en-US","potentialAction":[{"@type":"ReadAction","target":["https:\/\/www.prijedordanas.com\/?p=71423"]}]},{"@type":"BreadcrumbList","@id":"https:\/\/www.prijedordanas.com\/?p=71423#breadcrumb","itemListElement":[{"@type":"ListItem","position":1,"name":"Home","item":"https:\/\/www.prijedordanas.com\/"},{"@type":"ListItem","position":2,"name":"PRIJEDOR: PORESKA UPRAVA OPET U \u201eARSELOR MITALU\u201c \u2013 VIDEO"}]},{"@type":"WebSite","@id":"https:\/\/www.prijedordanas.com\/#website","url":"https:\/\/www.prijedordanas.com\/","name":"PrijedorDanas.com - Prijedorski gradski portal","description":"Portal o doga\u0111anjima u gradu Prijedoru","publisher":{"@id":"https:\/\/www.prijedordanas.com\/#organization"},"potentialAction":[{"@type":"SearchAction","target":{"@type":"EntryPoint","urlTemplate":"https:\/\/www.prijedordanas.com\/?s={search_term_string}"},"query-input":"required name=search_term_string"}],"inLanguage":"en-US"},{"@type":"Organization","@id":"https:\/\/www.prijedordanas.com\/#organization","name":"PrijedorDanas.com","url":"https:\/\/www.prijedordanas.com\/","logo":{"@type":"ImageObject","inLanguage":"en-US","@id":"https:\/\/www.prijedordanas.com\/#\/schema\/logo\/image\/","url":"http:\/\/www.prijedordanas.com\/wp-content\/uploads\/2021\/12\/logopng.png","contentUrl":"http:\/\/www.prijedordanas.com\/wp-content\/uploads\/2021\/12\/logopng.png","width":1019,"height":776,"caption":"PrijedorDanas.com"},"image":{"@id":"https:\/\/www.prijedordanas.com\/#\/schema\/logo\/image\/"},"sameAs":["https:\/\/www.facebook.com\/PrijedorDanasCom\/"]},{"@type":"Person","@id":"https:\/\/www.prijedordanas.com\/#\/schema\/person\/4e08ccf29b506ca916ff86d46bb700e6","name":"admin","image":{"@type":"ImageObject","inLanguage":"en-US","@id":"https:\/\/www.prijedordanas.com\/#\/schema\/person\/image\/","url":"https:\/\/secure.gravatar.com\/avatar\/1d3fc949d550f0b53a5f0d51e06dfd79?s=96&d=mm&r=g","contentUrl":"https:\/\/secure.gravatar.com\/avatar\/1d3fc949d550f0b53a5f0d51e06dfd79?s=96&d=mm&r=g","caption":"admin"},"url":"https:\/\/www.prijedordanas.com\/?author=1"}]}},"_links":{"self":[{"href":"https:\/\/www.prijedordanas.com\/index.php?rest_route=\/wp\/v2\/posts\/71423"}],"collection":[{"href":"https:\/\/www.prijedordanas.com\/index.php?rest_route=\/wp\/v2\/posts"}],"about":[{"href":"https:\/\/www.prijedordanas.com\/index.php?rest_route=\/wp\/v2\/types\/post"}],"author":[{"embeddable":true,"href":"https:\/\/www.prijedordanas.com\/index.php?rest_route=\/wp\/v2\/users\/1"}],"replies":[{"embeddable":true,"href":"https:\/\/www.prijedordanas.com\/index.php?rest_route=%2Fwp%2Fv2%2Fcomments&post=71423"}],"version-history":[{"count":1,"href":"https:\/\/www.prijedordanas.com\/index.php?rest_route=\/wp\/v2\/posts\/71423\/revisions"}],"predecessor-version":[{"id":71425,"href":"https:\/\/www.prijedordanas.com\/index.php?rest_route=\/wp\/v2\/posts\/71423\/revisions\/71425"}],"wp:attachment":[{"href":"https:\/\/www.prijedordanas.com\/index.php?rest_route=%2Fwp%2Fv2%2Fmedia&parent=71423"}],"wp:term":[{"taxonomy":"category","embeddable":true,"href":"https:\/\/www.prijedordanas.com\/index.php?rest_route=%2Fwp%2Fv2%2Fcategories&post=71423"},{"taxonomy":"post_tag","embeddable":true,"href":"https:\/\/www.prijedordanas.com\/index.php?rest_route=%2Fwp%2Fv2%2Ftags&post=71423"}],"curies":[{"name":"wp","href":"https:\/\/api.w.org\/{rel}","templated":true}]}}