{"id":71169,"date":"2017-01-07T15:57:21","date_gmt":"2017-01-07T14:57:21","guid":{"rendered":"https:\/\/www.prijedordanas.com\/?p=71169"},"modified":"2017-01-07T15:57:21","modified_gmt":"2017-01-07T14:57:21","slug":"bozic-docekan-u-selu-bozici-kod-prijedora-slavi-se-tri-dana-foto","status":"publish","type":"post","link":"https:\/\/www.prijedordanas.com\/?p=71169","title":{"rendered":"BO\u017dI\u0106 DO\u010cEKAN U SELU BO\u017dI\u0106I KOD PRIJEDORA: SLAVI SE TRI DANA \u2013 FOTO"},"content":{"rendered":"<p><a href=\"https:\/\/www.prijedordanas.com\/wp-content\/uploads\/2017\/01\/anadolija-bozic-prijedor-1.jpg\"><img loading=\"lazy\" decoding=\"async\" class=\"alignleft size-medium wp-image-71159\" src=\"https:\/\/www.prijedordanas.com\/wp-content\/uploads\/2017\/01\/anadolija-bozic-prijedor-1-300x225.jpg\" alt=\"anadolija-bozic-prijedor-1\" width=\"300\" height=\"225\" srcset=\"https:\/\/www.prijedordanas.com\/wp-content\/uploads\/2017\/01\/anadolija-bozic-prijedor-1-300x225.jpg 300w, https:\/\/www.prijedordanas.com\/wp-content\/uploads\/2017\/01\/anadolija-bozic-prijedor-1-100x75.jpg 100w, https:\/\/www.prijedordanas.com\/wp-content\/uploads\/2017\/01\/anadolija-bozic-prijedor-1-640x480.jpg 640w, https:\/\/www.prijedordanas.com\/wp-content\/uploads\/2017\/01\/anadolija-bozic-prijedor-1.jpg 667w\" sizes=\"(max-width: 300px) 100vw, 300px\" \/><\/a>U ranu zoru na Bo\u017ei\u0107 se iz svih pravoslavnih hramova \u010duju zvona, a u sve\u010danoj odje\u0107i se odlazi na Bo\u017ei\u0107nu liturgiju. Prvi dan pravoslavnog Bo\u017ei\u0107a se provodi u ku\u0107i, u krugu porodice, a preostala dva dana su namijenjena odlasku u goste. U rano jutro na Bo\u017ei\u0107 prvi doma\u0107inima dolazi polo\u017eajnik. Tako je bilo i u selu Bo\u017ei\u0107i, kod Prijedora.<\/p>\n<p>Kod doma\u0107ina Milorada Stojni\u0107a prvi je na ku\u0107ni prag do\u0161ao polo\u017eajnik ili polo\u017enik Ognjen Stojni\u0107. To je po pravoslavnim obi\u010dajima prijatelj ku\u0107e koji treba da ku\u0107i i uku\u0107anima obezbjedi zdravlje i sre\u0107u. Simboli\u010dki polo\u017eajnik predstavlja tri mudraca koji su pratili zvijezdu sa Istoka i koji su Hrista na ro\u0111enju darovali tamjanom, zlatom i mirisom.<\/p>\n<p>Ognjen je do\u010dekan sa milo\u0161tama, a doma\u0107ica ga je posula \u017eitom. Polo\u017eajnik je doma\u0107inu i uku\u0107anima po\u017eelio sre\u0107u i izrecitovao zdravicu.<\/p>\n<p><a href=\"https:\/\/www.prijedordanas.com\/wp-content\/uploads\/2017\/01\/anadolija-bozic-prijedor-2.jpg\"><img loading=\"lazy\" decoding=\"async\" class=\"alignleft size-medium wp-image-71160\" src=\"https:\/\/www.prijedordanas.com\/wp-content\/uploads\/2017\/01\/anadolija-bozic-prijedor-2-300x225.jpg\" alt=\"anadolija-bozic-prijedor-2\" width=\"300\" height=\"225\" srcset=\"https:\/\/www.prijedordanas.com\/wp-content\/uploads\/2017\/01\/anadolija-bozic-prijedor-2-300x225.jpg 300w, https:\/\/www.prijedordanas.com\/wp-content\/uploads\/2017\/01\/anadolija-bozic-prijedor-2-100x75.jpg 100w, https:\/\/www.prijedordanas.com\/wp-content\/uploads\/2017\/01\/anadolija-bozic-prijedor-2-640x480.jpg 640w, https:\/\/www.prijedordanas.com\/wp-content\/uploads\/2017\/01\/anadolija-bozic-prijedor-2.jpg 667w\" sizes=\"(max-width: 300px) 100vw, 300px\" \/><\/a>\u201eVazda se veselio, nikom lo\u0161e ne \u017eelio. Sinove \u017eenio, k\u0107eri udavao, blaga prodavao, \u017eiv i zdrav bio, s ljudima pio. Sre\u0107no ti bilo ku\u0107no \u0161ljeme, rodilo ti svako sjeme. Sre\u0107a te zaklonila od nevremena, r\u0111avih \u017eena, lo\u0161ega puta, \u010dovjeka ljuta, lo\u0161eg glasa, ljutih pasa, nabujalih voda i drugih nezgoda. Da si ti \u017eiv i mi s tobom\u201c, odrecitovao je doma\u0107inu polo\u017eajnik Ognjen.<\/p>\n<p>Obi\u010daj nala\u017ee da polo\u017eajnik nakon ulaska u doma\u0107insku ku\u0107u prod\u017eara vatru u pe\u0107i i izgovara rije\u010di: \u201eKoliko varnica, toliko sre\u0107ica, koliko varnica, toliko parica\u201c.<\/p>\n<p>Nakon toga sjeda na noge doma\u0107ici i ako bude miran to zna\u010di da \u0107e te godine biti mnogo pili\u0107a ispod kvo\u010dke.<\/p>\n<p>Bo\u017ei\u0107ni obi\u010daji<\/p>\n<p>Doma\u0107in Milorad Stojni\u0107 isti\u010de da je bo\u017ei\u0107na pe\u010denica pripremljena na Tucindan, 5. januara kako to nala\u017eu obi\u010daji.<\/p>\n<p><a href=\"https:\/\/www.prijedordanas.com\/wp-content\/uploads\/2017\/01\/anadolija-bozic-prijedor-3.jpg\"><img loading=\"lazy\" decoding=\"async\" class=\"alignleft size-medium wp-image-71161\" src=\"https:\/\/www.prijedordanas.com\/wp-content\/uploads\/2017\/01\/anadolija-bozic-prijedor-3-300x225.jpg\" alt=\"anadolija-bozic-prijedor-3\" width=\"300\" height=\"225\" srcset=\"https:\/\/www.prijedordanas.com\/wp-content\/uploads\/2017\/01\/anadolija-bozic-prijedor-3-300x225.jpg 300w, https:\/\/www.prijedordanas.com\/wp-content\/uploads\/2017\/01\/anadolija-bozic-prijedor-3-100x75.jpg 100w, https:\/\/www.prijedordanas.com\/wp-content\/uploads\/2017\/01\/anadolija-bozic-prijedor-3-640x480.jpg 640w, https:\/\/www.prijedordanas.com\/wp-content\/uploads\/2017\/01\/anadolija-bozic-prijedor-3.jpg 667w\" sizes=\"(max-width: 300px) 100vw, 300px\" \/><\/a>\u201ePe\u010denica se pekla na Badnji dan, uo\u010di Bo\u017ei\u0107a, a to je i najstro\u017eiji dan posta. Djeca su uve\u010de \u201epijukala\u201c i u slami tra\u017eila nov\u010di\u0107e i slatki\u0161e, te orahe i lje\u0161njake. Uve\u010de se nalo\u017eio i badnjak, koji je usje\u010den u \u0161umi u ranu zoru. Nakon bo\u017ei\u0107ne liturgije u crkvi i dolaska polo\u017eajnika obi\u010daj je nazdraviti sa uku\u0107anima, a potom i prelomiti poga\u010du \u010desnicu, u kojoj je skriven nov\u010di\u0107\u201d, rekao je za Anadoliju Stojni\u0107.<\/p>\n<p>Vjeruje se da \u0107e onaj ko dobije dio \u010desnice u kojoj je nov\u010di\u0107 cijele godine biti sre\u0107an, te da \u0107e mu godina biti rodna i beri\u0107etna. Nakon lomljenja poga\u010de slijedi prvi mrsni obrok nakon posta. Doma\u0107ica Danica \u0160kori\u0107 je pripremila za Bo\u017ei\u0107 razne \u0111akonije.<\/p>\n<p>\u201ePripremala sam na\u0161a tradicionalna jela, prije svega cicvaru. Svi su se ogledali u cicvari, a ko se nije vidio na njenoj povr\u0161ini ka\u017eu da te godine ne\u0107e imati sre\u0107e. Na trpezi se na\u0161la doma\u0107a pita, pe\u010deno pile, pe\u010denica, kola\u010di\u201d, pri\u010da \u0160kori\u0107eva.<\/p>\n<p>Stari pravoslavni obi\u010daji<\/p>\n<p>Doma\u0107ini su po starom pravoslavnom obi\u010daju krckali orahe, a onaj ko je na\u0161ao zdravo jezgro oraha po narodnom vjerovanju \u0107e tokom cijele godine biti zdrav i obrnuto. Obi\u010daji tako\u0111e ka\u017eu da ako na Badnji dan bude obla\u010dno-bi\u0107e rodna godina. Ako na Bo\u017ei\u0107 padne ki\u0161a, sve \u0161to se posadi i posije \u0107e se primiti i godina \u0107e biti rodna.<\/p>\n<p>U selu Bo\u017ei\u0107i doma\u0107ini na bo\u017ei\u0107no jutro zapo\u010dinju mnogo poslova. Ka\u017eu, valja se. Tako \u0107e doma\u0107ini i doma\u0107instvo biti napredni i bogati tokom cijele godine. Svi pravoslavni vjernici se tokom Bo\u017ei\u0107a pozdravljaju i otpozdravljaju sa hri\u0161\u0107anskim pozdravom \u201eMir Bo\u017eiji\u201c-\u201eHristos se rodi\u201c.<\/p>\n<p>Anadolija<\/p>\n<p><a href=\"https:\/\/www.prijedordanas.com\/wp-content\/uploads\/2017\/01\/anadolija-bozic-prijedor-4.jpg\"><img loading=\"lazy\" decoding=\"async\" src=\"https:\/\/www.prijedordanas.com\/wp-content\/uploads\/2017\/01\/anadolija-bozic-prijedor-4-300x225.jpg\" alt=\"anadolija-bozic-prijedor-4\" width=\"300\" height=\"225\" class=\"alignleft size-medium wp-image-71162\" srcset=\"https:\/\/www.prijedordanas.com\/wp-content\/uploads\/2017\/01\/anadolija-bozic-prijedor-4-300x225.jpg 300w, https:\/\/www.prijedordanas.com\/wp-content\/uploads\/2017\/01\/anadolija-bozic-prijedor-4-100x75.jpg 100w, https:\/\/www.prijedordanas.com\/wp-content\/uploads\/2017\/01\/anadolija-bozic-prijedor-4-640x480.jpg 640w, https:\/\/www.prijedordanas.com\/wp-content\/uploads\/2017\/01\/anadolija-bozic-prijedor-4.jpg 667w\" sizes=\"(max-width: 300px) 100vw, 300px\" \/><\/a> <a href=\"https:\/\/www.prijedordanas.com\/wp-content\/uploads\/2017\/01\/anadolija-bozic-prijedor-5.jpg\"><img loading=\"lazy\" decoding=\"async\" src=\"https:\/\/www.prijedordanas.com\/wp-content\/uploads\/2017\/01\/anadolija-bozic-prijedor-5-300x225.jpg\" alt=\"anadolija-bozic-prijedor-5\" width=\"300\" height=\"225\" class=\"alignleft size-medium wp-image-71163\" srcset=\"https:\/\/www.prijedordanas.com\/wp-content\/uploads\/2017\/01\/anadolija-bozic-prijedor-5-300x225.jpg 300w, https:\/\/www.prijedordanas.com\/wp-content\/uploads\/2017\/01\/anadolija-bozic-prijedor-5-100x75.jpg 100w, https:\/\/www.prijedordanas.com\/wp-content\/uploads\/2017\/01\/anadolija-bozic-prijedor-5-640x480.jpg 640w, https:\/\/www.prijedordanas.com\/wp-content\/uploads\/2017\/01\/anadolija-bozic-prijedor-5.jpg 667w\" sizes=\"(max-width: 300px) 100vw, 300px\" \/><\/a> <a href=\"https:\/\/www.prijedordanas.com\/wp-content\/uploads\/2017\/01\/anadolija-bozic-prijedor-6.jpg\"><img loading=\"lazy\" decoding=\"async\" src=\"https:\/\/www.prijedordanas.com\/wp-content\/uploads\/2017\/01\/anadolija-bozic-prijedor-6-300x225.jpg\" alt=\"anadolija-bozic-prijedor-6\" width=\"300\" height=\"225\" class=\"alignleft size-medium wp-image-71164\" srcset=\"https:\/\/www.prijedordanas.com\/wp-content\/uploads\/2017\/01\/anadolija-bozic-prijedor-6-300x225.jpg 300w, https:\/\/www.prijedordanas.com\/wp-content\/uploads\/2017\/01\/anadolija-bozic-prijedor-6-100x75.jpg 100w, https:\/\/www.prijedordanas.com\/wp-content\/uploads\/2017\/01\/anadolija-bozic-prijedor-6.jpg 600w\" sizes=\"(max-width: 300px) 100vw, 300px\" \/><\/a> <a href=\"https:\/\/www.prijedordanas.com\/wp-content\/uploads\/2017\/01\/anadolija-bozic-prijedor-7.jpg\"><img loading=\"lazy\" decoding=\"async\" src=\"https:\/\/www.prijedordanas.com\/wp-content\/uploads\/2017\/01\/anadolija-bozic-prijedor-7-300x225.jpg\" alt=\"anadolija-bozic-prijedor-7\" width=\"300\" height=\"225\" class=\"alignleft size-medium wp-image-71165\" srcset=\"https:\/\/www.prijedordanas.com\/wp-content\/uploads\/2017\/01\/anadolija-bozic-prijedor-7-300x225.jpg 300w, https:\/\/www.prijedordanas.com\/wp-content\/uploads\/2017\/01\/anadolija-bozic-prijedor-7-100x75.jpg 100w, https:\/\/www.prijedordanas.com\/wp-content\/uploads\/2017\/01\/anadolija-bozic-prijedor-7.jpg 600w\" sizes=\"(max-width: 300px) 100vw, 300px\" \/><\/a> <a href=\"https:\/\/www.prijedordanas.com\/wp-content\/uploads\/2017\/01\/anadolija-bozic-prijedor-8.jpg\"><img loading=\"lazy\" decoding=\"async\" src=\"https:\/\/www.prijedordanas.com\/wp-content\/uploads\/2017\/01\/anadolija-bozic-prijedor-8-300x225.jpg\" alt=\"anadolija-bozic-prijedor-8\" width=\"300\" height=\"225\" class=\"alignleft size-medium wp-image-71166\" srcset=\"https:\/\/www.prijedordanas.com\/wp-content\/uploads\/2017\/01\/anadolija-bozic-prijedor-8-300x225.jpg 300w, https:\/\/www.prijedordanas.com\/wp-content\/uploads\/2017\/01\/anadolija-bozic-prijedor-8-100x75.jpg 100w, https:\/\/www.prijedordanas.com\/wp-content\/uploads\/2017\/01\/anadolija-bozic-prijedor-8.jpg 600w\" sizes=\"(max-width: 300px) 100vw, 300px\" \/><\/a><\/p>\n","protected":false},"excerpt":{"rendered":"<p>U ranu zoru na Bo\u017ei\u0107 se iz svih pravoslavnih hramova \u010duju zvona, a u sve\u010danoj odje\u0107i se odlazi na Bo\u017ei\u0107nu liturgiju. Prvi dan pravoslavnog Bo\u017ei\u0107a se provodi u ku\u0107i, u [&hellip;]<\/p>\n","protected":false},"author":1,"featured_media":0,"comment_status":"closed","ping_status":"open","sticky":false,"template":"","format":"standard","meta":{"_monsterinsights_skip_tracking":false,"_monsterinsights_sitenote_active":false,"_monsterinsights_sitenote_note":"","_monsterinsights_sitenote_category":0,"footnotes":""},"categories":[4],"tags":[2885],"yoast_head":"<!-- This site is optimized with the Yoast SEO plugin v21.6 - https:\/\/yoast.com\/wordpress\/plugins\/seo\/ -->\n<title>BO\u017dI\u0106 DO\u010cEKAN U SELU BO\u017dI\u0106I KOD PRIJEDORA: SLAVI SE TRI DANA \u2013 FOTO - PrijedorDanas.com - Prijedorski gradski portal<\/title>\n<meta name=\"robots\" content=\"index, follow, max-snippet:-1, max-image-preview:large, max-video-preview:-1\" \/>\n<link rel=\"canonical\" href=\"https:\/\/www.prijedordanas.com\/?p=71169\" \/>\n<meta property=\"og:locale\" content=\"en_US\" \/>\n<meta property=\"og:type\" content=\"article\" \/>\n<meta property=\"og:title\" content=\"BO\u017dI\u0106 DO\u010cEKAN U SELU BO\u017dI\u0106I KOD PRIJEDORA: SLAVI SE TRI DANA \u2013 FOTO - PrijedorDanas.com - Prijedorski gradski portal\" \/>\n<meta property=\"og:description\" content=\"U ranu zoru na Bo\u017ei\u0107 se iz svih pravoslavnih hramova \u010duju zvona, a u sve\u010danoj odje\u0107i se odlazi na Bo\u017ei\u0107nu liturgiju. Prvi dan pravoslavnog Bo\u017ei\u0107a se provodi u ku\u0107i, u [&hellip;]\" \/>\n<meta property=\"og:url\" content=\"https:\/\/www.prijedordanas.com\/?p=71169\" \/>\n<meta property=\"og:site_name\" content=\"PrijedorDanas.com - Prijedorski gradski portal\" \/>\n<meta property=\"article:publisher\" content=\"https:\/\/www.facebook.com\/PrijedorDanasCom\/\" \/>\n<meta property=\"article:published_time\" content=\"2017-01-07T14:57:21+00:00\" \/>\n<meta property=\"og:image\" content=\"https:\/\/www.prijedordanas.com\/wp-content\/uploads\/2017\/01\/anadolija-bozic-prijedor-1-300x225.jpg\" \/>\n<meta name=\"author\" content=\"admin\" \/>\n<meta name=\"twitter:card\" content=\"summary_large_image\" \/>\n<meta name=\"twitter:label1\" content=\"Written by\" \/>\n\t<meta name=\"twitter:data1\" content=\"admin\" \/>\n\t<meta name=\"twitter:label2\" content=\"Est. reading time\" \/>\n\t<meta name=\"twitter:data2\" content=\"3 minutes\" \/>\n<script type=\"application\/ld+json\" class=\"yoast-schema-graph\">{\"@context\":\"https:\/\/schema.org\",\"@graph\":[{\"@type\":\"Article\",\"@id\":\"https:\/\/www.prijedordanas.com\/?p=71169#article\",\"isPartOf\":{\"@id\":\"https:\/\/www.prijedordanas.com\/?p=71169\"},\"author\":{\"name\":\"admin\",\"@id\":\"https:\/\/www.prijedordanas.com\/#\/schema\/person\/4e08ccf29b506ca916ff86d46bb700e6\"},\"headline\":\"BO\u017dI\u0106 DO\u010cEKAN U SELU BO\u017dI\u0106I KOD PRIJEDORA: SLAVI SE TRI DANA \u2013 FOTO\",\"datePublished\":\"2017-01-07T14:57:21+00:00\",\"dateModified\":\"2017-01-07T14:57:21+00:00\",\"mainEntityOfPage\":{\"@id\":\"https:\/\/www.prijedordanas.com\/?p=71169\"},\"wordCount\":668,\"publisher\":{\"@id\":\"https:\/\/www.prijedordanas.com\/#organization\"},\"keywords\":[\"Bo\u017ei\u0107\"],\"articleSection\":[\"Dru\u0161tvo\"],\"inLanguage\":\"en-US\"},{\"@type\":\"WebPage\",\"@id\":\"https:\/\/www.prijedordanas.com\/?p=71169\",\"url\":\"https:\/\/www.prijedordanas.com\/?p=71169\",\"name\":\"BO\u017dI\u0106 DO\u010cEKAN U SELU BO\u017dI\u0106I KOD PRIJEDORA: SLAVI SE TRI DANA \u2013 FOTO - PrijedorDanas.com - Prijedorski gradski portal\",\"isPartOf\":{\"@id\":\"https:\/\/www.prijedordanas.com\/#website\"},\"datePublished\":\"2017-01-07T14:57:21+00:00\",\"dateModified\":\"2017-01-07T14:57:21+00:00\",\"breadcrumb\":{\"@id\":\"https:\/\/www.prijedordanas.com\/?p=71169#breadcrumb\"},\"inLanguage\":\"en-US\",\"potentialAction\":[{\"@type\":\"ReadAction\",\"target\":[\"https:\/\/www.prijedordanas.com\/?p=71169\"]}]},{\"@type\":\"BreadcrumbList\",\"@id\":\"https:\/\/www.prijedordanas.com\/?p=71169#breadcrumb\",\"itemListElement\":[{\"@type\":\"ListItem\",\"position\":1,\"name\":\"Home\",\"item\":\"https:\/\/www.prijedordanas.com\/\"},{\"@type\":\"ListItem\",\"position\":2,\"name\":\"BO\u017dI\u0106 DO\u010cEKAN U SELU BO\u017dI\u0106I KOD PRIJEDORA: SLAVI SE TRI DANA \u2013 FOTO\"}]},{\"@type\":\"WebSite\",\"@id\":\"https:\/\/www.prijedordanas.com\/#website\",\"url\":\"https:\/\/www.prijedordanas.com\/\",\"name\":\"PrijedorDanas.com - Prijedorski gradski portal\",\"description\":\"Portal o doga\u0111anjima u gradu Prijedoru\",\"publisher\":{\"@id\":\"https:\/\/www.prijedordanas.com\/#organization\"},\"potentialAction\":[{\"@type\":\"SearchAction\",\"target\":{\"@type\":\"EntryPoint\",\"urlTemplate\":\"https:\/\/www.prijedordanas.com\/?s={search_term_string}\"},\"query-input\":\"required name=search_term_string\"}],\"inLanguage\":\"en-US\"},{\"@type\":\"Organization\",\"@id\":\"https:\/\/www.prijedordanas.com\/#organization\",\"name\":\"PrijedorDanas.com\",\"url\":\"https:\/\/www.prijedordanas.com\/\",\"logo\":{\"@type\":\"ImageObject\",\"inLanguage\":\"en-US\",\"@id\":\"https:\/\/www.prijedordanas.com\/#\/schema\/logo\/image\/\",\"url\":\"http:\/\/www.prijedordanas.com\/wp-content\/uploads\/2021\/12\/logopng.png\",\"contentUrl\":\"http:\/\/www.prijedordanas.com\/wp-content\/uploads\/2021\/12\/logopng.png\",\"width\":1019,\"height\":776,\"caption\":\"PrijedorDanas.com\"},\"image\":{\"@id\":\"https:\/\/www.prijedordanas.com\/#\/schema\/logo\/image\/\"},\"sameAs\":[\"https:\/\/www.facebook.com\/PrijedorDanasCom\/\"]},{\"@type\":\"Person\",\"@id\":\"https:\/\/www.prijedordanas.com\/#\/schema\/person\/4e08ccf29b506ca916ff86d46bb700e6\",\"name\":\"admin\",\"image\":{\"@type\":\"ImageObject\",\"inLanguage\":\"en-US\",\"@id\":\"https:\/\/www.prijedordanas.com\/#\/schema\/person\/image\/\",\"url\":\"https:\/\/secure.gravatar.com\/avatar\/1d3fc949d550f0b53a5f0d51e06dfd79?s=96&d=mm&r=g\",\"contentUrl\":\"https:\/\/secure.gravatar.com\/avatar\/1d3fc949d550f0b53a5f0d51e06dfd79?s=96&d=mm&r=g\",\"caption\":\"admin\"},\"url\":\"https:\/\/www.prijedordanas.com\/?author=1\"}]}<\/script>\n<!-- \/ Yoast SEO plugin. -->","yoast_head_json":{"title":"BO\u017dI\u0106 DO\u010cEKAN U SELU BO\u017dI\u0106I KOD PRIJEDORA: SLAVI SE TRI DANA \u2013 FOTO - PrijedorDanas.com - Prijedorski gradski portal","robots":{"index":"index","follow":"follow","max-snippet":"max-snippet:-1","max-image-preview":"max-image-preview:large","max-video-preview":"max-video-preview:-1"},"canonical":"https:\/\/www.prijedordanas.com\/?p=71169","og_locale":"en_US","og_type":"article","og_title":"BO\u017dI\u0106 DO\u010cEKAN U SELU BO\u017dI\u0106I KOD PRIJEDORA: SLAVI SE TRI DANA \u2013 FOTO - PrijedorDanas.com - Prijedorski gradski portal","og_description":"U ranu zoru na Bo\u017ei\u0107 se iz svih pravoslavnih hramova \u010duju zvona, a u sve\u010danoj odje\u0107i se odlazi na Bo\u017ei\u0107nu liturgiju. Prvi dan pravoslavnog Bo\u017ei\u0107a se provodi u ku\u0107i, u [&hellip;]","og_url":"https:\/\/www.prijedordanas.com\/?p=71169","og_site_name":"PrijedorDanas.com - Prijedorski gradski portal","article_publisher":"https:\/\/www.facebook.com\/PrijedorDanasCom\/","article_published_time":"2017-01-07T14:57:21+00:00","og_image":[{"url":"https:\/\/www.prijedordanas.com\/wp-content\/uploads\/2017\/01\/anadolija-bozic-prijedor-1-300x225.jpg"}],"author":"admin","twitter_card":"summary_large_image","twitter_misc":{"Written by":"admin","Est. reading time":"3 minutes"},"schema":{"@context":"https:\/\/schema.org","@graph":[{"@type":"Article","@id":"https:\/\/www.prijedordanas.com\/?p=71169#article","isPartOf":{"@id":"https:\/\/www.prijedordanas.com\/?p=71169"},"author":{"name":"admin","@id":"https:\/\/www.prijedordanas.com\/#\/schema\/person\/4e08ccf29b506ca916ff86d46bb700e6"},"headline":"BO\u017dI\u0106 DO\u010cEKAN U SELU BO\u017dI\u0106I KOD PRIJEDORA: SLAVI SE TRI DANA \u2013 FOTO","datePublished":"2017-01-07T14:57:21+00:00","dateModified":"2017-01-07T14:57:21+00:00","mainEntityOfPage":{"@id":"https:\/\/www.prijedordanas.com\/?p=71169"},"wordCount":668,"publisher":{"@id":"https:\/\/www.prijedordanas.com\/#organization"},"keywords":["Bo\u017ei\u0107"],"articleSection":["Dru\u0161tvo"],"inLanguage":"en-US"},{"@type":"WebPage","@id":"https:\/\/www.prijedordanas.com\/?p=71169","url":"https:\/\/www.prijedordanas.com\/?p=71169","name":"BO\u017dI\u0106 DO\u010cEKAN U SELU BO\u017dI\u0106I KOD PRIJEDORA: SLAVI SE TRI DANA \u2013 FOTO - PrijedorDanas.com - Prijedorski gradski portal","isPartOf":{"@id":"https:\/\/www.prijedordanas.com\/#website"},"datePublished":"2017-01-07T14:57:21+00:00","dateModified":"2017-01-07T14:57:21+00:00","breadcrumb":{"@id":"https:\/\/www.prijedordanas.com\/?p=71169#breadcrumb"},"inLanguage":"en-US","potentialAction":[{"@type":"ReadAction","target":["https:\/\/www.prijedordanas.com\/?p=71169"]}]},{"@type":"BreadcrumbList","@id":"https:\/\/www.prijedordanas.com\/?p=71169#breadcrumb","itemListElement":[{"@type":"ListItem","position":1,"name":"Home","item":"https:\/\/www.prijedordanas.com\/"},{"@type":"ListItem","position":2,"name":"BO\u017dI\u0106 DO\u010cEKAN U SELU BO\u017dI\u0106I KOD PRIJEDORA: SLAVI SE TRI DANA \u2013 FOTO"}]},{"@type":"WebSite","@id":"https:\/\/www.prijedordanas.com\/#website","url":"https:\/\/www.prijedordanas.com\/","name":"PrijedorDanas.com - Prijedorski gradski portal","description":"Portal o doga\u0111anjima u gradu Prijedoru","publisher":{"@id":"https:\/\/www.prijedordanas.com\/#organization"},"potentialAction":[{"@type":"SearchAction","target":{"@type":"EntryPoint","urlTemplate":"https:\/\/www.prijedordanas.com\/?s={search_term_string}"},"query-input":"required name=search_term_string"}],"inLanguage":"en-US"},{"@type":"Organization","@id":"https:\/\/www.prijedordanas.com\/#organization","name":"PrijedorDanas.com","url":"https:\/\/www.prijedordanas.com\/","logo":{"@type":"ImageObject","inLanguage":"en-US","@id":"https:\/\/www.prijedordanas.com\/#\/schema\/logo\/image\/","url":"http:\/\/www.prijedordanas.com\/wp-content\/uploads\/2021\/12\/logopng.png","contentUrl":"http:\/\/www.prijedordanas.com\/wp-content\/uploads\/2021\/12\/logopng.png","width":1019,"height":776,"caption":"PrijedorDanas.com"},"image":{"@id":"https:\/\/www.prijedordanas.com\/#\/schema\/logo\/image\/"},"sameAs":["https:\/\/www.facebook.com\/PrijedorDanasCom\/"]},{"@type":"Person","@id":"https:\/\/www.prijedordanas.com\/#\/schema\/person\/4e08ccf29b506ca916ff86d46bb700e6","name":"admin","image":{"@type":"ImageObject","inLanguage":"en-US","@id":"https:\/\/www.prijedordanas.com\/#\/schema\/person\/image\/","url":"https:\/\/secure.gravatar.com\/avatar\/1d3fc949d550f0b53a5f0d51e06dfd79?s=96&d=mm&r=g","contentUrl":"https:\/\/secure.gravatar.com\/avatar\/1d3fc949d550f0b53a5f0d51e06dfd79?s=96&d=mm&r=g","caption":"admin"},"url":"https:\/\/www.prijedordanas.com\/?author=1"}]}},"_links":{"self":[{"href":"https:\/\/www.prijedordanas.com\/index.php?rest_route=\/wp\/v2\/posts\/71169"}],"collection":[{"href":"https:\/\/www.prijedordanas.com\/index.php?rest_route=\/wp\/v2\/posts"}],"about":[{"href":"https:\/\/www.prijedordanas.com\/index.php?rest_route=\/wp\/v2\/types\/post"}],"author":[{"embeddable":true,"href":"https:\/\/www.prijedordanas.com\/index.php?rest_route=\/wp\/v2\/users\/1"}],"replies":[{"embeddable":true,"href":"https:\/\/www.prijedordanas.com\/index.php?rest_route=%2Fwp%2Fv2%2Fcomments&post=71169"}],"version-history":[{"count":1,"href":"https:\/\/www.prijedordanas.com\/index.php?rest_route=\/wp\/v2\/posts\/71169\/revisions"}],"predecessor-version":[{"id":71170,"href":"https:\/\/www.prijedordanas.com\/index.php?rest_route=\/wp\/v2\/posts\/71169\/revisions\/71170"}],"wp:attachment":[{"href":"https:\/\/www.prijedordanas.com\/index.php?rest_route=%2Fwp%2Fv2%2Fmedia&parent=71169"}],"wp:term":[{"taxonomy":"category","embeddable":true,"href":"https:\/\/www.prijedordanas.com\/index.php?rest_route=%2Fwp%2Fv2%2Fcategories&post=71169"},{"taxonomy":"post_tag","embeddable":true,"href":"https:\/\/www.prijedordanas.com\/index.php?rest_route=%2Fwp%2Fv2%2Ftags&post=71169"}],"curies":[{"name":"wp","href":"https:\/\/api.w.org\/{rel}","templated":true}]}}