{"id":70553,"date":"2017-01-22T15:05:14","date_gmt":"2017-01-22T14:05:14","guid":{"rendered":"https:\/\/www.prijedordanas.com\/?p=70553"},"modified":"2017-01-22T15:05:14","modified_gmt":"2017-01-22T14:05:14","slug":"prijedorska-regija-u-2017-ulazi-ambiciozno-postacemo-mamac-za-investitore","status":"publish","type":"post","link":"https:\/\/www.prijedordanas.com\/?p=70553","title":{"rendered":"PRIJEDORSKA REGIJA U 2017. ULAZI AMBICIOZNO: POSTA\u0106EMO MAMAC ZA INVESTITORE!"},"content":{"rendered":"<p><a href=\"https:\/\/www.prijedordanas.com\/wp-content\/uploads\/2017\/01\/prijedor-iz-vazduha-jesen-2016-2.jpg\"><img loading=\"lazy\" decoding=\"async\" src=\"https:\/\/www.prijedordanas.com\/wp-content\/uploads\/2017\/01\/prijedor-iz-vazduha-jesen-2016-2-300x222.jpg\" alt=\"\" width=\"300\" height=\"222\" class=\"alignleft size-medium wp-image-72569\" srcset=\"https:\/\/www.prijedordanas.com\/wp-content\/uploads\/2017\/01\/prijedor-iz-vazduha-jesen-2016-2-300x222.jpg 300w, https:\/\/www.prijedordanas.com\/wp-content\/uploads\/2017\/01\/prijedor-iz-vazduha-jesen-2016-2-100x74.jpg 100w, https:\/\/www.prijedordanas.com\/wp-content\/uploads\/2017\/01\/prijedor-iz-vazduha-jesen-2016-2.jpg 675w\" sizes=\"(max-width: 300px) 100vw, 300px\" \/><\/a>U Prijedoru, Kozarskoj Dubici, Novom Gradu, O\u0161troj Luci, Kostajnici i Krupi na Uni tokom pro\u0161le godine su se najvi\u0161e izvodili infrastrukturni projekti na putevima i vodovodnoj mre\u017ei.<\/p>\n<p>Grad na Sani je ponosan \u0161to je zadr\u017eana bud\u017eetska stabilnost u vreme ekonomske krize, na izgradnju novog objekta gradske pijace i prelazak Toplane na biomasu.<\/p>\n<p>&#8211; Nastavili smo projekat vodosnabdevanja, otvorili novi pru\u017eni prelaz i privodimo kraju rekonstrukciju Ulice Vuka Karad\u017ei\u0107a &#8211; ka\u017ee gradona\u010delnik Prijedora Milenko \u0110akovi\u0107.<\/p>\n<p>Dodaje da je u 2017. va\u017eno privla\u010diti investitore i kona\u010dno pokrenuti proizvodnju u mesnoj industriji \u201eImpro\u201c, zavr\u0161iti regionalni vodovod Crno vrelo i sistem Toma\u0161i\u010dka jezera.<\/p>\n<p>Na\u010delnik Kozarske Dubice Radenko Relji\u0107 ka\u017ee da je deficit bud\u017eeta op\u0161tine oko milion maraka i da su jedinstveni u RS po ukupnoj zadu\u017eenost, \u010diji je iznos \u010detiri godi\u0161nja bud\u017eeta op\u0161tine. Smanjenjem plate na\u010delnika za 1.500 KM, koja sada iznosi 2.500 KM, ali i plata ostalih funkcionera, u\u0161tedi\u0107e 190.000 KM godi\u0161nje i usmeriti na projekte.<\/p>\n<p>&#8211; To se prvenstveno odnosi na zapo\u010dete infrastrukturne projekte, nastavak izgradnje izvori\u0161ta &#8220;Komlenac&#8221;, a u planu je ure\u0111enje i sanacije centra op\u0161tine \u2013 ka\u017ee Relji\u0107.<\/p>\n<p>Prema oceni na\u010delnika Krupe na Uni Mladena Kljaji\u0107a, 2016. obele\u017eio je projekat pro\u0161irenja vodovodne mre\u017ee u Donjem Petrovi\u0107ima, ali taj posao svog prethodnika Gojka Kli\u010dkovi\u0107a, mora\u0107e zavr\u0161iti u ovoj godini. Planiran je po\u010detak radova na vodovodnom sistemu Lipovi potoci, izgradnja spomen ku\u0107e Branku \u0106opi\u0107u, mini hladnja\u010de i asfaltiranje puteva.<\/p>\n<p>U Kostajnici \u017eele da u\u0161tede na primanjima odbornika koje bi trebalo da sa 430 KM umanje na 200 KM. U 2016. godini izgra\u0111ena je obaloutvrda u Ulici Ranka \u0160ipke, most na Taviji i prekopano je novo korito.<\/p>\n<p>U 2017. godini planirana je regulacija potoka Tavije, asfaltiranje lokalnih puteva, trotoara u Svetosavskoj ulici i puteva prema selima Kalenderi i Gumnjani kao i dva mosta.<\/p>\n<p>Reorganizacija op\u0161tinske uprave zbog novog zakona o lokalnoj samoupravi bi\u0107e prioritet za Kostajnicu, dok na\u010delnik O\u0161tre Luke Dragan Stanar ka\u017ee da za 2017. imaju projekte u infarastrukturi i poljoprivredi.<\/p>\n<p>Bitka sa Hrvatskom<\/p>\n<p>U Novom Gradu tokom 2016. svu snagu su usmerili na diplomatsku bitku sa susednom Hrvatskom koja namerava na Trgovskoj gori, koja je 2.000 metara udaljena od ove op\u0161tine, odla\u017ee nuklearni otpad.<\/p>\n<p>Na\u010delnik Novog Grada Miroslav Drlja\u010da ka\u017ee da je pogubno \u0161to je planirana deponija uz izvori\u0161te sa kojeg se vodom napajaju Novljani.<\/p>\n<p>Dodaje da \u0107e u 2017. godinu razvijati privredu i nastaviti investicija na infrastrukturi u ruralnoj sredini, ali i razvijati sport i kulturu.<\/p>\n<p>EuroBlic<\/p>\n","protected":false},"excerpt":{"rendered":"<p>U Prijedoru, Kozarskoj Dubici, Novom Gradu, O\u0161troj Luci, Kostajnici i Krupi na Uni tokom pro\u0161le godine su se najvi\u0161e izvodili infrastrukturni projekti na putevima i vodovodnoj mre\u017ei. Grad na Sani [&hellip;]<\/p>\n","protected":false},"author":1,"featured_media":0,"comment_status":"closed","ping_status":"open","sticky":false,"template":"","format":"standard","meta":{"_monsterinsights_skip_tracking":false,"_monsterinsights_sitenote_active":false,"_monsterinsights_sitenote_note":"","_monsterinsights_sitenote_category":0,"footnotes":""},"categories":[8],"tags":[408],"yoast_head":"<!-- This site is optimized with the Yoast SEO plugin v21.6 - https:\/\/yoast.com\/wordpress\/plugins\/seo\/ -->\n<title>PRIJEDORSKA REGIJA U 2017. ULAZI AMBICIOZNO: POSTA\u0106EMO MAMAC ZA INVESTITORE! - PrijedorDanas.com - Prijedorski gradski portal<\/title>\n<meta name=\"robots\" content=\"index, follow, max-snippet:-1, max-image-preview:large, max-video-preview:-1\" \/>\n<link rel=\"canonical\" href=\"https:\/\/www.prijedordanas.com\/?p=70553\" \/>\n<meta property=\"og:locale\" content=\"en_US\" \/>\n<meta property=\"og:type\" content=\"article\" \/>\n<meta property=\"og:title\" content=\"PRIJEDORSKA REGIJA U 2017. ULAZI AMBICIOZNO: POSTA\u0106EMO MAMAC ZA INVESTITORE! - PrijedorDanas.com - Prijedorski gradski portal\" \/>\n<meta property=\"og:description\" content=\"U Prijedoru, Kozarskoj Dubici, Novom Gradu, O\u0161troj Luci, Kostajnici i Krupi na Uni tokom pro\u0161le godine su se najvi\u0161e izvodili infrastrukturni projekti na putevima i vodovodnoj mre\u017ei. Grad na Sani [&hellip;]\" \/>\n<meta property=\"og:url\" content=\"https:\/\/www.prijedordanas.com\/?p=70553\" \/>\n<meta property=\"og:site_name\" content=\"PrijedorDanas.com - Prijedorski gradski portal\" \/>\n<meta property=\"article:publisher\" content=\"https:\/\/www.facebook.com\/PrijedorDanasCom\/\" \/>\n<meta property=\"article:published_time\" content=\"2017-01-22T14:05:14+00:00\" \/>\n<meta property=\"og:image\" content=\"https:\/\/www.prijedordanas.com\/wp-content\/uploads\/2017\/01\/prijedor-iz-vazduha-jesen-2016-2-300x222.jpg\" \/>\n<meta name=\"author\" content=\"admin\" \/>\n<meta name=\"twitter:card\" content=\"summary_large_image\" \/>\n<meta name=\"twitter:label1\" content=\"Written by\" \/>\n\t<meta name=\"twitter:data1\" content=\"admin\" \/>\n\t<meta name=\"twitter:label2\" content=\"Est. reading time\" \/>\n\t<meta name=\"twitter:data2\" content=\"2 minutes\" \/>\n<script type=\"application\/ld+json\" class=\"yoast-schema-graph\">{\"@context\":\"https:\/\/schema.org\",\"@graph\":[{\"@type\":\"Article\",\"@id\":\"https:\/\/www.prijedordanas.com\/?p=70553#article\",\"isPartOf\":{\"@id\":\"https:\/\/www.prijedordanas.com\/?p=70553\"},\"author\":{\"name\":\"admin\",\"@id\":\"https:\/\/www.prijedordanas.com\/#\/schema\/person\/4e08ccf29b506ca916ff86d46bb700e6\"},\"headline\":\"PRIJEDORSKA REGIJA U 2017. ULAZI AMBICIOZNO: POSTA\u0106EMO MAMAC ZA INVESTITORE!\",\"datePublished\":\"2017-01-22T14:05:14+00:00\",\"dateModified\":\"2017-01-22T14:05:14+00:00\",\"mainEntityOfPage\":{\"@id\":\"https:\/\/www.prijedordanas.com\/?p=70553\"},\"wordCount\":454,\"publisher\":{\"@id\":\"https:\/\/www.prijedordanas.com\/#organization\"},\"keywords\":[\"prijedorska regija\"],\"articleSection\":[\"Svakodnevno\"],\"inLanguage\":\"en-US\"},{\"@type\":\"WebPage\",\"@id\":\"https:\/\/www.prijedordanas.com\/?p=70553\",\"url\":\"https:\/\/www.prijedordanas.com\/?p=70553\",\"name\":\"PRIJEDORSKA REGIJA U 2017. ULAZI AMBICIOZNO: POSTA\u0106EMO MAMAC ZA INVESTITORE! - PrijedorDanas.com - Prijedorski gradski portal\",\"isPartOf\":{\"@id\":\"https:\/\/www.prijedordanas.com\/#website\"},\"datePublished\":\"2017-01-22T14:05:14+00:00\",\"dateModified\":\"2017-01-22T14:05:14+00:00\",\"breadcrumb\":{\"@id\":\"https:\/\/www.prijedordanas.com\/?p=70553#breadcrumb\"},\"inLanguage\":\"en-US\",\"potentialAction\":[{\"@type\":\"ReadAction\",\"target\":[\"https:\/\/www.prijedordanas.com\/?p=70553\"]}]},{\"@type\":\"BreadcrumbList\",\"@id\":\"https:\/\/www.prijedordanas.com\/?p=70553#breadcrumb\",\"itemListElement\":[{\"@type\":\"ListItem\",\"position\":1,\"name\":\"Home\",\"item\":\"https:\/\/www.prijedordanas.com\/\"},{\"@type\":\"ListItem\",\"position\":2,\"name\":\"PRIJEDORSKA REGIJA U 2017. ULAZI AMBICIOZNO: POSTA\u0106EMO MAMAC ZA INVESTITORE!\"}]},{\"@type\":\"WebSite\",\"@id\":\"https:\/\/www.prijedordanas.com\/#website\",\"url\":\"https:\/\/www.prijedordanas.com\/\",\"name\":\"PrijedorDanas.com - Prijedorski gradski portal\",\"description\":\"Portal o doga\u0111anjima u gradu Prijedoru\",\"publisher\":{\"@id\":\"https:\/\/www.prijedordanas.com\/#organization\"},\"potentialAction\":[{\"@type\":\"SearchAction\",\"target\":{\"@type\":\"EntryPoint\",\"urlTemplate\":\"https:\/\/www.prijedordanas.com\/?s={search_term_string}\"},\"query-input\":\"required name=search_term_string\"}],\"inLanguage\":\"en-US\"},{\"@type\":\"Organization\",\"@id\":\"https:\/\/www.prijedordanas.com\/#organization\",\"name\":\"PrijedorDanas.com\",\"url\":\"https:\/\/www.prijedordanas.com\/\",\"logo\":{\"@type\":\"ImageObject\",\"inLanguage\":\"en-US\",\"@id\":\"https:\/\/www.prijedordanas.com\/#\/schema\/logo\/image\/\",\"url\":\"http:\/\/www.prijedordanas.com\/wp-content\/uploads\/2021\/12\/logopng.png\",\"contentUrl\":\"http:\/\/www.prijedordanas.com\/wp-content\/uploads\/2021\/12\/logopng.png\",\"width\":1019,\"height\":776,\"caption\":\"PrijedorDanas.com\"},\"image\":{\"@id\":\"https:\/\/www.prijedordanas.com\/#\/schema\/logo\/image\/\"},\"sameAs\":[\"https:\/\/www.facebook.com\/PrijedorDanasCom\/\"]},{\"@type\":\"Person\",\"@id\":\"https:\/\/www.prijedordanas.com\/#\/schema\/person\/4e08ccf29b506ca916ff86d46bb700e6\",\"name\":\"admin\",\"image\":{\"@type\":\"ImageObject\",\"inLanguage\":\"en-US\",\"@id\":\"https:\/\/www.prijedordanas.com\/#\/schema\/person\/image\/\",\"url\":\"https:\/\/secure.gravatar.com\/avatar\/1d3fc949d550f0b53a5f0d51e06dfd79?s=96&d=mm&r=g\",\"contentUrl\":\"https:\/\/secure.gravatar.com\/avatar\/1d3fc949d550f0b53a5f0d51e06dfd79?s=96&d=mm&r=g\",\"caption\":\"admin\"},\"url\":\"https:\/\/www.prijedordanas.com\/?author=1\"}]}<\/script>\n<!-- \/ Yoast SEO plugin. -->","yoast_head_json":{"title":"PRIJEDORSKA REGIJA U 2017. ULAZI AMBICIOZNO: POSTA\u0106EMO MAMAC ZA INVESTITORE! - PrijedorDanas.com - Prijedorski gradski portal","robots":{"index":"index","follow":"follow","max-snippet":"max-snippet:-1","max-image-preview":"max-image-preview:large","max-video-preview":"max-video-preview:-1"},"canonical":"https:\/\/www.prijedordanas.com\/?p=70553","og_locale":"en_US","og_type":"article","og_title":"PRIJEDORSKA REGIJA U 2017. ULAZI AMBICIOZNO: POSTA\u0106EMO MAMAC ZA INVESTITORE! - PrijedorDanas.com - Prijedorski gradski portal","og_description":"U Prijedoru, Kozarskoj Dubici, Novom Gradu, O\u0161troj Luci, Kostajnici i Krupi na Uni tokom pro\u0161le godine su se najvi\u0161e izvodili infrastrukturni projekti na putevima i vodovodnoj mre\u017ei. Grad na Sani [&hellip;]","og_url":"https:\/\/www.prijedordanas.com\/?p=70553","og_site_name":"PrijedorDanas.com - Prijedorski gradski portal","article_publisher":"https:\/\/www.facebook.com\/PrijedorDanasCom\/","article_published_time":"2017-01-22T14:05:14+00:00","og_image":[{"url":"https:\/\/www.prijedordanas.com\/wp-content\/uploads\/2017\/01\/prijedor-iz-vazduha-jesen-2016-2-300x222.jpg"}],"author":"admin","twitter_card":"summary_large_image","twitter_misc":{"Written by":"admin","Est. reading time":"2 minutes"},"schema":{"@context":"https:\/\/schema.org","@graph":[{"@type":"Article","@id":"https:\/\/www.prijedordanas.com\/?p=70553#article","isPartOf":{"@id":"https:\/\/www.prijedordanas.com\/?p=70553"},"author":{"name":"admin","@id":"https:\/\/www.prijedordanas.com\/#\/schema\/person\/4e08ccf29b506ca916ff86d46bb700e6"},"headline":"PRIJEDORSKA REGIJA U 2017. ULAZI AMBICIOZNO: POSTA\u0106EMO MAMAC ZA INVESTITORE!","datePublished":"2017-01-22T14:05:14+00:00","dateModified":"2017-01-22T14:05:14+00:00","mainEntityOfPage":{"@id":"https:\/\/www.prijedordanas.com\/?p=70553"},"wordCount":454,"publisher":{"@id":"https:\/\/www.prijedordanas.com\/#organization"},"keywords":["prijedorska regija"],"articleSection":["Svakodnevno"],"inLanguage":"en-US"},{"@type":"WebPage","@id":"https:\/\/www.prijedordanas.com\/?p=70553","url":"https:\/\/www.prijedordanas.com\/?p=70553","name":"PRIJEDORSKA REGIJA U 2017. ULAZI AMBICIOZNO: POSTA\u0106EMO MAMAC ZA INVESTITORE! - PrijedorDanas.com - Prijedorski gradski portal","isPartOf":{"@id":"https:\/\/www.prijedordanas.com\/#website"},"datePublished":"2017-01-22T14:05:14+00:00","dateModified":"2017-01-22T14:05:14+00:00","breadcrumb":{"@id":"https:\/\/www.prijedordanas.com\/?p=70553#breadcrumb"},"inLanguage":"en-US","potentialAction":[{"@type":"ReadAction","target":["https:\/\/www.prijedordanas.com\/?p=70553"]}]},{"@type":"BreadcrumbList","@id":"https:\/\/www.prijedordanas.com\/?p=70553#breadcrumb","itemListElement":[{"@type":"ListItem","position":1,"name":"Home","item":"https:\/\/www.prijedordanas.com\/"},{"@type":"ListItem","position":2,"name":"PRIJEDORSKA REGIJA U 2017. ULAZI AMBICIOZNO: POSTA\u0106EMO MAMAC ZA INVESTITORE!"}]},{"@type":"WebSite","@id":"https:\/\/www.prijedordanas.com\/#website","url":"https:\/\/www.prijedordanas.com\/","name":"PrijedorDanas.com - Prijedorski gradski portal","description":"Portal o doga\u0111anjima u gradu Prijedoru","publisher":{"@id":"https:\/\/www.prijedordanas.com\/#organization"},"potentialAction":[{"@type":"SearchAction","target":{"@type":"EntryPoint","urlTemplate":"https:\/\/www.prijedordanas.com\/?s={search_term_string}"},"query-input":"required name=search_term_string"}],"inLanguage":"en-US"},{"@type":"Organization","@id":"https:\/\/www.prijedordanas.com\/#organization","name":"PrijedorDanas.com","url":"https:\/\/www.prijedordanas.com\/","logo":{"@type":"ImageObject","inLanguage":"en-US","@id":"https:\/\/www.prijedordanas.com\/#\/schema\/logo\/image\/","url":"http:\/\/www.prijedordanas.com\/wp-content\/uploads\/2021\/12\/logopng.png","contentUrl":"http:\/\/www.prijedordanas.com\/wp-content\/uploads\/2021\/12\/logopng.png","width":1019,"height":776,"caption":"PrijedorDanas.com"},"image":{"@id":"https:\/\/www.prijedordanas.com\/#\/schema\/logo\/image\/"},"sameAs":["https:\/\/www.facebook.com\/PrijedorDanasCom\/"]},{"@type":"Person","@id":"https:\/\/www.prijedordanas.com\/#\/schema\/person\/4e08ccf29b506ca916ff86d46bb700e6","name":"admin","image":{"@type":"ImageObject","inLanguage":"en-US","@id":"https:\/\/www.prijedordanas.com\/#\/schema\/person\/image\/","url":"https:\/\/secure.gravatar.com\/avatar\/1d3fc949d550f0b53a5f0d51e06dfd79?s=96&d=mm&r=g","contentUrl":"https:\/\/secure.gravatar.com\/avatar\/1d3fc949d550f0b53a5f0d51e06dfd79?s=96&d=mm&r=g","caption":"admin"},"url":"https:\/\/www.prijedordanas.com\/?author=1"}]}},"_links":{"self":[{"href":"https:\/\/www.prijedordanas.com\/index.php?rest_route=\/wp\/v2\/posts\/70553"}],"collection":[{"href":"https:\/\/www.prijedordanas.com\/index.php?rest_route=\/wp\/v2\/posts"}],"about":[{"href":"https:\/\/www.prijedordanas.com\/index.php?rest_route=\/wp\/v2\/types\/post"}],"author":[{"embeddable":true,"href":"https:\/\/www.prijedordanas.com\/index.php?rest_route=\/wp\/v2\/users\/1"}],"replies":[{"embeddable":true,"href":"https:\/\/www.prijedordanas.com\/index.php?rest_route=%2Fwp%2Fv2%2Fcomments&post=70553"}],"version-history":[{"count":2,"href":"https:\/\/www.prijedordanas.com\/index.php?rest_route=\/wp\/v2\/posts\/70553\/revisions"}],"predecessor-version":[{"id":72570,"href":"https:\/\/www.prijedordanas.com\/index.php?rest_route=\/wp\/v2\/posts\/70553\/revisions\/72570"}],"wp:attachment":[{"href":"https:\/\/www.prijedordanas.com\/index.php?rest_route=%2Fwp%2Fv2%2Fmedia&parent=70553"}],"wp:term":[{"taxonomy":"category","embeddable":true,"href":"https:\/\/www.prijedordanas.com\/index.php?rest_route=%2Fwp%2Fv2%2Fcategories&post=70553"},{"taxonomy":"post_tag","embeddable":true,"href":"https:\/\/www.prijedordanas.com\/index.php?rest_route=%2Fwp%2Fv2%2Ftags&post=70553"}],"curies":[{"name":"wp","href":"https:\/\/api.w.org\/{rel}","templated":true}]}}