{"id":70279,"date":"2016-12-29T08:45:13","date_gmt":"2016-12-29T07:45:13","guid":{"rendered":"https:\/\/www.prijedordanas.com\/?p=70279"},"modified":"2016-12-29T08:45:13","modified_gmt":"2016-12-29T07:45:13","slug":"predsjednik-demokratske-fronte-zeljko-komsic-otvorio-nove-prostorije-stranke-u-prijedoru","status":"publish","type":"post","link":"https:\/\/www.prijedordanas.com\/?p=70279","title":{"rendered":"PREDSJEDNIK DEMOKRATSKE FRONTE \u017dELJKO KOM\u0160I\u0106 OTVORIO NOVE PROSTORIJE STRANKE U PRIJEDORU"},"content":{"rendered":"<p><a href=\"https:\/\/www.prijedordanas.com\/wp-content\/uploads\/2016\/12\/df-prijedor-komsic-nove-prostorije-1.jpg\"><img loading=\"lazy\" decoding=\"async\" class=\"alignleft size-medium wp-image-70280\" src=\"https:\/\/www.prijedordanas.com\/wp-content\/uploads\/2016\/12\/df-prijedor-komsic-nove-prostorije-1-300x222.jpg\" alt=\"df-prijedor-komsic-nove-prostorije-1\" width=\"300\" height=\"222\" srcset=\"https:\/\/www.prijedordanas.com\/wp-content\/uploads\/2016\/12\/df-prijedor-komsic-nove-prostorije-1-300x222.jpg 300w, https:\/\/www.prijedordanas.com\/wp-content\/uploads\/2016\/12\/df-prijedor-komsic-nove-prostorije-1-100x74.jpg 100w, https:\/\/www.prijedordanas.com\/wp-content\/uploads\/2016\/12\/df-prijedor-komsic-nove-prostorije-1.jpg 675w\" sizes=\"(max-width: 300px) 100vw, 300px\" \/><\/a>U Prijedoru je ove srijede boravila visoka delegacija Demokratske fronte, na \u010delu sa predsjednikom \u017deljkom Kom\u0161i\u0107em, koja je posjetila Gradski odbor ove stranke i prisustvovala zvani\u010dnom otvaranju njenih novih prostorija u centru grada.<\/p>\n<p>Obra\u0107aju\u0107i se prisutnima, Kom\u0161i\u0107 je istakao zadovoljstvo \u0161to je GO DF Prijedor za kratko vrijeme uspio da postane parlamentaran, odnosno da na lokalnim izborima ove godine osvoji jedan mandat u Skup\u0161tini grada.<\/p>\n<p>-\u010cestitam na izbornom rezultatu koji su na\u0161i \u010dlanovi ostvarili u Prijedoru. DF \u017eeli biti stranka cijele Bosne i Hercegovine, a samim time i politi\u010dki faktor i u Republici Srpskoj. Na\u0161e te\u017enje su da svim gra\u0111anima BiH poka\u017eemo da \u0107emo raditi u ime svih njih, nekada je to te\u0161ko, ali izabrali smo taj put i njega \u0107emo se do kraja dr\u017eati \u2013 rekao je Kom\u0161i\u0107.<\/p>\n<p><a href=\"https:\/\/www.prijedordanas.com\/wp-content\/uploads\/2016\/12\/df-prijedor-komsic-nove-prostorije-2.jpg\"><img loading=\"lazy\" decoding=\"async\" src=\"https:\/\/www.prijedordanas.com\/wp-content\/uploads\/2016\/12\/df-prijedor-komsic-nove-prostorije-2-300x222.jpg\" alt=\"df-prijedor-komsic-nove-prostorije-2\" width=\"300\" height=\"222\" class=\"alignleft size-medium wp-image-70281\" srcset=\"https:\/\/www.prijedordanas.com\/wp-content\/uploads\/2016\/12\/df-prijedor-komsic-nove-prostorije-2-300x222.jpg 300w, https:\/\/www.prijedordanas.com\/wp-content\/uploads\/2016\/12\/df-prijedor-komsic-nove-prostorije-2-100x74.jpg 100w, https:\/\/www.prijedordanas.com\/wp-content\/uploads\/2016\/12\/df-prijedor-komsic-nove-prostorije-2.jpg 675w\" sizes=\"(max-width: 300px) 100vw, 300px\" \/><\/a>Povjerenik DF-a Prijedor Nijaz Brki\u0107 je izrazio zadovoljstvo posjetom predsjednika stranke.<\/p>\n<p>-Na\u0161a novotvorena kancelarija u centru grada \u0107e biti otvorena za sve gra\u0111ane. U\u010dini\u0107emo sve ono \u0161to je u na\u0161oj mo\u0107i da postanemo i ostanemo respektabilna stranka u Prijedoru iako smo osnovani tek prije pola godine \u2013 dodao je Brki\u0107.<\/p>\n<p>Okupljenima se obratio i Mirsad Duratovi\u0107, odbornik Demokratske fronte u Skup\u0161tini grada Prijedora.<\/p>\n<p>Priredio \u2013 Aleksandar Drakuli\u0107 &#8211; <a href=\"www.prijedordanas.com\" target=\"_blank\">www.prijedordanas.com<\/a><br \/>\nFoto \u2013 Demokratska fronta<\/p>\n","protected":false},"excerpt":{"rendered":"<p>U Prijedoru je ove srijede boravila visoka delegacija Demokratske fronte, na \u010delu sa predsjednikom \u017deljkom Kom\u0161i\u0107em, koja je posjetila Gradski odbor ove stranke i prisustvovala zvani\u010dnom otvaranju njenih novih prostorija [&hellip;]<\/p>\n","protected":false},"author":1,"featured_media":0,"comment_status":"closed","ping_status":"open","sticky":false,"template":"","format":"standard","meta":{"_monsterinsights_skip_tracking":false,"_monsterinsights_sitenote_active":false,"_monsterinsights_sitenote_note":"","_monsterinsights_sitenote_category":0,"footnotes":""},"categories":[8],"tags":[9491],"yoast_head":"<!-- This site is optimized with the Yoast SEO plugin v21.6 - https:\/\/yoast.com\/wordpress\/plugins\/seo\/ -->\n<title>PREDSJEDNIK DEMOKRATSKE FRONTE \u017dELJKO KOM\u0160I\u0106 OTVORIO NOVE PROSTORIJE STRANKE U PRIJEDORU - PrijedorDanas.com - Prijedorski gradski portal<\/title>\n<meta name=\"robots\" content=\"index, follow, max-snippet:-1, max-image-preview:large, max-video-preview:-1\" \/>\n<link rel=\"canonical\" href=\"https:\/\/www.prijedordanas.com\/?p=70279\" \/>\n<meta property=\"og:locale\" content=\"en_US\" \/>\n<meta property=\"og:type\" content=\"article\" \/>\n<meta property=\"og:title\" content=\"PREDSJEDNIK DEMOKRATSKE FRONTE \u017dELJKO KOM\u0160I\u0106 OTVORIO NOVE PROSTORIJE STRANKE U PRIJEDORU - PrijedorDanas.com - Prijedorski gradski portal\" \/>\n<meta property=\"og:description\" content=\"U Prijedoru je ove srijede boravila visoka delegacija Demokratske fronte, na \u010delu sa predsjednikom \u017deljkom Kom\u0161i\u0107em, koja je posjetila Gradski odbor ove stranke i prisustvovala zvani\u010dnom otvaranju njenih novih prostorija [&hellip;]\" \/>\n<meta property=\"og:url\" content=\"https:\/\/www.prijedordanas.com\/?p=70279\" \/>\n<meta property=\"og:site_name\" content=\"PrijedorDanas.com - Prijedorski gradski portal\" \/>\n<meta property=\"article:publisher\" content=\"https:\/\/www.facebook.com\/PrijedorDanasCom\/\" \/>\n<meta property=\"article:published_time\" content=\"2016-12-29T07:45:13+00:00\" \/>\n<meta property=\"og:image\" content=\"https:\/\/www.prijedordanas.com\/wp-content\/uploads\/2016\/12\/df-prijedor-komsic-nove-prostorije-1-300x222.jpg\" \/>\n<meta name=\"author\" content=\"admin\" \/>\n<meta name=\"twitter:card\" content=\"summary_large_image\" \/>\n<meta name=\"twitter:label1\" content=\"Written by\" \/>\n\t<meta name=\"twitter:data1\" content=\"admin\" \/>\n\t<meta name=\"twitter:label2\" content=\"Est. reading time\" \/>\n\t<meta name=\"twitter:data2\" content=\"1 minute\" \/>\n<script type=\"application\/ld+json\" class=\"yoast-schema-graph\">{\"@context\":\"https:\/\/schema.org\",\"@graph\":[{\"@type\":\"Article\",\"@id\":\"https:\/\/www.prijedordanas.com\/?p=70279#article\",\"isPartOf\":{\"@id\":\"https:\/\/www.prijedordanas.com\/?p=70279\"},\"author\":{\"name\":\"admin\",\"@id\":\"https:\/\/www.prijedordanas.com\/#\/schema\/person\/4e08ccf29b506ca916ff86d46bb700e6\"},\"headline\":\"PREDSJEDNIK DEMOKRATSKE FRONTE \u017dELJKO KOM\u0160I\u0106 OTVORIO NOVE PROSTORIJE STRANKE U PRIJEDORU\",\"datePublished\":\"2016-12-29T07:45:13+00:00\",\"dateModified\":\"2016-12-29T07:45:13+00:00\",\"mainEntityOfPage\":{\"@id\":\"https:\/\/www.prijedordanas.com\/?p=70279\"},\"wordCount\":236,\"publisher\":{\"@id\":\"https:\/\/www.prijedordanas.com\/#organization\"},\"keywords\":[\"Demokratska fronta\"],\"articleSection\":[\"Svakodnevno\"],\"inLanguage\":\"en-US\"},{\"@type\":\"WebPage\",\"@id\":\"https:\/\/www.prijedordanas.com\/?p=70279\",\"url\":\"https:\/\/www.prijedordanas.com\/?p=70279\",\"name\":\"PREDSJEDNIK DEMOKRATSKE FRONTE \u017dELJKO KOM\u0160I\u0106 OTVORIO NOVE PROSTORIJE STRANKE U PRIJEDORU - PrijedorDanas.com - Prijedorski gradski portal\",\"isPartOf\":{\"@id\":\"https:\/\/www.prijedordanas.com\/#website\"},\"datePublished\":\"2016-12-29T07:45:13+00:00\",\"dateModified\":\"2016-12-29T07:45:13+00:00\",\"breadcrumb\":{\"@id\":\"https:\/\/www.prijedordanas.com\/?p=70279#breadcrumb\"},\"inLanguage\":\"en-US\",\"potentialAction\":[{\"@type\":\"ReadAction\",\"target\":[\"https:\/\/www.prijedordanas.com\/?p=70279\"]}]},{\"@type\":\"BreadcrumbList\",\"@id\":\"https:\/\/www.prijedordanas.com\/?p=70279#breadcrumb\",\"itemListElement\":[{\"@type\":\"ListItem\",\"position\":1,\"name\":\"Home\",\"item\":\"https:\/\/www.prijedordanas.com\/\"},{\"@type\":\"ListItem\",\"position\":2,\"name\":\"PREDSJEDNIK DEMOKRATSKE FRONTE \u017dELJKO KOM\u0160I\u0106 OTVORIO NOVE PROSTORIJE STRANKE U PRIJEDORU\"}]},{\"@type\":\"WebSite\",\"@id\":\"https:\/\/www.prijedordanas.com\/#website\",\"url\":\"https:\/\/www.prijedordanas.com\/\",\"name\":\"PrijedorDanas.com - Prijedorski gradski portal\",\"description\":\"Portal o doga\u0111anjima u gradu Prijedoru\",\"publisher\":{\"@id\":\"https:\/\/www.prijedordanas.com\/#organization\"},\"potentialAction\":[{\"@type\":\"SearchAction\",\"target\":{\"@type\":\"EntryPoint\",\"urlTemplate\":\"https:\/\/www.prijedordanas.com\/?s={search_term_string}\"},\"query-input\":\"required name=search_term_string\"}],\"inLanguage\":\"en-US\"},{\"@type\":\"Organization\",\"@id\":\"https:\/\/www.prijedordanas.com\/#organization\",\"name\":\"PrijedorDanas.com\",\"url\":\"https:\/\/www.prijedordanas.com\/\",\"logo\":{\"@type\":\"ImageObject\",\"inLanguage\":\"en-US\",\"@id\":\"https:\/\/www.prijedordanas.com\/#\/schema\/logo\/image\/\",\"url\":\"http:\/\/www.prijedordanas.com\/wp-content\/uploads\/2021\/12\/logopng.png\",\"contentUrl\":\"http:\/\/www.prijedordanas.com\/wp-content\/uploads\/2021\/12\/logopng.png\",\"width\":1019,\"height\":776,\"caption\":\"PrijedorDanas.com\"},\"image\":{\"@id\":\"https:\/\/www.prijedordanas.com\/#\/schema\/logo\/image\/\"},\"sameAs\":[\"https:\/\/www.facebook.com\/PrijedorDanasCom\/\"]},{\"@type\":\"Person\",\"@id\":\"https:\/\/www.prijedordanas.com\/#\/schema\/person\/4e08ccf29b506ca916ff86d46bb700e6\",\"name\":\"admin\",\"image\":{\"@type\":\"ImageObject\",\"inLanguage\":\"en-US\",\"@id\":\"https:\/\/www.prijedordanas.com\/#\/schema\/person\/image\/\",\"url\":\"https:\/\/secure.gravatar.com\/avatar\/1d3fc949d550f0b53a5f0d51e06dfd79?s=96&d=mm&r=g\",\"contentUrl\":\"https:\/\/secure.gravatar.com\/avatar\/1d3fc949d550f0b53a5f0d51e06dfd79?s=96&d=mm&r=g\",\"caption\":\"admin\"},\"url\":\"https:\/\/www.prijedordanas.com\/?author=1\"}]}<\/script>\n<!-- \/ Yoast SEO plugin. -->","yoast_head_json":{"title":"PREDSJEDNIK DEMOKRATSKE FRONTE \u017dELJKO KOM\u0160I\u0106 OTVORIO NOVE PROSTORIJE STRANKE U PRIJEDORU - PrijedorDanas.com - Prijedorski gradski portal","robots":{"index":"index","follow":"follow","max-snippet":"max-snippet:-1","max-image-preview":"max-image-preview:large","max-video-preview":"max-video-preview:-1"},"canonical":"https:\/\/www.prijedordanas.com\/?p=70279","og_locale":"en_US","og_type":"article","og_title":"PREDSJEDNIK DEMOKRATSKE FRONTE \u017dELJKO KOM\u0160I\u0106 OTVORIO NOVE PROSTORIJE STRANKE U PRIJEDORU - PrijedorDanas.com - Prijedorski gradski portal","og_description":"U Prijedoru je ove srijede boravila visoka delegacija Demokratske fronte, na \u010delu sa predsjednikom \u017deljkom Kom\u0161i\u0107em, koja je posjetila Gradski odbor ove stranke i prisustvovala zvani\u010dnom otvaranju njenih novih prostorija [&hellip;]","og_url":"https:\/\/www.prijedordanas.com\/?p=70279","og_site_name":"PrijedorDanas.com - Prijedorski gradski portal","article_publisher":"https:\/\/www.facebook.com\/PrijedorDanasCom\/","article_published_time":"2016-12-29T07:45:13+00:00","og_image":[{"url":"https:\/\/www.prijedordanas.com\/wp-content\/uploads\/2016\/12\/df-prijedor-komsic-nove-prostorije-1-300x222.jpg"}],"author":"admin","twitter_card":"summary_large_image","twitter_misc":{"Written by":"admin","Est. reading time":"1 minute"},"schema":{"@context":"https:\/\/schema.org","@graph":[{"@type":"Article","@id":"https:\/\/www.prijedordanas.com\/?p=70279#article","isPartOf":{"@id":"https:\/\/www.prijedordanas.com\/?p=70279"},"author":{"name":"admin","@id":"https:\/\/www.prijedordanas.com\/#\/schema\/person\/4e08ccf29b506ca916ff86d46bb700e6"},"headline":"PREDSJEDNIK DEMOKRATSKE FRONTE \u017dELJKO KOM\u0160I\u0106 OTVORIO NOVE PROSTORIJE STRANKE U PRIJEDORU","datePublished":"2016-12-29T07:45:13+00:00","dateModified":"2016-12-29T07:45:13+00:00","mainEntityOfPage":{"@id":"https:\/\/www.prijedordanas.com\/?p=70279"},"wordCount":236,"publisher":{"@id":"https:\/\/www.prijedordanas.com\/#organization"},"keywords":["Demokratska fronta"],"articleSection":["Svakodnevno"],"inLanguage":"en-US"},{"@type":"WebPage","@id":"https:\/\/www.prijedordanas.com\/?p=70279","url":"https:\/\/www.prijedordanas.com\/?p=70279","name":"PREDSJEDNIK DEMOKRATSKE FRONTE \u017dELJKO KOM\u0160I\u0106 OTVORIO NOVE PROSTORIJE STRANKE U PRIJEDORU - PrijedorDanas.com - Prijedorski gradski portal","isPartOf":{"@id":"https:\/\/www.prijedordanas.com\/#website"},"datePublished":"2016-12-29T07:45:13+00:00","dateModified":"2016-12-29T07:45:13+00:00","breadcrumb":{"@id":"https:\/\/www.prijedordanas.com\/?p=70279#breadcrumb"},"inLanguage":"en-US","potentialAction":[{"@type":"ReadAction","target":["https:\/\/www.prijedordanas.com\/?p=70279"]}]},{"@type":"BreadcrumbList","@id":"https:\/\/www.prijedordanas.com\/?p=70279#breadcrumb","itemListElement":[{"@type":"ListItem","position":1,"name":"Home","item":"https:\/\/www.prijedordanas.com\/"},{"@type":"ListItem","position":2,"name":"PREDSJEDNIK DEMOKRATSKE FRONTE \u017dELJKO KOM\u0160I\u0106 OTVORIO NOVE PROSTORIJE STRANKE U PRIJEDORU"}]},{"@type":"WebSite","@id":"https:\/\/www.prijedordanas.com\/#website","url":"https:\/\/www.prijedordanas.com\/","name":"PrijedorDanas.com - Prijedorski gradski portal","description":"Portal o doga\u0111anjima u gradu Prijedoru","publisher":{"@id":"https:\/\/www.prijedordanas.com\/#organization"},"potentialAction":[{"@type":"SearchAction","target":{"@type":"EntryPoint","urlTemplate":"https:\/\/www.prijedordanas.com\/?s={search_term_string}"},"query-input":"required name=search_term_string"}],"inLanguage":"en-US"},{"@type":"Organization","@id":"https:\/\/www.prijedordanas.com\/#organization","name":"PrijedorDanas.com","url":"https:\/\/www.prijedordanas.com\/","logo":{"@type":"ImageObject","inLanguage":"en-US","@id":"https:\/\/www.prijedordanas.com\/#\/schema\/logo\/image\/","url":"http:\/\/www.prijedordanas.com\/wp-content\/uploads\/2021\/12\/logopng.png","contentUrl":"http:\/\/www.prijedordanas.com\/wp-content\/uploads\/2021\/12\/logopng.png","width":1019,"height":776,"caption":"PrijedorDanas.com"},"image":{"@id":"https:\/\/www.prijedordanas.com\/#\/schema\/logo\/image\/"},"sameAs":["https:\/\/www.facebook.com\/PrijedorDanasCom\/"]},{"@type":"Person","@id":"https:\/\/www.prijedordanas.com\/#\/schema\/person\/4e08ccf29b506ca916ff86d46bb700e6","name":"admin","image":{"@type":"ImageObject","inLanguage":"en-US","@id":"https:\/\/www.prijedordanas.com\/#\/schema\/person\/image\/","url":"https:\/\/secure.gravatar.com\/avatar\/1d3fc949d550f0b53a5f0d51e06dfd79?s=96&d=mm&r=g","contentUrl":"https:\/\/secure.gravatar.com\/avatar\/1d3fc949d550f0b53a5f0d51e06dfd79?s=96&d=mm&r=g","caption":"admin"},"url":"https:\/\/www.prijedordanas.com\/?author=1"}]}},"_links":{"self":[{"href":"https:\/\/www.prijedordanas.com\/index.php?rest_route=\/wp\/v2\/posts\/70279"}],"collection":[{"href":"https:\/\/www.prijedordanas.com\/index.php?rest_route=\/wp\/v2\/posts"}],"about":[{"href":"https:\/\/www.prijedordanas.com\/index.php?rest_route=\/wp\/v2\/types\/post"}],"author":[{"embeddable":true,"href":"https:\/\/www.prijedordanas.com\/index.php?rest_route=\/wp\/v2\/users\/1"}],"replies":[{"embeddable":true,"href":"https:\/\/www.prijedordanas.com\/index.php?rest_route=%2Fwp%2Fv2%2Fcomments&post=70279"}],"version-history":[{"count":1,"href":"https:\/\/www.prijedordanas.com\/index.php?rest_route=\/wp\/v2\/posts\/70279\/revisions"}],"predecessor-version":[{"id":70282,"href":"https:\/\/www.prijedordanas.com\/index.php?rest_route=\/wp\/v2\/posts\/70279\/revisions\/70282"}],"wp:attachment":[{"href":"https:\/\/www.prijedordanas.com\/index.php?rest_route=%2Fwp%2Fv2%2Fmedia&parent=70279"}],"wp:term":[{"taxonomy":"category","embeddable":true,"href":"https:\/\/www.prijedordanas.com\/index.php?rest_route=%2Fwp%2Fv2%2Fcategories&post=70279"},{"taxonomy":"post_tag","embeddable":true,"href":"https:\/\/www.prijedordanas.com\/index.php?rest_route=%2Fwp%2Fv2%2Ftags&post=70279"}],"curies":[{"name":"wp","href":"https:\/\/api.w.org\/{rel}","templated":true}]}}