{"id":70274,"date":"2016-12-29T09:34:50","date_gmt":"2016-12-29T08:34:50","guid":{"rendered":"https:\/\/www.prijedordanas.com\/?p=70274"},"modified":"2016-12-29T09:34:50","modified_gmt":"2016-12-29T08:34:50","slug":"prijedor-dok-drugi-vode-politiku-bosnjaci-se-svadaju-ko-je-kriv-za-lose-stanje-povratnika-razjedinjenost","status":"publish","type":"post","link":"https:\/\/www.prijedordanas.com\/?p=70274","title":{"rendered":"PRIJEDOR-DOK DRUGI VODE POLITIKU BO\u0160NJACI SE SVA\u0110AJU: KO JE KRIV ZA LO\u0160E STANJE POVRATNIKA I RAZJEDINJENOST"},"content":{"rendered":"<p><a href=\"https:\/\/www.prijedordanas.com\/wp-content\/uploads\/2016\/12\/ajb-politika-bosnjaci-prijedor.jpg\"><img loading=\"lazy\" decoding=\"async\" src=\"https:\/\/www.prijedordanas.com\/wp-content\/uploads\/2016\/12\/ajb-politika-bosnjaci-prijedor-300x222.jpg\" alt=\"ajb-politika-bosnjaci-prijedor\" width=\"300\" height=\"222\" class=\"alignleft size-medium wp-image-70275\" srcset=\"https:\/\/www.prijedordanas.com\/wp-content\/uploads\/2016\/12\/ajb-politika-bosnjaci-prijedor-300x222.jpg 300w, https:\/\/www.prijedordanas.com\/wp-content\/uploads\/2016\/12\/ajb-politika-bosnjaci-prijedor-100x74.jpg 100w, https:\/\/www.prijedordanas.com\/wp-content\/uploads\/2016\/12\/ajb-politika-bosnjaci-prijedor.jpg 676w\" sizes=\"(max-width: 300px) 100vw, 300px\" \/><\/a>Prijedor, nekada industrijski grad pun \u017eivota, multikulture i antifa\u0161isti\u010dkog naslije\u0111a, danas je grad sa teretom ratne pro\u0161losti, lo\u0161eg ekonomskog stanja i nesre\u0111enih me\u0111uljudskih odnosa. Ko je krivac za lo\u0161e stanje povratnika i razjedinjenost u politici borbe za prava Bo\u0161njaka u Prijedoru, razgovarali smo sa predstavnicima \u010detiri bo\u0161nja\u010dke stranke koje su u\u010destvovale na proteklim lokalnim izborima u ovom gradu.<\/p>\n<p>Slaba svijest i lo\u0161 zakon<\/p>\n<p>\u201cSu\u0161tina problema nije u broju politi\u010dkih subjekata koji u\u010destvuju na izborima, nego u odgovornosti gra\u0111ana i shvatanju koliko je va\u017eno izi\u0107i na izbore i glasati\u201d, isti\u010de Ernest Badnjevi\u0107, predsjednik Gradskog odbora SDP Prijedor.<\/p>\n<p>Ka\u017ee kako problem sve manje izlaznosti na izborima predstavlja klju\u010dni faktor lo\u0161e slike i stanja povratnika na podru\u010dju Prijedora: &#8220;Kada bi se svijest Bo\u0161njaka o potrebi u\u010de\u0161\u0107a u izbornom procesu, pogotovo onih koji trenutno \u017eive i rade u dijaspori, podigla na vi\u0161i nivo onda bi se i stanje zna\u010dajno promijenilo nabolje, pa i ukupan polo\u017eaj u svakom smislu.&#8221; <\/p>\n<p>Ve\u0107i broj odbornika u skup\u0161tinskim klupama zna\u010di i ve\u0107i broj rukovode\u0107ih kadrova u samoj lokalnoj zajednici, javnim preduze\u0107ima, ustanovama, zna\u010dajnijoj politi\u010dkoj snazi i mogu\u0107nosti nametanja rje\u0161avanja goru\u0107ih problema, te uticaja na njihovo rje\u0161avanja, i to ne povremeno, nego kontinuirano i svakodnevno. <\/p>\n<p>\u201cDakle, odgovor na ovo pitanje bi glasio da Bo\u0161njaci u Skup\u0161tini grada Prijedora sa ovim brojem glasa\u010da i glasova ne mogu imati vi\u0161e od pet odbornika, bez obzira koliko bilo politi\u010dkih subjekata, jer \u010dinjenica je da se svakog izbornog ciklusa ukupan broj onih koji glasaju zna\u010dajno smanjuje\u201d, ka\u017ee Badnjevi\u0107.<\/p>\n<p>Ajdin Me\u0161i\u0107, predsjednik Mjesnog odbora Grad, dijeli sli\u010dno mi\u0161ljenje kao i njegov kolega Badnjevi\u0107 iz SDP-a.<\/p>\n<p>\u201cZbog sve manjeg interesa za glasanjem, kako od strane ljudi koji \u017eive u Prijedoru, tako i onih koji \u017eive u dijaspori, na izborima se ostvaruju sve slabiji rezultati. Narod je izgubio povjerenje u politi\u010dare koji bi trebali biti njihovi predstavnici. Situaciju dodatno komplicira to \u0161to se nakon svakih izbora pojavi nova stranka. A sve te nove stranke koje su nastale iz postoje\u0107ih stranka usitnjavaju glasa\u010dko tijelo koje je ve\u0107 ionako malo. Prijedorske stranke koje imaju sli\u010dne ciljeve i zajedni\u010dki interes, trebale bi se fokusirati na me\u0111usobnu saradnju umjesto na razjedinjavanje\u201d, isti\u010de Me\u0161i\u0107.<\/p>\n<p>Duratovi\u0107 (DF) smatra da niti jedna stranka za sebe ne mo\u017ee re\u0107i kako je ba\u0161 ona najbolji predstavnik Bo\u0161njaka u RS-u, jer da jeste, ka\u017ee, dobila bi ve\u0107inu glasova, dok za slab odziv bira\u010da a samim time i slabe izborne rezultate bo\u0161nja\u010dkih stranaka, Duratovi\u0107 krivi lo\u0161 izborni zakon.<\/p>\n<p>\u201cAko uzmemo u obzir da u Prijedoru preko 20.000 Bo\u0161njaka nije glasalo, onda niti jedna stranka, po izbornom rezultatu, ne mo\u017ee za sebe re\u0107i da je ona njihov najbolji predstavnik. Razloga za ovoliki broj Bo\u0161njaka koji nisu glasali ima vi\u0161e, a kao glavni razlog ja vidim izborni zakon BiH koji je propisao komplicirane procedure za ostvarivanje glasa\u010dkog prava na\u0161ih sugra\u0111ana koji \u017eive u dijaspori.\u201d<\/p>\n<p>Centrale diktiraju<\/p>\n<p>Elvedin Hamzi\u0107, predsjednik Gradskog odbora Stranke za BiH u Prijedoru i delegat u Vije\u0107u naroda u RS-u, od po\u010detka je bio aktivni u\u010desnik u kreiranju koalicije Prvi mart. On isti\u010de kako je prisutna velika razjedinjenost me\u0111u bo\u0161nja\u010dkim strankama, a uzrok toga su, ka\u017ee, li\u010dni interesi koji se stavljaju iznad vitalnih.<\/p>\n<p>\u201eStranka za BIH je na proteklim izborima uglavnom i\u0161la s nekim u koaliciju. Mi ovdje nismo htjeli da idemo u koaliciju iako smo je prvi zagovorali. Nama je ponu\u0111eno mjesto za samo jednog kandidata, dok su drugi uzimali ve\u0107inu mjesta od ukupno deset sa koliko bi koalicija iza\u0161la na izbore\u201c, ka\u017ee Hamzi\u0107<\/p>\n<p>Mirsad Duratovi\u0107, predsjednik GO Demokratska fronta Prijedor, ka\u017ee da nije jedina povratni\u010dka zajednica u kojoj je evidentan problem razjedinjenosti bo\u0161nja\u010dkih politi\u010dkih subjekata. Isti\u010de da je u proteklih nekoliko izbornih godina postojala inicijativa za koalicije stranaka ali sve to nije rezultiralo pove\u0107anjem broja bo\u0161nja\u010dkih predstavnika, kako na lokalnom tako i na entitetskom nivou.<\/p>\n<p>\u201cU proteklih nekoliko izbornih ciklusa postojale su inicijative i koalicije stranaka ali sve to nije rezultiralo pove\u0107anjem broja bo\u0161nja\u010dkih predstavnika kako na lokalnom tako i na entitetskom nivou. Problem bo\u0161nja\u010dkih stranaka na lokalnom nivou je taj \u0161to se odnosi izme\u0111u bo\u0161nja\u010dkih stranaka iz Federacije prelijevaju na odnose istih tih stranaka u Republici Srpskoj. To stvara prepreke za formiranje predizbornih ali i postizbornih koalicija. Zastupam stav da se odnosi izme\u0111u bo\u0161nja\u010dkih stranaka u RS-u trebaju formirati nevezano za Federaciju BiH i da centrale stranaka ne trebaju odre\u0111ivati lokalnom nivou uslove za ulazak u koaliciju. Ljudi na lokalnom nivou najbolje znaju potrebu za zajedni\u010dkim djelovanjem, ali se uglavnom ne mogu izboriti sa centralama stranaka kada je to u pitanju\u201d, isti\u010de Duratovi\u0107.<\/p>\n<p>Sjesti i razgovarati<\/p>\n<p>Iako u Stranci za BiH, DF-u i SDA-u tvrde kako je SDP odbio bilo kakav razgovor o koaliciji bo\u0161nja\u010dkih stranka prije zadnjih lokalnih izbora, iz ove stranke isti\u010du kako su oni uvijek spremni za razgovore i dogovore, ali pod odre\u0111enim uslovima.<\/p>\n<p>U tom kontekstu Ernest Badnjevi\u0107, predsjednik Gradskog odbora SDP-a ka\u017ee da, ako svi ne shvate \u010dinjenicu da polo\u017eaj Bo\u0161njaka, ali i svih ostalih, odre\u0111uje broj datih glasova odre\u0111enoj politi\u010dkoj stranci ili strankama, a ne politi\u010dke stranke koje glasove dobijaju iz srpskog bira\u010dkog tijela, Bo\u0161njaci u Prijedoru \u0107e opet biti na istom.<\/p>\n<p>\u201cMi \u0107emo u narednom periodu razgovarati sa svim strankama o modalitetima koji gra\u0111anima mogu pru\u017eiti bolju \u0161ansu za kvalitetniji \u017eivot, ali ne\u0107emo i\u0107i ni s kim i po svaku cijenu. Svaki budu\u0107i odnos mora biti zasnovan na uzajamnom po\u0161tovanju, uva\u017eavanju, bez omalova\u017eavanja onog drugog. Moramo da na\u0111emo na\u010din da dopremo do bira\u010da mnogo prije izbora, da objasnimo svakom pojedina\u010dno va\u017enost \u010dina glasanja i procenat izlaznosti podignemo sa 20 posto na 60-70 posto, odnosno da broj od 6.400 podignemo barem na 20.000 onih koji su glasali\u201d, ka\u017ee Badnjevi\u0107.<\/p>\n<p>Hamzi\u0107 (SBiH) tvrdi da oni u Stranci za BiH nemaju dilema kada je jedinstvo i zajedni\u010dko djelovanje u cilju opstanka i prosperiteta bo\u0161nja\u010dkog naroda na podru\u010dju Prijedora. Me\u0111utim, isti\u010de da se to mo\u017ee posti\u0107i isklju\u010divo dogovorom i odstupanjem od li\u010dnih, u korist zajedni\u010dki interesa.<\/p>\n<p>\u201e\u0160to se ti\u010de nas u SBiH kako vrha stranke tako i nas ovdje, generalno mi smo za jedinstvo bo\u0161nja\u010dkih stranaka i ono je nu\u017ena potreba. Jednostavno, morali bi prona\u0107i neko rje\u0161enje i modul prevazila\u017eenja na\u0161ih pojedina\u010dnih interesa i okupiti se oko nekog generalnog interesa za sve. Politika je ne\u0161to drugo, a interesi su ne\u0161to sasvim drugo. Evo, u kontekstu op\u0107ih izbora koji dolaze 2018. godine, svi dobro znamo da jedna stranka ovdje u Prijedoru, nema nikakve \u0161anse da ide sama. Mi imamo oko 6.000 glasa\u010da, i to sve skupa sa dijasporom, i to sve \u010detiri stranke, ako ne budemo svi zajedno i\u0161li onda \u0107e na\u0161a izborna jedinica izgubiti mjesto u Narodnoj skup\u0161tini. Ako budemo sjeli i dogovorili se, Bo\u0161njaci Prijedora \u0107e opstati i ostati, a to je sad sve stvar politike\u201c, ka\u017ee Hamzi\u0107.<\/p>\n<p>Me\u0161i\u0107 (SDA) smatra da se stranke mogu ujediniti u neku vrstu koalicije, ali sa novim, mla\u0111im i obrazovanim kadrovima koji bi dobili priliku da se doka\u017eu i da oni sami naprave promjenu. U prilog tome on navodi \u010dinjenicu da samo mladi znaju u kakvom je stanju njihov grad i dru\u0161tvo.<\/p>\n<p>\u201cLjudi koji su ve\u0107 deceniju i pol na politi\u010dkoj sceni Prijedora, trebaju shvatiti da je njihovo vrijeme pro\u0161lo. Ima li su priliku da naprave ne\u0161to, a nisu uradili ni\u0161ta. Prijedor, kao i mnogi drugi sli\u010dni gradovi, ima problem sa migracijama stanovni\u0161tva, posebno mladih, jer svi gra\u0111ani Prijedora, bez obzira na nacionalnu pripadnost, \u017eive sli\u010dne probleme i izazove. Na nama je da napravimo mogu\u0107 su\u017eivot, jer moramo biti svjesni da smo \u017eivjeli jedni sa drugima i \u017eivjet \u0107emo jedni sa drugima\u201d, ka\u017ee Me\u0161i\u0107.<\/p>\n<p>Da li \u0107e bo\u0161nja\u010dki politi\u010dki lideri u Prijedoru uspjeti prevazi\u0107i li\u010dne interese i animozitete, sazna\u0107emo nakon narednih izbora, koji nisu tako daleko. <\/p>\n<p>balkans.aljazeera.net<\/p>\n","protected":false},"excerpt":{"rendered":"<p>Prijedor, nekada industrijski grad pun \u017eivota, multikulture i antifa\u0161isti\u010dkog naslije\u0111a, danas je grad sa teretom ratne pro\u0161losti, lo\u0161eg ekonomskog stanja i nesre\u0111enih me\u0111uljudskih odnosa. Ko je krivac za lo\u0161e stanje [&hellip;]<\/p>\n","protected":false},"author":1,"featured_media":0,"comment_status":"closed","ping_status":"open","sticky":false,"template":"","format":"standard","meta":{"_monsterinsights_skip_tracking":false,"_monsterinsights_sitenote_active":false,"_monsterinsights_sitenote_note":"","_monsterinsights_sitenote_category":0,"footnotes":""},"categories":[4],"tags":[4348,182],"yoast_head":"<!-- This site is optimized with the Yoast SEO plugin v21.6 - https:\/\/yoast.com\/wordpress\/plugins\/seo\/ -->\n<title>PRIJEDOR-DOK DRUGI VODE POLITIKU BO\u0160NJACI SE SVA\u0110AJU: KO JE KRIV ZA LO\u0160E STANJE POVRATNIKA I RAZJEDINJENOST - PrijedorDanas.com - Prijedorski gradski portal<\/title>\n<meta name=\"robots\" content=\"index, follow, max-snippet:-1, max-image-preview:large, max-video-preview:-1\" \/>\n<link rel=\"canonical\" href=\"https:\/\/www.prijedordanas.com\/?p=70274\" \/>\n<meta property=\"og:locale\" content=\"en_US\" \/>\n<meta property=\"og:type\" content=\"article\" \/>\n<meta property=\"og:title\" content=\"PRIJEDOR-DOK DRUGI VODE POLITIKU BO\u0160NJACI SE SVA\u0110AJU: KO JE KRIV ZA LO\u0160E STANJE POVRATNIKA I RAZJEDINJENOST - PrijedorDanas.com - Prijedorski gradski portal\" \/>\n<meta property=\"og:description\" content=\"Prijedor, nekada industrijski grad pun \u017eivota, multikulture i antifa\u0161isti\u010dkog naslije\u0111a, danas je grad sa teretom ratne pro\u0161losti, lo\u0161eg ekonomskog stanja i nesre\u0111enih me\u0111uljudskih odnosa. Ko je krivac za lo\u0161e stanje [&hellip;]\" \/>\n<meta property=\"og:url\" content=\"https:\/\/www.prijedordanas.com\/?p=70274\" \/>\n<meta property=\"og:site_name\" content=\"PrijedorDanas.com - Prijedorski gradski portal\" \/>\n<meta property=\"article:publisher\" content=\"https:\/\/www.facebook.com\/PrijedorDanasCom\/\" \/>\n<meta property=\"article:published_time\" content=\"2016-12-29T08:34:50+00:00\" \/>\n<meta property=\"og:image\" content=\"https:\/\/www.prijedordanas.com\/wp-content\/uploads\/2016\/12\/ajb-politika-bosnjaci-prijedor-300x222.jpg\" \/>\n<meta name=\"author\" content=\"admin\" \/>\n<meta name=\"twitter:card\" content=\"summary_large_image\" \/>\n<meta name=\"twitter:label1\" content=\"Written by\" \/>\n\t<meta name=\"twitter:data1\" content=\"admin\" \/>\n\t<meta name=\"twitter:label2\" content=\"Est. reading time\" \/>\n\t<meta name=\"twitter:data2\" content=\"7 minutes\" \/>\n<script type=\"application\/ld+json\" class=\"yoast-schema-graph\">{\"@context\":\"https:\/\/schema.org\",\"@graph\":[{\"@type\":\"Article\",\"@id\":\"https:\/\/www.prijedordanas.com\/?p=70274#article\",\"isPartOf\":{\"@id\":\"https:\/\/www.prijedordanas.com\/?p=70274\"},\"author\":{\"name\":\"admin\",\"@id\":\"https:\/\/www.prijedordanas.com\/#\/schema\/person\/4e08ccf29b506ca916ff86d46bb700e6\"},\"headline\":\"PRIJEDOR-DOK DRUGI VODE POLITIKU BO\u0160NJACI SE SVA\u0110AJU: KO JE KRIV ZA LO\u0160E STANJE POVRATNIKA I RAZJEDINJENOST\",\"datePublished\":\"2016-12-29T08:34:50+00:00\",\"dateModified\":\"2016-12-29T08:34:50+00:00\",\"mainEntityOfPage\":{\"@id\":\"https:\/\/www.prijedordanas.com\/?p=70274\"},\"wordCount\":1457,\"publisher\":{\"@id\":\"https:\/\/www.prijedordanas.com\/#organization\"},\"keywords\":[\"Bo\u0161njaci\",\"politika\"],\"articleSection\":[\"Dru\u0161tvo\"],\"inLanguage\":\"en-US\"},{\"@type\":\"WebPage\",\"@id\":\"https:\/\/www.prijedordanas.com\/?p=70274\",\"url\":\"https:\/\/www.prijedordanas.com\/?p=70274\",\"name\":\"PRIJEDOR-DOK DRUGI VODE POLITIKU BO\u0160NJACI SE SVA\u0110AJU: KO JE KRIV ZA LO\u0160E STANJE POVRATNIKA I RAZJEDINJENOST - PrijedorDanas.com - Prijedorski gradski portal\",\"isPartOf\":{\"@id\":\"https:\/\/www.prijedordanas.com\/#website\"},\"datePublished\":\"2016-12-29T08:34:50+00:00\",\"dateModified\":\"2016-12-29T08:34:50+00:00\",\"breadcrumb\":{\"@id\":\"https:\/\/www.prijedordanas.com\/?p=70274#breadcrumb\"},\"inLanguage\":\"en-US\",\"potentialAction\":[{\"@type\":\"ReadAction\",\"target\":[\"https:\/\/www.prijedordanas.com\/?p=70274\"]}]},{\"@type\":\"BreadcrumbList\",\"@id\":\"https:\/\/www.prijedordanas.com\/?p=70274#breadcrumb\",\"itemListElement\":[{\"@type\":\"ListItem\",\"position\":1,\"name\":\"Home\",\"item\":\"https:\/\/www.prijedordanas.com\/\"},{\"@type\":\"ListItem\",\"position\":2,\"name\":\"PRIJEDOR-DOK DRUGI VODE POLITIKU BO\u0160NJACI SE SVA\u0110AJU: KO JE KRIV ZA LO\u0160E STANJE POVRATNIKA I RAZJEDINJENOST\"}]},{\"@type\":\"WebSite\",\"@id\":\"https:\/\/www.prijedordanas.com\/#website\",\"url\":\"https:\/\/www.prijedordanas.com\/\",\"name\":\"PrijedorDanas.com - Prijedorski gradski portal\",\"description\":\"Portal o doga\u0111anjima u gradu Prijedoru\",\"publisher\":{\"@id\":\"https:\/\/www.prijedordanas.com\/#organization\"},\"potentialAction\":[{\"@type\":\"SearchAction\",\"target\":{\"@type\":\"EntryPoint\",\"urlTemplate\":\"https:\/\/www.prijedordanas.com\/?s={search_term_string}\"},\"query-input\":\"required name=search_term_string\"}],\"inLanguage\":\"en-US\"},{\"@type\":\"Organization\",\"@id\":\"https:\/\/www.prijedordanas.com\/#organization\",\"name\":\"PrijedorDanas.com\",\"url\":\"https:\/\/www.prijedordanas.com\/\",\"logo\":{\"@type\":\"ImageObject\",\"inLanguage\":\"en-US\",\"@id\":\"https:\/\/www.prijedordanas.com\/#\/schema\/logo\/image\/\",\"url\":\"http:\/\/www.prijedordanas.com\/wp-content\/uploads\/2021\/12\/logopng.png\",\"contentUrl\":\"http:\/\/www.prijedordanas.com\/wp-content\/uploads\/2021\/12\/logopng.png\",\"width\":1019,\"height\":776,\"caption\":\"PrijedorDanas.com\"},\"image\":{\"@id\":\"https:\/\/www.prijedordanas.com\/#\/schema\/logo\/image\/\"},\"sameAs\":[\"https:\/\/www.facebook.com\/PrijedorDanasCom\/\"]},{\"@type\":\"Person\",\"@id\":\"https:\/\/www.prijedordanas.com\/#\/schema\/person\/4e08ccf29b506ca916ff86d46bb700e6\",\"name\":\"admin\",\"image\":{\"@type\":\"ImageObject\",\"inLanguage\":\"en-US\",\"@id\":\"https:\/\/www.prijedordanas.com\/#\/schema\/person\/image\/\",\"url\":\"https:\/\/secure.gravatar.com\/avatar\/1d3fc949d550f0b53a5f0d51e06dfd79?s=96&d=mm&r=g\",\"contentUrl\":\"https:\/\/secure.gravatar.com\/avatar\/1d3fc949d550f0b53a5f0d51e06dfd79?s=96&d=mm&r=g\",\"caption\":\"admin\"},\"url\":\"https:\/\/www.prijedordanas.com\/?author=1\"}]}<\/script>\n<!-- \/ Yoast SEO plugin. -->","yoast_head_json":{"title":"PRIJEDOR-DOK DRUGI VODE POLITIKU BO\u0160NJACI SE SVA\u0110AJU: KO JE KRIV ZA LO\u0160E STANJE POVRATNIKA I RAZJEDINJENOST - PrijedorDanas.com - Prijedorski gradski portal","robots":{"index":"index","follow":"follow","max-snippet":"max-snippet:-1","max-image-preview":"max-image-preview:large","max-video-preview":"max-video-preview:-1"},"canonical":"https:\/\/www.prijedordanas.com\/?p=70274","og_locale":"en_US","og_type":"article","og_title":"PRIJEDOR-DOK DRUGI VODE POLITIKU BO\u0160NJACI SE SVA\u0110AJU: KO JE KRIV ZA LO\u0160E STANJE POVRATNIKA I RAZJEDINJENOST - PrijedorDanas.com - Prijedorski gradski portal","og_description":"Prijedor, nekada industrijski grad pun \u017eivota, multikulture i antifa\u0161isti\u010dkog naslije\u0111a, danas je grad sa teretom ratne pro\u0161losti, lo\u0161eg ekonomskog stanja i nesre\u0111enih me\u0111uljudskih odnosa. Ko je krivac za lo\u0161e stanje [&hellip;]","og_url":"https:\/\/www.prijedordanas.com\/?p=70274","og_site_name":"PrijedorDanas.com - Prijedorski gradski portal","article_publisher":"https:\/\/www.facebook.com\/PrijedorDanasCom\/","article_published_time":"2016-12-29T08:34:50+00:00","og_image":[{"url":"https:\/\/www.prijedordanas.com\/wp-content\/uploads\/2016\/12\/ajb-politika-bosnjaci-prijedor-300x222.jpg"}],"author":"admin","twitter_card":"summary_large_image","twitter_misc":{"Written by":"admin","Est. reading time":"7 minutes"},"schema":{"@context":"https:\/\/schema.org","@graph":[{"@type":"Article","@id":"https:\/\/www.prijedordanas.com\/?p=70274#article","isPartOf":{"@id":"https:\/\/www.prijedordanas.com\/?p=70274"},"author":{"name":"admin","@id":"https:\/\/www.prijedordanas.com\/#\/schema\/person\/4e08ccf29b506ca916ff86d46bb700e6"},"headline":"PRIJEDOR-DOK DRUGI VODE POLITIKU BO\u0160NJACI SE SVA\u0110AJU: KO JE KRIV ZA LO\u0160E STANJE POVRATNIKA I RAZJEDINJENOST","datePublished":"2016-12-29T08:34:50+00:00","dateModified":"2016-12-29T08:34:50+00:00","mainEntityOfPage":{"@id":"https:\/\/www.prijedordanas.com\/?p=70274"},"wordCount":1457,"publisher":{"@id":"https:\/\/www.prijedordanas.com\/#organization"},"keywords":["Bo\u0161njaci","politika"],"articleSection":["Dru\u0161tvo"],"inLanguage":"en-US"},{"@type":"WebPage","@id":"https:\/\/www.prijedordanas.com\/?p=70274","url":"https:\/\/www.prijedordanas.com\/?p=70274","name":"PRIJEDOR-DOK DRUGI VODE POLITIKU BO\u0160NJACI SE SVA\u0110AJU: KO JE KRIV ZA LO\u0160E STANJE POVRATNIKA I RAZJEDINJENOST - PrijedorDanas.com - Prijedorski gradski portal","isPartOf":{"@id":"https:\/\/www.prijedordanas.com\/#website"},"datePublished":"2016-12-29T08:34:50+00:00","dateModified":"2016-12-29T08:34:50+00:00","breadcrumb":{"@id":"https:\/\/www.prijedordanas.com\/?p=70274#breadcrumb"},"inLanguage":"en-US","potentialAction":[{"@type":"ReadAction","target":["https:\/\/www.prijedordanas.com\/?p=70274"]}]},{"@type":"BreadcrumbList","@id":"https:\/\/www.prijedordanas.com\/?p=70274#breadcrumb","itemListElement":[{"@type":"ListItem","position":1,"name":"Home","item":"https:\/\/www.prijedordanas.com\/"},{"@type":"ListItem","position":2,"name":"PRIJEDOR-DOK DRUGI VODE POLITIKU BO\u0160NJACI SE SVA\u0110AJU: KO JE KRIV ZA LO\u0160E STANJE POVRATNIKA I RAZJEDINJENOST"}]},{"@type":"WebSite","@id":"https:\/\/www.prijedordanas.com\/#website","url":"https:\/\/www.prijedordanas.com\/","name":"PrijedorDanas.com - Prijedorski gradski portal","description":"Portal o doga\u0111anjima u gradu Prijedoru","publisher":{"@id":"https:\/\/www.prijedordanas.com\/#organization"},"potentialAction":[{"@type":"SearchAction","target":{"@type":"EntryPoint","urlTemplate":"https:\/\/www.prijedordanas.com\/?s={search_term_string}"},"query-input":"required name=search_term_string"}],"inLanguage":"en-US"},{"@type":"Organization","@id":"https:\/\/www.prijedordanas.com\/#organization","name":"PrijedorDanas.com","url":"https:\/\/www.prijedordanas.com\/","logo":{"@type":"ImageObject","inLanguage":"en-US","@id":"https:\/\/www.prijedordanas.com\/#\/schema\/logo\/image\/","url":"http:\/\/www.prijedordanas.com\/wp-content\/uploads\/2021\/12\/logopng.png","contentUrl":"http:\/\/www.prijedordanas.com\/wp-content\/uploads\/2021\/12\/logopng.png","width":1019,"height":776,"caption":"PrijedorDanas.com"},"image":{"@id":"https:\/\/www.prijedordanas.com\/#\/schema\/logo\/image\/"},"sameAs":["https:\/\/www.facebook.com\/PrijedorDanasCom\/"]},{"@type":"Person","@id":"https:\/\/www.prijedordanas.com\/#\/schema\/person\/4e08ccf29b506ca916ff86d46bb700e6","name":"admin","image":{"@type":"ImageObject","inLanguage":"en-US","@id":"https:\/\/www.prijedordanas.com\/#\/schema\/person\/image\/","url":"https:\/\/secure.gravatar.com\/avatar\/1d3fc949d550f0b53a5f0d51e06dfd79?s=96&d=mm&r=g","contentUrl":"https:\/\/secure.gravatar.com\/avatar\/1d3fc949d550f0b53a5f0d51e06dfd79?s=96&d=mm&r=g","caption":"admin"},"url":"https:\/\/www.prijedordanas.com\/?author=1"}]}},"_links":{"self":[{"href":"https:\/\/www.prijedordanas.com\/index.php?rest_route=\/wp\/v2\/posts\/70274"}],"collection":[{"href":"https:\/\/www.prijedordanas.com\/index.php?rest_route=\/wp\/v2\/posts"}],"about":[{"href":"https:\/\/www.prijedordanas.com\/index.php?rest_route=\/wp\/v2\/types\/post"}],"author":[{"embeddable":true,"href":"https:\/\/www.prijedordanas.com\/index.php?rest_route=\/wp\/v2\/users\/1"}],"replies":[{"embeddable":true,"href":"https:\/\/www.prijedordanas.com\/index.php?rest_route=%2Fwp%2Fv2%2Fcomments&post=70274"}],"version-history":[{"count":1,"href":"https:\/\/www.prijedordanas.com\/index.php?rest_route=\/wp\/v2\/posts\/70274\/revisions"}],"predecessor-version":[{"id":70276,"href":"https:\/\/www.prijedordanas.com\/index.php?rest_route=\/wp\/v2\/posts\/70274\/revisions\/70276"}],"wp:attachment":[{"href":"https:\/\/www.prijedordanas.com\/index.php?rest_route=%2Fwp%2Fv2%2Fmedia&parent=70274"}],"wp:term":[{"taxonomy":"category","embeddable":true,"href":"https:\/\/www.prijedordanas.com\/index.php?rest_route=%2Fwp%2Fv2%2Fcategories&post=70274"},{"taxonomy":"post_tag","embeddable":true,"href":"https:\/\/www.prijedordanas.com\/index.php?rest_route=%2Fwp%2Fv2%2Ftags&post=70274"}],"curies":[{"name":"wp","href":"https:\/\/api.w.org\/{rel}","templated":true}]}}