{"id":69913,"date":"2016-12-25T10:13:15","date_gmt":"2016-12-25T09:13:15","guid":{"rendered":"https:\/\/www.prijedordanas.com\/?p=69913"},"modified":"2016-12-25T10:13:15","modified_gmt":"2016-12-25T09:13:15","slug":"udar-na-dzep-u-prijedorskim-lokalima-poskupili-kafa-caj","status":"publish","type":"post","link":"https:\/\/www.prijedordanas.com\/?p=69913","title":{"rendered":"UDAR NA D\u017dEP: U PRIJEDORSKIM LOKALIMA POSKUPILI KAFA I \u010cAJ"},"content":{"rendered":"<p><a href=\"https:\/\/www.prijedordanas.com\/wp-content\/uploads\/2016\/12\/gradsko-setaliste-decembar-1-1.jpg\"><img loading=\"lazy\" decoding=\"async\" src=\"https:\/\/www.prijedordanas.com\/wp-content\/uploads\/2016\/12\/gradsko-setaliste-decembar-1-1-300x231.jpg\" alt=\"gradsko-setaliste-decembar-1\" width=\"300\" height=\"231\" class=\"alignleft size-medium wp-image-69914\" srcset=\"https:\/\/www.prijedordanas.com\/wp-content\/uploads\/2016\/12\/gradsko-setaliste-decembar-1-1-300x231.jpg 300w, https:\/\/www.prijedordanas.com\/wp-content\/uploads\/2016\/12\/gradsko-setaliste-decembar-1-1-100x77.jpg 100w, https:\/\/www.prijedordanas.com\/wp-content\/uploads\/2016\/12\/gradsko-setaliste-decembar-1-1.jpg 650w\" sizes=\"(max-width: 300px) 100vw, 300px\" \/><\/a>Vlasnici kafi\u0107a u Prijedoru iznenadili su svoje goste uo\u010di novogodi\u0161njih praznika i to pove\u0107anjem cena kafe, \u010daja i pojedinih ostalih bezalkoholnih napitaka.<\/p>\n<p>Kako nezvani\u010dno saznajemo, inicijativu za pove\u0107anje cena pokrenuli su neki od vlasnika ugostiteljskih objekata koji nisu radili pro\u0161lih 14 dana, jer su ih zatvorili inspektori Poreske uprave RS zbog neizdavanja fiskalnih ra\u010duna.<\/p>\n<p>Toj inicijativi pridru\u017eilo se jo\u0161 nekoliko kafi\u0107a u centru grada. Tako je kafa sa 1,20 KM poskupela na 1,50. Ista korekcija je napravljena i kod cene \u010daja koji je omiljeni topli napitak u zimskim mesecima.<\/p>\n<p>Nes kafa, vanilija i \u010dokolada bila je 1,50 KM, sada je 2,00 KM. Limunada i ce\u0111ena narand\u017ea je poskupela tako\u0111e za pola marke i sada je 3 KM.<\/p>\n<p>U korist, ovom potezu vlasnika ugostiteljskih objekata ide \u010dinjenica da se cena kafe nije menjala desetak godina. Kako saznajemo od konobara, gosti su iznena\u0111eni i smatraju da su cene previsoke.<\/p>\n<p>Sa druge strane, pojedini Prijedor\u010dani, tvrde da je ovo logi\u010dan potez lokala, pogotovo onih koji moraju platiti nov\u010danu kaznu zbog neizdavanja fiskalnih ra\u010duna i imaju gubitak zbog dana kada su zbog kazne bili zatvoreni.<\/p>\n<p>Konobari o\u010dekuju da ove kazne ne\u0107e i\u0107i preko njihovih le\u0111a i da \u0107e dobiti puni iznos plate. Vlasnici objekata koji nisu poskupeli pi\u0107a kao i konkurencija, razmi\u0161ljaju da to ipak u\u010dine u narednom periodu.<\/p>\n<p>Zanimljivo je da jo\u0161 uvek ima kafi\u0107a u u\u017eem delu grada Prijedora, gde su kafa i \u010daj 1 KM. To su mesta koja naj\u010de\u0161\u0107e pose\u0107uju srednjo\u0161kolci.<\/p>\n<p>U svakom slu\u010daju, u narednom periodu Prijedor\u010dani \u0107e morati dobro otvoriti o\u010di kada biraju pi\u0107a na cenovnicima kafi\u0107a ili ipak odlu\u010diti se za ona mesta sa jeftinijim napicima, jer zbog brojnih poskupljenja od Nove Godine, u plitkim d\u017eepovima bi\u0107e dosta praznog prostora.<\/p>\n<p>EuroBlic<\/p>\n","protected":false},"excerpt":{"rendered":"<p>Vlasnici kafi\u0107a u Prijedoru iznenadili su svoje goste uo\u010di novogodi\u0161njih praznika i to pove\u0107anjem cena kafe, \u010daja i pojedinih ostalih bezalkoholnih napitaka. Kako nezvani\u010dno saznajemo, inicijativu za pove\u0107anje cena pokrenuli [&hellip;]<\/p>\n","protected":false},"author":1,"featured_media":0,"comment_status":"closed","ping_status":"open","sticky":false,"template":"","format":"standard","meta":{"_monsterinsights_skip_tracking":false,"_monsterinsights_sitenote_active":false,"_monsterinsights_sitenote_note":"","_monsterinsights_sitenote_category":0,"footnotes":""},"categories":[4],"tags":[9474,4986,9473,2566],"yoast_head":"<!-- This site is optimized with the Yoast SEO plugin v21.6 - https:\/\/yoast.com\/wordpress\/plugins\/seo\/ -->\n<title>UDAR NA D\u017dEP: U PRIJEDORSKIM LOKALIMA POSKUPILI KAFA I \u010cAJ - PrijedorDanas.com - Prijedorski gradski portal<\/title>\n<meta name=\"robots\" content=\"index, follow, max-snippet:-1, max-image-preview:large, max-video-preview:-1\" \/>\n<link rel=\"canonical\" href=\"https:\/\/www.prijedordanas.com\/?p=69913\" \/>\n<meta property=\"og:locale\" content=\"en_US\" \/>\n<meta property=\"og:type\" content=\"article\" \/>\n<meta property=\"og:title\" content=\"UDAR NA D\u017dEP: U PRIJEDORSKIM LOKALIMA POSKUPILI KAFA I \u010cAJ - PrijedorDanas.com - Prijedorski gradski portal\" \/>\n<meta property=\"og:description\" content=\"Vlasnici kafi\u0107a u Prijedoru iznenadili su svoje goste uo\u010di novogodi\u0161njih praznika i to pove\u0107anjem cena kafe, \u010daja i pojedinih ostalih bezalkoholnih napitaka. Kako nezvani\u010dno saznajemo, inicijativu za pove\u0107anje cena pokrenuli [&hellip;]\" \/>\n<meta property=\"og:url\" content=\"https:\/\/www.prijedordanas.com\/?p=69913\" \/>\n<meta property=\"og:site_name\" content=\"PrijedorDanas.com - Prijedorski gradski portal\" \/>\n<meta property=\"article:publisher\" content=\"https:\/\/www.facebook.com\/PrijedorDanasCom\/\" \/>\n<meta property=\"article:published_time\" content=\"2016-12-25T09:13:15+00:00\" \/>\n<meta property=\"og:image\" content=\"https:\/\/www.prijedordanas.com\/wp-content\/uploads\/2016\/12\/gradsko-setaliste-decembar-1-1-300x231.jpg\" \/>\n<meta name=\"author\" content=\"admin\" \/>\n<meta name=\"twitter:card\" content=\"summary_large_image\" \/>\n<meta name=\"twitter:label1\" content=\"Written by\" \/>\n\t<meta name=\"twitter:data1\" content=\"admin\" \/>\n\t<meta name=\"twitter:label2\" content=\"Est. reading time\" \/>\n\t<meta name=\"twitter:data2\" content=\"2 minutes\" \/>\n<script type=\"application\/ld+json\" class=\"yoast-schema-graph\">{\"@context\":\"https:\/\/schema.org\",\"@graph\":[{\"@type\":\"Article\",\"@id\":\"https:\/\/www.prijedordanas.com\/?p=69913#article\",\"isPartOf\":{\"@id\":\"https:\/\/www.prijedordanas.com\/?p=69913\"},\"author\":{\"name\":\"admin\",\"@id\":\"https:\/\/www.prijedordanas.com\/#\/schema\/person\/4e08ccf29b506ca916ff86d46bb700e6\"},\"headline\":\"UDAR NA D\u017dEP: U PRIJEDORSKIM LOKALIMA POSKUPILI KAFA I \u010cAJ\",\"datePublished\":\"2016-12-25T09:13:15+00:00\",\"dateModified\":\"2016-12-25T09:13:15+00:00\",\"mainEntityOfPage\":{\"@id\":\"https:\/\/www.prijedordanas.com\/?p=69913\"},\"wordCount\":327,\"publisher\":{\"@id\":\"https:\/\/www.prijedordanas.com\/#organization\"},\"keywords\":[\"\u010daj\",\"cijena\",\"kafa\",\"poskupljenje\"],\"articleSection\":[\"Dru\u0161tvo\"],\"inLanguage\":\"en-US\"},{\"@type\":\"WebPage\",\"@id\":\"https:\/\/www.prijedordanas.com\/?p=69913\",\"url\":\"https:\/\/www.prijedordanas.com\/?p=69913\",\"name\":\"UDAR NA D\u017dEP: U PRIJEDORSKIM LOKALIMA POSKUPILI KAFA I \u010cAJ - PrijedorDanas.com - Prijedorski gradski portal\",\"isPartOf\":{\"@id\":\"https:\/\/www.prijedordanas.com\/#website\"},\"datePublished\":\"2016-12-25T09:13:15+00:00\",\"dateModified\":\"2016-12-25T09:13:15+00:00\",\"breadcrumb\":{\"@id\":\"https:\/\/www.prijedordanas.com\/?p=69913#breadcrumb\"},\"inLanguage\":\"en-US\",\"potentialAction\":[{\"@type\":\"ReadAction\",\"target\":[\"https:\/\/www.prijedordanas.com\/?p=69913\"]}]},{\"@type\":\"BreadcrumbList\",\"@id\":\"https:\/\/www.prijedordanas.com\/?p=69913#breadcrumb\",\"itemListElement\":[{\"@type\":\"ListItem\",\"position\":1,\"name\":\"Home\",\"item\":\"https:\/\/www.prijedordanas.com\/\"},{\"@type\":\"ListItem\",\"position\":2,\"name\":\"UDAR NA D\u017dEP: U PRIJEDORSKIM LOKALIMA POSKUPILI KAFA I \u010cAJ\"}]},{\"@type\":\"WebSite\",\"@id\":\"https:\/\/www.prijedordanas.com\/#website\",\"url\":\"https:\/\/www.prijedordanas.com\/\",\"name\":\"PrijedorDanas.com - Prijedorski gradski portal\",\"description\":\"Portal o doga\u0111anjima u gradu Prijedoru\",\"publisher\":{\"@id\":\"https:\/\/www.prijedordanas.com\/#organization\"},\"potentialAction\":[{\"@type\":\"SearchAction\",\"target\":{\"@type\":\"EntryPoint\",\"urlTemplate\":\"https:\/\/www.prijedordanas.com\/?s={search_term_string}\"},\"query-input\":\"required name=search_term_string\"}],\"inLanguage\":\"en-US\"},{\"@type\":\"Organization\",\"@id\":\"https:\/\/www.prijedordanas.com\/#organization\",\"name\":\"PrijedorDanas.com\",\"url\":\"https:\/\/www.prijedordanas.com\/\",\"logo\":{\"@type\":\"ImageObject\",\"inLanguage\":\"en-US\",\"@id\":\"https:\/\/www.prijedordanas.com\/#\/schema\/logo\/image\/\",\"url\":\"http:\/\/www.prijedordanas.com\/wp-content\/uploads\/2021\/12\/logopng.png\",\"contentUrl\":\"http:\/\/www.prijedordanas.com\/wp-content\/uploads\/2021\/12\/logopng.png\",\"width\":1019,\"height\":776,\"caption\":\"PrijedorDanas.com\"},\"image\":{\"@id\":\"https:\/\/www.prijedordanas.com\/#\/schema\/logo\/image\/\"},\"sameAs\":[\"https:\/\/www.facebook.com\/PrijedorDanasCom\/\"]},{\"@type\":\"Person\",\"@id\":\"https:\/\/www.prijedordanas.com\/#\/schema\/person\/4e08ccf29b506ca916ff86d46bb700e6\",\"name\":\"admin\",\"image\":{\"@type\":\"ImageObject\",\"inLanguage\":\"en-US\",\"@id\":\"https:\/\/www.prijedordanas.com\/#\/schema\/person\/image\/\",\"url\":\"https:\/\/secure.gravatar.com\/avatar\/1d3fc949d550f0b53a5f0d51e06dfd79?s=96&d=mm&r=g\",\"contentUrl\":\"https:\/\/secure.gravatar.com\/avatar\/1d3fc949d550f0b53a5f0d51e06dfd79?s=96&d=mm&r=g\",\"caption\":\"admin\"},\"url\":\"https:\/\/www.prijedordanas.com\/?author=1\"}]}<\/script>\n<!-- \/ Yoast SEO plugin. -->","yoast_head_json":{"title":"UDAR NA D\u017dEP: U PRIJEDORSKIM LOKALIMA POSKUPILI KAFA I \u010cAJ - PrijedorDanas.com - Prijedorski gradski portal","robots":{"index":"index","follow":"follow","max-snippet":"max-snippet:-1","max-image-preview":"max-image-preview:large","max-video-preview":"max-video-preview:-1"},"canonical":"https:\/\/www.prijedordanas.com\/?p=69913","og_locale":"en_US","og_type":"article","og_title":"UDAR NA D\u017dEP: U PRIJEDORSKIM LOKALIMA POSKUPILI KAFA I \u010cAJ - PrijedorDanas.com - Prijedorski gradski portal","og_description":"Vlasnici kafi\u0107a u Prijedoru iznenadili su svoje goste uo\u010di novogodi\u0161njih praznika i to pove\u0107anjem cena kafe, \u010daja i pojedinih ostalih bezalkoholnih napitaka. Kako nezvani\u010dno saznajemo, inicijativu za pove\u0107anje cena pokrenuli [&hellip;]","og_url":"https:\/\/www.prijedordanas.com\/?p=69913","og_site_name":"PrijedorDanas.com - Prijedorski gradski portal","article_publisher":"https:\/\/www.facebook.com\/PrijedorDanasCom\/","article_published_time":"2016-12-25T09:13:15+00:00","og_image":[{"url":"https:\/\/www.prijedordanas.com\/wp-content\/uploads\/2016\/12\/gradsko-setaliste-decembar-1-1-300x231.jpg"}],"author":"admin","twitter_card":"summary_large_image","twitter_misc":{"Written by":"admin","Est. reading time":"2 minutes"},"schema":{"@context":"https:\/\/schema.org","@graph":[{"@type":"Article","@id":"https:\/\/www.prijedordanas.com\/?p=69913#article","isPartOf":{"@id":"https:\/\/www.prijedordanas.com\/?p=69913"},"author":{"name":"admin","@id":"https:\/\/www.prijedordanas.com\/#\/schema\/person\/4e08ccf29b506ca916ff86d46bb700e6"},"headline":"UDAR NA D\u017dEP: U PRIJEDORSKIM LOKALIMA POSKUPILI KAFA I \u010cAJ","datePublished":"2016-12-25T09:13:15+00:00","dateModified":"2016-12-25T09:13:15+00:00","mainEntityOfPage":{"@id":"https:\/\/www.prijedordanas.com\/?p=69913"},"wordCount":327,"publisher":{"@id":"https:\/\/www.prijedordanas.com\/#organization"},"keywords":["\u010daj","cijena","kafa","poskupljenje"],"articleSection":["Dru\u0161tvo"],"inLanguage":"en-US"},{"@type":"WebPage","@id":"https:\/\/www.prijedordanas.com\/?p=69913","url":"https:\/\/www.prijedordanas.com\/?p=69913","name":"UDAR NA D\u017dEP: U PRIJEDORSKIM LOKALIMA POSKUPILI KAFA I \u010cAJ - PrijedorDanas.com - Prijedorski gradski portal","isPartOf":{"@id":"https:\/\/www.prijedordanas.com\/#website"},"datePublished":"2016-12-25T09:13:15+00:00","dateModified":"2016-12-25T09:13:15+00:00","breadcrumb":{"@id":"https:\/\/www.prijedordanas.com\/?p=69913#breadcrumb"},"inLanguage":"en-US","potentialAction":[{"@type":"ReadAction","target":["https:\/\/www.prijedordanas.com\/?p=69913"]}]},{"@type":"BreadcrumbList","@id":"https:\/\/www.prijedordanas.com\/?p=69913#breadcrumb","itemListElement":[{"@type":"ListItem","position":1,"name":"Home","item":"https:\/\/www.prijedordanas.com\/"},{"@type":"ListItem","position":2,"name":"UDAR NA D\u017dEP: U PRIJEDORSKIM LOKALIMA POSKUPILI KAFA I \u010cAJ"}]},{"@type":"WebSite","@id":"https:\/\/www.prijedordanas.com\/#website","url":"https:\/\/www.prijedordanas.com\/","name":"PrijedorDanas.com - Prijedorski gradski portal","description":"Portal o doga\u0111anjima u gradu Prijedoru","publisher":{"@id":"https:\/\/www.prijedordanas.com\/#organization"},"potentialAction":[{"@type":"SearchAction","target":{"@type":"EntryPoint","urlTemplate":"https:\/\/www.prijedordanas.com\/?s={search_term_string}"},"query-input":"required name=search_term_string"}],"inLanguage":"en-US"},{"@type":"Organization","@id":"https:\/\/www.prijedordanas.com\/#organization","name":"PrijedorDanas.com","url":"https:\/\/www.prijedordanas.com\/","logo":{"@type":"ImageObject","inLanguage":"en-US","@id":"https:\/\/www.prijedordanas.com\/#\/schema\/logo\/image\/","url":"http:\/\/www.prijedordanas.com\/wp-content\/uploads\/2021\/12\/logopng.png","contentUrl":"http:\/\/www.prijedordanas.com\/wp-content\/uploads\/2021\/12\/logopng.png","width":1019,"height":776,"caption":"PrijedorDanas.com"},"image":{"@id":"https:\/\/www.prijedordanas.com\/#\/schema\/logo\/image\/"},"sameAs":["https:\/\/www.facebook.com\/PrijedorDanasCom\/"]},{"@type":"Person","@id":"https:\/\/www.prijedordanas.com\/#\/schema\/person\/4e08ccf29b506ca916ff86d46bb700e6","name":"admin","image":{"@type":"ImageObject","inLanguage":"en-US","@id":"https:\/\/www.prijedordanas.com\/#\/schema\/person\/image\/","url":"https:\/\/secure.gravatar.com\/avatar\/1d3fc949d550f0b53a5f0d51e06dfd79?s=96&d=mm&r=g","contentUrl":"https:\/\/secure.gravatar.com\/avatar\/1d3fc949d550f0b53a5f0d51e06dfd79?s=96&d=mm&r=g","caption":"admin"},"url":"https:\/\/www.prijedordanas.com\/?author=1"}]}},"_links":{"self":[{"href":"https:\/\/www.prijedordanas.com\/index.php?rest_route=\/wp\/v2\/posts\/69913"}],"collection":[{"href":"https:\/\/www.prijedordanas.com\/index.php?rest_route=\/wp\/v2\/posts"}],"about":[{"href":"https:\/\/www.prijedordanas.com\/index.php?rest_route=\/wp\/v2\/types\/post"}],"author":[{"embeddable":true,"href":"https:\/\/www.prijedordanas.com\/index.php?rest_route=\/wp\/v2\/users\/1"}],"replies":[{"embeddable":true,"href":"https:\/\/www.prijedordanas.com\/index.php?rest_route=%2Fwp%2Fv2%2Fcomments&post=69913"}],"version-history":[{"count":1,"href":"https:\/\/www.prijedordanas.com\/index.php?rest_route=\/wp\/v2\/posts\/69913\/revisions"}],"predecessor-version":[{"id":69915,"href":"https:\/\/www.prijedordanas.com\/index.php?rest_route=\/wp\/v2\/posts\/69913\/revisions\/69915"}],"wp:attachment":[{"href":"https:\/\/www.prijedordanas.com\/index.php?rest_route=%2Fwp%2Fv2%2Fmedia&parent=69913"}],"wp:term":[{"taxonomy":"category","embeddable":true,"href":"https:\/\/www.prijedordanas.com\/index.php?rest_route=%2Fwp%2Fv2%2Fcategories&post=69913"},{"taxonomy":"post_tag","embeddable":true,"href":"https:\/\/www.prijedordanas.com\/index.php?rest_route=%2Fwp%2Fv2%2Ftags&post=69913"}],"curies":[{"name":"wp","href":"https:\/\/api.w.org\/{rel}","templated":true}]}}