{"id":69392,"date":"2016-12-19T21:18:10","date_gmt":"2016-12-19T20:18:10","guid":{"rendered":"https:\/\/www.prijedordanas.com\/?p=69392"},"modified":"2016-12-19T21:18:10","modified_gmt":"2016-12-19T20:18:10","slug":"prijedor-industrijska-zona-celpak-video","status":"publish","type":"post","link":"https:\/\/www.prijedordanas.com\/?p=69392","title":{"rendered":"PRIJEDOR: INDUSTRIJSKA ZONA \u201eCELPAK\u201c \u2013 VIDEO"},"content":{"rendered":"<p><a href=\"https:\/\/www.prijedordanas.com\/wp-content\/uploads\/2016\/12\/rtrs-industrijska-zona-celpak-2.jpg\"><img loading=\"lazy\" decoding=\"async\" class=\"alignleft size-medium wp-image-69393\" src=\"https:\/\/www.prijedordanas.com\/wp-content\/uploads\/2016\/12\/rtrs-industrijska-zona-celpak-2-300x231.jpg\" alt=\"rtrs-industrijska-zona-celpak-2\" width=\"300\" height=\"231\" srcset=\"https:\/\/www.prijedordanas.com\/wp-content\/uploads\/2016\/12\/rtrs-industrijska-zona-celpak-2-300x231.jpg 300w, https:\/\/www.prijedordanas.com\/wp-content\/uploads\/2016\/12\/rtrs-industrijska-zona-celpak-2-100x77.jpg 100w, https:\/\/www.prijedordanas.com\/wp-content\/uploads\/2016\/12\/rtrs-industrijska-zona-celpak-2.jpg 650w\" sizes=\"(max-width: 300px) 100vw, 300px\" \/><\/a>Od gubita\u0161a, ste\u010daja do privatizacije &#8211; nekada\u0161nji gigant, fabrika celuloze i papira &#8220;Celpak&#8221;, danas je industrijska zona u vlasni\u0161tvu grada Prijedora. Od ukupne povr\u0161ine od 47 hektara na raspolaganju investitorima je jo\u0161 pet hektara, koje grad prodaje po cijeni od 10 maraka po metru kvadratnom.<\/p>\n<p>Prema ugovoru, Gradska uprava obavezana je da obezbijedi potrebnu infrastrukturu.<\/p>\n<p>Iako od stare fabrike nije ostalo ni\u0161ta osim zidova, ve\u0107ina zemlji\u0161ta je privatizovana.<\/p>\n<p>U industrijskoj zoni &#8220;Celpak&#8221; posluje vi\u0161e od 20 privrednih subjekata, koji se bave razli\u010ditim djelatnostima i ovdje je zaposleno oko 150 radnika.<\/p>\n<p>Vlasnici malih preduze\u0107a ka\u017eu, utrkivali su se ko \u0107e prije kupiti parcelu u &#8220;Celpaku&#8221;, jer je industrijska zona smje\u0161tena u centru grada. Me\u0111utim, danas ovdje ne ide najbolje.<\/p>\n<p><a href=\"https:\/\/www.prijedordanas.com\/wp-content\/uploads\/2016\/12\/rtrs-industrijska-zona-celpak-1.jpg\"><img loading=\"lazy\" decoding=\"async\" class=\"alignleft size-medium wp-image-69394\" src=\"https:\/\/www.prijedordanas.com\/wp-content\/uploads\/2016\/12\/rtrs-industrijska-zona-celpak-1-300x231.jpg\" alt=\"rtrs-industrijska-zona-celpak-1\" width=\"300\" height=\"231\" srcset=\"https:\/\/www.prijedordanas.com\/wp-content\/uploads\/2016\/12\/rtrs-industrijska-zona-celpak-1-300x231.jpg 300w, https:\/\/www.prijedordanas.com\/wp-content\/uploads\/2016\/12\/rtrs-industrijska-zona-celpak-1-100x77.jpg 100w, https:\/\/www.prijedordanas.com\/wp-content\/uploads\/2016\/12\/rtrs-industrijska-zona-celpak-1.jpg 650w\" sizes=\"(max-width: 300px) 100vw, 300px\" \/><\/a>&#8211; Meni konkretno puno fali ovaj industrijski kolosijek gdje si mogao do\u0107i vagonima u svoj industrijski krug, tovariti preko ograde ili otvoriti kapiju&#8230;Ali toga sada nema i vjerujem da ne\u0107e ni biti, pri\u010da Milan Balaban, vlasnik privatne firme u industrijskoj zoni &#8220;Celpak&#8221;.<\/p>\n<p>U industrijskoj zoni &#8220;Celpak&#8221; preostalo je jo\u0161 samo pet hektara zemlji\u0161ta koje \u010deka nove vlasnike. Grad Prijedor planira da putem projekata koje finansiraju me\u0111unarodne institucije, uredi \u0161to vi\u0161e prostora, kako bi spremno do\u010dekali nove investitore.<\/p>\n<p>&#8211; Na takav na\u010din i\u0107i \u0107emo korak unaprijed tako da imamo sve re\u0111eno, tako da bismo ubrzali taj proces i da investitor izgubi manje vremena i br\u017ee po\u010dne obavljati svoju djelatnost, navodi Zinajda Ho\u0161i\u0107, na\u010delnica Odjeljenja za privredu i poljoprivredu grada Prijedora.<\/p>\n<p>A kako je nekad obavljana djelatnost u ovoj firmi, kada je bila fabrika za preradu celuloze i papira, najbolje znaju biv\u0161i radnici. Dragoslav Novakovi\u0107 sje\u0107a se predratnog vremena u &#8220;Celpaku&#8221;, kada je ovaj gigant zapo\u0161ljavao 2.000 radnika: &#8220;Sad kad se sretnem sa biv\u0161im kolegama ka\u017eemo- nikad vi\u0161e nema onoga kako je bilo, a dobro je bilo onda. \u0408er ne znate cijenitio ono \u0161to imate dok ne izgubite.&#8221;<\/p>\n<p>&#8220;Celpak&#8221; kao gigant grada Prijedora ve\u0107 odavno je izgubljen.Ono \u0161to dodatno ti\u0161ti biv\u0161e radnike su velike ru\u0161evine, koje svakodnevno podsje\u0107aju na dobra vremena.<\/p>\n<p>Danas ovdje nije kako je nekad bilo, ali dok Gradska uprava nastoji da uredi preostala slobodna mjesta u industrijskoj zoni &#8220;Celpak&#8221;, privrednici koji tu posluju nadaju se boljim danima.<\/p>\n<p>RTRS<\/p>\n<p><iframe loading=\"lazy\" width=\"500\" height=\"375\" src=\"https:\/\/www.youtube.com\/embed\/69hlnUVWOKc?feature=oembed\" frameborder=\"0\" allowfullscreen><\/iframe><\/p>\n","protected":false},"excerpt":{"rendered":"<p>Od gubita\u0161a, ste\u010daja do privatizacije &#8211; nekada\u0161nji gigant, fabrika celuloze i papira &#8220;Celpak&#8221;, danas je industrijska zona u vlasni\u0161tvu grada Prijedora. Od ukupne povr\u0161ine od 47 hektara na raspolaganju investitorima [&hellip;]<\/p>\n","protected":false},"author":1,"featured_media":0,"comment_status":"closed","ping_status":"open","sticky":false,"template":"","format":"standard","meta":{"_monsterinsights_skip_tracking":false,"_monsterinsights_sitenote_active":false,"_monsterinsights_sitenote_note":"","_monsterinsights_sitenote_category":0,"footnotes":""},"categories":[4],"tags":[563,9443],"yoast_head":"<!-- This site is optimized with the Yoast SEO plugin v21.6 - https:\/\/yoast.com\/wordpress\/plugins\/seo\/ -->\n<title>PRIJEDOR: INDUSTRIJSKA ZONA \u201eCELPAK\u201c \u2013 VIDEO - PrijedorDanas.com - Prijedorski gradski portal<\/title>\n<meta name=\"robots\" content=\"index, follow, max-snippet:-1, max-image-preview:large, max-video-preview:-1\" \/>\n<link rel=\"canonical\" href=\"https:\/\/www.prijedordanas.com\/?p=69392\" \/>\n<meta property=\"og:locale\" content=\"en_US\" \/>\n<meta property=\"og:type\" content=\"article\" \/>\n<meta property=\"og:title\" content=\"PRIJEDOR: INDUSTRIJSKA ZONA \u201eCELPAK\u201c \u2013 VIDEO - PrijedorDanas.com - Prijedorski gradski portal\" \/>\n<meta property=\"og:description\" content=\"Od gubita\u0161a, ste\u010daja do privatizacije &#8211; nekada\u0161nji gigant, fabrika celuloze i papira &#8220;Celpak&#8221;, danas je industrijska zona u vlasni\u0161tvu grada Prijedora. Od ukupne povr\u0161ine od 47 hektara na raspolaganju investitorima [&hellip;]\" \/>\n<meta property=\"og:url\" content=\"https:\/\/www.prijedordanas.com\/?p=69392\" \/>\n<meta property=\"og:site_name\" content=\"PrijedorDanas.com - Prijedorski gradski portal\" \/>\n<meta property=\"article:publisher\" content=\"https:\/\/www.facebook.com\/PrijedorDanasCom\/\" \/>\n<meta property=\"article:published_time\" content=\"2016-12-19T20:18:10+00:00\" \/>\n<meta property=\"og:image\" content=\"https:\/\/www.prijedordanas.com\/wp-content\/uploads\/2016\/12\/rtrs-industrijska-zona-celpak-2-300x231.jpg\" \/>\n<meta name=\"author\" content=\"admin\" \/>\n<meta name=\"twitter:card\" content=\"summary_large_image\" \/>\n<meta name=\"twitter:label1\" content=\"Written by\" \/>\n\t<meta name=\"twitter:data1\" content=\"admin\" \/>\n\t<meta name=\"twitter:label2\" content=\"Est. reading time\" \/>\n\t<meta name=\"twitter:data2\" content=\"2 minutes\" \/>\n<script type=\"application\/ld+json\" class=\"yoast-schema-graph\">{\"@context\":\"https:\/\/schema.org\",\"@graph\":[{\"@type\":\"Article\",\"@id\":\"https:\/\/www.prijedordanas.com\/?p=69392#article\",\"isPartOf\":{\"@id\":\"https:\/\/www.prijedordanas.com\/?p=69392\"},\"author\":{\"name\":\"admin\",\"@id\":\"https:\/\/www.prijedordanas.com\/#\/schema\/person\/4e08ccf29b506ca916ff86d46bb700e6\"},\"headline\":\"PRIJEDOR: INDUSTRIJSKA ZONA \u201eCELPAK\u201c \u2013 VIDEO\",\"datePublished\":\"2016-12-19T20:18:10+00:00\",\"dateModified\":\"2016-12-19T20:18:10+00:00\",\"mainEntityOfPage\":{\"@id\":\"https:\/\/www.prijedordanas.com\/?p=69392\"},\"wordCount\":401,\"publisher\":{\"@id\":\"https:\/\/www.prijedordanas.com\/#organization\"},\"keywords\":[\"Celpak\",\"industrijska zona\"],\"articleSection\":[\"Dru\u0161tvo\"],\"inLanguage\":\"en-US\"},{\"@type\":\"WebPage\",\"@id\":\"https:\/\/www.prijedordanas.com\/?p=69392\",\"url\":\"https:\/\/www.prijedordanas.com\/?p=69392\",\"name\":\"PRIJEDOR: INDUSTRIJSKA ZONA \u201eCELPAK\u201c \u2013 VIDEO - PrijedorDanas.com - Prijedorski gradski portal\",\"isPartOf\":{\"@id\":\"https:\/\/www.prijedordanas.com\/#website\"},\"datePublished\":\"2016-12-19T20:18:10+00:00\",\"dateModified\":\"2016-12-19T20:18:10+00:00\",\"breadcrumb\":{\"@id\":\"https:\/\/www.prijedordanas.com\/?p=69392#breadcrumb\"},\"inLanguage\":\"en-US\",\"potentialAction\":[{\"@type\":\"ReadAction\",\"target\":[\"https:\/\/www.prijedordanas.com\/?p=69392\"]}]},{\"@type\":\"BreadcrumbList\",\"@id\":\"https:\/\/www.prijedordanas.com\/?p=69392#breadcrumb\",\"itemListElement\":[{\"@type\":\"ListItem\",\"position\":1,\"name\":\"Home\",\"item\":\"https:\/\/www.prijedordanas.com\/\"},{\"@type\":\"ListItem\",\"position\":2,\"name\":\"PRIJEDOR: INDUSTRIJSKA ZONA \u201eCELPAK\u201c \u2013 VIDEO\"}]},{\"@type\":\"WebSite\",\"@id\":\"https:\/\/www.prijedordanas.com\/#website\",\"url\":\"https:\/\/www.prijedordanas.com\/\",\"name\":\"PrijedorDanas.com - Prijedorski gradski portal\",\"description\":\"Portal o doga\u0111anjima u gradu Prijedoru\",\"publisher\":{\"@id\":\"https:\/\/www.prijedordanas.com\/#organization\"},\"potentialAction\":[{\"@type\":\"SearchAction\",\"target\":{\"@type\":\"EntryPoint\",\"urlTemplate\":\"https:\/\/www.prijedordanas.com\/?s={search_term_string}\"},\"query-input\":\"required name=search_term_string\"}],\"inLanguage\":\"en-US\"},{\"@type\":\"Organization\",\"@id\":\"https:\/\/www.prijedordanas.com\/#organization\",\"name\":\"PrijedorDanas.com\",\"url\":\"https:\/\/www.prijedordanas.com\/\",\"logo\":{\"@type\":\"ImageObject\",\"inLanguage\":\"en-US\",\"@id\":\"https:\/\/www.prijedordanas.com\/#\/schema\/logo\/image\/\",\"url\":\"http:\/\/www.prijedordanas.com\/wp-content\/uploads\/2021\/12\/logopng.png\",\"contentUrl\":\"http:\/\/www.prijedordanas.com\/wp-content\/uploads\/2021\/12\/logopng.png\",\"width\":1019,\"height\":776,\"caption\":\"PrijedorDanas.com\"},\"image\":{\"@id\":\"https:\/\/www.prijedordanas.com\/#\/schema\/logo\/image\/\"},\"sameAs\":[\"https:\/\/www.facebook.com\/PrijedorDanasCom\/\"]},{\"@type\":\"Person\",\"@id\":\"https:\/\/www.prijedordanas.com\/#\/schema\/person\/4e08ccf29b506ca916ff86d46bb700e6\",\"name\":\"admin\",\"image\":{\"@type\":\"ImageObject\",\"inLanguage\":\"en-US\",\"@id\":\"https:\/\/www.prijedordanas.com\/#\/schema\/person\/image\/\",\"url\":\"https:\/\/secure.gravatar.com\/avatar\/1d3fc949d550f0b53a5f0d51e06dfd79?s=96&d=mm&r=g\",\"contentUrl\":\"https:\/\/secure.gravatar.com\/avatar\/1d3fc949d550f0b53a5f0d51e06dfd79?s=96&d=mm&r=g\",\"caption\":\"admin\"},\"url\":\"https:\/\/www.prijedordanas.com\/?author=1\"}]}<\/script>\n<!-- \/ Yoast SEO plugin. -->","yoast_head_json":{"title":"PRIJEDOR: INDUSTRIJSKA ZONA \u201eCELPAK\u201c \u2013 VIDEO - PrijedorDanas.com - Prijedorski gradski portal","robots":{"index":"index","follow":"follow","max-snippet":"max-snippet:-1","max-image-preview":"max-image-preview:large","max-video-preview":"max-video-preview:-1"},"canonical":"https:\/\/www.prijedordanas.com\/?p=69392","og_locale":"en_US","og_type":"article","og_title":"PRIJEDOR: INDUSTRIJSKA ZONA \u201eCELPAK\u201c \u2013 VIDEO - PrijedorDanas.com - Prijedorski gradski portal","og_description":"Od gubita\u0161a, ste\u010daja do privatizacije &#8211; nekada\u0161nji gigant, fabrika celuloze i papira &#8220;Celpak&#8221;, danas je industrijska zona u vlasni\u0161tvu grada Prijedora. Od ukupne povr\u0161ine od 47 hektara na raspolaganju investitorima [&hellip;]","og_url":"https:\/\/www.prijedordanas.com\/?p=69392","og_site_name":"PrijedorDanas.com - Prijedorski gradski portal","article_publisher":"https:\/\/www.facebook.com\/PrijedorDanasCom\/","article_published_time":"2016-12-19T20:18:10+00:00","og_image":[{"url":"https:\/\/www.prijedordanas.com\/wp-content\/uploads\/2016\/12\/rtrs-industrijska-zona-celpak-2-300x231.jpg"}],"author":"admin","twitter_card":"summary_large_image","twitter_misc":{"Written by":"admin","Est. reading time":"2 minutes"},"schema":{"@context":"https:\/\/schema.org","@graph":[{"@type":"Article","@id":"https:\/\/www.prijedordanas.com\/?p=69392#article","isPartOf":{"@id":"https:\/\/www.prijedordanas.com\/?p=69392"},"author":{"name":"admin","@id":"https:\/\/www.prijedordanas.com\/#\/schema\/person\/4e08ccf29b506ca916ff86d46bb700e6"},"headline":"PRIJEDOR: INDUSTRIJSKA ZONA \u201eCELPAK\u201c \u2013 VIDEO","datePublished":"2016-12-19T20:18:10+00:00","dateModified":"2016-12-19T20:18:10+00:00","mainEntityOfPage":{"@id":"https:\/\/www.prijedordanas.com\/?p=69392"},"wordCount":401,"publisher":{"@id":"https:\/\/www.prijedordanas.com\/#organization"},"keywords":["Celpak","industrijska zona"],"articleSection":["Dru\u0161tvo"],"inLanguage":"en-US"},{"@type":"WebPage","@id":"https:\/\/www.prijedordanas.com\/?p=69392","url":"https:\/\/www.prijedordanas.com\/?p=69392","name":"PRIJEDOR: INDUSTRIJSKA ZONA \u201eCELPAK\u201c \u2013 VIDEO - PrijedorDanas.com - Prijedorski gradski portal","isPartOf":{"@id":"https:\/\/www.prijedordanas.com\/#website"},"datePublished":"2016-12-19T20:18:10+00:00","dateModified":"2016-12-19T20:18:10+00:00","breadcrumb":{"@id":"https:\/\/www.prijedordanas.com\/?p=69392#breadcrumb"},"inLanguage":"en-US","potentialAction":[{"@type":"ReadAction","target":["https:\/\/www.prijedordanas.com\/?p=69392"]}]},{"@type":"BreadcrumbList","@id":"https:\/\/www.prijedordanas.com\/?p=69392#breadcrumb","itemListElement":[{"@type":"ListItem","position":1,"name":"Home","item":"https:\/\/www.prijedordanas.com\/"},{"@type":"ListItem","position":2,"name":"PRIJEDOR: INDUSTRIJSKA ZONA \u201eCELPAK\u201c \u2013 VIDEO"}]},{"@type":"WebSite","@id":"https:\/\/www.prijedordanas.com\/#website","url":"https:\/\/www.prijedordanas.com\/","name":"PrijedorDanas.com - Prijedorski gradski portal","description":"Portal o doga\u0111anjima u gradu Prijedoru","publisher":{"@id":"https:\/\/www.prijedordanas.com\/#organization"},"potentialAction":[{"@type":"SearchAction","target":{"@type":"EntryPoint","urlTemplate":"https:\/\/www.prijedordanas.com\/?s={search_term_string}"},"query-input":"required name=search_term_string"}],"inLanguage":"en-US"},{"@type":"Organization","@id":"https:\/\/www.prijedordanas.com\/#organization","name":"PrijedorDanas.com","url":"https:\/\/www.prijedordanas.com\/","logo":{"@type":"ImageObject","inLanguage":"en-US","@id":"https:\/\/www.prijedordanas.com\/#\/schema\/logo\/image\/","url":"http:\/\/www.prijedordanas.com\/wp-content\/uploads\/2021\/12\/logopng.png","contentUrl":"http:\/\/www.prijedordanas.com\/wp-content\/uploads\/2021\/12\/logopng.png","width":1019,"height":776,"caption":"PrijedorDanas.com"},"image":{"@id":"https:\/\/www.prijedordanas.com\/#\/schema\/logo\/image\/"},"sameAs":["https:\/\/www.facebook.com\/PrijedorDanasCom\/"]},{"@type":"Person","@id":"https:\/\/www.prijedordanas.com\/#\/schema\/person\/4e08ccf29b506ca916ff86d46bb700e6","name":"admin","image":{"@type":"ImageObject","inLanguage":"en-US","@id":"https:\/\/www.prijedordanas.com\/#\/schema\/person\/image\/","url":"https:\/\/secure.gravatar.com\/avatar\/1d3fc949d550f0b53a5f0d51e06dfd79?s=96&d=mm&r=g","contentUrl":"https:\/\/secure.gravatar.com\/avatar\/1d3fc949d550f0b53a5f0d51e06dfd79?s=96&d=mm&r=g","caption":"admin"},"url":"https:\/\/www.prijedordanas.com\/?author=1"}]}},"_links":{"self":[{"href":"https:\/\/www.prijedordanas.com\/index.php?rest_route=\/wp\/v2\/posts\/69392"}],"collection":[{"href":"https:\/\/www.prijedordanas.com\/index.php?rest_route=\/wp\/v2\/posts"}],"about":[{"href":"https:\/\/www.prijedordanas.com\/index.php?rest_route=\/wp\/v2\/types\/post"}],"author":[{"embeddable":true,"href":"https:\/\/www.prijedordanas.com\/index.php?rest_route=\/wp\/v2\/users\/1"}],"replies":[{"embeddable":true,"href":"https:\/\/www.prijedordanas.com\/index.php?rest_route=%2Fwp%2Fv2%2Fcomments&post=69392"}],"version-history":[{"count":1,"href":"https:\/\/www.prijedordanas.com\/index.php?rest_route=\/wp\/v2\/posts\/69392\/revisions"}],"predecessor-version":[{"id":69395,"href":"https:\/\/www.prijedordanas.com\/index.php?rest_route=\/wp\/v2\/posts\/69392\/revisions\/69395"}],"wp:attachment":[{"href":"https:\/\/www.prijedordanas.com\/index.php?rest_route=%2Fwp%2Fv2%2Fmedia&parent=69392"}],"wp:term":[{"taxonomy":"category","embeddable":true,"href":"https:\/\/www.prijedordanas.com\/index.php?rest_route=%2Fwp%2Fv2%2Fcategories&post=69392"},{"taxonomy":"post_tag","embeddable":true,"href":"https:\/\/www.prijedordanas.com\/index.php?rest_route=%2Fwp%2Fv2%2Ftags&post=69392"}],"curies":[{"name":"wp","href":"https:\/\/api.w.org\/{rel}","templated":true}]}}