{"id":69389,"date":"2016-12-19T20:43:32","date_gmt":"2016-12-19T19:43:32","guid":{"rendered":"https:\/\/www.prijedordanas.com\/?p=69389"},"modified":"2016-12-19T20:43:33","modified_gmt":"2016-12-19T19:43:33","slug":"dok-cekaju-novog-vlasnika-u-ljubiji-zaraduju-na-sampinjonima-video","status":"publish","type":"post","link":"https:\/\/www.prijedordanas.com\/?p=69389","title":{"rendered":"DOK \u010cEKAJU NOVOG VLASNIKA U \u201eLJUBIJI\u201c ZARA\u0110UJU NA \u0160AMPINJONIMA &#8211; VIDEO"},"content":{"rendered":"<p><a href=\"https:\/\/www.prijedordanas.com\/wp-content\/uploads\/2016\/12\/atv-sampinjoni-ljubija.jpg\"><img loading=\"lazy\" decoding=\"async\" src=\"https:\/\/www.prijedordanas.com\/wp-content\/uploads\/2016\/12\/atv-sampinjoni-ljubija-300x222.jpg\" alt=\"atv-sampinjoni-ljubija\" width=\"300\" height=\"222\" class=\"alignleft size-medium wp-image-69390\" srcset=\"https:\/\/www.prijedordanas.com\/wp-content\/uploads\/2016\/12\/atv-sampinjoni-ljubija-300x222.jpg 300w, https:\/\/www.prijedordanas.com\/wp-content\/uploads\/2016\/12\/atv-sampinjoni-ljubija-100x74.jpg 100w, https:\/\/www.prijedordanas.com\/wp-content\/uploads\/2016\/12\/atv-sampinjoni-ljubija.jpg 675w\" sizes=\"(max-width: 300px) 100vw, 300px\" \/><\/a>U Rudnicima \u017eeljezne rude \u201dLjubija\u201d ne gube vrijeme \u010dekaju\u0107i da saznaju ko \u0107e im biti ve\u0107inski vlasnik. Vrijedno rade, dodu\u0161e, ne sa rudom ve\u0107 \u2013 \u0161ampinjonima.<\/p>\n<p>Ako vam nije jasno kako se, i za\u0161to, firma orjentisana na proizvodnju i plasaman rude bavi glijvama, niste jedini, ali \u2013 ima smisla. I prije rata su se to radili i tako prona\u0161li namjenu za rudarske tunele, nekada\u0161nja, atomska skloni\u0161ta. I odli\u010dno im ide. Za ne\u0161to vi\u0161e od godinu dana proizveli su preko 20 tona \u0161ampinjona. I to nije sve. Stigao je sertifikat pa se mo\u017ee i u izvoz.<\/p>\n<p>\u201cMi smo u na\u0161im planskim dokumentima planirali izme\u0111u 130 i 150 tona proizvodnje \u0161ampinjona. I nastavi\u0107emo sa procesom standardizacije. \u0160ampinjoni, uglavnom idu u eksport. Najvi\u0161e je kupaca iz Hrvatske\u201d, rekao je  Stanko Bujkovi\u0107, direktor R\u017dR Ljubija.<\/p>\n<p>I oni koji su do\u0161li da uru\u010de prijeko potrebni sertifikat ne kriju da su pozitivno iznena\u0111eni \u201drudarskim \u0161ampinjonima\u201d. Nije ba\u0161 uobi\u010dajeno ali, kako reko\u0161e, ako posao ide, \u0161to da ne?<\/p>\n<p>\u201cJako nam je drago \u0161to smo tu jer firma slavi 100 godina postojanja i to je i nama \u010dast i nadam se da \u0107e ovaj sistem upravljanja kavlitetom podi\u0107i za jednu ljestvicu kompletno poslovanje\u201d, kazao je Amer \u010colan, iz sertifikacijske ku\u0107e TUV NORD.<\/p>\n<p>Dok ne krene sa rudom, vjerovatno ho\u0107e. Jer od sjedenja i \u010dekanja da se rije\u0161i pitanje kupca u R\u017dR-u nemaju ni\u0161ta. Zato se, pored \u0161ampinjona, bave i proizvodnjom biomase. I to ima smisla jer je to novi energent prijedorske Toplane. Na sve to, kuju se i novi planovi \u2013 proizvodnja \u0161arana u nekom od napu\u0161tenih toma\u0161i\u010dkih jezera u kojima se, nekada, ispirala ruda.<\/p>\n<p>ATV BL<\/p>\n<p><iframe loading=\"lazy\" width=\"500\" height=\"375\" src=\"https:\/\/www.youtube.com\/embed\/X2L85cV4uj4?feature=oembed\" frameborder=\"0\" allowfullscreen><\/iframe><\/p>\n","protected":false},"excerpt":{"rendered":"<p>U Rudnicima \u017eeljezne rude \u201dLjubija\u201d ne gube vrijeme \u010dekaju\u0107i da saznaju ko \u0107e im biti ve\u0107inski vlasnik. Vrijedno rade, dodu\u0161e, ne sa rudom ve\u0107 \u2013 \u0161ampinjonima. Ako vam nije jasno [&hellip;]<\/p>\n","protected":false},"author":1,"featured_media":0,"comment_status":"closed","ping_status":"open","sticky":false,"template":"","format":"standard","meta":{"_monsterinsights_skip_tracking":false,"_monsterinsights_sitenote_active":false,"_monsterinsights_sitenote_note":"","_monsterinsights_sitenote_category":0,"footnotes":""},"categories":[4],"tags":[225,4654],"yoast_head":"<!-- This site is optimized with the Yoast SEO plugin v21.6 - https:\/\/yoast.com\/wordpress\/plugins\/seo\/ -->\n<title>DOK \u010cEKAJU NOVOG VLASNIKA U \u201eLJUBIJI\u201c ZARA\u0110UJU NA \u0160AMPINJONIMA - VIDEO - PrijedorDanas.com - Prijedorski gradski portal<\/title>\n<meta name=\"robots\" content=\"index, follow, max-snippet:-1, max-image-preview:large, max-video-preview:-1\" \/>\n<link rel=\"canonical\" href=\"https:\/\/www.prijedordanas.com\/?p=69389\" \/>\n<meta property=\"og:locale\" content=\"en_US\" \/>\n<meta property=\"og:type\" content=\"article\" \/>\n<meta property=\"og:title\" content=\"DOK \u010cEKAJU NOVOG VLASNIKA U \u201eLJUBIJI\u201c ZARA\u0110UJU NA \u0160AMPINJONIMA - VIDEO - PrijedorDanas.com - Prijedorski gradski portal\" \/>\n<meta property=\"og:description\" content=\"U Rudnicima \u017eeljezne rude \u201dLjubija\u201d ne gube vrijeme \u010dekaju\u0107i da saznaju ko \u0107e im biti ve\u0107inski vlasnik. Vrijedno rade, dodu\u0161e, ne sa rudom ve\u0107 \u2013 \u0161ampinjonima. Ako vam nije jasno [&hellip;]\" \/>\n<meta property=\"og:url\" content=\"https:\/\/www.prijedordanas.com\/?p=69389\" \/>\n<meta property=\"og:site_name\" content=\"PrijedorDanas.com - Prijedorski gradski portal\" \/>\n<meta property=\"article:publisher\" content=\"https:\/\/www.facebook.com\/PrijedorDanasCom\/\" \/>\n<meta property=\"article:published_time\" content=\"2016-12-19T19:43:32+00:00\" \/>\n<meta property=\"article:modified_time\" content=\"2016-12-19T19:43:33+00:00\" \/>\n<meta property=\"og:image\" content=\"https:\/\/www.prijedordanas.com\/wp-content\/uploads\/2016\/12\/atv-sampinjoni-ljubija-300x222.jpg\" \/>\n<meta name=\"author\" content=\"admin\" \/>\n<meta name=\"twitter:card\" content=\"summary_large_image\" \/>\n<meta name=\"twitter:label1\" content=\"Written by\" \/>\n\t<meta name=\"twitter:data1\" content=\"admin\" \/>\n\t<meta name=\"twitter:label2\" content=\"Est. reading time\" \/>\n\t<meta name=\"twitter:data2\" content=\"1 minute\" \/>\n<script type=\"application\/ld+json\" class=\"yoast-schema-graph\">{\"@context\":\"https:\/\/schema.org\",\"@graph\":[{\"@type\":\"Article\",\"@id\":\"https:\/\/www.prijedordanas.com\/?p=69389#article\",\"isPartOf\":{\"@id\":\"https:\/\/www.prijedordanas.com\/?p=69389\"},\"author\":{\"name\":\"admin\",\"@id\":\"https:\/\/www.prijedordanas.com\/#\/schema\/person\/4e08ccf29b506ca916ff86d46bb700e6\"},\"headline\":\"DOK \u010cEKAJU NOVOG VLASNIKA U \u201eLJUBIJI\u201c ZARA\u0110UJU NA \u0160AMPINJONIMA &#8211; VIDEO\",\"datePublished\":\"2016-12-19T19:43:32+00:00\",\"dateModified\":\"2016-12-19T19:43:33+00:00\",\"mainEntityOfPage\":{\"@id\":\"https:\/\/www.prijedordanas.com\/?p=69389\"},\"wordCount\":311,\"publisher\":{\"@id\":\"https:\/\/www.prijedordanas.com\/#organization\"},\"keywords\":[\"R\u017dR Ljubija\",\"\u0161ampinjoni\"],\"articleSection\":[\"Dru\u0161tvo\"],\"inLanguage\":\"en-US\"},{\"@type\":\"WebPage\",\"@id\":\"https:\/\/www.prijedordanas.com\/?p=69389\",\"url\":\"https:\/\/www.prijedordanas.com\/?p=69389\",\"name\":\"DOK \u010cEKAJU NOVOG VLASNIKA U \u201eLJUBIJI\u201c ZARA\u0110UJU NA \u0160AMPINJONIMA - VIDEO - PrijedorDanas.com - Prijedorski gradski portal\",\"isPartOf\":{\"@id\":\"https:\/\/www.prijedordanas.com\/#website\"},\"datePublished\":\"2016-12-19T19:43:32+00:00\",\"dateModified\":\"2016-12-19T19:43:33+00:00\",\"breadcrumb\":{\"@id\":\"https:\/\/www.prijedordanas.com\/?p=69389#breadcrumb\"},\"inLanguage\":\"en-US\",\"potentialAction\":[{\"@type\":\"ReadAction\",\"target\":[\"https:\/\/www.prijedordanas.com\/?p=69389\"]}]},{\"@type\":\"BreadcrumbList\",\"@id\":\"https:\/\/www.prijedordanas.com\/?p=69389#breadcrumb\",\"itemListElement\":[{\"@type\":\"ListItem\",\"position\":1,\"name\":\"Home\",\"item\":\"https:\/\/www.prijedordanas.com\/\"},{\"@type\":\"ListItem\",\"position\":2,\"name\":\"DOK \u010cEKAJU NOVOG VLASNIKA U \u201eLJUBIJI\u201c ZARA\u0110UJU NA \u0160AMPINJONIMA &#8211; VIDEO\"}]},{\"@type\":\"WebSite\",\"@id\":\"https:\/\/www.prijedordanas.com\/#website\",\"url\":\"https:\/\/www.prijedordanas.com\/\",\"name\":\"PrijedorDanas.com - Prijedorski gradski portal\",\"description\":\"Portal o doga\u0111anjima u gradu Prijedoru\",\"publisher\":{\"@id\":\"https:\/\/www.prijedordanas.com\/#organization\"},\"potentialAction\":[{\"@type\":\"SearchAction\",\"target\":{\"@type\":\"EntryPoint\",\"urlTemplate\":\"https:\/\/www.prijedordanas.com\/?s={search_term_string}\"},\"query-input\":\"required name=search_term_string\"}],\"inLanguage\":\"en-US\"},{\"@type\":\"Organization\",\"@id\":\"https:\/\/www.prijedordanas.com\/#organization\",\"name\":\"PrijedorDanas.com\",\"url\":\"https:\/\/www.prijedordanas.com\/\",\"logo\":{\"@type\":\"ImageObject\",\"inLanguage\":\"en-US\",\"@id\":\"https:\/\/www.prijedordanas.com\/#\/schema\/logo\/image\/\",\"url\":\"http:\/\/www.prijedordanas.com\/wp-content\/uploads\/2021\/12\/logopng.png\",\"contentUrl\":\"http:\/\/www.prijedordanas.com\/wp-content\/uploads\/2021\/12\/logopng.png\",\"width\":1019,\"height\":776,\"caption\":\"PrijedorDanas.com\"},\"image\":{\"@id\":\"https:\/\/www.prijedordanas.com\/#\/schema\/logo\/image\/\"},\"sameAs\":[\"https:\/\/www.facebook.com\/PrijedorDanasCom\/\"]},{\"@type\":\"Person\",\"@id\":\"https:\/\/www.prijedordanas.com\/#\/schema\/person\/4e08ccf29b506ca916ff86d46bb700e6\",\"name\":\"admin\",\"image\":{\"@type\":\"ImageObject\",\"inLanguage\":\"en-US\",\"@id\":\"https:\/\/www.prijedordanas.com\/#\/schema\/person\/image\/\",\"url\":\"https:\/\/secure.gravatar.com\/avatar\/1d3fc949d550f0b53a5f0d51e06dfd79?s=96&d=mm&r=g\",\"contentUrl\":\"https:\/\/secure.gravatar.com\/avatar\/1d3fc949d550f0b53a5f0d51e06dfd79?s=96&d=mm&r=g\",\"caption\":\"admin\"},\"url\":\"https:\/\/www.prijedordanas.com\/?author=1\"}]}<\/script>\n<!-- \/ Yoast SEO plugin. -->","yoast_head_json":{"title":"DOK \u010cEKAJU NOVOG VLASNIKA U \u201eLJUBIJI\u201c ZARA\u0110UJU NA \u0160AMPINJONIMA - VIDEO - PrijedorDanas.com - Prijedorski gradski portal","robots":{"index":"index","follow":"follow","max-snippet":"max-snippet:-1","max-image-preview":"max-image-preview:large","max-video-preview":"max-video-preview:-1"},"canonical":"https:\/\/www.prijedordanas.com\/?p=69389","og_locale":"en_US","og_type":"article","og_title":"DOK \u010cEKAJU NOVOG VLASNIKA U \u201eLJUBIJI\u201c ZARA\u0110UJU NA \u0160AMPINJONIMA - VIDEO - PrijedorDanas.com - Prijedorski gradski portal","og_description":"U Rudnicima \u017eeljezne rude \u201dLjubija\u201d ne gube vrijeme \u010dekaju\u0107i da saznaju ko \u0107e im biti ve\u0107inski vlasnik. Vrijedno rade, dodu\u0161e, ne sa rudom ve\u0107 \u2013 \u0161ampinjonima. Ako vam nije jasno [&hellip;]","og_url":"https:\/\/www.prijedordanas.com\/?p=69389","og_site_name":"PrijedorDanas.com - Prijedorski gradski portal","article_publisher":"https:\/\/www.facebook.com\/PrijedorDanasCom\/","article_published_time":"2016-12-19T19:43:32+00:00","article_modified_time":"2016-12-19T19:43:33+00:00","og_image":[{"url":"https:\/\/www.prijedordanas.com\/wp-content\/uploads\/2016\/12\/atv-sampinjoni-ljubija-300x222.jpg"}],"author":"admin","twitter_card":"summary_large_image","twitter_misc":{"Written by":"admin","Est. reading time":"1 minute"},"schema":{"@context":"https:\/\/schema.org","@graph":[{"@type":"Article","@id":"https:\/\/www.prijedordanas.com\/?p=69389#article","isPartOf":{"@id":"https:\/\/www.prijedordanas.com\/?p=69389"},"author":{"name":"admin","@id":"https:\/\/www.prijedordanas.com\/#\/schema\/person\/4e08ccf29b506ca916ff86d46bb700e6"},"headline":"DOK \u010cEKAJU NOVOG VLASNIKA U \u201eLJUBIJI\u201c ZARA\u0110UJU NA \u0160AMPINJONIMA &#8211; VIDEO","datePublished":"2016-12-19T19:43:32+00:00","dateModified":"2016-12-19T19:43:33+00:00","mainEntityOfPage":{"@id":"https:\/\/www.prijedordanas.com\/?p=69389"},"wordCount":311,"publisher":{"@id":"https:\/\/www.prijedordanas.com\/#organization"},"keywords":["R\u017dR Ljubija","\u0161ampinjoni"],"articleSection":["Dru\u0161tvo"],"inLanguage":"en-US"},{"@type":"WebPage","@id":"https:\/\/www.prijedordanas.com\/?p=69389","url":"https:\/\/www.prijedordanas.com\/?p=69389","name":"DOK \u010cEKAJU NOVOG VLASNIKA U \u201eLJUBIJI\u201c ZARA\u0110UJU NA \u0160AMPINJONIMA - VIDEO - PrijedorDanas.com - Prijedorski gradski portal","isPartOf":{"@id":"https:\/\/www.prijedordanas.com\/#website"},"datePublished":"2016-12-19T19:43:32+00:00","dateModified":"2016-12-19T19:43:33+00:00","breadcrumb":{"@id":"https:\/\/www.prijedordanas.com\/?p=69389#breadcrumb"},"inLanguage":"en-US","potentialAction":[{"@type":"ReadAction","target":["https:\/\/www.prijedordanas.com\/?p=69389"]}]},{"@type":"BreadcrumbList","@id":"https:\/\/www.prijedordanas.com\/?p=69389#breadcrumb","itemListElement":[{"@type":"ListItem","position":1,"name":"Home","item":"https:\/\/www.prijedordanas.com\/"},{"@type":"ListItem","position":2,"name":"DOK \u010cEKAJU NOVOG VLASNIKA U \u201eLJUBIJI\u201c ZARA\u0110UJU NA \u0160AMPINJONIMA &#8211; VIDEO"}]},{"@type":"WebSite","@id":"https:\/\/www.prijedordanas.com\/#website","url":"https:\/\/www.prijedordanas.com\/","name":"PrijedorDanas.com - Prijedorski gradski portal","description":"Portal o doga\u0111anjima u gradu Prijedoru","publisher":{"@id":"https:\/\/www.prijedordanas.com\/#organization"},"potentialAction":[{"@type":"SearchAction","target":{"@type":"EntryPoint","urlTemplate":"https:\/\/www.prijedordanas.com\/?s={search_term_string}"},"query-input":"required name=search_term_string"}],"inLanguage":"en-US"},{"@type":"Organization","@id":"https:\/\/www.prijedordanas.com\/#organization","name":"PrijedorDanas.com","url":"https:\/\/www.prijedordanas.com\/","logo":{"@type":"ImageObject","inLanguage":"en-US","@id":"https:\/\/www.prijedordanas.com\/#\/schema\/logo\/image\/","url":"http:\/\/www.prijedordanas.com\/wp-content\/uploads\/2021\/12\/logopng.png","contentUrl":"http:\/\/www.prijedordanas.com\/wp-content\/uploads\/2021\/12\/logopng.png","width":1019,"height":776,"caption":"PrijedorDanas.com"},"image":{"@id":"https:\/\/www.prijedordanas.com\/#\/schema\/logo\/image\/"},"sameAs":["https:\/\/www.facebook.com\/PrijedorDanasCom\/"]},{"@type":"Person","@id":"https:\/\/www.prijedordanas.com\/#\/schema\/person\/4e08ccf29b506ca916ff86d46bb700e6","name":"admin","image":{"@type":"ImageObject","inLanguage":"en-US","@id":"https:\/\/www.prijedordanas.com\/#\/schema\/person\/image\/","url":"https:\/\/secure.gravatar.com\/avatar\/1d3fc949d550f0b53a5f0d51e06dfd79?s=96&d=mm&r=g","contentUrl":"https:\/\/secure.gravatar.com\/avatar\/1d3fc949d550f0b53a5f0d51e06dfd79?s=96&d=mm&r=g","caption":"admin"},"url":"https:\/\/www.prijedordanas.com\/?author=1"}]}},"_links":{"self":[{"href":"https:\/\/www.prijedordanas.com\/index.php?rest_route=\/wp\/v2\/posts\/69389"}],"collection":[{"href":"https:\/\/www.prijedordanas.com\/index.php?rest_route=\/wp\/v2\/posts"}],"about":[{"href":"https:\/\/www.prijedordanas.com\/index.php?rest_route=\/wp\/v2\/types\/post"}],"author":[{"embeddable":true,"href":"https:\/\/www.prijedordanas.com\/index.php?rest_route=\/wp\/v2\/users\/1"}],"replies":[{"embeddable":true,"href":"https:\/\/www.prijedordanas.com\/index.php?rest_route=%2Fwp%2Fv2%2Fcomments&post=69389"}],"version-history":[{"count":1,"href":"https:\/\/www.prijedordanas.com\/index.php?rest_route=\/wp\/v2\/posts\/69389\/revisions"}],"predecessor-version":[{"id":69391,"href":"https:\/\/www.prijedordanas.com\/index.php?rest_route=\/wp\/v2\/posts\/69389\/revisions\/69391"}],"wp:attachment":[{"href":"https:\/\/www.prijedordanas.com\/index.php?rest_route=%2Fwp%2Fv2%2Fmedia&parent=69389"}],"wp:term":[{"taxonomy":"category","embeddable":true,"href":"https:\/\/www.prijedordanas.com\/index.php?rest_route=%2Fwp%2Fv2%2Fcategories&post=69389"},{"taxonomy":"post_tag","embeddable":true,"href":"https:\/\/www.prijedordanas.com\/index.php?rest_route=%2Fwp%2Fv2%2Ftags&post=69389"}],"curies":[{"name":"wp","href":"https:\/\/api.w.org\/{rel}","templated":true}]}}