{"id":69193,"date":"2016-12-17T09:47:14","date_gmt":"2016-12-17T08:47:14","guid":{"rendered":"https:\/\/www.prijedordanas.com\/?p=69193"},"modified":"2016-12-17T09:47:14","modified_gmt":"2016-12-17T08:47:14","slug":"muzej-kozare-prijedor-otvorena-izlozba-100-godina-rzr-ljubija-fotovideo","status":"publish","type":"post","link":"https:\/\/www.prijedordanas.com\/?p=69193","title":{"rendered":"MUZEJ KOZARE PRIJEDOR: OTVORENA IZLO\u017dBA &#8220;100 GODINA R\u017dR LJUBIJA&#8221; \u2013 FOTO\/VIDEO"},"content":{"rendered":"<p><a href=\"https:\/\/www.prijedordanas.com\/wp-content\/uploads\/2016\/12\/izlozba-100-godina-rzr-ljubija-1.jpg\"><img loading=\"lazy\" decoding=\"async\" class=\"alignleft size-medium wp-image-69194\" src=\"https:\/\/www.prijedordanas.com\/wp-content\/uploads\/2016\/12\/izlozba-100-godina-rzr-ljubija-1-300x222.jpg\" alt=\"izlozba-100-godina-rzr-ljubija-1\" width=\"300\" height=\"222\" srcset=\"https:\/\/www.prijedordanas.com\/wp-content\/uploads\/2016\/12\/izlozba-100-godina-rzr-ljubija-1-300x222.jpg 300w, https:\/\/www.prijedordanas.com\/wp-content\/uploads\/2016\/12\/izlozba-100-godina-rzr-ljubija-1-100x74.jpg 100w, https:\/\/www.prijedordanas.com\/wp-content\/uploads\/2016\/12\/izlozba-100-godina-rzr-ljubija-1.jpg 675w\" sizes=\"(max-width: 300px) 100vw, 300px\" \/><\/a>Izlo\u017eba pod nazivom \u201e100 godina R\u017dR Ljubija\u201c, autora Milenka Radivojca, muzejskog savjetnika, i Vedrane Adamovi\u0107, vi\u0161eg kustosa, otvorena je u Muzeju Kozare.<\/p>\n<p>Fotografijom, tekstom, ali i eksponatima me\u0111u kojima je i autenti\u010dan grumen rude, posjetioci su se podsjetili na vijek industrijskog rudarenja na ovom prostoru.<\/p>\n<p>Po rije\u010dima autora, ova izlo\u017eba predstavlja mali dio zahvalnosti svim onim graditeljima rudarske istorije na ovim prostorima, njihovoj privr\u017eenosti i ljubavi prema onom \u0161to se zove Rudnici \u017eeljezne rude \u201eLjubija\u201c.<\/p>\n<p>\u2013 Izlo\u017eba govori i o Mezejima, starom panonskom plemenu koje je prvo po\u010delo rudariti u ovim krajevima, govori o naseljavanju Rimljana, ali i o turskom i austrijskom periodu, otvaranju dr\u017eavnog rudnika, borbi tog rudnika da opstane \u2013 rekao je Radivojac.<\/p>\n<p>Na izlo\u017ebi je promovisan rokovnik posve\u0107en stogodi\u0161njici Rudnika \u201eLjubija\u201c, koji je priredio Zoran Stani\u0107, stru\u010dni saradnik za kulturu pri Gradskoj upravi. Kako je rekao, namjera mu je bila da napravi ne\u0161to pristupa\u010dno i multifunkcionalno, pri \u010demu je koristio istoriografsko-publicisti\u010dki stil.<\/p>\n<p>\u2013 To je rokovnik koji se \u010dita, koji ima prakti\u010dnu upotrebu, stoji cijele godine na stolu i u kojem se zapisuju odre\u0111ene obaveze. U kalendarskom dijelu ima rubrika \u201eDogodilo se na dana\u0161nji dan\u201c, gdje sam uspio prona\u0107i sve datume za 365 dana u godini koji se odnose na istorijat Rudnika \u2013 izjavio je Stani\u0107.<\/p>\n<p>\u2013 Iskreno se nadam da \u0107e rudarenje jo\u0161 dugo da \u017eivi na podru\u010dju Prijedora i da \u0107e radnici da zara\u0111uju i hrane svoje porodice od \u010dasnog posla koji rade, jer rudarenje je uvijek bio te\u017eak posao. Stari rudnici su izgradili mnoge objekte u na\u0161em gradu i Prijedor se time ponosi. Ove manifestacije imaju cilj da istaknu zna\u010daj R\u017dR-a ne samo u lokalnoj zajednici i BiH, ve\u0107 i na \u0161irem prostoru. Rudnicima \u201eLjubije\u201c i \u201eArselor Mitalu\u201c \u017eelim dug vijek u gradu Prijedoru \u2013 rekao je gradona\u010delnik Milenko \u0110akovi\u0107.<\/p>\n<p>Direktor R\u017dR \u201eLjubija\u201c Stanko Vujkovi\u0107 podsjetio je da je ova izlo\u017eba dio brojnih manifestacija posve\u0107enih stogodi\u0161njici Rudnika.<\/p>\n<p>Izlo\u017eba posve\u0107ena stogodi\u0161njici R\u017dR \u201eLjubija\u201c u Muzeju Kozare bi\u0107e otvorena do 20. januara.<\/p>\n<p>Tekst-video-RTV Prijedor<br \/>\nFoto \u2013 Aleksandar Drakuli\u0107 \u2013 <a href=\"www.prijedordanas.com\" target=\"_blank\">www.prijedordanas.com<\/a><\/p>\n<p><a href=\"https:\/\/www.prijedordanas.com\/wp-content\/uploads\/2016\/12\/izlozba-100-godina-rzr-ljubija-2.jpg\"><img loading=\"lazy\" decoding=\"async\" src=\"https:\/\/www.prijedordanas.com\/wp-content\/uploads\/2016\/12\/izlozba-100-godina-rzr-ljubija-2-300x222.jpg\" alt=\"izlozba-100-godina-rzr-ljubija-2\" width=\"300\" height=\"222\" class=\"alignleft size-medium wp-image-69195\" srcset=\"https:\/\/www.prijedordanas.com\/wp-content\/uploads\/2016\/12\/izlozba-100-godina-rzr-ljubija-2-300x222.jpg 300w, https:\/\/www.prijedordanas.com\/wp-content\/uploads\/2016\/12\/izlozba-100-godina-rzr-ljubija-2-100x74.jpg 100w, https:\/\/www.prijedordanas.com\/wp-content\/uploads\/2016\/12\/izlozba-100-godina-rzr-ljubija-2.jpg 675w\" sizes=\"(max-width: 300px) 100vw, 300px\" \/><\/a> <a href=\"https:\/\/www.prijedordanas.com\/wp-content\/uploads\/2016\/12\/izlozba-100-godina-rzr-ljubija-3.jpg\"><img loading=\"lazy\" decoding=\"async\" src=\"https:\/\/www.prijedordanas.com\/wp-content\/uploads\/2016\/12\/izlozba-100-godina-rzr-ljubija-3-300x222.jpg\" alt=\"izlozba-100-godina-rzr-ljubija-3\" width=\"300\" height=\"222\" class=\"alignleft size-medium wp-image-69196\" srcset=\"https:\/\/www.prijedordanas.com\/wp-content\/uploads\/2016\/12\/izlozba-100-godina-rzr-ljubija-3-300x222.jpg 300w, https:\/\/www.prijedordanas.com\/wp-content\/uploads\/2016\/12\/izlozba-100-godina-rzr-ljubija-3-100x74.jpg 100w, https:\/\/www.prijedordanas.com\/wp-content\/uploads\/2016\/12\/izlozba-100-godina-rzr-ljubija-3.jpg 675w\" sizes=\"(max-width: 300px) 100vw, 300px\" \/><\/a> <a href=\"https:\/\/www.prijedordanas.com\/wp-content\/uploads\/2016\/12\/izlozba-100-godina-rzr-ljubija-4.jpg\"><img loading=\"lazy\" decoding=\"async\" src=\"https:\/\/www.prijedordanas.com\/wp-content\/uploads\/2016\/12\/izlozba-100-godina-rzr-ljubija-4-300x222.jpg\" alt=\"izlozba-100-godina-rzr-ljubija-4\" width=\"300\" height=\"222\" class=\"alignleft size-medium wp-image-69197\" srcset=\"https:\/\/www.prijedordanas.com\/wp-content\/uploads\/2016\/12\/izlozba-100-godina-rzr-ljubija-4-300x222.jpg 300w, https:\/\/www.prijedordanas.com\/wp-content\/uploads\/2016\/12\/izlozba-100-godina-rzr-ljubija-4-100x74.jpg 100w, https:\/\/www.prijedordanas.com\/wp-content\/uploads\/2016\/12\/izlozba-100-godina-rzr-ljubija-4.jpg 675w\" sizes=\"(max-width: 300px) 100vw, 300px\" \/><\/a> <a href=\"https:\/\/www.prijedordanas.com\/wp-content\/uploads\/2016\/12\/izlozba-100-godina-rzr-ljubija-5.jpg\"><img loading=\"lazy\" decoding=\"async\" src=\"https:\/\/www.prijedordanas.com\/wp-content\/uploads\/2016\/12\/izlozba-100-godina-rzr-ljubija-5-300x222.jpg\" alt=\"izlozba-100-godina-rzr-ljubija-5\" width=\"300\" height=\"222\" class=\"alignleft size-medium wp-image-69198\" srcset=\"https:\/\/www.prijedordanas.com\/wp-content\/uploads\/2016\/12\/izlozba-100-godina-rzr-ljubija-5-300x222.jpg 300w, https:\/\/www.prijedordanas.com\/wp-content\/uploads\/2016\/12\/izlozba-100-godina-rzr-ljubija-5-100x74.jpg 100w, https:\/\/www.prijedordanas.com\/wp-content\/uploads\/2016\/12\/izlozba-100-godina-rzr-ljubija-5.jpg 675w\" sizes=\"(max-width: 300px) 100vw, 300px\" \/><\/a> <a href=\"https:\/\/www.prijedordanas.com\/wp-content\/uploads\/2016\/12\/izlozba-100-godina-rzr-ljubija-6.jpg\"><img loading=\"lazy\" decoding=\"async\" src=\"https:\/\/www.prijedordanas.com\/wp-content\/uploads\/2016\/12\/izlozba-100-godina-rzr-ljubija-6-300x199.jpg\" alt=\"izlozba-100-godina-rzr-ljubija-6\" width=\"300\" height=\"199\" class=\"alignleft size-medium wp-image-69199\" srcset=\"https:\/\/www.prijedordanas.com\/wp-content\/uploads\/2016\/12\/izlozba-100-godina-rzr-ljubija-6-300x200.jpg 300w, https:\/\/www.prijedordanas.com\/wp-content\/uploads\/2016\/12\/izlozba-100-godina-rzr-ljubija-6-100x66.jpg 100w, https:\/\/www.prijedordanas.com\/wp-content\/uploads\/2016\/12\/izlozba-100-godina-rzr-ljubija-6-480x320.jpg 480w, https:\/\/www.prijedordanas.com\/wp-content\/uploads\/2016\/12\/izlozba-100-godina-rzr-ljubija-6.jpg 600w\" sizes=\"(max-width: 300px) 100vw, 300px\" \/><\/a> <a href=\"https:\/\/www.prijedordanas.com\/wp-content\/uploads\/2016\/12\/izlozba-100-godina-rzr-ljubija-7.jpg\"><img loading=\"lazy\" decoding=\"async\" src=\"https:\/\/www.prijedordanas.com\/wp-content\/uploads\/2016\/12\/izlozba-100-godina-rzr-ljubija-7-300x199.jpg\" alt=\"izlozba-100-godina-rzr-ljubija-7\" width=\"300\" height=\"199\" class=\"alignleft size-medium wp-image-69200\" srcset=\"https:\/\/www.prijedordanas.com\/wp-content\/uploads\/2016\/12\/izlozba-100-godina-rzr-ljubija-7-300x200.jpg 300w, https:\/\/www.prijedordanas.com\/wp-content\/uploads\/2016\/12\/izlozba-100-godina-rzr-ljubija-7-100x66.jpg 100w, https:\/\/www.prijedordanas.com\/wp-content\/uploads\/2016\/12\/izlozba-100-godina-rzr-ljubija-7-480x320.jpg 480w, https:\/\/www.prijedordanas.com\/wp-content\/uploads\/2016\/12\/izlozba-100-godina-rzr-ljubija-7.jpg 600w\" sizes=\"(max-width: 300px) 100vw, 300px\" \/><\/a> <a href=\"https:\/\/www.prijedordanas.com\/wp-content\/uploads\/2016\/12\/izlozba-100-godina-rzr-ljubija-8.jpg\"><img loading=\"lazy\" decoding=\"async\" src=\"https:\/\/www.prijedordanas.com\/wp-content\/uploads\/2016\/12\/izlozba-100-godina-rzr-ljubija-8-300x199.jpg\" alt=\"izlozba-100-godina-rzr-ljubija-8\" width=\"300\" height=\"199\" class=\"alignleft size-medium wp-image-69201\" srcset=\"https:\/\/www.prijedordanas.com\/wp-content\/uploads\/2016\/12\/izlozba-100-godina-rzr-ljubija-8-300x200.jpg 300w, https:\/\/www.prijedordanas.com\/wp-content\/uploads\/2016\/12\/izlozba-100-godina-rzr-ljubija-8-100x66.jpg 100w, https:\/\/www.prijedordanas.com\/wp-content\/uploads\/2016\/12\/izlozba-100-godina-rzr-ljubija-8-480x320.jpg 480w, https:\/\/www.prijedordanas.com\/wp-content\/uploads\/2016\/12\/izlozba-100-godina-rzr-ljubija-8.jpg 600w\" sizes=\"(max-width: 300px) 100vw, 300px\" \/><\/a> <a href=\"https:\/\/www.prijedordanas.com\/wp-content\/uploads\/2016\/12\/izlozba-100-godina-rzr-ljubija-9.jpg\"><img loading=\"lazy\" decoding=\"async\" src=\"https:\/\/www.prijedordanas.com\/wp-content\/uploads\/2016\/12\/izlozba-100-godina-rzr-ljubija-9-300x199.jpg\" alt=\"izlozba-100-godina-rzr-ljubija-9\" width=\"300\" height=\"199\" class=\"alignleft size-medium wp-image-69202\" srcset=\"https:\/\/www.prijedordanas.com\/wp-content\/uploads\/2016\/12\/izlozba-100-godina-rzr-ljubija-9-300x200.jpg 300w, https:\/\/www.prijedordanas.com\/wp-content\/uploads\/2016\/12\/izlozba-100-godina-rzr-ljubija-9-100x66.jpg 100w, https:\/\/www.prijedordanas.com\/wp-content\/uploads\/2016\/12\/izlozba-100-godina-rzr-ljubija-9-480x320.jpg 480w, https:\/\/www.prijedordanas.com\/wp-content\/uploads\/2016\/12\/izlozba-100-godina-rzr-ljubija-9.jpg 600w\" sizes=\"(max-width: 300px) 100vw, 300px\" \/><\/a> <a href=\"https:\/\/www.prijedordanas.com\/wp-content\/uploads\/2016\/12\/izlozba-100-godina-rzr-ljubija-10.jpg\"><img loading=\"lazy\" decoding=\"async\" src=\"https:\/\/www.prijedordanas.com\/wp-content\/uploads\/2016\/12\/izlozba-100-godina-rzr-ljubija-10-300x199.jpg\" alt=\"izlozba-100-godina-rzr-ljubija-10\" width=\"300\" height=\"199\" class=\"alignleft size-medium wp-image-69203\" srcset=\"https:\/\/www.prijedordanas.com\/wp-content\/uploads\/2016\/12\/izlozba-100-godina-rzr-ljubija-10-300x200.jpg 300w, https:\/\/www.prijedordanas.com\/wp-content\/uploads\/2016\/12\/izlozba-100-godina-rzr-ljubija-10-100x66.jpg 100w, https:\/\/www.prijedordanas.com\/wp-content\/uploads\/2016\/12\/izlozba-100-godina-rzr-ljubija-10-480x320.jpg 480w, https:\/\/www.prijedordanas.com\/wp-content\/uploads\/2016\/12\/izlozba-100-godina-rzr-ljubija-10.jpg 600w\" sizes=\"(max-width: 300px) 100vw, 300px\" \/><\/a><\/p>\n","protected":false},"excerpt":{"rendered":"<p>Izlo\u017eba pod nazivom \u201e100 godina R\u017dR Ljubija\u201c, autora Milenka Radivojca, muzejskog savjetnika, i Vedrane Adamovi\u0107, vi\u0161eg kustosa, otvorena je u Muzeju Kozare. Fotografijom, tekstom, ali i eksponatima me\u0111u kojima je [&hellip;]<\/p>\n","protected":false},"author":1,"featured_media":0,"comment_status":"closed","ping_status":"open","sticky":false,"template":"","format":"standard","meta":{"_monsterinsights_skip_tracking":false,"_monsterinsights_sitenote_active":false,"_monsterinsights_sitenote_note":"","_monsterinsights_sitenote_category":0,"footnotes":""},"categories":[6],"tags":[9429,147],"yoast_head":"<!-- This site is optimized with the Yoast SEO plugin v21.6 - https:\/\/yoast.com\/wordpress\/plugins\/seo\/ -->\n<title>MUZEJ KOZARE PRIJEDOR: OTVORENA IZLO\u017dBA &quot;100 GODINA R\u017dR LJUBIJA&quot; \u2013 FOTO\/VIDEO - PrijedorDanas.com - Prijedorski gradski portal<\/title>\n<meta name=\"robots\" content=\"index, follow, max-snippet:-1, max-image-preview:large, max-video-preview:-1\" \/>\n<link rel=\"canonical\" href=\"https:\/\/www.prijedordanas.com\/?p=69193\" \/>\n<meta property=\"og:locale\" content=\"en_US\" \/>\n<meta property=\"og:type\" content=\"article\" \/>\n<meta property=\"og:title\" content=\"MUZEJ KOZARE PRIJEDOR: OTVORENA IZLO\u017dBA &quot;100 GODINA R\u017dR LJUBIJA&quot; \u2013 FOTO\/VIDEO - PrijedorDanas.com - Prijedorski gradski portal\" \/>\n<meta property=\"og:description\" content=\"Izlo\u017eba pod nazivom \u201e100 godina R\u017dR Ljubija\u201c, autora Milenka Radivojca, muzejskog savjetnika, i Vedrane Adamovi\u0107, vi\u0161eg kustosa, otvorena je u Muzeju Kozare. Fotografijom, tekstom, ali i eksponatima me\u0111u kojima je [&hellip;]\" \/>\n<meta property=\"og:url\" content=\"https:\/\/www.prijedordanas.com\/?p=69193\" \/>\n<meta property=\"og:site_name\" content=\"PrijedorDanas.com - Prijedorski gradski portal\" \/>\n<meta property=\"article:publisher\" content=\"https:\/\/www.facebook.com\/PrijedorDanasCom\/\" \/>\n<meta property=\"article:published_time\" content=\"2016-12-17T08:47:14+00:00\" \/>\n<meta property=\"og:image\" content=\"https:\/\/www.prijedordanas.com\/wp-content\/uploads\/2016\/12\/izlozba-100-godina-rzr-ljubija-1-300x222.jpg\" \/>\n<meta name=\"author\" content=\"admin\" \/>\n<meta name=\"twitter:card\" content=\"summary_large_image\" \/>\n<meta name=\"twitter:label1\" content=\"Written by\" \/>\n\t<meta name=\"twitter:data1\" content=\"admin\" \/>\n\t<meta name=\"twitter:label2\" content=\"Est. reading time\" \/>\n\t<meta name=\"twitter:data2\" content=\"2 minutes\" \/>\n<script type=\"application\/ld+json\" class=\"yoast-schema-graph\">{\"@context\":\"https:\/\/schema.org\",\"@graph\":[{\"@type\":\"Article\",\"@id\":\"https:\/\/www.prijedordanas.com\/?p=69193#article\",\"isPartOf\":{\"@id\":\"https:\/\/www.prijedordanas.com\/?p=69193\"},\"author\":{\"name\":\"admin\",\"@id\":\"https:\/\/www.prijedordanas.com\/#\/schema\/person\/4e08ccf29b506ca916ff86d46bb700e6\"},\"headline\":\"MUZEJ KOZARE PRIJEDOR: OTVORENA IZLO\u017dBA &#8220;100 GODINA R\u017dR LJUBIJA&#8221; \u2013 FOTO\/VIDEO\",\"datePublished\":\"2016-12-17T08:47:14+00:00\",\"dateModified\":\"2016-12-17T08:47:14+00:00\",\"mainEntityOfPage\":{\"@id\":\"https:\/\/www.prijedordanas.com\/?p=69193\"},\"wordCount\":375,\"publisher\":{\"@id\":\"https:\/\/www.prijedordanas.com\/#organization\"},\"keywords\":[\"100 godina R\u017dR Ljubija\",\"Muzej Kozare\"],\"articleSection\":[\"Kultura\"],\"inLanguage\":\"en-US\"},{\"@type\":\"WebPage\",\"@id\":\"https:\/\/www.prijedordanas.com\/?p=69193\",\"url\":\"https:\/\/www.prijedordanas.com\/?p=69193\",\"name\":\"MUZEJ KOZARE PRIJEDOR: OTVORENA IZLO\u017dBA \\\"100 GODINA R\u017dR LJUBIJA\\\" \u2013 FOTO\/VIDEO - PrijedorDanas.com - Prijedorski gradski portal\",\"isPartOf\":{\"@id\":\"https:\/\/www.prijedordanas.com\/#website\"},\"datePublished\":\"2016-12-17T08:47:14+00:00\",\"dateModified\":\"2016-12-17T08:47:14+00:00\",\"breadcrumb\":{\"@id\":\"https:\/\/www.prijedordanas.com\/?p=69193#breadcrumb\"},\"inLanguage\":\"en-US\",\"potentialAction\":[{\"@type\":\"ReadAction\",\"target\":[\"https:\/\/www.prijedordanas.com\/?p=69193\"]}]},{\"@type\":\"BreadcrumbList\",\"@id\":\"https:\/\/www.prijedordanas.com\/?p=69193#breadcrumb\",\"itemListElement\":[{\"@type\":\"ListItem\",\"position\":1,\"name\":\"Home\",\"item\":\"https:\/\/www.prijedordanas.com\/\"},{\"@type\":\"ListItem\",\"position\":2,\"name\":\"MUZEJ KOZARE PRIJEDOR: OTVORENA IZLO\u017dBA &#8220;100 GODINA R\u017dR LJUBIJA&#8221; \u2013 FOTO\/VIDEO\"}]},{\"@type\":\"WebSite\",\"@id\":\"https:\/\/www.prijedordanas.com\/#website\",\"url\":\"https:\/\/www.prijedordanas.com\/\",\"name\":\"PrijedorDanas.com - Prijedorski gradski portal\",\"description\":\"Portal o doga\u0111anjima u gradu Prijedoru\",\"publisher\":{\"@id\":\"https:\/\/www.prijedordanas.com\/#organization\"},\"potentialAction\":[{\"@type\":\"SearchAction\",\"target\":{\"@type\":\"EntryPoint\",\"urlTemplate\":\"https:\/\/www.prijedordanas.com\/?s={search_term_string}\"},\"query-input\":\"required name=search_term_string\"}],\"inLanguage\":\"en-US\"},{\"@type\":\"Organization\",\"@id\":\"https:\/\/www.prijedordanas.com\/#organization\",\"name\":\"PrijedorDanas.com\",\"url\":\"https:\/\/www.prijedordanas.com\/\",\"logo\":{\"@type\":\"ImageObject\",\"inLanguage\":\"en-US\",\"@id\":\"https:\/\/www.prijedordanas.com\/#\/schema\/logo\/image\/\",\"url\":\"http:\/\/www.prijedordanas.com\/wp-content\/uploads\/2021\/12\/logopng.png\",\"contentUrl\":\"http:\/\/www.prijedordanas.com\/wp-content\/uploads\/2021\/12\/logopng.png\",\"width\":1019,\"height\":776,\"caption\":\"PrijedorDanas.com\"},\"image\":{\"@id\":\"https:\/\/www.prijedordanas.com\/#\/schema\/logo\/image\/\"},\"sameAs\":[\"https:\/\/www.facebook.com\/PrijedorDanasCom\/\"]},{\"@type\":\"Person\",\"@id\":\"https:\/\/www.prijedordanas.com\/#\/schema\/person\/4e08ccf29b506ca916ff86d46bb700e6\",\"name\":\"admin\",\"image\":{\"@type\":\"ImageObject\",\"inLanguage\":\"en-US\",\"@id\":\"https:\/\/www.prijedordanas.com\/#\/schema\/person\/image\/\",\"url\":\"https:\/\/secure.gravatar.com\/avatar\/1d3fc949d550f0b53a5f0d51e06dfd79?s=96&d=mm&r=g\",\"contentUrl\":\"https:\/\/secure.gravatar.com\/avatar\/1d3fc949d550f0b53a5f0d51e06dfd79?s=96&d=mm&r=g\",\"caption\":\"admin\"},\"url\":\"https:\/\/www.prijedordanas.com\/?author=1\"}]}<\/script>\n<!-- \/ Yoast SEO plugin. -->","yoast_head_json":{"title":"MUZEJ KOZARE PRIJEDOR: OTVORENA IZLO\u017dBA \"100 GODINA R\u017dR LJUBIJA\" \u2013 FOTO\/VIDEO - PrijedorDanas.com - Prijedorski gradski portal","robots":{"index":"index","follow":"follow","max-snippet":"max-snippet:-1","max-image-preview":"max-image-preview:large","max-video-preview":"max-video-preview:-1"},"canonical":"https:\/\/www.prijedordanas.com\/?p=69193","og_locale":"en_US","og_type":"article","og_title":"MUZEJ KOZARE PRIJEDOR: OTVORENA IZLO\u017dBA \"100 GODINA R\u017dR LJUBIJA\" \u2013 FOTO\/VIDEO - PrijedorDanas.com - Prijedorski gradski portal","og_description":"Izlo\u017eba pod nazivom \u201e100 godina R\u017dR Ljubija\u201c, autora Milenka Radivojca, muzejskog savjetnika, i Vedrane Adamovi\u0107, vi\u0161eg kustosa, otvorena je u Muzeju Kozare. Fotografijom, tekstom, ali i eksponatima me\u0111u kojima je [&hellip;]","og_url":"https:\/\/www.prijedordanas.com\/?p=69193","og_site_name":"PrijedorDanas.com - Prijedorski gradski portal","article_publisher":"https:\/\/www.facebook.com\/PrijedorDanasCom\/","article_published_time":"2016-12-17T08:47:14+00:00","og_image":[{"url":"https:\/\/www.prijedordanas.com\/wp-content\/uploads\/2016\/12\/izlozba-100-godina-rzr-ljubija-1-300x222.jpg"}],"author":"admin","twitter_card":"summary_large_image","twitter_misc":{"Written by":"admin","Est. reading time":"2 minutes"},"schema":{"@context":"https:\/\/schema.org","@graph":[{"@type":"Article","@id":"https:\/\/www.prijedordanas.com\/?p=69193#article","isPartOf":{"@id":"https:\/\/www.prijedordanas.com\/?p=69193"},"author":{"name":"admin","@id":"https:\/\/www.prijedordanas.com\/#\/schema\/person\/4e08ccf29b506ca916ff86d46bb700e6"},"headline":"MUZEJ KOZARE PRIJEDOR: OTVORENA IZLO\u017dBA &#8220;100 GODINA R\u017dR LJUBIJA&#8221; \u2013 FOTO\/VIDEO","datePublished":"2016-12-17T08:47:14+00:00","dateModified":"2016-12-17T08:47:14+00:00","mainEntityOfPage":{"@id":"https:\/\/www.prijedordanas.com\/?p=69193"},"wordCount":375,"publisher":{"@id":"https:\/\/www.prijedordanas.com\/#organization"},"keywords":["100 godina R\u017dR Ljubija","Muzej Kozare"],"articleSection":["Kultura"],"inLanguage":"en-US"},{"@type":"WebPage","@id":"https:\/\/www.prijedordanas.com\/?p=69193","url":"https:\/\/www.prijedordanas.com\/?p=69193","name":"MUZEJ KOZARE PRIJEDOR: OTVORENA IZLO\u017dBA \"100 GODINA R\u017dR LJUBIJA\" \u2013 FOTO\/VIDEO - PrijedorDanas.com - Prijedorski gradski portal","isPartOf":{"@id":"https:\/\/www.prijedordanas.com\/#website"},"datePublished":"2016-12-17T08:47:14+00:00","dateModified":"2016-12-17T08:47:14+00:00","breadcrumb":{"@id":"https:\/\/www.prijedordanas.com\/?p=69193#breadcrumb"},"inLanguage":"en-US","potentialAction":[{"@type":"ReadAction","target":["https:\/\/www.prijedordanas.com\/?p=69193"]}]},{"@type":"BreadcrumbList","@id":"https:\/\/www.prijedordanas.com\/?p=69193#breadcrumb","itemListElement":[{"@type":"ListItem","position":1,"name":"Home","item":"https:\/\/www.prijedordanas.com\/"},{"@type":"ListItem","position":2,"name":"MUZEJ KOZARE PRIJEDOR: OTVORENA IZLO\u017dBA &#8220;100 GODINA R\u017dR LJUBIJA&#8221; \u2013 FOTO\/VIDEO"}]},{"@type":"WebSite","@id":"https:\/\/www.prijedordanas.com\/#website","url":"https:\/\/www.prijedordanas.com\/","name":"PrijedorDanas.com - Prijedorski gradski portal","description":"Portal o doga\u0111anjima u gradu Prijedoru","publisher":{"@id":"https:\/\/www.prijedordanas.com\/#organization"},"potentialAction":[{"@type":"SearchAction","target":{"@type":"EntryPoint","urlTemplate":"https:\/\/www.prijedordanas.com\/?s={search_term_string}"},"query-input":"required name=search_term_string"}],"inLanguage":"en-US"},{"@type":"Organization","@id":"https:\/\/www.prijedordanas.com\/#organization","name":"PrijedorDanas.com","url":"https:\/\/www.prijedordanas.com\/","logo":{"@type":"ImageObject","inLanguage":"en-US","@id":"https:\/\/www.prijedordanas.com\/#\/schema\/logo\/image\/","url":"http:\/\/www.prijedordanas.com\/wp-content\/uploads\/2021\/12\/logopng.png","contentUrl":"http:\/\/www.prijedordanas.com\/wp-content\/uploads\/2021\/12\/logopng.png","width":1019,"height":776,"caption":"PrijedorDanas.com"},"image":{"@id":"https:\/\/www.prijedordanas.com\/#\/schema\/logo\/image\/"},"sameAs":["https:\/\/www.facebook.com\/PrijedorDanasCom\/"]},{"@type":"Person","@id":"https:\/\/www.prijedordanas.com\/#\/schema\/person\/4e08ccf29b506ca916ff86d46bb700e6","name":"admin","image":{"@type":"ImageObject","inLanguage":"en-US","@id":"https:\/\/www.prijedordanas.com\/#\/schema\/person\/image\/","url":"https:\/\/secure.gravatar.com\/avatar\/1d3fc949d550f0b53a5f0d51e06dfd79?s=96&d=mm&r=g","contentUrl":"https:\/\/secure.gravatar.com\/avatar\/1d3fc949d550f0b53a5f0d51e06dfd79?s=96&d=mm&r=g","caption":"admin"},"url":"https:\/\/www.prijedordanas.com\/?author=1"}]}},"_links":{"self":[{"href":"https:\/\/www.prijedordanas.com\/index.php?rest_route=\/wp\/v2\/posts\/69193"}],"collection":[{"href":"https:\/\/www.prijedordanas.com\/index.php?rest_route=\/wp\/v2\/posts"}],"about":[{"href":"https:\/\/www.prijedordanas.com\/index.php?rest_route=\/wp\/v2\/types\/post"}],"author":[{"embeddable":true,"href":"https:\/\/www.prijedordanas.com\/index.php?rest_route=\/wp\/v2\/users\/1"}],"replies":[{"embeddable":true,"href":"https:\/\/www.prijedordanas.com\/index.php?rest_route=%2Fwp%2Fv2%2Fcomments&post=69193"}],"version-history":[{"count":1,"href":"https:\/\/www.prijedordanas.com\/index.php?rest_route=\/wp\/v2\/posts\/69193\/revisions"}],"predecessor-version":[{"id":69204,"href":"https:\/\/www.prijedordanas.com\/index.php?rest_route=\/wp\/v2\/posts\/69193\/revisions\/69204"}],"wp:attachment":[{"href":"https:\/\/www.prijedordanas.com\/index.php?rest_route=%2Fwp%2Fv2%2Fmedia&parent=69193"}],"wp:term":[{"taxonomy":"category","embeddable":true,"href":"https:\/\/www.prijedordanas.com\/index.php?rest_route=%2Fwp%2Fv2%2Fcategories&post=69193"},{"taxonomy":"post_tag","embeddable":true,"href":"https:\/\/www.prijedordanas.com\/index.php?rest_route=%2Fwp%2Fv2%2Ftags&post=69193"}],"curies":[{"name":"wp","href":"https:\/\/api.w.org\/{rel}","templated":true}]}}