{"id":68985,"date":"2016-12-15T16:39:33","date_gmt":"2016-12-15T15:39:33","guid":{"rendered":"https:\/\/www.prijedordanas.com\/?p=68985"},"modified":"2016-12-15T16:39:33","modified_gmt":"2016-12-15T15:39:33","slug":"proslava-100-godina-rzr-ljubija-zadovoljni-obiljezavanjem-jubileja-video","status":"publish","type":"post","link":"https:\/\/www.prijedordanas.com\/?p=68985","title":{"rendered":"PROSLAVA 100 GODINA R\u017dR \u201eLJUBIJA\u201c: ZADOVOLJNI OBILJE\u017dAVANJEM JUBILEJA &#8211; VIDEO"},"content":{"rendered":"<p><a href=\"https:\/\/www.prijedordanas.com\/wp-content\/uploads\/2016\/12\/rtvpd-100-godina-rudarstva-organizacioni-odbor.jpg\"><img loading=\"lazy\" decoding=\"async\" src=\"https:\/\/www.prijedordanas.com\/wp-content\/uploads\/2016\/12\/rtvpd-100-godina-rudarstva-organizacioni-odbor-300x222.jpg\" alt=\"rtvpd-100-godina-rudarstva-organizacioni-odbor\" width=\"300\" height=\"222\" class=\"alignleft size-medium wp-image-68986\" srcset=\"https:\/\/www.prijedordanas.com\/wp-content\/uploads\/2016\/12\/rtvpd-100-godina-rudarstva-organizacioni-odbor-300x222.jpg 300w, https:\/\/www.prijedordanas.com\/wp-content\/uploads\/2016\/12\/rtvpd-100-godina-rudarstva-organizacioni-odbor-100x74.jpg 100w, https:\/\/www.prijedordanas.com\/wp-content\/uploads\/2016\/12\/rtvpd-100-godina-rudarstva-organizacioni-odbor.jpg 675w\" sizes=\"(max-width: 300px) 100vw, 300px\" \/><\/a>Organizacioni odbor za proslavu 100 godina Rudnika \u017eeljezne rude \u201cLjubija\u201d u srijedu je, na svojoj posljednjoj sjednici, ocijenio uspje\u0161nim realizovane aktivnosti. U subotu, 17. decembra, na Svetu Varvaru, krsnu slavu rudara, bi\u0107e odr\u017eana Sve\u010dana akademija, \u010dime \u0107e biti zavr\u0161eno obilje\u017eavanje ovog jubileja, rekao je Stanko Vujkovi\u0107, potpredsjednik Organizacionog odbora. Analizirane su dosada\u0161nje manifestacije i akcije koje su organizovane tokom ovog i proteklih mjeseci.<\/p>\n<p>\u2013 Mi smo i te kako zadovoljni implementacijom na\u0161eg programa. Zadovoljni smo i sa svima koji su bili dio ovog programa, a to su, pored Rudnika \u201cLjubija\u201d, \u201cArselor Mital\u201d, Grad Prijedor i Vlada RS. U ovom momentu mogu biti sretan \u0161to sam na \u010delu R\u017dR-a \u201cLjubija\u201d koji slavi 100 godina postojanja \u2013 rekao je Vujkovi\u0107.<\/p>\n<p>Zavr\u0161nici obilje\u017eavanja jubileja prethodilo je nekoliko manifestacija. Sve su uspje\u0161no organizovane, a Organizacioni odbor o\u010dekuje da \u0107e i preostali dio biti odra\u0111en kako je planirano.<\/p>\n<p>RTV Prijedor<\/p>\n<p><iframe loading=\"lazy\" width=\"500\" height=\"281\" src=\"https:\/\/www.youtube.com\/embed\/8I9OKY6ULQA?feature=oembed\" frameborder=\"0\" allowfullscreen><\/iframe><\/p>\n","protected":false},"excerpt":{"rendered":"<p>Organizacioni odbor za proslavu 100 godina Rudnika \u017eeljezne rude \u201cLjubija\u201d u srijedu je, na svojoj posljednjoj sjednici, ocijenio uspje\u0161nim realizovane aktivnosti. U subotu, 17. decembra, na Svetu Varvaru, krsnu slavu [&hellip;]<\/p>\n","protected":false},"author":1,"featured_media":0,"comment_status":"closed","ping_status":"open","sticky":false,"template":"","format":"standard","meta":{"_monsterinsights_skip_tracking":false,"_monsterinsights_sitenote_active":false,"_monsterinsights_sitenote_note":"","_monsterinsights_sitenote_category":0,"footnotes":""},"categories":[8],"tags":[8399],"yoast_head":"<!-- This site is optimized with the Yoast SEO plugin v21.6 - https:\/\/yoast.com\/wordpress\/plugins\/seo\/ -->\n<title>PROSLAVA 100 GODINA R\u017dR \u201eLJUBIJA\u201c: ZADOVOLJNI OBILJE\u017dAVANJEM JUBILEJA - VIDEO - PrijedorDanas.com - Prijedorski gradski portal<\/title>\n<meta name=\"robots\" content=\"index, follow, max-snippet:-1, max-image-preview:large, max-video-preview:-1\" \/>\n<link rel=\"canonical\" href=\"https:\/\/www.prijedordanas.com\/?p=68985\" \/>\n<meta property=\"og:locale\" content=\"en_US\" \/>\n<meta property=\"og:type\" content=\"article\" \/>\n<meta property=\"og:title\" content=\"PROSLAVA 100 GODINA R\u017dR \u201eLJUBIJA\u201c: ZADOVOLJNI OBILJE\u017dAVANJEM JUBILEJA - VIDEO - PrijedorDanas.com - Prijedorski gradski portal\" \/>\n<meta property=\"og:description\" content=\"Organizacioni odbor za proslavu 100 godina Rudnika \u017eeljezne rude \u201cLjubija\u201d u srijedu je, na svojoj posljednjoj sjednici, ocijenio uspje\u0161nim realizovane aktivnosti. U subotu, 17. decembra, na Svetu Varvaru, krsnu slavu [&hellip;]\" \/>\n<meta property=\"og:url\" content=\"https:\/\/www.prijedordanas.com\/?p=68985\" \/>\n<meta property=\"og:site_name\" content=\"PrijedorDanas.com - Prijedorski gradski portal\" \/>\n<meta property=\"article:publisher\" content=\"https:\/\/www.facebook.com\/PrijedorDanasCom\/\" \/>\n<meta property=\"article:published_time\" content=\"2016-12-15T15:39:33+00:00\" \/>\n<meta property=\"og:image\" content=\"https:\/\/www.prijedordanas.com\/wp-content\/uploads\/2016\/12\/rtvpd-100-godina-rudarstva-organizacioni-odbor-300x222.jpg\" \/>\n<meta name=\"author\" content=\"admin\" \/>\n<meta name=\"twitter:card\" content=\"summary_large_image\" \/>\n<meta name=\"twitter:label1\" content=\"Written by\" \/>\n\t<meta name=\"twitter:data1\" content=\"admin\" \/>\n\t<meta name=\"twitter:label2\" content=\"Est. reading time\" \/>\n\t<meta name=\"twitter:data2\" content=\"1 minute\" \/>\n<script type=\"application\/ld+json\" class=\"yoast-schema-graph\">{\"@context\":\"https:\/\/schema.org\",\"@graph\":[{\"@type\":\"Article\",\"@id\":\"https:\/\/www.prijedordanas.com\/?p=68985#article\",\"isPartOf\":{\"@id\":\"https:\/\/www.prijedordanas.com\/?p=68985\"},\"author\":{\"name\":\"admin\",\"@id\":\"https:\/\/www.prijedordanas.com\/#\/schema\/person\/4e08ccf29b506ca916ff86d46bb700e6\"},\"headline\":\"PROSLAVA 100 GODINA R\u017dR \u201eLJUBIJA\u201c: ZADOVOLJNI OBILJE\u017dAVANJEM JUBILEJA &#8211; VIDEO\",\"datePublished\":\"2016-12-15T15:39:33+00:00\",\"dateModified\":\"2016-12-15T15:39:33+00:00\",\"mainEntityOfPage\":{\"@id\":\"https:\/\/www.prijedordanas.com\/?p=68985\"},\"wordCount\":171,\"publisher\":{\"@id\":\"https:\/\/www.prijedordanas.com\/#organization\"},\"keywords\":[\"100 godina rudarstva\"],\"articleSection\":[\"Svakodnevno\"],\"inLanguage\":\"en-US\"},{\"@type\":\"WebPage\",\"@id\":\"https:\/\/www.prijedordanas.com\/?p=68985\",\"url\":\"https:\/\/www.prijedordanas.com\/?p=68985\",\"name\":\"PROSLAVA 100 GODINA R\u017dR \u201eLJUBIJA\u201c: ZADOVOLJNI OBILJE\u017dAVANJEM JUBILEJA - VIDEO - PrijedorDanas.com - Prijedorski gradski portal\",\"isPartOf\":{\"@id\":\"https:\/\/www.prijedordanas.com\/#website\"},\"datePublished\":\"2016-12-15T15:39:33+00:00\",\"dateModified\":\"2016-12-15T15:39:33+00:00\",\"breadcrumb\":{\"@id\":\"https:\/\/www.prijedordanas.com\/?p=68985#breadcrumb\"},\"inLanguage\":\"en-US\",\"potentialAction\":[{\"@type\":\"ReadAction\",\"target\":[\"https:\/\/www.prijedordanas.com\/?p=68985\"]}]},{\"@type\":\"BreadcrumbList\",\"@id\":\"https:\/\/www.prijedordanas.com\/?p=68985#breadcrumb\",\"itemListElement\":[{\"@type\":\"ListItem\",\"position\":1,\"name\":\"Home\",\"item\":\"https:\/\/www.prijedordanas.com\/\"},{\"@type\":\"ListItem\",\"position\":2,\"name\":\"PROSLAVA 100 GODINA R\u017dR \u201eLJUBIJA\u201c: ZADOVOLJNI OBILJE\u017dAVANJEM JUBILEJA &#8211; VIDEO\"}]},{\"@type\":\"WebSite\",\"@id\":\"https:\/\/www.prijedordanas.com\/#website\",\"url\":\"https:\/\/www.prijedordanas.com\/\",\"name\":\"PrijedorDanas.com - Prijedorski gradski portal\",\"description\":\"Portal o doga\u0111anjima u gradu Prijedoru\",\"publisher\":{\"@id\":\"https:\/\/www.prijedordanas.com\/#organization\"},\"potentialAction\":[{\"@type\":\"SearchAction\",\"target\":{\"@type\":\"EntryPoint\",\"urlTemplate\":\"https:\/\/www.prijedordanas.com\/?s={search_term_string}\"},\"query-input\":\"required name=search_term_string\"}],\"inLanguage\":\"en-US\"},{\"@type\":\"Organization\",\"@id\":\"https:\/\/www.prijedordanas.com\/#organization\",\"name\":\"PrijedorDanas.com\",\"url\":\"https:\/\/www.prijedordanas.com\/\",\"logo\":{\"@type\":\"ImageObject\",\"inLanguage\":\"en-US\",\"@id\":\"https:\/\/www.prijedordanas.com\/#\/schema\/logo\/image\/\",\"url\":\"http:\/\/www.prijedordanas.com\/wp-content\/uploads\/2021\/12\/logopng.png\",\"contentUrl\":\"http:\/\/www.prijedordanas.com\/wp-content\/uploads\/2021\/12\/logopng.png\",\"width\":1019,\"height\":776,\"caption\":\"PrijedorDanas.com\"},\"image\":{\"@id\":\"https:\/\/www.prijedordanas.com\/#\/schema\/logo\/image\/\"},\"sameAs\":[\"https:\/\/www.facebook.com\/PrijedorDanasCom\/\"]},{\"@type\":\"Person\",\"@id\":\"https:\/\/www.prijedordanas.com\/#\/schema\/person\/4e08ccf29b506ca916ff86d46bb700e6\",\"name\":\"admin\",\"image\":{\"@type\":\"ImageObject\",\"inLanguage\":\"en-US\",\"@id\":\"https:\/\/www.prijedordanas.com\/#\/schema\/person\/image\/\",\"url\":\"https:\/\/secure.gravatar.com\/avatar\/1d3fc949d550f0b53a5f0d51e06dfd79?s=96&d=mm&r=g\",\"contentUrl\":\"https:\/\/secure.gravatar.com\/avatar\/1d3fc949d550f0b53a5f0d51e06dfd79?s=96&d=mm&r=g\",\"caption\":\"admin\"},\"url\":\"https:\/\/www.prijedordanas.com\/?author=1\"}]}<\/script>\n<!-- \/ Yoast SEO plugin. -->","yoast_head_json":{"title":"PROSLAVA 100 GODINA R\u017dR \u201eLJUBIJA\u201c: ZADOVOLJNI OBILJE\u017dAVANJEM JUBILEJA - VIDEO - PrijedorDanas.com - Prijedorski gradski portal","robots":{"index":"index","follow":"follow","max-snippet":"max-snippet:-1","max-image-preview":"max-image-preview:large","max-video-preview":"max-video-preview:-1"},"canonical":"https:\/\/www.prijedordanas.com\/?p=68985","og_locale":"en_US","og_type":"article","og_title":"PROSLAVA 100 GODINA R\u017dR \u201eLJUBIJA\u201c: ZADOVOLJNI OBILJE\u017dAVANJEM JUBILEJA - VIDEO - PrijedorDanas.com - Prijedorski gradski portal","og_description":"Organizacioni odbor za proslavu 100 godina Rudnika \u017eeljezne rude \u201cLjubija\u201d u srijedu je, na svojoj posljednjoj sjednici, ocijenio uspje\u0161nim realizovane aktivnosti. U subotu, 17. decembra, na Svetu Varvaru, krsnu slavu [&hellip;]","og_url":"https:\/\/www.prijedordanas.com\/?p=68985","og_site_name":"PrijedorDanas.com - Prijedorski gradski portal","article_publisher":"https:\/\/www.facebook.com\/PrijedorDanasCom\/","article_published_time":"2016-12-15T15:39:33+00:00","og_image":[{"url":"https:\/\/www.prijedordanas.com\/wp-content\/uploads\/2016\/12\/rtvpd-100-godina-rudarstva-organizacioni-odbor-300x222.jpg"}],"author":"admin","twitter_card":"summary_large_image","twitter_misc":{"Written by":"admin","Est. reading time":"1 minute"},"schema":{"@context":"https:\/\/schema.org","@graph":[{"@type":"Article","@id":"https:\/\/www.prijedordanas.com\/?p=68985#article","isPartOf":{"@id":"https:\/\/www.prijedordanas.com\/?p=68985"},"author":{"name":"admin","@id":"https:\/\/www.prijedordanas.com\/#\/schema\/person\/4e08ccf29b506ca916ff86d46bb700e6"},"headline":"PROSLAVA 100 GODINA R\u017dR \u201eLJUBIJA\u201c: ZADOVOLJNI OBILJE\u017dAVANJEM JUBILEJA &#8211; VIDEO","datePublished":"2016-12-15T15:39:33+00:00","dateModified":"2016-12-15T15:39:33+00:00","mainEntityOfPage":{"@id":"https:\/\/www.prijedordanas.com\/?p=68985"},"wordCount":171,"publisher":{"@id":"https:\/\/www.prijedordanas.com\/#organization"},"keywords":["100 godina rudarstva"],"articleSection":["Svakodnevno"],"inLanguage":"en-US"},{"@type":"WebPage","@id":"https:\/\/www.prijedordanas.com\/?p=68985","url":"https:\/\/www.prijedordanas.com\/?p=68985","name":"PROSLAVA 100 GODINA R\u017dR \u201eLJUBIJA\u201c: ZADOVOLJNI OBILJE\u017dAVANJEM JUBILEJA - VIDEO - PrijedorDanas.com - Prijedorski gradski portal","isPartOf":{"@id":"https:\/\/www.prijedordanas.com\/#website"},"datePublished":"2016-12-15T15:39:33+00:00","dateModified":"2016-12-15T15:39:33+00:00","breadcrumb":{"@id":"https:\/\/www.prijedordanas.com\/?p=68985#breadcrumb"},"inLanguage":"en-US","potentialAction":[{"@type":"ReadAction","target":["https:\/\/www.prijedordanas.com\/?p=68985"]}]},{"@type":"BreadcrumbList","@id":"https:\/\/www.prijedordanas.com\/?p=68985#breadcrumb","itemListElement":[{"@type":"ListItem","position":1,"name":"Home","item":"https:\/\/www.prijedordanas.com\/"},{"@type":"ListItem","position":2,"name":"PROSLAVA 100 GODINA R\u017dR \u201eLJUBIJA\u201c: ZADOVOLJNI OBILJE\u017dAVANJEM JUBILEJA &#8211; VIDEO"}]},{"@type":"WebSite","@id":"https:\/\/www.prijedordanas.com\/#website","url":"https:\/\/www.prijedordanas.com\/","name":"PrijedorDanas.com - Prijedorski gradski portal","description":"Portal o doga\u0111anjima u gradu Prijedoru","publisher":{"@id":"https:\/\/www.prijedordanas.com\/#organization"},"potentialAction":[{"@type":"SearchAction","target":{"@type":"EntryPoint","urlTemplate":"https:\/\/www.prijedordanas.com\/?s={search_term_string}"},"query-input":"required name=search_term_string"}],"inLanguage":"en-US"},{"@type":"Organization","@id":"https:\/\/www.prijedordanas.com\/#organization","name":"PrijedorDanas.com","url":"https:\/\/www.prijedordanas.com\/","logo":{"@type":"ImageObject","inLanguage":"en-US","@id":"https:\/\/www.prijedordanas.com\/#\/schema\/logo\/image\/","url":"http:\/\/www.prijedordanas.com\/wp-content\/uploads\/2021\/12\/logopng.png","contentUrl":"http:\/\/www.prijedordanas.com\/wp-content\/uploads\/2021\/12\/logopng.png","width":1019,"height":776,"caption":"PrijedorDanas.com"},"image":{"@id":"https:\/\/www.prijedordanas.com\/#\/schema\/logo\/image\/"},"sameAs":["https:\/\/www.facebook.com\/PrijedorDanasCom\/"]},{"@type":"Person","@id":"https:\/\/www.prijedordanas.com\/#\/schema\/person\/4e08ccf29b506ca916ff86d46bb700e6","name":"admin","image":{"@type":"ImageObject","inLanguage":"en-US","@id":"https:\/\/www.prijedordanas.com\/#\/schema\/person\/image\/","url":"https:\/\/secure.gravatar.com\/avatar\/1d3fc949d550f0b53a5f0d51e06dfd79?s=96&d=mm&r=g","contentUrl":"https:\/\/secure.gravatar.com\/avatar\/1d3fc949d550f0b53a5f0d51e06dfd79?s=96&d=mm&r=g","caption":"admin"},"url":"https:\/\/www.prijedordanas.com\/?author=1"}]}},"_links":{"self":[{"href":"https:\/\/www.prijedordanas.com\/index.php?rest_route=\/wp\/v2\/posts\/68985"}],"collection":[{"href":"https:\/\/www.prijedordanas.com\/index.php?rest_route=\/wp\/v2\/posts"}],"about":[{"href":"https:\/\/www.prijedordanas.com\/index.php?rest_route=\/wp\/v2\/types\/post"}],"author":[{"embeddable":true,"href":"https:\/\/www.prijedordanas.com\/index.php?rest_route=\/wp\/v2\/users\/1"}],"replies":[{"embeddable":true,"href":"https:\/\/www.prijedordanas.com\/index.php?rest_route=%2Fwp%2Fv2%2Fcomments&post=68985"}],"version-history":[{"count":1,"href":"https:\/\/www.prijedordanas.com\/index.php?rest_route=\/wp\/v2\/posts\/68985\/revisions"}],"predecessor-version":[{"id":68987,"href":"https:\/\/www.prijedordanas.com\/index.php?rest_route=\/wp\/v2\/posts\/68985\/revisions\/68987"}],"wp:attachment":[{"href":"https:\/\/www.prijedordanas.com\/index.php?rest_route=%2Fwp%2Fv2%2Fmedia&parent=68985"}],"wp:term":[{"taxonomy":"category","embeddable":true,"href":"https:\/\/www.prijedordanas.com\/index.php?rest_route=%2Fwp%2Fv2%2Fcategories&post=68985"},{"taxonomy":"post_tag","embeddable":true,"href":"https:\/\/www.prijedordanas.com\/index.php?rest_route=%2Fwp%2Fv2%2Ftags&post=68985"}],"curies":[{"name":"wp","href":"https:\/\/api.w.org\/{rel}","templated":true}]}}