{"id":68801,"date":"2016-12-13T19:28:33","date_gmt":"2016-12-13T18:28:33","guid":{"rendered":"https:\/\/www.prijedordanas.com\/?p=68801"},"modified":"2016-12-13T19:28:33","modified_gmt":"2016-12-13T18:28:33","slug":"prijedor-otvoren-sajam-mladih-preduzetnika-pronadite-sve-od-igle-internet-stranice-video","status":"publish","type":"post","link":"https:\/\/www.prijedordanas.com\/?p=68801","title":{"rendered":"PRIJEDOR-OTVOREN SAJAM MLADIH PREDUZETNIKA: PRONA\u0110ITE SVE \u201eOD IGLE DO INTERNET STRANICE\u201c \u2013 VIDEO"},"content":{"rendered":"<p><a href=\"https:\/\/www.prijedordanas.com\/wp-content\/uploads\/2016\/12\/sajam-mladih-preduzetnika-pocetak-1.jpg\"><img loading=\"lazy\" decoding=\"async\" class=\"alignleft size-medium wp-image-68802\" src=\"https:\/\/www.prijedordanas.com\/wp-content\/uploads\/2016\/12\/sajam-mladih-preduzetnika-pocetak-1-300x225.jpg\" alt=\"sajam-mladih-preduzetnika-pocetak-1\" width=\"300\" height=\"225\" srcset=\"https:\/\/www.prijedordanas.com\/wp-content\/uploads\/2016\/12\/sajam-mladih-preduzetnika-pocetak-1-300x225.jpg 300w, https:\/\/www.prijedordanas.com\/wp-content\/uploads\/2016\/12\/sajam-mladih-preduzetnika-pocetak-1-100x75.jpg 100w, https:\/\/www.prijedordanas.com\/wp-content\/uploads\/2016\/12\/sajam-mladih-preduzetnika-pocetak-1-640x480.jpg 640w, https:\/\/www.prijedordanas.com\/wp-content\/uploads\/2016\/12\/sajam-mladih-preduzetnika-pocetak-1.jpg 666w\" sizes=\"(max-width: 300px) 100vw, 300px\" \/><\/a>Udru\u017eenje gra\u0111ana \u201eMre\u017ea novih ideja\u201c Banja Luka i Fondacija \u201eZajedni\u010dki put\u201c Prijedor, uz podr\u0161ku Ministarstva porodice, omladine i sporta Republike Srpske, organizuju \u201eSajam mladih preduzetnika\u201c koji je otvoren ovog ponedjeljka, 12. decembra 2016. godine, u prodajno-izlo\u017ebenom prostoru Za\u0161titne radionice Fondacije \u201eZajedni\u010dki put\u201c i traja\u0107e sve do 31. decembra ove godine.<\/p>\n<p>Na ovogodi\u0161njem Sajmu, svoje radove i preduzetni\u010dke sposobnosti predstavi\u0107e 12 mladih preduzetnika. Svaki od u\u010desnika Sajma ima\u0107e priliku da predstavi svoje preduzetni\u010dke sposobnosti, proizvode ili usluge tokom trajanja Sajma, kao i da ostvari neposredan kontakt sa potencijalnim kupcima svojih proizvoda ili usluga u cilju unaprje\u0111enja kvaliteta svoga rada. S druge strane, svi posjetioci Sajma ima\u0107e priliku da po vrlo povoljnim cijenama i u preduzetni\u010dko &#8211; prazni\u010dnoj atmosferi odaberu novogodi\u0161nje poklone, nabave razli\u010dite korisne proizvode ili poru\u010de vlastitu internet stranicu i to u asortimanu od preko 1.100 razli\u010ditih korisnih rukotvorina i proizvoda!<\/p>\n<p><a href=\"https:\/\/www.prijedordanas.com\/wp-content\/uploads\/2016\/12\/sajam-mladih-preduzetnika-pocetak-2.jpg\"><img loading=\"lazy\" decoding=\"async\" src=\"https:\/\/www.prijedordanas.com\/wp-content\/uploads\/2016\/12\/sajam-mladih-preduzetnika-pocetak-2-300x234.jpg\" alt=\"sajam-mladih-preduzetnika-pocetak-2\" width=\"300\" height=\"234\" class=\"alignleft size-medium wp-image-68803\" srcset=\"https:\/\/www.prijedordanas.com\/wp-content\/uploads\/2016\/12\/sajam-mladih-preduzetnika-pocetak-2-300x234.jpg 300w, https:\/\/www.prijedordanas.com\/wp-content\/uploads\/2016\/12\/sajam-mladih-preduzetnika-pocetak-2-100x78.jpg 100w, https:\/\/www.prijedordanas.com\/wp-content\/uploads\/2016\/12\/sajam-mladih-preduzetnika-pocetak-2.jpg 642w\" sizes=\"(max-width: 300px) 100vw, 300px\" \/><\/a>Radno vrijeme Sajma radnim danima je od 10 do 17 \u010dasova, i subotom od 10 do 14 \u010dasova u prostorijama Za\u0161titne radionice Fondacije \u201eZajedni\u010dki put\u201c. Pored toga, svi posjetioci Sajma \u0107e svakoga radnog dana u terminu 15 &#8211; 17 \u010dasova mo\u0107i upoznati na\u0161e mlade preduzetnike, informisati se o njihovom radu i poru\u010diti proizvode krojene prema samo njihovim \u017eeljama i potrebama!<\/p>\n<p>Pored prodajno-izlo\u017ebene komponente Sajma, mladi preduzetnici ima\u0107e priliku da usavr\u0161e svoje preduzetni\u010dke vje\u0161tine poha\u0111anjem edukativnih radionica na teme internet marketinga, preduzetni\u0161tva i odnosa s medijima.<\/p>\n<p>Posjetite Sajam i svojim prisustvom podr\u017eite rad 12 veli\u010danstvenih mladih preduzetnika!<\/p>\n<p>Detaljnije o u\u010desnicima Sajma i niihovim proizvodima i uslugama mo\u017eete prona\u0107i na internet sekcijama koje su specijalno kreirane za sve izlaga\u010de na Sajmu:<br \/>\nBiljana \u010cubrilo, \u0160ivenje narodnih no\u0161nji, vezenje pe\u0161kira, heklanje<br \/>\nBiljana Duki\u0107, Izrada unikatnog nakita<br \/>\nBranka Do\u0161en, Izrada torbi i drugih kroja\u010dkih proizvoda<br \/>\nDejana Vujnovi\u0107, Izrada unikatnog nakita<br \/>\nDinko Ajki\u0107, Izrada betonske galanterije, magneta i suvenira<br \/>\nJavna ustanova &#8220;Centar Sunce&#8221; Prijedor, Bravarski, kroja\u010dki i kreativni predmeti i rukotvorine<br \/>\nMilena Mr\u0111a, Izrada unikatnog nakita<br \/>\nNemanja \u0160ipka, Izrada internet stranica, kursevi informatike i usluge internet marketinga<br \/>\nNina Banovi\u0107, Izrada nakita<br \/>\nOlivera Kne\u017eevi\u0107, Izrada nakita i asesoara<br \/>\nSanja Laji\u0107, Izrada nakita<br \/>\nUdru\u017eenje roditelja djece sa posebnim potrebama \u201eNeven\u201c<\/p>\n<p>Fondacija \u201eZajedni\u010dki put\u201c Prijedor<\/p>\n<p><iframe loading=\"lazy\" width=\"500\" height=\"375\" src=\"https:\/\/www.youtube.com\/embed\/OGPWn7Ll0XM?feature=oembed\" frameborder=\"0\" allowfullscreen><\/iframe><\/p>\n","protected":false},"excerpt":{"rendered":"<p>Udru\u017eenje gra\u0111ana \u201eMre\u017ea novih ideja\u201c Banja Luka i Fondacija \u201eZajedni\u010dki put\u201c Prijedor, uz podr\u0161ku Ministarstva porodice, omladine i sporta Republike Srpske, organizuju \u201eSajam mladih preduzetnika\u201c koji je otvoren ovog ponedjeljka, [&hellip;]<\/p>\n","protected":false},"author":1,"featured_media":0,"comment_status":"closed","ping_status":"open","sticky":false,"template":"","format":"standard","meta":{"_monsterinsights_skip_tracking":false,"_monsterinsights_sitenote_active":false,"_monsterinsights_sitenote_note":"","_monsterinsights_sitenote_category":0,"footnotes":""},"categories":[7518],"tags":[6951,9380],"yoast_head":"<!-- This site is optimized with the Yoast SEO plugin v21.6 - https:\/\/yoast.com\/wordpress\/plugins\/seo\/ -->\n<title>PRIJEDOR-OTVOREN SAJAM MLADIH PREDUZETNIKA: PRONA\u0110ITE SVE \u201eOD IGLE DO INTERNET STRANICE\u201c \u2013 VIDEO - PrijedorDanas.com - Prijedorski gradski portal<\/title>\n<meta name=\"robots\" content=\"index, follow, max-snippet:-1, max-image-preview:large, max-video-preview:-1\" \/>\n<link rel=\"canonical\" href=\"https:\/\/www.prijedordanas.com\/?p=68801\" \/>\n<meta property=\"og:locale\" content=\"en_US\" \/>\n<meta property=\"og:type\" content=\"article\" \/>\n<meta property=\"og:title\" content=\"PRIJEDOR-OTVOREN SAJAM MLADIH PREDUZETNIKA: PRONA\u0110ITE SVE \u201eOD IGLE DO INTERNET STRANICE\u201c \u2013 VIDEO - PrijedorDanas.com - Prijedorski gradski portal\" \/>\n<meta property=\"og:description\" content=\"Udru\u017eenje gra\u0111ana \u201eMre\u017ea novih ideja\u201c Banja Luka i Fondacija \u201eZajedni\u010dki put\u201c Prijedor, uz podr\u0161ku Ministarstva porodice, omladine i sporta Republike Srpske, organizuju \u201eSajam mladih preduzetnika\u201c koji je otvoren ovog ponedjeljka, [&hellip;]\" \/>\n<meta property=\"og:url\" content=\"https:\/\/www.prijedordanas.com\/?p=68801\" \/>\n<meta property=\"og:site_name\" content=\"PrijedorDanas.com - Prijedorski gradski portal\" \/>\n<meta property=\"article:publisher\" content=\"https:\/\/www.facebook.com\/PrijedorDanasCom\/\" \/>\n<meta property=\"article:published_time\" content=\"2016-12-13T18:28:33+00:00\" \/>\n<meta property=\"og:image\" content=\"https:\/\/www.prijedordanas.com\/wp-content\/uploads\/2016\/12\/sajam-mladih-preduzetnika-pocetak-1-300x225.jpg\" \/>\n<meta name=\"author\" content=\"admin\" \/>\n<meta name=\"twitter:card\" content=\"summary_large_image\" \/>\n<meta name=\"twitter:label1\" content=\"Written by\" \/>\n\t<meta name=\"twitter:data1\" content=\"admin\" \/>\n\t<meta name=\"twitter:label2\" content=\"Est. reading time\" \/>\n\t<meta name=\"twitter:data2\" content=\"2 minutes\" \/>\n<script type=\"application\/ld+json\" class=\"yoast-schema-graph\">{\"@context\":\"https:\/\/schema.org\",\"@graph\":[{\"@type\":\"Article\",\"@id\":\"https:\/\/www.prijedordanas.com\/?p=68801#article\",\"isPartOf\":{\"@id\":\"https:\/\/www.prijedordanas.com\/?p=68801\"},\"author\":{\"name\":\"admin\",\"@id\":\"https:\/\/www.prijedordanas.com\/#\/schema\/person\/4e08ccf29b506ca916ff86d46bb700e6\"},\"headline\":\"PRIJEDOR-OTVOREN SAJAM MLADIH PREDUZETNIKA: PRONA\u0110ITE SVE \u201eOD IGLE DO INTERNET STRANICE\u201c \u2013 VIDEO\",\"datePublished\":\"2016-12-13T18:28:33+00:00\",\"dateModified\":\"2016-12-13T18:28:33+00:00\",\"mainEntityOfPage\":{\"@id\":\"https:\/\/www.prijedordanas.com\/?p=68801\"},\"wordCount\":404,\"publisher\":{\"@id\":\"https:\/\/www.prijedordanas.com\/#organization\"},\"keywords\":[\"Fondacija \\\"Zajedni\u010dki put\\\" Prijedor\",\"Sajam mladih preduzetnika\"],\"articleSection\":[\"Mladi\"],\"inLanguage\":\"en-US\"},{\"@type\":\"WebPage\",\"@id\":\"https:\/\/www.prijedordanas.com\/?p=68801\",\"url\":\"https:\/\/www.prijedordanas.com\/?p=68801\",\"name\":\"PRIJEDOR-OTVOREN SAJAM MLADIH PREDUZETNIKA: PRONA\u0110ITE SVE \u201eOD IGLE DO INTERNET STRANICE\u201c \u2013 VIDEO - PrijedorDanas.com - Prijedorski gradski portal\",\"isPartOf\":{\"@id\":\"https:\/\/www.prijedordanas.com\/#website\"},\"datePublished\":\"2016-12-13T18:28:33+00:00\",\"dateModified\":\"2016-12-13T18:28:33+00:00\",\"breadcrumb\":{\"@id\":\"https:\/\/www.prijedordanas.com\/?p=68801#breadcrumb\"},\"inLanguage\":\"en-US\",\"potentialAction\":[{\"@type\":\"ReadAction\",\"target\":[\"https:\/\/www.prijedordanas.com\/?p=68801\"]}]},{\"@type\":\"BreadcrumbList\",\"@id\":\"https:\/\/www.prijedordanas.com\/?p=68801#breadcrumb\",\"itemListElement\":[{\"@type\":\"ListItem\",\"position\":1,\"name\":\"Home\",\"item\":\"https:\/\/www.prijedordanas.com\/\"},{\"@type\":\"ListItem\",\"position\":2,\"name\":\"PRIJEDOR-OTVOREN SAJAM MLADIH PREDUZETNIKA: PRONA\u0110ITE SVE \u201eOD IGLE DO INTERNET STRANICE\u201c \u2013 VIDEO\"}]},{\"@type\":\"WebSite\",\"@id\":\"https:\/\/www.prijedordanas.com\/#website\",\"url\":\"https:\/\/www.prijedordanas.com\/\",\"name\":\"PrijedorDanas.com - Prijedorski gradski portal\",\"description\":\"Portal o doga\u0111anjima u gradu Prijedoru\",\"publisher\":{\"@id\":\"https:\/\/www.prijedordanas.com\/#organization\"},\"potentialAction\":[{\"@type\":\"SearchAction\",\"target\":{\"@type\":\"EntryPoint\",\"urlTemplate\":\"https:\/\/www.prijedordanas.com\/?s={search_term_string}\"},\"query-input\":\"required name=search_term_string\"}],\"inLanguage\":\"en-US\"},{\"@type\":\"Organization\",\"@id\":\"https:\/\/www.prijedordanas.com\/#organization\",\"name\":\"PrijedorDanas.com\",\"url\":\"https:\/\/www.prijedordanas.com\/\",\"logo\":{\"@type\":\"ImageObject\",\"inLanguage\":\"en-US\",\"@id\":\"https:\/\/www.prijedordanas.com\/#\/schema\/logo\/image\/\",\"url\":\"http:\/\/www.prijedordanas.com\/wp-content\/uploads\/2021\/12\/logopng.png\",\"contentUrl\":\"http:\/\/www.prijedordanas.com\/wp-content\/uploads\/2021\/12\/logopng.png\",\"width\":1019,\"height\":776,\"caption\":\"PrijedorDanas.com\"},\"image\":{\"@id\":\"https:\/\/www.prijedordanas.com\/#\/schema\/logo\/image\/\"},\"sameAs\":[\"https:\/\/www.facebook.com\/PrijedorDanasCom\/\"]},{\"@type\":\"Person\",\"@id\":\"https:\/\/www.prijedordanas.com\/#\/schema\/person\/4e08ccf29b506ca916ff86d46bb700e6\",\"name\":\"admin\",\"image\":{\"@type\":\"ImageObject\",\"inLanguage\":\"en-US\",\"@id\":\"https:\/\/www.prijedordanas.com\/#\/schema\/person\/image\/\",\"url\":\"https:\/\/secure.gravatar.com\/avatar\/1d3fc949d550f0b53a5f0d51e06dfd79?s=96&d=mm&r=g\",\"contentUrl\":\"https:\/\/secure.gravatar.com\/avatar\/1d3fc949d550f0b53a5f0d51e06dfd79?s=96&d=mm&r=g\",\"caption\":\"admin\"},\"url\":\"https:\/\/www.prijedordanas.com\/?author=1\"}]}<\/script>\n<!-- \/ Yoast SEO plugin. -->","yoast_head_json":{"title":"PRIJEDOR-OTVOREN SAJAM MLADIH PREDUZETNIKA: PRONA\u0110ITE SVE \u201eOD IGLE DO INTERNET STRANICE\u201c \u2013 VIDEO - PrijedorDanas.com - Prijedorski gradski portal","robots":{"index":"index","follow":"follow","max-snippet":"max-snippet:-1","max-image-preview":"max-image-preview:large","max-video-preview":"max-video-preview:-1"},"canonical":"https:\/\/www.prijedordanas.com\/?p=68801","og_locale":"en_US","og_type":"article","og_title":"PRIJEDOR-OTVOREN SAJAM MLADIH PREDUZETNIKA: PRONA\u0110ITE SVE \u201eOD IGLE DO INTERNET STRANICE\u201c \u2013 VIDEO - PrijedorDanas.com - Prijedorski gradski portal","og_description":"Udru\u017eenje gra\u0111ana \u201eMre\u017ea novih ideja\u201c Banja Luka i Fondacija \u201eZajedni\u010dki put\u201c Prijedor, uz podr\u0161ku Ministarstva porodice, omladine i sporta Republike Srpske, organizuju \u201eSajam mladih preduzetnika\u201c koji je otvoren ovog ponedjeljka, [&hellip;]","og_url":"https:\/\/www.prijedordanas.com\/?p=68801","og_site_name":"PrijedorDanas.com - Prijedorski gradski portal","article_publisher":"https:\/\/www.facebook.com\/PrijedorDanasCom\/","article_published_time":"2016-12-13T18:28:33+00:00","og_image":[{"url":"https:\/\/www.prijedordanas.com\/wp-content\/uploads\/2016\/12\/sajam-mladih-preduzetnika-pocetak-1-300x225.jpg"}],"author":"admin","twitter_card":"summary_large_image","twitter_misc":{"Written by":"admin","Est. reading time":"2 minutes"},"schema":{"@context":"https:\/\/schema.org","@graph":[{"@type":"Article","@id":"https:\/\/www.prijedordanas.com\/?p=68801#article","isPartOf":{"@id":"https:\/\/www.prijedordanas.com\/?p=68801"},"author":{"name":"admin","@id":"https:\/\/www.prijedordanas.com\/#\/schema\/person\/4e08ccf29b506ca916ff86d46bb700e6"},"headline":"PRIJEDOR-OTVOREN SAJAM MLADIH PREDUZETNIKA: PRONA\u0110ITE SVE \u201eOD IGLE DO INTERNET STRANICE\u201c \u2013 VIDEO","datePublished":"2016-12-13T18:28:33+00:00","dateModified":"2016-12-13T18:28:33+00:00","mainEntityOfPage":{"@id":"https:\/\/www.prijedordanas.com\/?p=68801"},"wordCount":404,"publisher":{"@id":"https:\/\/www.prijedordanas.com\/#organization"},"keywords":["Fondacija \"Zajedni\u010dki put\" Prijedor","Sajam mladih preduzetnika"],"articleSection":["Mladi"],"inLanguage":"en-US"},{"@type":"WebPage","@id":"https:\/\/www.prijedordanas.com\/?p=68801","url":"https:\/\/www.prijedordanas.com\/?p=68801","name":"PRIJEDOR-OTVOREN SAJAM MLADIH PREDUZETNIKA: PRONA\u0110ITE SVE \u201eOD IGLE DO INTERNET STRANICE\u201c \u2013 VIDEO - PrijedorDanas.com - Prijedorski gradski portal","isPartOf":{"@id":"https:\/\/www.prijedordanas.com\/#website"},"datePublished":"2016-12-13T18:28:33+00:00","dateModified":"2016-12-13T18:28:33+00:00","breadcrumb":{"@id":"https:\/\/www.prijedordanas.com\/?p=68801#breadcrumb"},"inLanguage":"en-US","potentialAction":[{"@type":"ReadAction","target":["https:\/\/www.prijedordanas.com\/?p=68801"]}]},{"@type":"BreadcrumbList","@id":"https:\/\/www.prijedordanas.com\/?p=68801#breadcrumb","itemListElement":[{"@type":"ListItem","position":1,"name":"Home","item":"https:\/\/www.prijedordanas.com\/"},{"@type":"ListItem","position":2,"name":"PRIJEDOR-OTVOREN SAJAM MLADIH PREDUZETNIKA: PRONA\u0110ITE SVE \u201eOD IGLE DO INTERNET STRANICE\u201c \u2013 VIDEO"}]},{"@type":"WebSite","@id":"https:\/\/www.prijedordanas.com\/#website","url":"https:\/\/www.prijedordanas.com\/","name":"PrijedorDanas.com - Prijedorski gradski portal","description":"Portal o doga\u0111anjima u gradu Prijedoru","publisher":{"@id":"https:\/\/www.prijedordanas.com\/#organization"},"potentialAction":[{"@type":"SearchAction","target":{"@type":"EntryPoint","urlTemplate":"https:\/\/www.prijedordanas.com\/?s={search_term_string}"},"query-input":"required name=search_term_string"}],"inLanguage":"en-US"},{"@type":"Organization","@id":"https:\/\/www.prijedordanas.com\/#organization","name":"PrijedorDanas.com","url":"https:\/\/www.prijedordanas.com\/","logo":{"@type":"ImageObject","inLanguage":"en-US","@id":"https:\/\/www.prijedordanas.com\/#\/schema\/logo\/image\/","url":"http:\/\/www.prijedordanas.com\/wp-content\/uploads\/2021\/12\/logopng.png","contentUrl":"http:\/\/www.prijedordanas.com\/wp-content\/uploads\/2021\/12\/logopng.png","width":1019,"height":776,"caption":"PrijedorDanas.com"},"image":{"@id":"https:\/\/www.prijedordanas.com\/#\/schema\/logo\/image\/"},"sameAs":["https:\/\/www.facebook.com\/PrijedorDanasCom\/"]},{"@type":"Person","@id":"https:\/\/www.prijedordanas.com\/#\/schema\/person\/4e08ccf29b506ca916ff86d46bb700e6","name":"admin","image":{"@type":"ImageObject","inLanguage":"en-US","@id":"https:\/\/www.prijedordanas.com\/#\/schema\/person\/image\/","url":"https:\/\/secure.gravatar.com\/avatar\/1d3fc949d550f0b53a5f0d51e06dfd79?s=96&d=mm&r=g","contentUrl":"https:\/\/secure.gravatar.com\/avatar\/1d3fc949d550f0b53a5f0d51e06dfd79?s=96&d=mm&r=g","caption":"admin"},"url":"https:\/\/www.prijedordanas.com\/?author=1"}]}},"_links":{"self":[{"href":"https:\/\/www.prijedordanas.com\/index.php?rest_route=\/wp\/v2\/posts\/68801"}],"collection":[{"href":"https:\/\/www.prijedordanas.com\/index.php?rest_route=\/wp\/v2\/posts"}],"about":[{"href":"https:\/\/www.prijedordanas.com\/index.php?rest_route=\/wp\/v2\/types\/post"}],"author":[{"embeddable":true,"href":"https:\/\/www.prijedordanas.com\/index.php?rest_route=\/wp\/v2\/users\/1"}],"replies":[{"embeddable":true,"href":"https:\/\/www.prijedordanas.com\/index.php?rest_route=%2Fwp%2Fv2%2Fcomments&post=68801"}],"version-history":[{"count":1,"href":"https:\/\/www.prijedordanas.com\/index.php?rest_route=\/wp\/v2\/posts\/68801\/revisions"}],"predecessor-version":[{"id":68804,"href":"https:\/\/www.prijedordanas.com\/index.php?rest_route=\/wp\/v2\/posts\/68801\/revisions\/68804"}],"wp:attachment":[{"href":"https:\/\/www.prijedordanas.com\/index.php?rest_route=%2Fwp%2Fv2%2Fmedia&parent=68801"}],"wp:term":[{"taxonomy":"category","embeddable":true,"href":"https:\/\/www.prijedordanas.com\/index.php?rest_route=%2Fwp%2Fv2%2Fcategories&post=68801"},{"taxonomy":"post_tag","embeddable":true,"href":"https:\/\/www.prijedordanas.com\/index.php?rest_route=%2Fwp%2Fv2%2Ftags&post=68801"}],"curies":[{"name":"wp","href":"https:\/\/api.w.org\/{rel}","templated":true}]}}