{"id":68665,"date":"2016-12-12T16:38:48","date_gmt":"2016-12-12T15:38:48","guid":{"rendered":"https:\/\/www.prijedordanas.com\/?p=68665"},"modified":"2016-12-12T16:38:48","modified_gmt":"2016-12-12T15:38:48","slug":"haski-tribunal-odbrana-tvrdi-da-ratko-mladic-nije-odgovoran-za-ubistva-u-prijedoru-video","status":"publish","type":"post","link":"https:\/\/www.prijedordanas.com\/?p=68665","title":{"rendered":"HA\u0160KI TRIBUNAL: ODBRANA TVRDI DA RATKO MLADI\u0106 NIJE ODGOVORAN ZA UBISTVA U PRIJEDORU \u2013 VIDEO"},"content":{"rendered":"<p><a href=\"https:\/\/www.prijedordanas.com\/wp-content\/uploads\/2016\/12\/birn-sudjenje-mladicu-odbrana.jpg\"><img loading=\"lazy\" decoding=\"async\" src=\"https:\/\/www.prijedordanas.com\/wp-content\/uploads\/2016\/12\/birn-sudjenje-mladicu-odbrana-300x229.jpg\" alt=\"birn-sudjenje-mladicu-odbrana\" width=\"300\" height=\"229\" class=\"alignleft size-medium wp-image-68666\" srcset=\"https:\/\/www.prijedordanas.com\/wp-content\/uploads\/2016\/12\/birn-sudjenje-mladicu-odbrana-300x229.jpg 300w, https:\/\/www.prijedordanas.com\/wp-content\/uploads\/2016\/12\/birn-sudjenje-mladicu-odbrana-100x76.jpg 100w, https:\/\/www.prijedordanas.com\/wp-content\/uploads\/2016\/12\/birn-sudjenje-mladicu-odbrana.jpg 655w\" sizes=\"(max-width: 300px) 100vw, 300px\" \/><\/a>Odbrana biv\u0161eg komandanta Vojske Republike Srpske (VRS) Ratka Mladi\u0107a kazala je u zavr\u0161noj rije\u010di da Ha\u0161ki tu\u017eioci nisu dokazali optu\u017ebe da su vojne snage pod komandom optu\u017eenog po\u010dinile genocid u Prijedoru i jo\u0161 pet bh. op\u0161tina.<\/p>\n<p>Mladi\u0107ev branilac Dejan Iveti\u0107 rekao je da tu\u017eioci nisu dokazali da je postojao obrazac zlo\u010dina, niti koordinisani plan za po\u010dinjenje genocida. Za po\u010dinjene zlo\u010dine, Iveti\u0107 je okrivio policijske snage Republike Srpske i lokalne organe vlasti, odnosno krizne \u0161tabove, nad kojima Mladi\u0107 nije imao ovla\u0161\u0107enja.<\/p>\n<p>\u201eGeneral Mladi\u0107 ne mo\u017ee odgovarati za djela civilnih vlasti\u201c, naglasio je Iveti\u0107.<\/p>\n<p>Kao dokaz da nije postojala genocidna namjera da se Muslimani i Hrvati uni\u0161te kao etni\u010dka grupa, Iveti\u0107 je naveo da je u op\u0161tini Srbac nesrpsko stanivni\u0161tvo ostalo do kraja rata. Dodao je da su Muslimani i Hrvati do kraja rata \u010dinili deset odsto pripadnika VRS-a.<\/p>\n<p>\u201eDa li su oni \u010dinili genocid nad samim sobom i svojim porodicama? To nije logi\u010dno, kao \u0161to ni tvrdnje Tu\u017eila\u0161tva nisu logi\u010dne, te zato morate osloboditi generala Mladi\u0107a\u201c, rekao je Iveti\u0107.<\/p>\n<p>Po Iveti\u0107u, Mladi\u0107 je, naprotiv, \u201eapsolutno zagovarao mirno rje\u0161enje\u201c i \u201e\u010dinio sve da ne do\u0111e do porasta nasilja\u201c.<\/p>\n<p>\u201eUbistva su bili neplanirani incidenti, koja nije nije odobrio, niti smislio Mladi\u0107\u201c, rekao je njegov branilac te dodao da nesrpsko stanovni\u0161tvo nije progonila VRS, ve\u0107 da su \u201eljudi sami odabrali da odu\u201c zbog rata i nesta\u0161ica.<\/p>\n<p>\u010cak i ako je VRS pomjerala stanovni\u0161tvo iz ratnih zona, to je, po braniocu, bilo \u201eprivremeno\u201c, u skladu sa \u017denevskim konvencijama.<\/p>\n<p>\u201eDokazi ne pokazuju da je stanovni\u0161tvo u rukama VRS nasilno protjerivano\u201c, kazao je Iveti\u0107.<\/p>\n<p>Mladi\u0107 je optu\u017een za genocid u Srebrenici, terorisanje gra\u0111ana Sarajeva i uzimanje pripadnika UNPROFOR-a za taoce. Prema optu\u017enici, progon kojem je VRS podvrgla Muslimane i Hrvate imao je razmere genocida u op\u0161tinama Fo\u010da, Klju\u010d, Sanski Most, Kotor Varo\u0161 i Vlasenica.<\/p>\n<p>Osvr\u0107u\u0107i se na zlodjela u Prijedoru, koje su tu\u017eioci opisali kao primjer genocida, Iveti\u0107 je tvrdio da su muslimanske paravojske izazvale rat u toj op\u0161tini. Iako je VRS sprovodila \u201elegitimne akcije\u201c na razoru\u017eanju tih paravojski, neki od Srba su \u201epretjerano reagovali iz straha da se ne ponovi poku\u0161aj genocida nad njima, kao u Drugom svjetskom ratu, a ne zbog bilo kakvog plana Ratka Mladi\u0107a\u201c, tvrdio je branilac.<\/p>\n<p>Iveti\u0107 je rekao da su \u201epritvoreni\u010dke centre\u201c, u kojima su po optu\u017enici po\u010dinjeni te\u0161ki zlo\u010dini nad Muslimanima i Hrvatima, \u201eformirali i kontrolisali Ministarstvo unutra\u0161njih poslova Republike Srpske i krizni \u0161tabovi, a ne VRS\u201c.<\/p>\n<p>Iveti\u0107 je tvrdio i da Mladi\u0107 nije dobijao izvje\u0161taje o zlo\u010dinima nad civilima, ve\u0107 samo o \u201elegitimnim akcijama protiv paravojski\u201c.<\/p>\n<p>U osvrtu na optu\u017ebu da je VRS oko 500 civila ubijenih tokom ofanzive u prijedorskom kraju pokopala u rudniku Toma\u0161ica, Mladi\u0107ev branilac je tvrdio da ni to nije dokazano i da je vojna mehanizacija bila daleko.<\/p>\n<p>\u201ePo dokazima, nije VRS pokopala tijela, nego MUP \u010diji su pripadnici nosili sli\u010dne uniforme\u201c, kazao je Iveti\u0107, sugeri\u0161u\u0107i da su neke od \u017ertava bile ubijene u borbi.<\/p>\n<p>Iveti\u0107 je u zavr\u0161noj rije\u010di rekao i da je vlast u Republici Srpskoj u velikoj mjeri bila konsolidovana u rukama Radovana Karad\u017ei\u0107a, koji je nepravosna\u017eno osu\u0111en na 40 godina zatvora.<\/p>\n<p>\u201eVrhovna komanda je, kao tijelo iznad Glavnog \u0161taba, donosila strate\u0161ke odluke. General Mladi\u0107 nije imao pravo glasa, niti je prisustvovao sednicama Vrhovne komande, osim kada je bio pozivan\u201c, kazao je Iveti\u0107.<\/p>\n<p>Tvrdnji tu\u017eilaca da su Karad\u017ei\u0107 i Mladi\u0107 \u201crazgovarali kao bra\u0107a\u201d Iveti\u0107 je suprotstavio dokaze da je Karad\u017ei\u0107 dva puta poku\u0161avao da Mladi\u0107a smijeni.<\/p>\n<p>Odbrana \u0107e zavr\u0161iti izlaganje zavr\u0161ne rije\u010di u utorak, 13. decembra<\/p>\n<p>Tekst &#8211; BIRN<br \/>\nVideo &#8211; RTRS<\/p>\n<p><iframe loading=\"lazy\" width=\"500\" height=\"375\" src=\"https:\/\/www.youtube.com\/embed\/Krxgkj7UlqM?feature=oembed\" frameborder=\"0\" allowfullscreen><\/iframe><\/p>\n","protected":false},"excerpt":{"rendered":"<p>Odbrana biv\u0161eg komandanta Vojske Republike Srpske (VRS) Ratka Mladi\u0107a kazala je u zavr\u0161noj rije\u010di da Ha\u0161ki tu\u017eioci nisu dokazali optu\u017ebe da su vojne snage pod komandom optu\u017eenog po\u010dinile genocid u [&hellip;]<\/p>\n","protected":false},"author":1,"featured_media":0,"comment_status":"closed","ping_status":"open","sticky":false,"template":"","format":"standard","meta":{"_monsterinsights_skip_tracking":false,"_monsterinsights_sitenote_active":false,"_monsterinsights_sitenote_note":"","_monsterinsights_sitenote_category":0,"footnotes":""},"categories":[8],"tags":[3968,249],"yoast_head":"<!-- This site is optimized with the Yoast SEO plugin v21.6 - https:\/\/yoast.com\/wordpress\/plugins\/seo\/ -->\n<title>HA\u0160KI TRIBUNAL: ODBRANA TVRDI DA RATKO MLADI\u0106 NIJE ODGOVORAN ZA UBISTVA U PRIJEDORU \u2013 VIDEO - PrijedorDanas.com - Prijedorski gradski portal<\/title>\n<meta name=\"robots\" content=\"index, follow, max-snippet:-1, max-image-preview:large, max-video-preview:-1\" \/>\n<link rel=\"canonical\" href=\"https:\/\/www.prijedordanas.com\/?p=68665\" \/>\n<meta property=\"og:locale\" content=\"en_US\" \/>\n<meta property=\"og:type\" content=\"article\" \/>\n<meta property=\"og:title\" content=\"HA\u0160KI TRIBUNAL: ODBRANA TVRDI DA RATKO MLADI\u0106 NIJE ODGOVORAN ZA UBISTVA U PRIJEDORU \u2013 VIDEO - PrijedorDanas.com - Prijedorski gradski portal\" \/>\n<meta property=\"og:description\" content=\"Odbrana biv\u0161eg komandanta Vojske Republike Srpske (VRS) Ratka Mladi\u0107a kazala je u zavr\u0161noj rije\u010di da Ha\u0161ki tu\u017eioci nisu dokazali optu\u017ebe da su vojne snage pod komandom optu\u017eenog po\u010dinile genocid u [&hellip;]\" \/>\n<meta property=\"og:url\" content=\"https:\/\/www.prijedordanas.com\/?p=68665\" \/>\n<meta property=\"og:site_name\" content=\"PrijedorDanas.com - Prijedorski gradski portal\" \/>\n<meta property=\"article:publisher\" content=\"https:\/\/www.facebook.com\/PrijedorDanasCom\/\" \/>\n<meta property=\"article:published_time\" content=\"2016-12-12T15:38:48+00:00\" \/>\n<meta property=\"og:image\" content=\"https:\/\/www.prijedordanas.com\/wp-content\/uploads\/2016\/12\/birn-sudjenje-mladicu-odbrana-300x229.jpg\" \/>\n<meta name=\"author\" content=\"admin\" \/>\n<meta name=\"twitter:card\" content=\"summary_large_image\" \/>\n<meta name=\"twitter:label1\" content=\"Written by\" \/>\n\t<meta name=\"twitter:data1\" content=\"admin\" \/>\n\t<meta name=\"twitter:label2\" content=\"Est. reading time\" \/>\n\t<meta name=\"twitter:data2\" content=\"3 minutes\" \/>\n<script type=\"application\/ld+json\" class=\"yoast-schema-graph\">{\"@context\":\"https:\/\/schema.org\",\"@graph\":[{\"@type\":\"Article\",\"@id\":\"https:\/\/www.prijedordanas.com\/?p=68665#article\",\"isPartOf\":{\"@id\":\"https:\/\/www.prijedordanas.com\/?p=68665\"},\"author\":{\"name\":\"admin\",\"@id\":\"https:\/\/www.prijedordanas.com\/#\/schema\/person\/4e08ccf29b506ca916ff86d46bb700e6\"},\"headline\":\"HA\u0160KI TRIBUNAL: ODBRANA TVRDI DA RATKO MLADI\u0106 NIJE ODGOVORAN ZA UBISTVA U PRIJEDORU \u2013 VIDEO\",\"datePublished\":\"2016-12-12T15:38:48+00:00\",\"dateModified\":\"2016-12-12T15:38:48+00:00\",\"mainEntityOfPage\":{\"@id\":\"https:\/\/www.prijedordanas.com\/?p=68665\"},\"wordCount\":673,\"publisher\":{\"@id\":\"https:\/\/www.prijedordanas.com\/#organization\"},\"keywords\":[\"Ha\u0161ki tribunal\",\"su\u0111enje\"],\"articleSection\":[\"Svakodnevno\"],\"inLanguage\":\"en-US\"},{\"@type\":\"WebPage\",\"@id\":\"https:\/\/www.prijedordanas.com\/?p=68665\",\"url\":\"https:\/\/www.prijedordanas.com\/?p=68665\",\"name\":\"HA\u0160KI TRIBUNAL: ODBRANA TVRDI DA RATKO MLADI\u0106 NIJE ODGOVORAN ZA UBISTVA U PRIJEDORU \u2013 VIDEO - PrijedorDanas.com - Prijedorski gradski portal\",\"isPartOf\":{\"@id\":\"https:\/\/www.prijedordanas.com\/#website\"},\"datePublished\":\"2016-12-12T15:38:48+00:00\",\"dateModified\":\"2016-12-12T15:38:48+00:00\",\"breadcrumb\":{\"@id\":\"https:\/\/www.prijedordanas.com\/?p=68665#breadcrumb\"},\"inLanguage\":\"en-US\",\"potentialAction\":[{\"@type\":\"ReadAction\",\"target\":[\"https:\/\/www.prijedordanas.com\/?p=68665\"]}]},{\"@type\":\"BreadcrumbList\",\"@id\":\"https:\/\/www.prijedordanas.com\/?p=68665#breadcrumb\",\"itemListElement\":[{\"@type\":\"ListItem\",\"position\":1,\"name\":\"Home\",\"item\":\"https:\/\/www.prijedordanas.com\/\"},{\"@type\":\"ListItem\",\"position\":2,\"name\":\"HA\u0160KI TRIBUNAL: ODBRANA TVRDI DA RATKO MLADI\u0106 NIJE ODGOVORAN ZA UBISTVA U PRIJEDORU \u2013 VIDEO\"}]},{\"@type\":\"WebSite\",\"@id\":\"https:\/\/www.prijedordanas.com\/#website\",\"url\":\"https:\/\/www.prijedordanas.com\/\",\"name\":\"PrijedorDanas.com - Prijedorski gradski portal\",\"description\":\"Portal o doga\u0111anjima u gradu Prijedoru\",\"publisher\":{\"@id\":\"https:\/\/www.prijedordanas.com\/#organization\"},\"potentialAction\":[{\"@type\":\"SearchAction\",\"target\":{\"@type\":\"EntryPoint\",\"urlTemplate\":\"https:\/\/www.prijedordanas.com\/?s={search_term_string}\"},\"query-input\":\"required name=search_term_string\"}],\"inLanguage\":\"en-US\"},{\"@type\":\"Organization\",\"@id\":\"https:\/\/www.prijedordanas.com\/#organization\",\"name\":\"PrijedorDanas.com\",\"url\":\"https:\/\/www.prijedordanas.com\/\",\"logo\":{\"@type\":\"ImageObject\",\"inLanguage\":\"en-US\",\"@id\":\"https:\/\/www.prijedordanas.com\/#\/schema\/logo\/image\/\",\"url\":\"http:\/\/www.prijedordanas.com\/wp-content\/uploads\/2021\/12\/logopng.png\",\"contentUrl\":\"http:\/\/www.prijedordanas.com\/wp-content\/uploads\/2021\/12\/logopng.png\",\"width\":1019,\"height\":776,\"caption\":\"PrijedorDanas.com\"},\"image\":{\"@id\":\"https:\/\/www.prijedordanas.com\/#\/schema\/logo\/image\/\"},\"sameAs\":[\"https:\/\/www.facebook.com\/PrijedorDanasCom\/\"]},{\"@type\":\"Person\",\"@id\":\"https:\/\/www.prijedordanas.com\/#\/schema\/person\/4e08ccf29b506ca916ff86d46bb700e6\",\"name\":\"admin\",\"image\":{\"@type\":\"ImageObject\",\"inLanguage\":\"en-US\",\"@id\":\"https:\/\/www.prijedordanas.com\/#\/schema\/person\/image\/\",\"url\":\"https:\/\/secure.gravatar.com\/avatar\/1d3fc949d550f0b53a5f0d51e06dfd79?s=96&d=mm&r=g\",\"contentUrl\":\"https:\/\/secure.gravatar.com\/avatar\/1d3fc949d550f0b53a5f0d51e06dfd79?s=96&d=mm&r=g\",\"caption\":\"admin\"},\"url\":\"https:\/\/www.prijedordanas.com\/?author=1\"}]}<\/script>\n<!-- \/ Yoast SEO plugin. -->","yoast_head_json":{"title":"HA\u0160KI TRIBUNAL: ODBRANA TVRDI DA RATKO MLADI\u0106 NIJE ODGOVORAN ZA UBISTVA U PRIJEDORU \u2013 VIDEO - PrijedorDanas.com - Prijedorski gradski portal","robots":{"index":"index","follow":"follow","max-snippet":"max-snippet:-1","max-image-preview":"max-image-preview:large","max-video-preview":"max-video-preview:-1"},"canonical":"https:\/\/www.prijedordanas.com\/?p=68665","og_locale":"en_US","og_type":"article","og_title":"HA\u0160KI TRIBUNAL: ODBRANA TVRDI DA RATKO MLADI\u0106 NIJE ODGOVORAN ZA UBISTVA U PRIJEDORU \u2013 VIDEO - PrijedorDanas.com - Prijedorski gradski portal","og_description":"Odbrana biv\u0161eg komandanta Vojske Republike Srpske (VRS) Ratka Mladi\u0107a kazala je u zavr\u0161noj rije\u010di da Ha\u0161ki tu\u017eioci nisu dokazali optu\u017ebe da su vojne snage pod komandom optu\u017eenog po\u010dinile genocid u [&hellip;]","og_url":"https:\/\/www.prijedordanas.com\/?p=68665","og_site_name":"PrijedorDanas.com - Prijedorski gradski portal","article_publisher":"https:\/\/www.facebook.com\/PrijedorDanasCom\/","article_published_time":"2016-12-12T15:38:48+00:00","og_image":[{"url":"https:\/\/www.prijedordanas.com\/wp-content\/uploads\/2016\/12\/birn-sudjenje-mladicu-odbrana-300x229.jpg"}],"author":"admin","twitter_card":"summary_large_image","twitter_misc":{"Written by":"admin","Est. reading time":"3 minutes"},"schema":{"@context":"https:\/\/schema.org","@graph":[{"@type":"Article","@id":"https:\/\/www.prijedordanas.com\/?p=68665#article","isPartOf":{"@id":"https:\/\/www.prijedordanas.com\/?p=68665"},"author":{"name":"admin","@id":"https:\/\/www.prijedordanas.com\/#\/schema\/person\/4e08ccf29b506ca916ff86d46bb700e6"},"headline":"HA\u0160KI TRIBUNAL: ODBRANA TVRDI DA RATKO MLADI\u0106 NIJE ODGOVORAN ZA UBISTVA U PRIJEDORU \u2013 VIDEO","datePublished":"2016-12-12T15:38:48+00:00","dateModified":"2016-12-12T15:38:48+00:00","mainEntityOfPage":{"@id":"https:\/\/www.prijedordanas.com\/?p=68665"},"wordCount":673,"publisher":{"@id":"https:\/\/www.prijedordanas.com\/#organization"},"keywords":["Ha\u0161ki tribunal","su\u0111enje"],"articleSection":["Svakodnevno"],"inLanguage":"en-US"},{"@type":"WebPage","@id":"https:\/\/www.prijedordanas.com\/?p=68665","url":"https:\/\/www.prijedordanas.com\/?p=68665","name":"HA\u0160KI TRIBUNAL: ODBRANA TVRDI DA RATKO MLADI\u0106 NIJE ODGOVORAN ZA UBISTVA U PRIJEDORU \u2013 VIDEO - PrijedorDanas.com - Prijedorski gradski portal","isPartOf":{"@id":"https:\/\/www.prijedordanas.com\/#website"},"datePublished":"2016-12-12T15:38:48+00:00","dateModified":"2016-12-12T15:38:48+00:00","breadcrumb":{"@id":"https:\/\/www.prijedordanas.com\/?p=68665#breadcrumb"},"inLanguage":"en-US","potentialAction":[{"@type":"ReadAction","target":["https:\/\/www.prijedordanas.com\/?p=68665"]}]},{"@type":"BreadcrumbList","@id":"https:\/\/www.prijedordanas.com\/?p=68665#breadcrumb","itemListElement":[{"@type":"ListItem","position":1,"name":"Home","item":"https:\/\/www.prijedordanas.com\/"},{"@type":"ListItem","position":2,"name":"HA\u0160KI TRIBUNAL: ODBRANA TVRDI DA RATKO MLADI\u0106 NIJE ODGOVORAN ZA UBISTVA U PRIJEDORU \u2013 VIDEO"}]},{"@type":"WebSite","@id":"https:\/\/www.prijedordanas.com\/#website","url":"https:\/\/www.prijedordanas.com\/","name":"PrijedorDanas.com - Prijedorski gradski portal","description":"Portal o doga\u0111anjima u gradu Prijedoru","publisher":{"@id":"https:\/\/www.prijedordanas.com\/#organization"},"potentialAction":[{"@type":"SearchAction","target":{"@type":"EntryPoint","urlTemplate":"https:\/\/www.prijedordanas.com\/?s={search_term_string}"},"query-input":"required name=search_term_string"}],"inLanguage":"en-US"},{"@type":"Organization","@id":"https:\/\/www.prijedordanas.com\/#organization","name":"PrijedorDanas.com","url":"https:\/\/www.prijedordanas.com\/","logo":{"@type":"ImageObject","inLanguage":"en-US","@id":"https:\/\/www.prijedordanas.com\/#\/schema\/logo\/image\/","url":"http:\/\/www.prijedordanas.com\/wp-content\/uploads\/2021\/12\/logopng.png","contentUrl":"http:\/\/www.prijedordanas.com\/wp-content\/uploads\/2021\/12\/logopng.png","width":1019,"height":776,"caption":"PrijedorDanas.com"},"image":{"@id":"https:\/\/www.prijedordanas.com\/#\/schema\/logo\/image\/"},"sameAs":["https:\/\/www.facebook.com\/PrijedorDanasCom\/"]},{"@type":"Person","@id":"https:\/\/www.prijedordanas.com\/#\/schema\/person\/4e08ccf29b506ca916ff86d46bb700e6","name":"admin","image":{"@type":"ImageObject","inLanguage":"en-US","@id":"https:\/\/www.prijedordanas.com\/#\/schema\/person\/image\/","url":"https:\/\/secure.gravatar.com\/avatar\/1d3fc949d550f0b53a5f0d51e06dfd79?s=96&d=mm&r=g","contentUrl":"https:\/\/secure.gravatar.com\/avatar\/1d3fc949d550f0b53a5f0d51e06dfd79?s=96&d=mm&r=g","caption":"admin"},"url":"https:\/\/www.prijedordanas.com\/?author=1"}]}},"_links":{"self":[{"href":"https:\/\/www.prijedordanas.com\/index.php?rest_route=\/wp\/v2\/posts\/68665"}],"collection":[{"href":"https:\/\/www.prijedordanas.com\/index.php?rest_route=\/wp\/v2\/posts"}],"about":[{"href":"https:\/\/www.prijedordanas.com\/index.php?rest_route=\/wp\/v2\/types\/post"}],"author":[{"embeddable":true,"href":"https:\/\/www.prijedordanas.com\/index.php?rest_route=\/wp\/v2\/users\/1"}],"replies":[{"embeddable":true,"href":"https:\/\/www.prijedordanas.com\/index.php?rest_route=%2Fwp%2Fv2%2Fcomments&post=68665"}],"version-history":[{"count":1,"href":"https:\/\/www.prijedordanas.com\/index.php?rest_route=\/wp\/v2\/posts\/68665\/revisions"}],"predecessor-version":[{"id":68667,"href":"https:\/\/www.prijedordanas.com\/index.php?rest_route=\/wp\/v2\/posts\/68665\/revisions\/68667"}],"wp:attachment":[{"href":"https:\/\/www.prijedordanas.com\/index.php?rest_route=%2Fwp%2Fv2%2Fmedia&parent=68665"}],"wp:term":[{"taxonomy":"category","embeddable":true,"href":"https:\/\/www.prijedordanas.com\/index.php?rest_route=%2Fwp%2Fv2%2Fcategories&post=68665"},{"taxonomy":"post_tag","embeddable":true,"href":"https:\/\/www.prijedordanas.com\/index.php?rest_route=%2Fwp%2Fv2%2Ftags&post=68665"}],"curies":[{"name":"wp","href":"https:\/\/api.w.org\/{rel}","templated":true}]}}