{"id":68573,"date":"2016-12-15T13:26:03","date_gmt":"2016-12-15T12:26:03","guid":{"rendered":"https:\/\/www.prijedordanas.com\/?p=68573"},"modified":"2016-12-15T13:26:03","modified_gmt":"2016-12-15T12:26:03","slug":"mladen-paukovic-dijete-leptir-iz-prijedora-uvijek-vjerujem-u-bolje-sutra","status":"publish","type":"post","link":"https:\/\/www.prijedordanas.com\/?p=68573","title":{"rendered":"MLADEN PAUKOVI\u0106 DIJETE-LEPTIR IZ PRIJEDORA: UVIJEK VJERUJEM U BOLJE SUTRA"},"content":{"rendered":"<p><a href=\"https:\/\/www.prijedordanas.com\/wp-content\/uploads\/2016\/12\/anadolija-mladen-paukovic-1.jpg\"><img loading=\"lazy\" decoding=\"async\" class=\"alignleft size-medium wp-image-68574\" src=\"https:\/\/www.prijedordanas.com\/wp-content\/uploads\/2016\/12\/anadolija-mladen-paukovic-1-300x222.jpg\" alt=\"anadolija-mladen-paukovic-1\" width=\"300\" height=\"222\" srcset=\"https:\/\/www.prijedordanas.com\/wp-content\/uploads\/2016\/12\/anadolija-mladen-paukovic-1-300x222.jpg 300w, https:\/\/www.prijedordanas.com\/wp-content\/uploads\/2016\/12\/anadolija-mladen-paukovic-1-100x74.jpg 100w, https:\/\/www.prijedordanas.com\/wp-content\/uploads\/2016\/12\/anadolija-mladen-paukovic-1.jpg 675w\" sizes=\"(max-width: 300px) 100vw, 300px\" \/><\/a>Prijedor\u010danin Mladen Paukovi\u0107 je zavr\u0161io Visoku \u0161kolu za menad\u017ement i informatiku i stekao je zvanje diplomiranog informati\u010dara. U gradu na Sani ga znaju kao momka koji je izuzetno dru\u017eeljubiv, vrijedan i po\u017ertvovan iako ga \u017eivot nije mazio. Te\u0161ka bolest s kojom se bori od ro\u0111enja za ovog dvadeset\u0161estogodi\u0161njeg momka je izazov vi\u0161e da se bori i da dobije svoju \u0161ansu.<\/p>\n<p>Mladen \u017eivi sa majkom i ocem, te bratom, koji boluje od te\u0161kog oblika epilepsije i neophodna mu je danono\u0107na pa\u017enja. Doselili su iz Zagreba u Prijedor, a njegovi roditelji su imali i prvoro\u0111enog sina Danijela, koji je stradao u po\u017earu sa tri godine.<\/p>\n<p>Bulozna epidermoliza od koje Mladen boluje zahtjeva mnogo pa\u017enje i novca.<\/p>\n<p><a href=\"https:\/\/www.prijedordanas.com\/wp-content\/uploads\/2016\/12\/anadolija-mladen-paukovic-2.jpg\"><img loading=\"lazy\" decoding=\"async\" class=\"alignleft size-medium wp-image-68575\" src=\"https:\/\/www.prijedordanas.com\/wp-content\/uploads\/2016\/12\/anadolija-mladen-paukovic-2-300x222.jpg\" alt=\"anadolija-mladen-paukovic-2\" width=\"300\" height=\"222\" srcset=\"https:\/\/www.prijedordanas.com\/wp-content\/uploads\/2016\/12\/anadolija-mladen-paukovic-2-300x222.jpg 300w, https:\/\/www.prijedordanas.com\/wp-content\/uploads\/2016\/12\/anadolija-mladen-paukovic-2-100x74.jpg 100w, https:\/\/www.prijedordanas.com\/wp-content\/uploads\/2016\/12\/anadolija-mladen-paukovic-2.jpg 675w\" sizes=\"(max-width: 300px) 100vw, 300px\" \/><\/a>\u201eMajka radi kao sprema\u010dica i zara\u0111uje oko 400 KM. Nakon dobijanja fakultetske diplome dobio sam ponudu da radim u jednoj igraonici, tako\u0111e za 400 KM. Zahvalan sam i na ovoj prilici da zaradim koliko-toliko, jer krema koju moram redovno nanositi ko\u0161ta za mjesec dana 100 evra. Moram imati i poseban re\u017eim ishrane, pa se trudim da sve ispo\u0161tujem maksimalno koliko mogu\u201c, rekao je za Anadolu Agency (AA) Mladen Paukovi\u0107.<\/p>\n<p>Jo\u0161 nije prona\u0111en lijek<\/p>\n<p>Mladen isti\u010de da se za njegovu bolest jo\u0161 nije prona\u0161ao pravi lijek, a suzbija se odre\u0111enim kremama i na\u010dinom ishrane. U njegovoj porodici niko nije bolovao od ove bolesti, ali Mladen u svojim nastojanjima da obezbjedi sebi i porodici bolji \u017eivot ne posustaje.<\/p>\n<p><a href=\"https:\/\/www.prijedordanas.com\/wp-content\/uploads\/2016\/12\/anadolija-mladen-paukovic-3.jpg\"><img loading=\"lazy\" decoding=\"async\" class=\"alignleft size-medium wp-image-68576\" src=\"https:\/\/www.prijedordanas.com\/wp-content\/uploads\/2016\/12\/anadolija-mladen-paukovic-3-300x222.jpg\" alt=\"anadolija-mladen-paukovic-3\" width=\"300\" height=\"222\" srcset=\"https:\/\/www.prijedordanas.com\/wp-content\/uploads\/2016\/12\/anadolija-mladen-paukovic-3-300x222.jpg 300w, https:\/\/www.prijedordanas.com\/wp-content\/uploads\/2016\/12\/anadolija-mladen-paukovic-3-100x74.jpg 100w, https:\/\/www.prijedordanas.com\/wp-content\/uploads\/2016\/12\/anadolija-mladen-paukovic-3.jpg 655w\" sizes=\"(max-width: 300px) 100vw, 300px\" \/><\/a>\u201eBilo je te\u0161kih trenutaka. Posebno dok sam bio dijete. Danima sam razmi\u0161ljao i odlu\u010dio da uspijem. Zbog mojih roditelja prije svega, koji su uvijek bili uz mene, a potom i zbog sebe. Zbog ove bolesti su mi vremenom srasli prsti na nogama i rukama, ali se nisam predavao. Stalno je prisutno gr\u010denje mi\u0161i\u0107a i zglobova, ali se trudim da se \u0161to vi\u0161e razgibavam i kre\u0107em \u0161to pa\u017eljivije\u201c, istakao je Mladen.<\/p>\n<p>Mladen u \u0161ali ka\u017ee da br\u017ee radi na tastaturi za ra\u010dunarom od zdravih ljudi, \u0161to je kako ka\u017ee mnogima \u010dudno. Shvatio je odavno da je \u017eivot samo jedan i da ga mora iskoristiti najbolje \u0161to zna i umije.<\/p>\n<p>\u201eSvako od nas ima problema. Dosta mladih ljudi pati od nekog oblika invaliditeta. Trudim se da im pomognem da po\u010dnu pozitivno razmi\u0161ljati. Svjestan sam da sam razli\u010dit kada je u pitanju fizi\u010dki izgled, ali mi to ne smeta da idem dalje i \u017eivim \u017eivot\u201c,ka\u017ee Mladen.<\/p>\n<p><a href=\"https:\/\/www.prijedordanas.com\/wp-content\/uploads\/2016\/12\/anadolija-mladen-paukovic-5.jpg\"><img loading=\"lazy\" decoding=\"async\" class=\"alignleft size-medium wp-image-68577\" src=\"https:\/\/www.prijedordanas.com\/wp-content\/uploads\/2016\/12\/anadolija-mladen-paukovic-5-300x222.jpg\" alt=\"anadolija-mladen-paukovic-5\" width=\"300\" height=\"222\" srcset=\"https:\/\/www.prijedordanas.com\/wp-content\/uploads\/2016\/12\/anadolija-mladen-paukovic-5-300x222.jpg 300w, https:\/\/www.prijedordanas.com\/wp-content\/uploads\/2016\/12\/anadolija-mladen-paukovic-5-100x74.jpg 100w, https:\/\/www.prijedordanas.com\/wp-content\/uploads\/2016\/12\/anadolija-mladen-paukovic-5.jpg 676w\" sizes=\"(max-width: 300px) 100vw, 300px\" \/><\/a>Nikada ne\u0107e odustati od \u017eelja<\/p>\n<p>Mladen ima najve\u0107u \u017eelju da pomogne roditeljima da skromno renoviraju stan, a pri\u017eeljkuje i da dobije posao za koji ima fakultetsku diplomu. Najbolje \u0161to mu se desilo u posljednje vrijeme je posao u igraonici i skromno ka\u017ee da 400 KM nije mnogo, ali je i to bolje nego da sjedi besposlen.<\/p>\n<p>\u201eUvijek se nadam ne\u010demu boljem. Imam veliku \u017eelju da pomognem roditeljima, da kona\u010dno \u017eivimo kako treba. Imao sam sre\u0107u \u0161to sam komunikativan i volim dru\u017eenje, a u mojoj okolini su to lijepo prihvatili, pa mi je i to na neki na\u010din olak\u0161alo ovu te\u0161ku bolest. Dok sam bio mla\u0111i mislio sam da nigdje ne pripadam, ali na svu sre\u0107u moja upornost i \u017eelja da nadvladam te\u0161ko\u0107e su bili ja\u010di od svega. Sada se trudim da samo guram naprijed. Shvatio sam da druga\u010dije ne mo\u017ee. Uvijek je bolje i\u0107i naprijed, nego odustati. Poslije no\u0107i uvijek do\u0111e dan, te zato uvijek govorim onima koji su bolesni da se bore i ne odustaju. Mo\u017eda je danas te\u0161ko, ali svanu\u0107e bolji dan, u to sam siguran\u201d, naglasio je Mladen.<\/p>\n<p><a href=\"https:\/\/www.prijedordanas.com\/wp-content\/uploads\/2016\/12\/anadolija-mladen-paukovic-4.jpg\"><img loading=\"lazy\" decoding=\"async\" class=\"alignleft size-medium wp-image-68578\" src=\"https:\/\/www.prijedordanas.com\/wp-content\/uploads\/2016\/12\/anadolija-mladen-paukovic-4-300x234.jpg\" alt=\"anadolija-mladen-paukovic-4\" width=\"300\" height=\"234\" srcset=\"https:\/\/www.prijedordanas.com\/wp-content\/uploads\/2016\/12\/anadolija-mladen-paukovic-4-300x234.jpg 300w, https:\/\/www.prijedordanas.com\/wp-content\/uploads\/2016\/12\/anadolija-mladen-paukovic-4-100x78.jpg 100w, https:\/\/www.prijedordanas.com\/wp-content\/uploads\/2016\/12\/anadolija-mladen-paukovic-4.jpg 470w\" sizes=\"(max-width: 300px) 100vw, 300px\" \/><\/a>Bulozna epidermoliza<\/p>\n<p>Ovo je bolest koja za posljedicu ima o\u0161te\u0107enja na ko\u017ei sli\u010dna opekotinama, sa stvaranjem velikih plikova i rana. Zahva\u0107ena je sluzoko\u017ea unutra\u0161njih organa, \u0161to dovodi oboljele do \u010destih respiratornih infekcija.<\/p>\n<p>Kod te\u017eih formi zarastanje rana je pra\u0107eno trajnim o\u0161te\u0107enjima, kao \u0161to su srastanje prstiju na nogama i rukama. Zbog velike osjetljivosti oboljele zovu \u201edjeca-leptiri\u201c.<\/p>\n<p>Anadolija<\/p>\n<p><a href=\"https:\/\/www.prijedordanas.com\/wp-content\/uploads\/2016\/12\/anadolija-mladen-paukovic-6.jpg\"><img loading=\"lazy\" decoding=\"async\" class=\"alignleft size-medium wp-image-68594\" src=\"https:\/\/www.prijedordanas.com\/wp-content\/uploads\/2016\/12\/anadolija-mladen-paukovic-6-300x222.jpg\" alt=\"anadolija-mladen-paukovic-6\" width=\"300\" height=\"222\" srcset=\"https:\/\/www.prijedordanas.com\/wp-content\/uploads\/2016\/12\/anadolija-mladen-paukovic-6-300x222.jpg 300w, https:\/\/www.prijedordanas.com\/wp-content\/uploads\/2016\/12\/anadolija-mladen-paukovic-6-100x74.jpg 100w, https:\/\/www.prijedordanas.com\/wp-content\/uploads\/2016\/12\/anadolija-mladen-paukovic-6.jpg 675w\" sizes=\"(max-width: 300px) 100vw, 300px\" \/><\/a><\/p>\n","protected":false},"excerpt":{"rendered":"<p>Prijedor\u010danin Mladen Paukovi\u0107 je zavr\u0161io Visoku \u0161kolu za menad\u017ement i informatiku i stekao je zvanje diplomiranog informati\u010dara. U gradu na Sani ga znaju kao momka koji je izuzetno dru\u017eeljubiv, vrijedan [&hellip;]<\/p>\n","protected":false},"author":1,"featured_media":0,"comment_status":"closed","ping_status":"open","sticky":false,"template":"","format":"standard","meta":{"_monsterinsights_skip_tracking":false,"_monsterinsights_sitenote_active":false,"_monsterinsights_sitenote_note":"","_monsterinsights_sitenote_category":0,"footnotes":""},"categories":[3],"tags":[6938,6937],"yoast_head":"<!-- This site is optimized with the Yoast SEO plugin v21.6 - https:\/\/yoast.com\/wordpress\/plugins\/seo\/ -->\n<title>MLADEN PAUKOVI\u0106 DIJETE-LEPTIR IZ PRIJEDORA: UVIJEK VJERUJEM U BOLJE SUTRA - PrijedorDanas.com - Prijedorski gradski portal<\/title>\n<meta name=\"robots\" content=\"index, follow, max-snippet:-1, max-image-preview:large, max-video-preview:-1\" \/>\n<link rel=\"canonical\" href=\"https:\/\/www.prijedordanas.com\/?p=68573\" \/>\n<meta property=\"og:locale\" content=\"en_US\" \/>\n<meta property=\"og:type\" content=\"article\" \/>\n<meta property=\"og:title\" content=\"MLADEN PAUKOVI\u0106 DIJETE-LEPTIR IZ PRIJEDORA: UVIJEK VJERUJEM U BOLJE SUTRA - PrijedorDanas.com - Prijedorski gradski portal\" \/>\n<meta property=\"og:description\" content=\"Prijedor\u010danin Mladen Paukovi\u0107 je zavr\u0161io Visoku \u0161kolu za menad\u017ement i informatiku i stekao je zvanje diplomiranog informati\u010dara. U gradu na Sani ga znaju kao momka koji je izuzetno dru\u017eeljubiv, vrijedan [&hellip;]\" \/>\n<meta property=\"og:url\" content=\"https:\/\/www.prijedordanas.com\/?p=68573\" \/>\n<meta property=\"og:site_name\" content=\"PrijedorDanas.com - Prijedorski gradski portal\" \/>\n<meta property=\"article:publisher\" content=\"https:\/\/www.facebook.com\/PrijedorDanasCom\/\" \/>\n<meta property=\"article:published_time\" content=\"2016-12-15T12:26:03+00:00\" \/>\n<meta property=\"og:image\" content=\"https:\/\/www.prijedordanas.com\/wp-content\/uploads\/2016\/12\/anadolija-mladen-paukovic-1-300x222.jpg\" \/>\n<meta name=\"author\" content=\"admin\" \/>\n<meta name=\"twitter:card\" content=\"summary_large_image\" \/>\n<meta name=\"twitter:label1\" content=\"Written by\" \/>\n\t<meta name=\"twitter:data1\" content=\"admin\" \/>\n\t<meta name=\"twitter:label2\" content=\"Est. reading time\" \/>\n\t<meta name=\"twitter:data2\" content=\"3 minutes\" \/>\n<script type=\"application\/ld+json\" class=\"yoast-schema-graph\">{\"@context\":\"https:\/\/schema.org\",\"@graph\":[{\"@type\":\"Article\",\"@id\":\"https:\/\/www.prijedordanas.com\/?p=68573#article\",\"isPartOf\":{\"@id\":\"https:\/\/www.prijedordanas.com\/?p=68573\"},\"author\":{\"name\":\"admin\",\"@id\":\"https:\/\/www.prijedordanas.com\/#\/schema\/person\/4e08ccf29b506ca916ff86d46bb700e6\"},\"headline\":\"MLADEN PAUKOVI\u0106 DIJETE-LEPTIR IZ PRIJEDORA: UVIJEK VJERUJEM U BOLJE SUTRA\",\"datePublished\":\"2016-12-15T12:26:03+00:00\",\"dateModified\":\"2016-12-15T12:26:03+00:00\",\"mainEntityOfPage\":{\"@id\":\"https:\/\/www.prijedordanas.com\/?p=68573\"},\"wordCount\":709,\"publisher\":{\"@id\":\"https:\/\/www.prijedordanas.com\/#organization\"},\"keywords\":[\"dijete leptir\",\"Mladen Paukovi\u0107\"],\"articleSection\":[\"\u017divot\"],\"inLanguage\":\"en-US\"},{\"@type\":\"WebPage\",\"@id\":\"https:\/\/www.prijedordanas.com\/?p=68573\",\"url\":\"https:\/\/www.prijedordanas.com\/?p=68573\",\"name\":\"MLADEN PAUKOVI\u0106 DIJETE-LEPTIR IZ PRIJEDORA: UVIJEK VJERUJEM U BOLJE SUTRA - PrijedorDanas.com - Prijedorski gradski portal\",\"isPartOf\":{\"@id\":\"https:\/\/www.prijedordanas.com\/#website\"},\"datePublished\":\"2016-12-15T12:26:03+00:00\",\"dateModified\":\"2016-12-15T12:26:03+00:00\",\"breadcrumb\":{\"@id\":\"https:\/\/www.prijedordanas.com\/?p=68573#breadcrumb\"},\"inLanguage\":\"en-US\",\"potentialAction\":[{\"@type\":\"ReadAction\",\"target\":[\"https:\/\/www.prijedordanas.com\/?p=68573\"]}]},{\"@type\":\"BreadcrumbList\",\"@id\":\"https:\/\/www.prijedordanas.com\/?p=68573#breadcrumb\",\"itemListElement\":[{\"@type\":\"ListItem\",\"position\":1,\"name\":\"Home\",\"item\":\"https:\/\/www.prijedordanas.com\/\"},{\"@type\":\"ListItem\",\"position\":2,\"name\":\"MLADEN PAUKOVI\u0106 DIJETE-LEPTIR IZ PRIJEDORA: UVIJEK VJERUJEM U BOLJE SUTRA\"}]},{\"@type\":\"WebSite\",\"@id\":\"https:\/\/www.prijedordanas.com\/#website\",\"url\":\"https:\/\/www.prijedordanas.com\/\",\"name\":\"PrijedorDanas.com - Prijedorski gradski portal\",\"description\":\"Portal o doga\u0111anjima u gradu Prijedoru\",\"publisher\":{\"@id\":\"https:\/\/www.prijedordanas.com\/#organization\"},\"potentialAction\":[{\"@type\":\"SearchAction\",\"target\":{\"@type\":\"EntryPoint\",\"urlTemplate\":\"https:\/\/www.prijedordanas.com\/?s={search_term_string}\"},\"query-input\":\"required name=search_term_string\"}],\"inLanguage\":\"en-US\"},{\"@type\":\"Organization\",\"@id\":\"https:\/\/www.prijedordanas.com\/#organization\",\"name\":\"PrijedorDanas.com\",\"url\":\"https:\/\/www.prijedordanas.com\/\",\"logo\":{\"@type\":\"ImageObject\",\"inLanguage\":\"en-US\",\"@id\":\"https:\/\/www.prijedordanas.com\/#\/schema\/logo\/image\/\",\"url\":\"http:\/\/www.prijedordanas.com\/wp-content\/uploads\/2021\/12\/logopng.png\",\"contentUrl\":\"http:\/\/www.prijedordanas.com\/wp-content\/uploads\/2021\/12\/logopng.png\",\"width\":1019,\"height\":776,\"caption\":\"PrijedorDanas.com\"},\"image\":{\"@id\":\"https:\/\/www.prijedordanas.com\/#\/schema\/logo\/image\/\"},\"sameAs\":[\"https:\/\/www.facebook.com\/PrijedorDanasCom\/\"]},{\"@type\":\"Person\",\"@id\":\"https:\/\/www.prijedordanas.com\/#\/schema\/person\/4e08ccf29b506ca916ff86d46bb700e6\",\"name\":\"admin\",\"image\":{\"@type\":\"ImageObject\",\"inLanguage\":\"en-US\",\"@id\":\"https:\/\/www.prijedordanas.com\/#\/schema\/person\/image\/\",\"url\":\"https:\/\/secure.gravatar.com\/avatar\/1d3fc949d550f0b53a5f0d51e06dfd79?s=96&d=mm&r=g\",\"contentUrl\":\"https:\/\/secure.gravatar.com\/avatar\/1d3fc949d550f0b53a5f0d51e06dfd79?s=96&d=mm&r=g\",\"caption\":\"admin\"},\"url\":\"https:\/\/www.prijedordanas.com\/?author=1\"}]}<\/script>\n<!-- \/ Yoast SEO plugin. -->","yoast_head_json":{"title":"MLADEN PAUKOVI\u0106 DIJETE-LEPTIR IZ PRIJEDORA: UVIJEK VJERUJEM U BOLJE SUTRA - PrijedorDanas.com - Prijedorski gradski portal","robots":{"index":"index","follow":"follow","max-snippet":"max-snippet:-1","max-image-preview":"max-image-preview:large","max-video-preview":"max-video-preview:-1"},"canonical":"https:\/\/www.prijedordanas.com\/?p=68573","og_locale":"en_US","og_type":"article","og_title":"MLADEN PAUKOVI\u0106 DIJETE-LEPTIR IZ PRIJEDORA: UVIJEK VJERUJEM U BOLJE SUTRA - PrijedorDanas.com - Prijedorski gradski portal","og_description":"Prijedor\u010danin Mladen Paukovi\u0107 je zavr\u0161io Visoku \u0161kolu za menad\u017ement i informatiku i stekao je zvanje diplomiranog informati\u010dara. U gradu na Sani ga znaju kao momka koji je izuzetno dru\u017eeljubiv, vrijedan [&hellip;]","og_url":"https:\/\/www.prijedordanas.com\/?p=68573","og_site_name":"PrijedorDanas.com - Prijedorski gradski portal","article_publisher":"https:\/\/www.facebook.com\/PrijedorDanasCom\/","article_published_time":"2016-12-15T12:26:03+00:00","og_image":[{"url":"https:\/\/www.prijedordanas.com\/wp-content\/uploads\/2016\/12\/anadolija-mladen-paukovic-1-300x222.jpg"}],"author":"admin","twitter_card":"summary_large_image","twitter_misc":{"Written by":"admin","Est. reading time":"3 minutes"},"schema":{"@context":"https:\/\/schema.org","@graph":[{"@type":"Article","@id":"https:\/\/www.prijedordanas.com\/?p=68573#article","isPartOf":{"@id":"https:\/\/www.prijedordanas.com\/?p=68573"},"author":{"name":"admin","@id":"https:\/\/www.prijedordanas.com\/#\/schema\/person\/4e08ccf29b506ca916ff86d46bb700e6"},"headline":"MLADEN PAUKOVI\u0106 DIJETE-LEPTIR IZ PRIJEDORA: UVIJEK VJERUJEM U BOLJE SUTRA","datePublished":"2016-12-15T12:26:03+00:00","dateModified":"2016-12-15T12:26:03+00:00","mainEntityOfPage":{"@id":"https:\/\/www.prijedordanas.com\/?p=68573"},"wordCount":709,"publisher":{"@id":"https:\/\/www.prijedordanas.com\/#organization"},"keywords":["dijete leptir","Mladen Paukovi\u0107"],"articleSection":["\u017divot"],"inLanguage":"en-US"},{"@type":"WebPage","@id":"https:\/\/www.prijedordanas.com\/?p=68573","url":"https:\/\/www.prijedordanas.com\/?p=68573","name":"MLADEN PAUKOVI\u0106 DIJETE-LEPTIR IZ PRIJEDORA: UVIJEK VJERUJEM U BOLJE SUTRA - PrijedorDanas.com - Prijedorski gradski portal","isPartOf":{"@id":"https:\/\/www.prijedordanas.com\/#website"},"datePublished":"2016-12-15T12:26:03+00:00","dateModified":"2016-12-15T12:26:03+00:00","breadcrumb":{"@id":"https:\/\/www.prijedordanas.com\/?p=68573#breadcrumb"},"inLanguage":"en-US","potentialAction":[{"@type":"ReadAction","target":["https:\/\/www.prijedordanas.com\/?p=68573"]}]},{"@type":"BreadcrumbList","@id":"https:\/\/www.prijedordanas.com\/?p=68573#breadcrumb","itemListElement":[{"@type":"ListItem","position":1,"name":"Home","item":"https:\/\/www.prijedordanas.com\/"},{"@type":"ListItem","position":2,"name":"MLADEN PAUKOVI\u0106 DIJETE-LEPTIR IZ PRIJEDORA: UVIJEK VJERUJEM U BOLJE SUTRA"}]},{"@type":"WebSite","@id":"https:\/\/www.prijedordanas.com\/#website","url":"https:\/\/www.prijedordanas.com\/","name":"PrijedorDanas.com - Prijedorski gradski portal","description":"Portal o doga\u0111anjima u gradu Prijedoru","publisher":{"@id":"https:\/\/www.prijedordanas.com\/#organization"},"potentialAction":[{"@type":"SearchAction","target":{"@type":"EntryPoint","urlTemplate":"https:\/\/www.prijedordanas.com\/?s={search_term_string}"},"query-input":"required name=search_term_string"}],"inLanguage":"en-US"},{"@type":"Organization","@id":"https:\/\/www.prijedordanas.com\/#organization","name":"PrijedorDanas.com","url":"https:\/\/www.prijedordanas.com\/","logo":{"@type":"ImageObject","inLanguage":"en-US","@id":"https:\/\/www.prijedordanas.com\/#\/schema\/logo\/image\/","url":"http:\/\/www.prijedordanas.com\/wp-content\/uploads\/2021\/12\/logopng.png","contentUrl":"http:\/\/www.prijedordanas.com\/wp-content\/uploads\/2021\/12\/logopng.png","width":1019,"height":776,"caption":"PrijedorDanas.com"},"image":{"@id":"https:\/\/www.prijedordanas.com\/#\/schema\/logo\/image\/"},"sameAs":["https:\/\/www.facebook.com\/PrijedorDanasCom\/"]},{"@type":"Person","@id":"https:\/\/www.prijedordanas.com\/#\/schema\/person\/4e08ccf29b506ca916ff86d46bb700e6","name":"admin","image":{"@type":"ImageObject","inLanguage":"en-US","@id":"https:\/\/www.prijedordanas.com\/#\/schema\/person\/image\/","url":"https:\/\/secure.gravatar.com\/avatar\/1d3fc949d550f0b53a5f0d51e06dfd79?s=96&d=mm&r=g","contentUrl":"https:\/\/secure.gravatar.com\/avatar\/1d3fc949d550f0b53a5f0d51e06dfd79?s=96&d=mm&r=g","caption":"admin"},"url":"https:\/\/www.prijedordanas.com\/?author=1"}]}},"_links":{"self":[{"href":"https:\/\/www.prijedordanas.com\/index.php?rest_route=\/wp\/v2\/posts\/68573"}],"collection":[{"href":"https:\/\/www.prijedordanas.com\/index.php?rest_route=\/wp\/v2\/posts"}],"about":[{"href":"https:\/\/www.prijedordanas.com\/index.php?rest_route=\/wp\/v2\/types\/post"}],"author":[{"embeddable":true,"href":"https:\/\/www.prijedordanas.com\/index.php?rest_route=\/wp\/v2\/users\/1"}],"replies":[{"embeddable":true,"href":"https:\/\/www.prijedordanas.com\/index.php?rest_route=%2Fwp%2Fv2%2Fcomments&post=68573"}],"version-history":[{"count":2,"href":"https:\/\/www.prijedordanas.com\/index.php?rest_route=\/wp\/v2\/posts\/68573\/revisions"}],"predecessor-version":[{"id":68595,"href":"https:\/\/www.prijedordanas.com\/index.php?rest_route=\/wp\/v2\/posts\/68573\/revisions\/68595"}],"wp:attachment":[{"href":"https:\/\/www.prijedordanas.com\/index.php?rest_route=%2Fwp%2Fv2%2Fmedia&parent=68573"}],"wp:term":[{"taxonomy":"category","embeddable":true,"href":"https:\/\/www.prijedordanas.com\/index.php?rest_route=%2Fwp%2Fv2%2Fcategories&post=68573"},{"taxonomy":"post_tag","embeddable":true,"href":"https:\/\/www.prijedordanas.com\/index.php?rest_route=%2Fwp%2Fv2%2Ftags&post=68573"}],"curies":[{"name":"wp","href":"https:\/\/api.w.org\/{rel}","templated":true}]}}