{"id":68488,"date":"2016-12-10T11:40:42","date_gmt":"2016-12-10T10:40:42","guid":{"rendered":"https:\/\/www.prijedordanas.com\/?p=68488"},"modified":"2016-12-10T11:40:42","modified_gmt":"2016-12-10T10:40:42","slug":"prijedorcanka-slavica-drincic-15-godina-neumorno-volontira","status":"publish","type":"post","link":"https:\/\/www.prijedordanas.com\/?p=68488","title":{"rendered":"PRIJEDOR\u010cANKA SLAVICA DRIN\u010cI\u0106 15 GODINA NEUMORNO VOLONTIRA"},"content":{"rendered":"<p><a href=\"https:\/\/www.prijedordanas.com\/wp-content\/uploads\/2016\/12\/slavica-drincic-1.jpg\"><img loading=\"lazy\" decoding=\"async\" class=\"alignleft size-medium wp-image-68489\" src=\"https:\/\/www.prijedordanas.com\/wp-content\/uploads\/2016\/12\/slavica-drincic-1-300x222.jpg\" alt=\"slavica-drincic-1\" width=\"300\" height=\"222\" srcset=\"https:\/\/www.prijedordanas.com\/wp-content\/uploads\/2016\/12\/slavica-drincic-1-300x222.jpg 300w, https:\/\/www.prijedordanas.com\/wp-content\/uploads\/2016\/12\/slavica-drincic-1-100x74.jpg 100w, https:\/\/www.prijedordanas.com\/wp-content\/uploads\/2016\/12\/slavica-drincic-1.jpg 675w\" sizes=\"(max-width: 300px) 100vw, 300px\" \/><\/a>Prazni\u010dni dani inspiri\u0161u mnoge da pomognu bli\u017enjima. Me\u0111utim, ima onih koji tokom cijele godine nesebi\u010dno poma\u017eu i daju najbolje od sebe kako bi drugima uljep\u0161ali dan. Jedna od takvih pozitivnih osoba je Slavica Drin\u010di\u0107, me\u0111u nama Prijedor\u010danima, poznatija kao \u0160aca. Povodom 5. decembra Me\u0111unarodnog dana volontera, sa pravim razlogom, sastali smo se sa njom da nam opi\u0161e svoje volontersko iskustvo. Petnaest godina nesebi\u010dnog rada i truda za ne\u010diji osmijeh na licu je, slo\u017ei\u0107ete se, za svaku pohvalu.<\/p>\n<p>Kako je krenula tvoja pri\u010da o volontiranju?<\/p>\n<p>\u2013 Moja majka i sestra su dugogod\u0161nji volonteri Crvenog krsta. Bilo je prirodno upoznati se sa volonterskim radom preko njih, a ovaj rad je lako zavoljeti. Zahtjeva tako malo, a daje tako mnogo. Moram da pomenem tada\u0161nju Op\u0161tinsku organizaciju Crvenog krsta Prijedor, gdje sam jo\u0161 kao u\u010denik V razreda po\u010dela da volontiram. I danas sam tamo, u\u010destvujem u radu sa djecom i mladima u ovoj organizaciji. Kao instruktor obu\u010davam ekipe i pripremam za takmi\u010denja iz poznavanja i pru\u017eanja Prve pomo\u0107i. Pomenula bih i Omladinski komunikacioni centar Banja Luka, gdje sam volontirala u javnim kuhinjama, u pripremi i podjeli obroka socijalno ugro\u017eenim gra\u0111anima, u\u010destvovala sam na raznim kampovima, volonterskim i radnim, obezbje\u0111ivala maratone i sli\u010dno. Tako\u0111e, ne manje va\u017ena organizacija Udru\u017eenje gra\u0111ana \u201cDON\u201d, gdje sam volonterski u\u010destvovala na kampovima za djecu, programima za poznavanje Prve pomo\u0107i u produ\u017eenom dnevnom boravku i sli\u010dno. Ina\u010de, po zanimanju sam medicinska sestra i trenutno sam na privremenom radu u Domu zdravlja \u201cSveti Sava\u201d u O\u0161troj Luci.<\/p>\n<p><a href=\"https:\/\/www.prijedordanas.com\/wp-content\/uploads\/2016\/12\/slavica-drincic-2.jpg\"><img loading=\"lazy\" decoding=\"async\" class=\"alignleft size-medium wp-image-68490\" src=\"https:\/\/www.prijedordanas.com\/wp-content\/uploads\/2016\/12\/slavica-drincic-2-300x222.jpg\" alt=\"slavica-drincic-2\" width=\"300\" height=\"222\" srcset=\"https:\/\/www.prijedordanas.com\/wp-content\/uploads\/2016\/12\/slavica-drincic-2-300x222.jpg 300w, https:\/\/www.prijedordanas.com\/wp-content\/uploads\/2016\/12\/slavica-drincic-2-100x74.jpg 100w, https:\/\/www.prijedordanas.com\/wp-content\/uploads\/2016\/12\/slavica-drincic-2.jpg 676w\" sizes=\"(max-width: 300px) 100vw, 300px\" \/><\/a>Da li te je volonterski rad promijenio?<\/p>\n<p>\u2013 Mislim da me volonterski rad nije promijenio, ve\u0107 je od mene formiralo li\u010dnost koja sam ja danas, na\u010din je mog \u017eivota. Dao mi je bogastvo koje se ne mo\u017ee kupiti. Obogatio me novim i iskrenim prijateljima, dobrim ljudima, \u017eivotnim pri\u010dama i iskustvima koja se te\u0161ko sti\u010du na druge na\u010dine. Volonterski rad je u\u0161inio da gledam druga\u010dije na \u017eivotne vrijednosti, na svakodnevne stvari i da cijenim moralne vrijednosti. Te\u0161ko mi je sada zamisliti \u017eivot bez volonterskog rada. Bio bi to prazan \u017eivot, bez vi\u0161eg cilja i zalaganja. Potpuno drugi \u017eivot. Za ovako dug period volontiranja, mnogo je mjesta i akcija u kojima sam u\u010destvovala, ali ne pamte se sve akcije, nego osje\u0107aj koji ostaje nakon njih.<\/p>\n<p>Koja je najve\u0107a nagrada za jednog volontera?<\/p>\n<p>\u2013 Volonteri se ne bave volonterskim radom da bi dobili priznanja i nagrade. Najve\u0107a nagrada je zadovoljno lice i osmijeh onih kojima je na\u0161a pomo\u0107 zaista i bila potrebna. Ipak, bilo je ljudi koji vide i razumiju svrhu volonterskog rada, pa ka\u017eu rije\u010di hvale, priznaju zalaganje i \u010destitaju kada vide rezultate nas mladih volontera.<\/p>\n<p><a href=\"https:\/\/www.prijedordanas.com\/wp-content\/uploads\/2016\/12\/slavica-drincic-4.jpg\"><img loading=\"lazy\" decoding=\"async\" class=\"alignleft size-medium wp-image-68491\" src=\"https:\/\/www.prijedordanas.com\/wp-content\/uploads\/2016\/12\/slavica-drincic-4-300x222.jpg\" alt=\"slavica-drincic-4\" width=\"300\" height=\"222\" srcset=\"https:\/\/www.prijedordanas.com\/wp-content\/uploads\/2016\/12\/slavica-drincic-4-300x222.jpg 300w, https:\/\/www.prijedordanas.com\/wp-content\/uploads\/2016\/12\/slavica-drincic-4-100x74.jpg 100w, https:\/\/www.prijedordanas.com\/wp-content\/uploads\/2016\/12\/slavica-drincic-4.jpg 675w\" sizes=\"(max-width: 300px) 100vw, 300px\" \/><\/a>Susre\u0107e\u0161 se u radu i s drugim volonterima. \u017dele li ljudi volontirati ili misli\u0161 li da ih ima premalo?<\/p>\n<p>\u2013 Na ovo pitanje mogu da odgovorim samo jednim primjerom koji je na mene ostavio najve\u0107i utisak. U maju, 2014. godine, kada su na\u0161 grad, kao i cijelu dr\u017eavu zahvatile velike poplave, imala sam priliku da svjedo\u010dim volonterskom radu mladih, i koliko nas je zapravo. Kolone i redovi mladih ljudi na\u0161ega grada svakodnevno su pomagali, \u010distili i radili na podjeli paketa pomo\u0107i ugro\u017eenom stanovni\u0161tvu. Ti prizori su dokaz da volontera ima, i to mnogo.<\/p>\n<p>Ipak, i dalje postoje oni koji na ovaj vid rada gledaju kao na iskori\u0161tavanje od strane poslodavca i organizacija. Kako bi ih ubjedila da i oni postanu volonteri? \u0160ta bi im jedno takvo iskustvo omogu\u0107ilo, \u0161to, recimo, ne bi sve desetke u indeksu?<\/p>\n<p>\u2013 Oni koji na iskren, volonterski rad gledaju kao na iskori\u0161tavanje \u010dovjeka sigurno nisu ni shvatili su\u0161tinu ovog rada, i sami se sigurno ne bave istim. Sa druge strane, razumijem i te ljude jer je, na\u017ealost, mnogo poslodavaca i organizacija koje koriste mlade i njihovo zalaganje da bi sami sebe prikazali kao anga\u017eovane na poljima volonterskog rada. Nije ispravno ubje\u0111ivati mlade da se bave volontiranjem. To se ili \u017eeli ili ne \u017eeli. Razumije ili ne razumije. Voli ili ne voli. Zala\u017ee za razvoj dru\u0161tva ili ne zala\u0161e. Ali moram re\u0107i da volonterski rad i zalaganje na ovom polju daje zaista mnogo, oboga\u0107uje \u010dovjeka i daje posebnu svrhu u odrastanju. Desetke u indeksu vi\u0161e ne omogu\u0107uju ni posao, a tek ne sva ta prijateljstva i \u017eivotna iskustva.<\/p>\n<p>Koja je tvoja poruka mladim ljudima koji nisu osjetili volontersko iskustvo?<\/p>\n<p>\u2013 Da stanu, da pogledaju oko sebe, ugase telefone. Pogledaju u druge, mo\u017eda vide nekoga kome je potreban osmijeh, pomo\u0107 da se ponesu kese uz stepenice, pre\u0111e ulica, otvore neka vrata, mo\u017eda \u010dak i kupi kifla ili hljeb za obrok. Ako ove male stvari vrate osmijeh na va\u0161e lice, vi ste ve\u0107 volonter.<\/p>\n<p>Kozarski vjesnik<\/p>\n<p><a href=\"https:\/\/www.prijedordanas.com\/wp-content\/uploads\/2016\/12\/slavica-drincic-5.jpg\"><img loading=\"lazy\" decoding=\"async\" src=\"https:\/\/www.prijedordanas.com\/wp-content\/uploads\/2016\/12\/slavica-drincic-5-300x222.jpg\" alt=\"slavica-drincic-5\" width=\"300\" height=\"222\" class=\"alignleft size-medium wp-image-68492\" srcset=\"https:\/\/www.prijedordanas.com\/wp-content\/uploads\/2016\/12\/slavica-drincic-5-300x222.jpg 300w, https:\/\/www.prijedordanas.com\/wp-content\/uploads\/2016\/12\/slavica-drincic-5-100x74.jpg 100w, https:\/\/www.prijedordanas.com\/wp-content\/uploads\/2016\/12\/slavica-drincic-5.jpg 675w\" sizes=\"(max-width: 300px) 100vw, 300px\" \/><\/a> <a href=\"https:\/\/www.prijedordanas.com\/wp-content\/uploads\/2016\/12\/slavica-drincic-3.jpg\"><img loading=\"lazy\" decoding=\"async\" src=\"https:\/\/www.prijedordanas.com\/wp-content\/uploads\/2016\/12\/slavica-drincic-3-300x222.jpg\" alt=\"slavica-drincic-3\" width=\"300\" height=\"222\" class=\"alignleft size-medium wp-image-68493\" srcset=\"https:\/\/www.prijedordanas.com\/wp-content\/uploads\/2016\/12\/slavica-drincic-3-300x222.jpg 300w, https:\/\/www.prijedordanas.com\/wp-content\/uploads\/2016\/12\/slavica-drincic-3-100x74.jpg 100w, https:\/\/www.prijedordanas.com\/wp-content\/uploads\/2016\/12\/slavica-drincic-3.jpg 676w\" sizes=\"(max-width: 300px) 100vw, 300px\" \/><\/a><\/p>\n","protected":false},"excerpt":{"rendered":"<p>Prazni\u010dni dani inspiri\u0161u mnoge da pomognu bli\u017enjima. Me\u0111utim, ima onih koji tokom cijele godine nesebi\u010dno poma\u017eu i daju najbolje od sebe kako bi drugima uljep\u0161ali dan. Jedna od takvih pozitivnih [&hellip;]<\/p>\n","protected":false},"author":1,"featured_media":0,"comment_status":"closed","ping_status":"open","sticky":false,"template":"","format":"standard","meta":{"_monsterinsights_skip_tracking":false,"_monsterinsights_sitenote_active":false,"_monsterinsights_sitenote_note":"","_monsterinsights_sitenote_category":0,"footnotes":""},"categories":[7518],"tags":[2063,2789],"yoast_head":"<!-- This site is optimized with the Yoast SEO plugin v21.6 - https:\/\/yoast.com\/wordpress\/plugins\/seo\/ -->\n<title>PRIJEDOR\u010cANKA SLAVICA DRIN\u010cI\u0106 15 GODINA NEUMORNO VOLONTIRA - PrijedorDanas.com - Prijedorski gradski portal<\/title>\n<meta name=\"robots\" content=\"index, follow, max-snippet:-1, max-image-preview:large, max-video-preview:-1\" \/>\n<link rel=\"canonical\" href=\"https:\/\/www.prijedordanas.com\/?p=68488\" \/>\n<meta property=\"og:locale\" content=\"en_US\" \/>\n<meta property=\"og:type\" content=\"article\" \/>\n<meta property=\"og:title\" content=\"PRIJEDOR\u010cANKA SLAVICA DRIN\u010cI\u0106 15 GODINA NEUMORNO VOLONTIRA - PrijedorDanas.com - Prijedorski gradski portal\" \/>\n<meta property=\"og:description\" content=\"Prazni\u010dni dani inspiri\u0161u mnoge da pomognu bli\u017enjima. Me\u0111utim, ima onih koji tokom cijele godine nesebi\u010dno poma\u017eu i daju najbolje od sebe kako bi drugima uljep\u0161ali dan. Jedna od takvih pozitivnih [&hellip;]\" \/>\n<meta property=\"og:url\" content=\"https:\/\/www.prijedordanas.com\/?p=68488\" \/>\n<meta property=\"og:site_name\" content=\"PrijedorDanas.com - Prijedorski gradski portal\" \/>\n<meta property=\"article:publisher\" content=\"https:\/\/www.facebook.com\/PrijedorDanasCom\/\" \/>\n<meta property=\"article:published_time\" content=\"2016-12-10T10:40:42+00:00\" \/>\n<meta property=\"og:image\" content=\"https:\/\/www.prijedordanas.com\/wp-content\/uploads\/2016\/12\/slavica-drincic-1-300x222.jpg\" \/>\n<meta name=\"author\" content=\"admin\" \/>\n<meta name=\"twitter:card\" content=\"summary_large_image\" \/>\n<meta name=\"twitter:label1\" content=\"Written by\" \/>\n\t<meta name=\"twitter:data1\" content=\"admin\" \/>\n\t<meta name=\"twitter:label2\" content=\"Est. reading time\" \/>\n\t<meta name=\"twitter:data2\" content=\"4 minutes\" \/>\n<script type=\"application\/ld+json\" class=\"yoast-schema-graph\">{\"@context\":\"https:\/\/schema.org\",\"@graph\":[{\"@type\":\"Article\",\"@id\":\"https:\/\/www.prijedordanas.com\/?p=68488#article\",\"isPartOf\":{\"@id\":\"https:\/\/www.prijedordanas.com\/?p=68488\"},\"author\":{\"name\":\"admin\",\"@id\":\"https:\/\/www.prijedordanas.com\/#\/schema\/person\/4e08ccf29b506ca916ff86d46bb700e6\"},\"headline\":\"PRIJEDOR\u010cANKA SLAVICA DRIN\u010cI\u0106 15 GODINA NEUMORNO VOLONTIRA\",\"datePublished\":\"2016-12-10T10:40:42+00:00\",\"dateModified\":\"2016-12-10T10:40:42+00:00\",\"mainEntityOfPage\":{\"@id\":\"https:\/\/www.prijedordanas.com\/?p=68488\"},\"wordCount\":843,\"publisher\":{\"@id\":\"https:\/\/www.prijedordanas.com\/#organization\"},\"keywords\":[\"Slavica Drin\u010di\u0107\",\"volonter\"],\"articleSection\":[\"Mladi\"],\"inLanguage\":\"en-US\"},{\"@type\":\"WebPage\",\"@id\":\"https:\/\/www.prijedordanas.com\/?p=68488\",\"url\":\"https:\/\/www.prijedordanas.com\/?p=68488\",\"name\":\"PRIJEDOR\u010cANKA SLAVICA DRIN\u010cI\u0106 15 GODINA NEUMORNO VOLONTIRA - PrijedorDanas.com - Prijedorski gradski portal\",\"isPartOf\":{\"@id\":\"https:\/\/www.prijedordanas.com\/#website\"},\"datePublished\":\"2016-12-10T10:40:42+00:00\",\"dateModified\":\"2016-12-10T10:40:42+00:00\",\"breadcrumb\":{\"@id\":\"https:\/\/www.prijedordanas.com\/?p=68488#breadcrumb\"},\"inLanguage\":\"en-US\",\"potentialAction\":[{\"@type\":\"ReadAction\",\"target\":[\"https:\/\/www.prijedordanas.com\/?p=68488\"]}]},{\"@type\":\"BreadcrumbList\",\"@id\":\"https:\/\/www.prijedordanas.com\/?p=68488#breadcrumb\",\"itemListElement\":[{\"@type\":\"ListItem\",\"position\":1,\"name\":\"Home\",\"item\":\"https:\/\/www.prijedordanas.com\/\"},{\"@type\":\"ListItem\",\"position\":2,\"name\":\"PRIJEDOR\u010cANKA SLAVICA DRIN\u010cI\u0106 15 GODINA NEUMORNO VOLONTIRA\"}]},{\"@type\":\"WebSite\",\"@id\":\"https:\/\/www.prijedordanas.com\/#website\",\"url\":\"https:\/\/www.prijedordanas.com\/\",\"name\":\"PrijedorDanas.com - Prijedorski gradski portal\",\"description\":\"Portal o doga\u0111anjima u gradu Prijedoru\",\"publisher\":{\"@id\":\"https:\/\/www.prijedordanas.com\/#organization\"},\"potentialAction\":[{\"@type\":\"SearchAction\",\"target\":{\"@type\":\"EntryPoint\",\"urlTemplate\":\"https:\/\/www.prijedordanas.com\/?s={search_term_string}\"},\"query-input\":\"required name=search_term_string\"}],\"inLanguage\":\"en-US\"},{\"@type\":\"Organization\",\"@id\":\"https:\/\/www.prijedordanas.com\/#organization\",\"name\":\"PrijedorDanas.com\",\"url\":\"https:\/\/www.prijedordanas.com\/\",\"logo\":{\"@type\":\"ImageObject\",\"inLanguage\":\"en-US\",\"@id\":\"https:\/\/www.prijedordanas.com\/#\/schema\/logo\/image\/\",\"url\":\"http:\/\/www.prijedordanas.com\/wp-content\/uploads\/2021\/12\/logopng.png\",\"contentUrl\":\"http:\/\/www.prijedordanas.com\/wp-content\/uploads\/2021\/12\/logopng.png\",\"width\":1019,\"height\":776,\"caption\":\"PrijedorDanas.com\"},\"image\":{\"@id\":\"https:\/\/www.prijedordanas.com\/#\/schema\/logo\/image\/\"},\"sameAs\":[\"https:\/\/www.facebook.com\/PrijedorDanasCom\/\"]},{\"@type\":\"Person\",\"@id\":\"https:\/\/www.prijedordanas.com\/#\/schema\/person\/4e08ccf29b506ca916ff86d46bb700e6\",\"name\":\"admin\",\"image\":{\"@type\":\"ImageObject\",\"inLanguage\":\"en-US\",\"@id\":\"https:\/\/www.prijedordanas.com\/#\/schema\/person\/image\/\",\"url\":\"https:\/\/secure.gravatar.com\/avatar\/1d3fc949d550f0b53a5f0d51e06dfd79?s=96&d=mm&r=g\",\"contentUrl\":\"https:\/\/secure.gravatar.com\/avatar\/1d3fc949d550f0b53a5f0d51e06dfd79?s=96&d=mm&r=g\",\"caption\":\"admin\"},\"url\":\"https:\/\/www.prijedordanas.com\/?author=1\"}]}<\/script>\n<!-- \/ Yoast SEO plugin. -->","yoast_head_json":{"title":"PRIJEDOR\u010cANKA SLAVICA DRIN\u010cI\u0106 15 GODINA NEUMORNO VOLONTIRA - PrijedorDanas.com - Prijedorski gradski portal","robots":{"index":"index","follow":"follow","max-snippet":"max-snippet:-1","max-image-preview":"max-image-preview:large","max-video-preview":"max-video-preview:-1"},"canonical":"https:\/\/www.prijedordanas.com\/?p=68488","og_locale":"en_US","og_type":"article","og_title":"PRIJEDOR\u010cANKA SLAVICA DRIN\u010cI\u0106 15 GODINA NEUMORNO VOLONTIRA - PrijedorDanas.com - Prijedorski gradski portal","og_description":"Prazni\u010dni dani inspiri\u0161u mnoge da pomognu bli\u017enjima. Me\u0111utim, ima onih koji tokom cijele godine nesebi\u010dno poma\u017eu i daju najbolje od sebe kako bi drugima uljep\u0161ali dan. Jedna od takvih pozitivnih [&hellip;]","og_url":"https:\/\/www.prijedordanas.com\/?p=68488","og_site_name":"PrijedorDanas.com - Prijedorski gradski portal","article_publisher":"https:\/\/www.facebook.com\/PrijedorDanasCom\/","article_published_time":"2016-12-10T10:40:42+00:00","og_image":[{"url":"https:\/\/www.prijedordanas.com\/wp-content\/uploads\/2016\/12\/slavica-drincic-1-300x222.jpg"}],"author":"admin","twitter_card":"summary_large_image","twitter_misc":{"Written by":"admin","Est. reading time":"4 minutes"},"schema":{"@context":"https:\/\/schema.org","@graph":[{"@type":"Article","@id":"https:\/\/www.prijedordanas.com\/?p=68488#article","isPartOf":{"@id":"https:\/\/www.prijedordanas.com\/?p=68488"},"author":{"name":"admin","@id":"https:\/\/www.prijedordanas.com\/#\/schema\/person\/4e08ccf29b506ca916ff86d46bb700e6"},"headline":"PRIJEDOR\u010cANKA SLAVICA DRIN\u010cI\u0106 15 GODINA NEUMORNO VOLONTIRA","datePublished":"2016-12-10T10:40:42+00:00","dateModified":"2016-12-10T10:40:42+00:00","mainEntityOfPage":{"@id":"https:\/\/www.prijedordanas.com\/?p=68488"},"wordCount":843,"publisher":{"@id":"https:\/\/www.prijedordanas.com\/#organization"},"keywords":["Slavica Drin\u010di\u0107","volonter"],"articleSection":["Mladi"],"inLanguage":"en-US"},{"@type":"WebPage","@id":"https:\/\/www.prijedordanas.com\/?p=68488","url":"https:\/\/www.prijedordanas.com\/?p=68488","name":"PRIJEDOR\u010cANKA SLAVICA DRIN\u010cI\u0106 15 GODINA NEUMORNO VOLONTIRA - PrijedorDanas.com - Prijedorski gradski portal","isPartOf":{"@id":"https:\/\/www.prijedordanas.com\/#website"},"datePublished":"2016-12-10T10:40:42+00:00","dateModified":"2016-12-10T10:40:42+00:00","breadcrumb":{"@id":"https:\/\/www.prijedordanas.com\/?p=68488#breadcrumb"},"inLanguage":"en-US","potentialAction":[{"@type":"ReadAction","target":["https:\/\/www.prijedordanas.com\/?p=68488"]}]},{"@type":"BreadcrumbList","@id":"https:\/\/www.prijedordanas.com\/?p=68488#breadcrumb","itemListElement":[{"@type":"ListItem","position":1,"name":"Home","item":"https:\/\/www.prijedordanas.com\/"},{"@type":"ListItem","position":2,"name":"PRIJEDOR\u010cANKA SLAVICA DRIN\u010cI\u0106 15 GODINA NEUMORNO VOLONTIRA"}]},{"@type":"WebSite","@id":"https:\/\/www.prijedordanas.com\/#website","url":"https:\/\/www.prijedordanas.com\/","name":"PrijedorDanas.com - Prijedorski gradski portal","description":"Portal o doga\u0111anjima u gradu Prijedoru","publisher":{"@id":"https:\/\/www.prijedordanas.com\/#organization"},"potentialAction":[{"@type":"SearchAction","target":{"@type":"EntryPoint","urlTemplate":"https:\/\/www.prijedordanas.com\/?s={search_term_string}"},"query-input":"required name=search_term_string"}],"inLanguage":"en-US"},{"@type":"Organization","@id":"https:\/\/www.prijedordanas.com\/#organization","name":"PrijedorDanas.com","url":"https:\/\/www.prijedordanas.com\/","logo":{"@type":"ImageObject","inLanguage":"en-US","@id":"https:\/\/www.prijedordanas.com\/#\/schema\/logo\/image\/","url":"http:\/\/www.prijedordanas.com\/wp-content\/uploads\/2021\/12\/logopng.png","contentUrl":"http:\/\/www.prijedordanas.com\/wp-content\/uploads\/2021\/12\/logopng.png","width":1019,"height":776,"caption":"PrijedorDanas.com"},"image":{"@id":"https:\/\/www.prijedordanas.com\/#\/schema\/logo\/image\/"},"sameAs":["https:\/\/www.facebook.com\/PrijedorDanasCom\/"]},{"@type":"Person","@id":"https:\/\/www.prijedordanas.com\/#\/schema\/person\/4e08ccf29b506ca916ff86d46bb700e6","name":"admin","image":{"@type":"ImageObject","inLanguage":"en-US","@id":"https:\/\/www.prijedordanas.com\/#\/schema\/person\/image\/","url":"https:\/\/secure.gravatar.com\/avatar\/1d3fc949d550f0b53a5f0d51e06dfd79?s=96&d=mm&r=g","contentUrl":"https:\/\/secure.gravatar.com\/avatar\/1d3fc949d550f0b53a5f0d51e06dfd79?s=96&d=mm&r=g","caption":"admin"},"url":"https:\/\/www.prijedordanas.com\/?author=1"}]}},"_links":{"self":[{"href":"https:\/\/www.prijedordanas.com\/index.php?rest_route=\/wp\/v2\/posts\/68488"}],"collection":[{"href":"https:\/\/www.prijedordanas.com\/index.php?rest_route=\/wp\/v2\/posts"}],"about":[{"href":"https:\/\/www.prijedordanas.com\/index.php?rest_route=\/wp\/v2\/types\/post"}],"author":[{"embeddable":true,"href":"https:\/\/www.prijedordanas.com\/index.php?rest_route=\/wp\/v2\/users\/1"}],"replies":[{"embeddable":true,"href":"https:\/\/www.prijedordanas.com\/index.php?rest_route=%2Fwp%2Fv2%2Fcomments&post=68488"}],"version-history":[{"count":1,"href":"https:\/\/www.prijedordanas.com\/index.php?rest_route=\/wp\/v2\/posts\/68488\/revisions"}],"predecessor-version":[{"id":68494,"href":"https:\/\/www.prijedordanas.com\/index.php?rest_route=\/wp\/v2\/posts\/68488\/revisions\/68494"}],"wp:attachment":[{"href":"https:\/\/www.prijedordanas.com\/index.php?rest_route=%2Fwp%2Fv2%2Fmedia&parent=68488"}],"wp:term":[{"taxonomy":"category","embeddable":true,"href":"https:\/\/www.prijedordanas.com\/index.php?rest_route=%2Fwp%2Fv2%2Fcategories&post=68488"},{"taxonomy":"post_tag","embeddable":true,"href":"https:\/\/www.prijedordanas.com\/index.php?rest_route=%2Fwp%2Fv2%2Ftags&post=68488"}],"curies":[{"name":"wp","href":"https:\/\/api.w.org\/{rel}","templated":true}]}}