{"id":68141,"date":"2016-12-06T16:30:36","date_gmt":"2016-12-06T15:30:36","guid":{"rendered":"https:\/\/www.prijedordanas.com\/?p=68141"},"modified":"2016-12-06T16:30:36","modified_gmt":"2016-12-06T15:30:36","slug":"mesna-industrija-impro-zvanicno-prodata-video","status":"publish","type":"post","link":"https:\/\/www.prijedordanas.com\/?p=68141","title":{"rendered":"MESNA INDUSTRIJA \u201eIMPRO\u201c I ZVANI\u010cNO PRODATA &#8211; VIDEO"},"content":{"rendered":"<p><a href=\"https:\/\/www.prijedordanas.com\/wp-content\/uploads\/2016\/12\/atv-impro-postrojenje.jpg\"><img loading=\"lazy\" decoding=\"async\" src=\"https:\/\/www.prijedordanas.com\/wp-content\/uploads\/2016\/12\/atv-impro-postrojenje-300x222.jpg\" alt=\"atv-impro-postrojenje\" width=\"300\" height=\"222\" class=\"alignleft size-medium wp-image-68142\" srcset=\"https:\/\/www.prijedordanas.com\/wp-content\/uploads\/2016\/12\/atv-impro-postrojenje-300x222.jpg 300w, https:\/\/www.prijedordanas.com\/wp-content\/uploads\/2016\/12\/atv-impro-postrojenje-100x74.jpg 100w, https:\/\/www.prijedordanas.com\/wp-content\/uploads\/2016\/12\/atv-impro-postrojenje.jpg 675w\" sizes=\"(max-width: 300px) 100vw, 300px\" \/><\/a>Kona\u010dno je zvani\u010dno \u2013 prijedorska Mesna industrija \u201cIMPRO\u201d je prodata. To je ATV-u potvr\u0111eno iz kompanije HETA koja je bila vlasnik nekretnina tog nekada\u0161njeg privrednog giganta.<\/p>\n<p>Nakon \u0161to su nam, prije nepunih mjesec dana, saop\u0161tili da su u zavr\u0161noj fazi pregovora, sada javljaju da je sve gotovo.<\/p>\n<p>\u201cHETA BIH je uspje\u0161no okon\u010dala proces prodaje industrijskog kompleksa mesne industrije Impro u Prijedoru. Nismo u mogu\u0107nosti otkriti identitet kupca, kao ni kupoprodajnu cijenu, zbog obaveza koje proisti\u010du iz ugovora o povjerljivosti, a koji je HETA BiH u obavezi po\u0161tovati\u201d, navodi se u saop\u0161tenju iz kompanije HETA BiH.<\/p>\n<p>Cijena, mo\u017eda, i nije toliko bitna koliko informacija ko planira da o\u017eivi propalu mesnu industriju. Kako nezvani\u010dno saznajemo, kupac Impra je biznismen iz Cazina, Asmir Duri\u0107. Tamo je vlasnik nekoliko preduze\u0107a, izme\u0111u ostalih, i prili\u010dno uspje\u0161ne \u201c\u017ditoprerade\u201d. S njim danas nismo uspjeli da stupimo u kontakt ali smo, ipak, pone\u0161to saznali.<\/p>\n<p>U Improvim halama, uveliko se montiraju ma\u0161ine i oprema. Kako sada stvari stoje, po\u010detak proizvodnje planiran je krajem januara.<\/p>\n<p>Dotad, biv\u0161i radnici, barem oni koji se nakon propasti firme nisu sna\u0161li, ne kriju da \u010dekaju poziv na posao. Mile, koji je bio \u0161ef proizvodnje ka\u017ee da je to, me\u0111u njima \u2013 glavna pri\u010da.<\/p>\n<p>\u201cNeko je zadovoljstvo kod tih ljudi, to svakodnevno zivkaju, pitaju kad \u0107e, ho\u0107e li se po\u010deti\u2026 I bi\u0107e tu radne snage koju malo treba edukovati, dovesti u red i vjerujem da tu ima neke \u0161anse\u201d, optimisti\u010dan je Mile \u0106iri\u0107, biv\u0161i radnik Impra.<\/p>\n<p>\u017divi bili pa vidjeli, ka\u017eu biv\u0161i radnici Impra koji su \u010duli i to da \u0107e, prilikom zapo\u0161ljavanja, imati prednost. Mnogi su ve\u0107 oti\u0161li do nekada\u0161nje firme i predali prijave za posao nadaju\u0107i se da ne\u0107e biti po onoj staroj \u201cobe\u0107anje, ludom radovanje\u201d.<\/p>\n<p>ATV BL<\/p>\n<p><iframe loading=\"lazy\" width=\"500\" height=\"375\" src=\"https:\/\/www.youtube.com\/embed\/DDMS-uujMAU?feature=oembed\" frameborder=\"0\" allowfullscreen><\/iframe><\/p>\n","protected":false},"excerpt":{"rendered":"<p>Kona\u010dno je zvani\u010dno \u2013 prijedorska Mesna industrija \u201cIMPRO\u201d je prodata. To je ATV-u potvr\u0111eno iz kompanije HETA koja je bila vlasnik nekretnina tog nekada\u0161njeg privrednog giganta. Nakon \u0161to su nam, [&hellip;]<\/p>\n","protected":false},"author":1,"featured_media":0,"comment_status":"closed","ping_status":"open","sticky":false,"template":"","format":"standard","meta":{"_monsterinsights_skip_tracking":false,"_monsterinsights_sitenote_active":false,"_monsterinsights_sitenote_note":"","_monsterinsights_sitenote_category":0,"footnotes":""},"categories":[4],"tags":[7462,3196],"yoast_head":"<!-- This site is optimized with the Yoast SEO plugin v21.6 - https:\/\/yoast.com\/wordpress\/plugins\/seo\/ -->\n<title>MESNA INDUSTRIJA \u201eIMPRO\u201c I ZVANI\u010cNO PRODATA - VIDEO - PrijedorDanas.com - Prijedorski gradski portal<\/title>\n<meta name=\"robots\" content=\"index, follow, max-snippet:-1, max-image-preview:large, max-video-preview:-1\" \/>\n<link rel=\"canonical\" href=\"https:\/\/www.prijedordanas.com\/?p=68141\" \/>\n<meta property=\"og:locale\" content=\"en_US\" \/>\n<meta property=\"og:type\" content=\"article\" \/>\n<meta property=\"og:title\" content=\"MESNA INDUSTRIJA \u201eIMPRO\u201c I ZVANI\u010cNO PRODATA - VIDEO - PrijedorDanas.com - Prijedorski gradski portal\" \/>\n<meta property=\"og:description\" content=\"Kona\u010dno je zvani\u010dno \u2013 prijedorska Mesna industrija \u201cIMPRO\u201d je prodata. To je ATV-u potvr\u0111eno iz kompanije HETA koja je bila vlasnik nekretnina tog nekada\u0161njeg privrednog giganta. Nakon \u0161to su nam, [&hellip;]\" \/>\n<meta property=\"og:url\" content=\"https:\/\/www.prijedordanas.com\/?p=68141\" \/>\n<meta property=\"og:site_name\" content=\"PrijedorDanas.com - Prijedorski gradski portal\" \/>\n<meta property=\"article:publisher\" content=\"https:\/\/www.facebook.com\/PrijedorDanasCom\/\" \/>\n<meta property=\"article:published_time\" content=\"2016-12-06T15:30:36+00:00\" \/>\n<meta property=\"og:image\" content=\"https:\/\/www.prijedordanas.com\/wp-content\/uploads\/2016\/12\/atv-impro-postrojenje-300x222.jpg\" \/>\n<meta name=\"author\" content=\"admin\" \/>\n<meta name=\"twitter:card\" content=\"summary_large_image\" \/>\n<meta name=\"twitter:label1\" content=\"Written by\" \/>\n\t<meta name=\"twitter:data1\" content=\"admin\" \/>\n\t<meta name=\"twitter:label2\" content=\"Est. reading time\" \/>\n\t<meta name=\"twitter:data2\" content=\"2 minutes\" \/>\n<script type=\"application\/ld+json\" class=\"yoast-schema-graph\">{\"@context\":\"https:\/\/schema.org\",\"@graph\":[{\"@type\":\"Article\",\"@id\":\"https:\/\/www.prijedordanas.com\/?p=68141#article\",\"isPartOf\":{\"@id\":\"https:\/\/www.prijedordanas.com\/?p=68141\"},\"author\":{\"name\":\"admin\",\"@id\":\"https:\/\/www.prijedordanas.com\/#\/schema\/person\/4e08ccf29b506ca916ff86d46bb700e6\"},\"headline\":\"MESNA INDUSTRIJA \u201eIMPRO\u201c I ZVANI\u010cNO PRODATA &#8211; VIDEO\",\"datePublished\":\"2016-12-06T15:30:36+00:00\",\"dateModified\":\"2016-12-06T15:30:36+00:00\",\"mainEntityOfPage\":{\"@id\":\"https:\/\/www.prijedordanas.com\/?p=68141\"},\"wordCount\":336,\"publisher\":{\"@id\":\"https:\/\/www.prijedordanas.com\/#organization\"},\"keywords\":[\"Mesna industrija \\\"Impro\\\"\",\"prodaja\"],\"articleSection\":[\"Dru\u0161tvo\"],\"inLanguage\":\"en-US\"},{\"@type\":\"WebPage\",\"@id\":\"https:\/\/www.prijedordanas.com\/?p=68141\",\"url\":\"https:\/\/www.prijedordanas.com\/?p=68141\",\"name\":\"MESNA INDUSTRIJA \u201eIMPRO\u201c I ZVANI\u010cNO PRODATA - VIDEO - PrijedorDanas.com - Prijedorski gradski portal\",\"isPartOf\":{\"@id\":\"https:\/\/www.prijedordanas.com\/#website\"},\"datePublished\":\"2016-12-06T15:30:36+00:00\",\"dateModified\":\"2016-12-06T15:30:36+00:00\",\"breadcrumb\":{\"@id\":\"https:\/\/www.prijedordanas.com\/?p=68141#breadcrumb\"},\"inLanguage\":\"en-US\",\"potentialAction\":[{\"@type\":\"ReadAction\",\"target\":[\"https:\/\/www.prijedordanas.com\/?p=68141\"]}]},{\"@type\":\"BreadcrumbList\",\"@id\":\"https:\/\/www.prijedordanas.com\/?p=68141#breadcrumb\",\"itemListElement\":[{\"@type\":\"ListItem\",\"position\":1,\"name\":\"Home\",\"item\":\"https:\/\/www.prijedordanas.com\/\"},{\"@type\":\"ListItem\",\"position\":2,\"name\":\"MESNA INDUSTRIJA \u201eIMPRO\u201c I ZVANI\u010cNO PRODATA &#8211; VIDEO\"}]},{\"@type\":\"WebSite\",\"@id\":\"https:\/\/www.prijedordanas.com\/#website\",\"url\":\"https:\/\/www.prijedordanas.com\/\",\"name\":\"PrijedorDanas.com - Prijedorski gradski portal\",\"description\":\"Portal o doga\u0111anjima u gradu Prijedoru\",\"publisher\":{\"@id\":\"https:\/\/www.prijedordanas.com\/#organization\"},\"potentialAction\":[{\"@type\":\"SearchAction\",\"target\":{\"@type\":\"EntryPoint\",\"urlTemplate\":\"https:\/\/www.prijedordanas.com\/?s={search_term_string}\"},\"query-input\":\"required name=search_term_string\"}],\"inLanguage\":\"en-US\"},{\"@type\":\"Organization\",\"@id\":\"https:\/\/www.prijedordanas.com\/#organization\",\"name\":\"PrijedorDanas.com\",\"url\":\"https:\/\/www.prijedordanas.com\/\",\"logo\":{\"@type\":\"ImageObject\",\"inLanguage\":\"en-US\",\"@id\":\"https:\/\/www.prijedordanas.com\/#\/schema\/logo\/image\/\",\"url\":\"http:\/\/www.prijedordanas.com\/wp-content\/uploads\/2021\/12\/logopng.png\",\"contentUrl\":\"http:\/\/www.prijedordanas.com\/wp-content\/uploads\/2021\/12\/logopng.png\",\"width\":1019,\"height\":776,\"caption\":\"PrijedorDanas.com\"},\"image\":{\"@id\":\"https:\/\/www.prijedordanas.com\/#\/schema\/logo\/image\/\"},\"sameAs\":[\"https:\/\/www.facebook.com\/PrijedorDanasCom\/\"]},{\"@type\":\"Person\",\"@id\":\"https:\/\/www.prijedordanas.com\/#\/schema\/person\/4e08ccf29b506ca916ff86d46bb700e6\",\"name\":\"admin\",\"image\":{\"@type\":\"ImageObject\",\"inLanguage\":\"en-US\",\"@id\":\"https:\/\/www.prijedordanas.com\/#\/schema\/person\/image\/\",\"url\":\"https:\/\/secure.gravatar.com\/avatar\/1d3fc949d550f0b53a5f0d51e06dfd79?s=96&d=mm&r=g\",\"contentUrl\":\"https:\/\/secure.gravatar.com\/avatar\/1d3fc949d550f0b53a5f0d51e06dfd79?s=96&d=mm&r=g\",\"caption\":\"admin\"},\"url\":\"https:\/\/www.prijedordanas.com\/?author=1\"}]}<\/script>\n<!-- \/ Yoast SEO plugin. -->","yoast_head_json":{"title":"MESNA INDUSTRIJA \u201eIMPRO\u201c I ZVANI\u010cNO PRODATA - VIDEO - PrijedorDanas.com - Prijedorski gradski portal","robots":{"index":"index","follow":"follow","max-snippet":"max-snippet:-1","max-image-preview":"max-image-preview:large","max-video-preview":"max-video-preview:-1"},"canonical":"https:\/\/www.prijedordanas.com\/?p=68141","og_locale":"en_US","og_type":"article","og_title":"MESNA INDUSTRIJA \u201eIMPRO\u201c I ZVANI\u010cNO PRODATA - VIDEO - PrijedorDanas.com - Prijedorski gradski portal","og_description":"Kona\u010dno je zvani\u010dno \u2013 prijedorska Mesna industrija \u201cIMPRO\u201d je prodata. To je ATV-u potvr\u0111eno iz kompanije HETA koja je bila vlasnik nekretnina tog nekada\u0161njeg privrednog giganta. Nakon \u0161to su nam, [&hellip;]","og_url":"https:\/\/www.prijedordanas.com\/?p=68141","og_site_name":"PrijedorDanas.com - Prijedorski gradski portal","article_publisher":"https:\/\/www.facebook.com\/PrijedorDanasCom\/","article_published_time":"2016-12-06T15:30:36+00:00","og_image":[{"url":"https:\/\/www.prijedordanas.com\/wp-content\/uploads\/2016\/12\/atv-impro-postrojenje-300x222.jpg"}],"author":"admin","twitter_card":"summary_large_image","twitter_misc":{"Written by":"admin","Est. reading time":"2 minutes"},"schema":{"@context":"https:\/\/schema.org","@graph":[{"@type":"Article","@id":"https:\/\/www.prijedordanas.com\/?p=68141#article","isPartOf":{"@id":"https:\/\/www.prijedordanas.com\/?p=68141"},"author":{"name":"admin","@id":"https:\/\/www.prijedordanas.com\/#\/schema\/person\/4e08ccf29b506ca916ff86d46bb700e6"},"headline":"MESNA INDUSTRIJA \u201eIMPRO\u201c I ZVANI\u010cNO PRODATA &#8211; VIDEO","datePublished":"2016-12-06T15:30:36+00:00","dateModified":"2016-12-06T15:30:36+00:00","mainEntityOfPage":{"@id":"https:\/\/www.prijedordanas.com\/?p=68141"},"wordCount":336,"publisher":{"@id":"https:\/\/www.prijedordanas.com\/#organization"},"keywords":["Mesna industrija \"Impro\"","prodaja"],"articleSection":["Dru\u0161tvo"],"inLanguage":"en-US"},{"@type":"WebPage","@id":"https:\/\/www.prijedordanas.com\/?p=68141","url":"https:\/\/www.prijedordanas.com\/?p=68141","name":"MESNA INDUSTRIJA \u201eIMPRO\u201c I ZVANI\u010cNO PRODATA - VIDEO - PrijedorDanas.com - Prijedorski gradski portal","isPartOf":{"@id":"https:\/\/www.prijedordanas.com\/#website"},"datePublished":"2016-12-06T15:30:36+00:00","dateModified":"2016-12-06T15:30:36+00:00","breadcrumb":{"@id":"https:\/\/www.prijedordanas.com\/?p=68141#breadcrumb"},"inLanguage":"en-US","potentialAction":[{"@type":"ReadAction","target":["https:\/\/www.prijedordanas.com\/?p=68141"]}]},{"@type":"BreadcrumbList","@id":"https:\/\/www.prijedordanas.com\/?p=68141#breadcrumb","itemListElement":[{"@type":"ListItem","position":1,"name":"Home","item":"https:\/\/www.prijedordanas.com\/"},{"@type":"ListItem","position":2,"name":"MESNA INDUSTRIJA \u201eIMPRO\u201c I ZVANI\u010cNO PRODATA &#8211; VIDEO"}]},{"@type":"WebSite","@id":"https:\/\/www.prijedordanas.com\/#website","url":"https:\/\/www.prijedordanas.com\/","name":"PrijedorDanas.com - Prijedorski gradski portal","description":"Portal o doga\u0111anjima u gradu Prijedoru","publisher":{"@id":"https:\/\/www.prijedordanas.com\/#organization"},"potentialAction":[{"@type":"SearchAction","target":{"@type":"EntryPoint","urlTemplate":"https:\/\/www.prijedordanas.com\/?s={search_term_string}"},"query-input":"required name=search_term_string"}],"inLanguage":"en-US"},{"@type":"Organization","@id":"https:\/\/www.prijedordanas.com\/#organization","name":"PrijedorDanas.com","url":"https:\/\/www.prijedordanas.com\/","logo":{"@type":"ImageObject","inLanguage":"en-US","@id":"https:\/\/www.prijedordanas.com\/#\/schema\/logo\/image\/","url":"http:\/\/www.prijedordanas.com\/wp-content\/uploads\/2021\/12\/logopng.png","contentUrl":"http:\/\/www.prijedordanas.com\/wp-content\/uploads\/2021\/12\/logopng.png","width":1019,"height":776,"caption":"PrijedorDanas.com"},"image":{"@id":"https:\/\/www.prijedordanas.com\/#\/schema\/logo\/image\/"},"sameAs":["https:\/\/www.facebook.com\/PrijedorDanasCom\/"]},{"@type":"Person","@id":"https:\/\/www.prijedordanas.com\/#\/schema\/person\/4e08ccf29b506ca916ff86d46bb700e6","name":"admin","image":{"@type":"ImageObject","inLanguage":"en-US","@id":"https:\/\/www.prijedordanas.com\/#\/schema\/person\/image\/","url":"https:\/\/secure.gravatar.com\/avatar\/1d3fc949d550f0b53a5f0d51e06dfd79?s=96&d=mm&r=g","contentUrl":"https:\/\/secure.gravatar.com\/avatar\/1d3fc949d550f0b53a5f0d51e06dfd79?s=96&d=mm&r=g","caption":"admin"},"url":"https:\/\/www.prijedordanas.com\/?author=1"}]}},"_links":{"self":[{"href":"https:\/\/www.prijedordanas.com\/index.php?rest_route=\/wp\/v2\/posts\/68141"}],"collection":[{"href":"https:\/\/www.prijedordanas.com\/index.php?rest_route=\/wp\/v2\/posts"}],"about":[{"href":"https:\/\/www.prijedordanas.com\/index.php?rest_route=\/wp\/v2\/types\/post"}],"author":[{"embeddable":true,"href":"https:\/\/www.prijedordanas.com\/index.php?rest_route=\/wp\/v2\/users\/1"}],"replies":[{"embeddable":true,"href":"https:\/\/www.prijedordanas.com\/index.php?rest_route=%2Fwp%2Fv2%2Fcomments&post=68141"}],"version-history":[{"count":1,"href":"https:\/\/www.prijedordanas.com\/index.php?rest_route=\/wp\/v2\/posts\/68141\/revisions"}],"predecessor-version":[{"id":68143,"href":"https:\/\/www.prijedordanas.com\/index.php?rest_route=\/wp\/v2\/posts\/68141\/revisions\/68143"}],"wp:attachment":[{"href":"https:\/\/www.prijedordanas.com\/index.php?rest_route=%2Fwp%2Fv2%2Fmedia&parent=68141"}],"wp:term":[{"taxonomy":"category","embeddable":true,"href":"https:\/\/www.prijedordanas.com\/index.php?rest_route=%2Fwp%2Fv2%2Fcategories&post=68141"},{"taxonomy":"post_tag","embeddable":true,"href":"https:\/\/www.prijedordanas.com\/index.php?rest_route=%2Fwp%2Fv2%2Ftags&post=68141"}],"curies":[{"name":"wp","href":"https:\/\/api.w.org\/{rel}","templated":true}]}}