{"id":68113,"date":"2016-12-05T19:05:33","date_gmt":"2016-12-05T18:05:33","guid":{"rendered":"https:\/\/www.prijedordanas.com\/?p=68113"},"modified":"2016-12-05T19:05:33","modified_gmt":"2016-12-05T18:05:33","slug":"prvi-koraci-nacelnika-opstina-prijedorske-regije-video","status":"publish","type":"post","link":"https:\/\/www.prijedordanas.com\/?p=68113","title":{"rendered":"PRVI KORACI NA\u010cELNIKA OP\u0160TINA PRIJEDORSKE REGIJE \u2013 VIDEO"},"content":{"rendered":"<p><a href=\"https:\/\/www.prijedordanas.com\/wp-content\/uploads\/2016\/12\/rtrs-nacelnici-prijedorske-regije.jpg\"><img loading=\"lazy\" decoding=\"async\" src=\"https:\/\/www.prijedordanas.com\/wp-content\/uploads\/2016\/12\/rtrs-nacelnici-prijedorske-regije-300x231.jpg\" alt=\"rtrs-nacelnici-prijedorske-regije\" width=\"300\" height=\"231\" class=\"alignleft size-medium wp-image-68114\" srcset=\"https:\/\/www.prijedordanas.com\/wp-content\/uploads\/2016\/12\/rtrs-nacelnici-prijedorske-regije-300x231.jpg 300w, https:\/\/www.prijedordanas.com\/wp-content\/uploads\/2016\/12\/rtrs-nacelnici-prijedorske-regije-100x77.jpg 100w, https:\/\/www.prijedordanas.com\/wp-content\/uploads\/2016\/12\/rtrs-nacelnici-prijedorske-regije.jpg 650w\" sizes=\"(max-width: 300px) 100vw, 300px\" \/><\/a>Novi na\u010delnici op\u0161tina Prijedorske regije preuzeli su funkcije i preduzimaju prve korake. <\/p>\n<p>Zajedni\u010dki cilj je pove\u0107ati zaposlenost i dovesti nove investitore na ovo podru\u010dje.<\/p>\n<p>Me\u0111utim, neki od novih na\u010delnika zatekli su i velika dugovanja u op\u0161tinskim bud\u017eetima, pa su bili prinu\u0111eni na radikalne poteze.<\/p>\n<p>Kako bi sanirao posljedice nedoma\u0107inskog tro\u0161enja bud\u017eeta, \u010dija su zadu\u017eenja dostigla 30 miliona maraka, novi na\u010delnik Kozarske Dubice, Radenko Relji\u0107 drasti\u010dno je \u201eskresao\u201c plate funkcionera. Po\u010deo je od svoje, ali radni\u010dke nije mijenjao. Potez novog dubi\u010dkog na\u010delnika, pobrao je simpatije gra\u0111ana koji su istakli da podr\u017eavaju njegov potez.<\/p>\n<p>Plata dubi\u010dkog na\u010delnika iznosi\u0107e 2.500 maraka, umjesto dosada\u0161nje \u010detiri hiljade, a plate drugih funkcionera umanjene su od 400 do 600 maraka.<\/p>\n<p>&#8220;Ono \u0161to je najvi\u0161e iritiralo na\u0161e gra\u0111ane je odborni\u010dka naknada koja je bila negdje oko 400 maraka. Na moj zahtjev na prvoj skup\u0161tini ta odborni\u010dka naknada ne\u0107e biti vi\u0161a od 200 maraka. To nije samo \u0161minka u kozmeti\u010dkom smislu, nego stvarna u\u0161teda od 190.000 maraka na godi\u0161njem nivou&#8221;, istakao je Relji\u0107.<\/p>\n<p>Za razliku od dubi\u010dkog, bud\u017eet Grada Prijedora, nije podlo\u017ean finansijskim \u201epotresima\u201c. Ve\u0107 12 godina je stabilan.<\/p>\n<p>&#8220;Grad Prijedor \u0107e se nastaviti razvijati u skladu sa strategijom razvoja grada. Prije svega, zavr\u0161ava\u0107emo projekte na polju vodosnabdijevanja i kanalizacije koji su vi\u0161egodi\u0161nji projekti, zatim \u0107emo dalje raditi na stvaranju uslova za stvaranje industrijskih zona&#8221;, rekao je gradona\u010delnik Prijedora Milenko \u0110akovi\u0107.<\/p>\n<p>Pozitivan bud\u017eet zatekao je i novi na\u010delnik Novog Grada. Cilj je dovesti investitore, ali taj proces ote\u017eava status grani\u010dnog prelaza u ovoj op\u0161tini, koji je zatvoren za robni transport.<\/p>\n<p>&#8220;Imamo situaciju da ve\u0107 dugi niz godina investitori izbjegavaju na\u0161 prostor, tako da u posljednje vrijeme osje\u0107amo potrebu da dodatnim naporom na podru\u010dju Srpske, a i \u0161ire, poku\u0161amo animirati ljude da ula\u017eu u na\u0161u op\u0161tinu&#8221;, rekao je na\u010delnik Op\u0161tine Novi Grad Miroslav Drlja\u010da.<\/p>\n<p>U Kostajnici i Krupi na Uni prioritet su zapo\u0161ljanje i zavr\u0161etak zapo\u010detih projeketa.<\/p>\n<p>Na\u010delnik Op\u0161tine Kostajnica Drago Bundalo istakao je da su prioriteti u ovoj op\u0161tini sanacija Tavije i Bubnjarice, rje\u0161avanje vodotoka, asfaltiranje lokalne putne mre\u017ee, i svih projekata za koje je potpisana dokumentacija.<\/p>\n<p>Za na\u010delnika Op\u0161tine Krupa na Uni Mladena Kljaji\u0107a prioritet je zadr\u017eavanje mladih putem podsticaja u poljoprivredi, kao i doma\u0107inski odnos prema bud\u017eetu.<\/p>\n<p>Infrastrukturni projekti i iskori\u0161\u0107avanje poljoprivrednih resursa, prioriteti su u O\u0161troj Luci. Ipak, zaustaviti odliv mladih, svuda je na prvom mjestu. <\/p>\n<p>RTRS<\/p>\n<p><iframe loading=\"lazy\" width=\"500\" height=\"375\" src=\"https:\/\/www.youtube.com\/embed\/DmLvTiqheZI?feature=oembed\" frameborder=\"0\" allowfullscreen><\/iframe><\/p>\n","protected":false},"excerpt":{"rendered":"<p>Novi na\u010delnici op\u0161tina Prijedorske regije preuzeli su funkcije i preduzimaju prve korake. Zajedni\u010dki cilj je pove\u0107ati zaposlenost i dovesti nove investitore na ovo podru\u010dje. Me\u0111utim, neki od novih na\u010delnika zatekli [&hellip;]<\/p>\n","protected":false},"author":1,"featured_media":0,"comment_status":"closed","ping_status":"open","sticky":false,"template":"","format":"standard","meta":{"_monsterinsights_skip_tracking":false,"_monsterinsights_sitenote_active":false,"_monsterinsights_sitenote_note":"","_monsterinsights_sitenote_category":0,"footnotes":""},"categories":[8],"tags":[9356,408],"yoast_head":"<!-- This site is optimized with the Yoast SEO plugin v21.6 - https:\/\/yoast.com\/wordpress\/plugins\/seo\/ -->\n<title>PRVI KORACI NA\u010cELNIKA OP\u0160TINA PRIJEDORSKE REGIJE \u2013 VIDEO - PrijedorDanas.com - Prijedorski gradski portal<\/title>\n<meta name=\"robots\" content=\"index, follow, max-snippet:-1, max-image-preview:large, max-video-preview:-1\" \/>\n<link rel=\"canonical\" href=\"https:\/\/www.prijedordanas.com\/?p=68113\" \/>\n<meta property=\"og:locale\" content=\"en_US\" \/>\n<meta property=\"og:type\" content=\"article\" \/>\n<meta property=\"og:title\" content=\"PRVI KORACI NA\u010cELNIKA OP\u0160TINA PRIJEDORSKE REGIJE \u2013 VIDEO - PrijedorDanas.com - Prijedorski gradski portal\" \/>\n<meta property=\"og:description\" content=\"Novi na\u010delnici op\u0161tina Prijedorske regije preuzeli su funkcije i preduzimaju prve korake. Zajedni\u010dki cilj je pove\u0107ati zaposlenost i dovesti nove investitore na ovo podru\u010dje. Me\u0111utim, neki od novih na\u010delnika zatekli [&hellip;]\" \/>\n<meta property=\"og:url\" content=\"https:\/\/www.prijedordanas.com\/?p=68113\" \/>\n<meta property=\"og:site_name\" content=\"PrijedorDanas.com - Prijedorski gradski portal\" \/>\n<meta property=\"article:publisher\" content=\"https:\/\/www.facebook.com\/PrijedorDanasCom\/\" \/>\n<meta property=\"article:published_time\" content=\"2016-12-05T18:05:33+00:00\" \/>\n<meta property=\"og:image\" content=\"https:\/\/www.prijedordanas.com\/wp-content\/uploads\/2016\/12\/rtrs-nacelnici-prijedorske-regije-300x231.jpg\" \/>\n<meta name=\"author\" content=\"admin\" \/>\n<meta name=\"twitter:card\" content=\"summary_large_image\" \/>\n<meta name=\"twitter:label1\" content=\"Written by\" \/>\n\t<meta name=\"twitter:data1\" content=\"admin\" \/>\n\t<meta name=\"twitter:label2\" content=\"Est. reading time\" \/>\n\t<meta name=\"twitter:data2\" content=\"2 minutes\" \/>\n<script type=\"application\/ld+json\" class=\"yoast-schema-graph\">{\"@context\":\"https:\/\/schema.org\",\"@graph\":[{\"@type\":\"Article\",\"@id\":\"https:\/\/www.prijedordanas.com\/?p=68113#article\",\"isPartOf\":{\"@id\":\"https:\/\/www.prijedordanas.com\/?p=68113\"},\"author\":{\"name\":\"admin\",\"@id\":\"https:\/\/www.prijedordanas.com\/#\/schema\/person\/4e08ccf29b506ca916ff86d46bb700e6\"},\"headline\":\"PRVI KORACI NA\u010cELNIKA OP\u0160TINA PRIJEDORSKE REGIJE \u2013 VIDEO\",\"datePublished\":\"2016-12-05T18:05:33+00:00\",\"dateModified\":\"2016-12-05T18:05:33+00:00\",\"mainEntityOfPage\":{\"@id\":\"https:\/\/www.prijedordanas.com\/?p=68113\"},\"wordCount\":461,\"publisher\":{\"@id\":\"https:\/\/www.prijedordanas.com\/#organization\"},\"keywords\":[\"na\u010delnici\",\"prijedorska regija\"],\"articleSection\":[\"Svakodnevno\"],\"inLanguage\":\"en-US\"},{\"@type\":\"WebPage\",\"@id\":\"https:\/\/www.prijedordanas.com\/?p=68113\",\"url\":\"https:\/\/www.prijedordanas.com\/?p=68113\",\"name\":\"PRVI KORACI NA\u010cELNIKA OP\u0160TINA PRIJEDORSKE REGIJE \u2013 VIDEO - PrijedorDanas.com - Prijedorski gradski portal\",\"isPartOf\":{\"@id\":\"https:\/\/www.prijedordanas.com\/#website\"},\"datePublished\":\"2016-12-05T18:05:33+00:00\",\"dateModified\":\"2016-12-05T18:05:33+00:00\",\"breadcrumb\":{\"@id\":\"https:\/\/www.prijedordanas.com\/?p=68113#breadcrumb\"},\"inLanguage\":\"en-US\",\"potentialAction\":[{\"@type\":\"ReadAction\",\"target\":[\"https:\/\/www.prijedordanas.com\/?p=68113\"]}]},{\"@type\":\"BreadcrumbList\",\"@id\":\"https:\/\/www.prijedordanas.com\/?p=68113#breadcrumb\",\"itemListElement\":[{\"@type\":\"ListItem\",\"position\":1,\"name\":\"Home\",\"item\":\"https:\/\/www.prijedordanas.com\/\"},{\"@type\":\"ListItem\",\"position\":2,\"name\":\"PRVI KORACI NA\u010cELNIKA OP\u0160TINA PRIJEDORSKE REGIJE \u2013 VIDEO\"}]},{\"@type\":\"WebSite\",\"@id\":\"https:\/\/www.prijedordanas.com\/#website\",\"url\":\"https:\/\/www.prijedordanas.com\/\",\"name\":\"PrijedorDanas.com - Prijedorski gradski portal\",\"description\":\"Portal o doga\u0111anjima u gradu Prijedoru\",\"publisher\":{\"@id\":\"https:\/\/www.prijedordanas.com\/#organization\"},\"potentialAction\":[{\"@type\":\"SearchAction\",\"target\":{\"@type\":\"EntryPoint\",\"urlTemplate\":\"https:\/\/www.prijedordanas.com\/?s={search_term_string}\"},\"query-input\":\"required name=search_term_string\"}],\"inLanguage\":\"en-US\"},{\"@type\":\"Organization\",\"@id\":\"https:\/\/www.prijedordanas.com\/#organization\",\"name\":\"PrijedorDanas.com\",\"url\":\"https:\/\/www.prijedordanas.com\/\",\"logo\":{\"@type\":\"ImageObject\",\"inLanguage\":\"en-US\",\"@id\":\"https:\/\/www.prijedordanas.com\/#\/schema\/logo\/image\/\",\"url\":\"http:\/\/www.prijedordanas.com\/wp-content\/uploads\/2021\/12\/logopng.png\",\"contentUrl\":\"http:\/\/www.prijedordanas.com\/wp-content\/uploads\/2021\/12\/logopng.png\",\"width\":1019,\"height\":776,\"caption\":\"PrijedorDanas.com\"},\"image\":{\"@id\":\"https:\/\/www.prijedordanas.com\/#\/schema\/logo\/image\/\"},\"sameAs\":[\"https:\/\/www.facebook.com\/PrijedorDanasCom\/\"]},{\"@type\":\"Person\",\"@id\":\"https:\/\/www.prijedordanas.com\/#\/schema\/person\/4e08ccf29b506ca916ff86d46bb700e6\",\"name\":\"admin\",\"image\":{\"@type\":\"ImageObject\",\"inLanguage\":\"en-US\",\"@id\":\"https:\/\/www.prijedordanas.com\/#\/schema\/person\/image\/\",\"url\":\"https:\/\/secure.gravatar.com\/avatar\/1d3fc949d550f0b53a5f0d51e06dfd79?s=96&d=mm&r=g\",\"contentUrl\":\"https:\/\/secure.gravatar.com\/avatar\/1d3fc949d550f0b53a5f0d51e06dfd79?s=96&d=mm&r=g\",\"caption\":\"admin\"},\"url\":\"https:\/\/www.prijedordanas.com\/?author=1\"}]}<\/script>\n<!-- \/ Yoast SEO plugin. -->","yoast_head_json":{"title":"PRVI KORACI NA\u010cELNIKA OP\u0160TINA PRIJEDORSKE REGIJE \u2013 VIDEO - PrijedorDanas.com - Prijedorski gradski portal","robots":{"index":"index","follow":"follow","max-snippet":"max-snippet:-1","max-image-preview":"max-image-preview:large","max-video-preview":"max-video-preview:-1"},"canonical":"https:\/\/www.prijedordanas.com\/?p=68113","og_locale":"en_US","og_type":"article","og_title":"PRVI KORACI NA\u010cELNIKA OP\u0160TINA PRIJEDORSKE REGIJE \u2013 VIDEO - PrijedorDanas.com - Prijedorski gradski portal","og_description":"Novi na\u010delnici op\u0161tina Prijedorske regije preuzeli su funkcije i preduzimaju prve korake. Zajedni\u010dki cilj je pove\u0107ati zaposlenost i dovesti nove investitore na ovo podru\u010dje. Me\u0111utim, neki od novih na\u010delnika zatekli [&hellip;]","og_url":"https:\/\/www.prijedordanas.com\/?p=68113","og_site_name":"PrijedorDanas.com - Prijedorski gradski portal","article_publisher":"https:\/\/www.facebook.com\/PrijedorDanasCom\/","article_published_time":"2016-12-05T18:05:33+00:00","og_image":[{"url":"https:\/\/www.prijedordanas.com\/wp-content\/uploads\/2016\/12\/rtrs-nacelnici-prijedorske-regije-300x231.jpg"}],"author":"admin","twitter_card":"summary_large_image","twitter_misc":{"Written by":"admin","Est. reading time":"2 minutes"},"schema":{"@context":"https:\/\/schema.org","@graph":[{"@type":"Article","@id":"https:\/\/www.prijedordanas.com\/?p=68113#article","isPartOf":{"@id":"https:\/\/www.prijedordanas.com\/?p=68113"},"author":{"name":"admin","@id":"https:\/\/www.prijedordanas.com\/#\/schema\/person\/4e08ccf29b506ca916ff86d46bb700e6"},"headline":"PRVI KORACI NA\u010cELNIKA OP\u0160TINA PRIJEDORSKE REGIJE \u2013 VIDEO","datePublished":"2016-12-05T18:05:33+00:00","dateModified":"2016-12-05T18:05:33+00:00","mainEntityOfPage":{"@id":"https:\/\/www.prijedordanas.com\/?p=68113"},"wordCount":461,"publisher":{"@id":"https:\/\/www.prijedordanas.com\/#organization"},"keywords":["na\u010delnici","prijedorska regija"],"articleSection":["Svakodnevno"],"inLanguage":"en-US"},{"@type":"WebPage","@id":"https:\/\/www.prijedordanas.com\/?p=68113","url":"https:\/\/www.prijedordanas.com\/?p=68113","name":"PRVI KORACI NA\u010cELNIKA OP\u0160TINA PRIJEDORSKE REGIJE \u2013 VIDEO - PrijedorDanas.com - Prijedorski gradski portal","isPartOf":{"@id":"https:\/\/www.prijedordanas.com\/#website"},"datePublished":"2016-12-05T18:05:33+00:00","dateModified":"2016-12-05T18:05:33+00:00","breadcrumb":{"@id":"https:\/\/www.prijedordanas.com\/?p=68113#breadcrumb"},"inLanguage":"en-US","potentialAction":[{"@type":"ReadAction","target":["https:\/\/www.prijedordanas.com\/?p=68113"]}]},{"@type":"BreadcrumbList","@id":"https:\/\/www.prijedordanas.com\/?p=68113#breadcrumb","itemListElement":[{"@type":"ListItem","position":1,"name":"Home","item":"https:\/\/www.prijedordanas.com\/"},{"@type":"ListItem","position":2,"name":"PRVI KORACI NA\u010cELNIKA OP\u0160TINA PRIJEDORSKE REGIJE \u2013 VIDEO"}]},{"@type":"WebSite","@id":"https:\/\/www.prijedordanas.com\/#website","url":"https:\/\/www.prijedordanas.com\/","name":"PrijedorDanas.com - Prijedorski gradski portal","description":"Portal o doga\u0111anjima u gradu Prijedoru","publisher":{"@id":"https:\/\/www.prijedordanas.com\/#organization"},"potentialAction":[{"@type":"SearchAction","target":{"@type":"EntryPoint","urlTemplate":"https:\/\/www.prijedordanas.com\/?s={search_term_string}"},"query-input":"required name=search_term_string"}],"inLanguage":"en-US"},{"@type":"Organization","@id":"https:\/\/www.prijedordanas.com\/#organization","name":"PrijedorDanas.com","url":"https:\/\/www.prijedordanas.com\/","logo":{"@type":"ImageObject","inLanguage":"en-US","@id":"https:\/\/www.prijedordanas.com\/#\/schema\/logo\/image\/","url":"http:\/\/www.prijedordanas.com\/wp-content\/uploads\/2021\/12\/logopng.png","contentUrl":"http:\/\/www.prijedordanas.com\/wp-content\/uploads\/2021\/12\/logopng.png","width":1019,"height":776,"caption":"PrijedorDanas.com"},"image":{"@id":"https:\/\/www.prijedordanas.com\/#\/schema\/logo\/image\/"},"sameAs":["https:\/\/www.facebook.com\/PrijedorDanasCom\/"]},{"@type":"Person","@id":"https:\/\/www.prijedordanas.com\/#\/schema\/person\/4e08ccf29b506ca916ff86d46bb700e6","name":"admin","image":{"@type":"ImageObject","inLanguage":"en-US","@id":"https:\/\/www.prijedordanas.com\/#\/schema\/person\/image\/","url":"https:\/\/secure.gravatar.com\/avatar\/1d3fc949d550f0b53a5f0d51e06dfd79?s=96&d=mm&r=g","contentUrl":"https:\/\/secure.gravatar.com\/avatar\/1d3fc949d550f0b53a5f0d51e06dfd79?s=96&d=mm&r=g","caption":"admin"},"url":"https:\/\/www.prijedordanas.com\/?author=1"}]}},"_links":{"self":[{"href":"https:\/\/www.prijedordanas.com\/index.php?rest_route=\/wp\/v2\/posts\/68113"}],"collection":[{"href":"https:\/\/www.prijedordanas.com\/index.php?rest_route=\/wp\/v2\/posts"}],"about":[{"href":"https:\/\/www.prijedordanas.com\/index.php?rest_route=\/wp\/v2\/types\/post"}],"author":[{"embeddable":true,"href":"https:\/\/www.prijedordanas.com\/index.php?rest_route=\/wp\/v2\/users\/1"}],"replies":[{"embeddable":true,"href":"https:\/\/www.prijedordanas.com\/index.php?rest_route=%2Fwp%2Fv2%2Fcomments&post=68113"}],"version-history":[{"count":1,"href":"https:\/\/www.prijedordanas.com\/index.php?rest_route=\/wp\/v2\/posts\/68113\/revisions"}],"predecessor-version":[{"id":68115,"href":"https:\/\/www.prijedordanas.com\/index.php?rest_route=\/wp\/v2\/posts\/68113\/revisions\/68115"}],"wp:attachment":[{"href":"https:\/\/www.prijedordanas.com\/index.php?rest_route=%2Fwp%2Fv2%2Fmedia&parent=68113"}],"wp:term":[{"taxonomy":"category","embeddable":true,"href":"https:\/\/www.prijedordanas.com\/index.php?rest_route=%2Fwp%2Fv2%2Fcategories&post=68113"},{"taxonomy":"post_tag","embeddable":true,"href":"https:\/\/www.prijedordanas.com\/index.php?rest_route=%2Fwp%2Fv2%2Ftags&post=68113"}],"curies":[{"name":"wp","href":"https:\/\/api.w.org\/{rel}","templated":true}]}}