{"id":67770,"date":"2016-12-01T13:32:27","date_gmt":"2016-12-01T12:32:27","guid":{"rendered":"https:\/\/www.prijedordanas.com\/?p=67770"},"modified":"2016-12-01T13:32:27","modified_gmt":"2016-12-01T12:32:27","slug":"nacionalni-park-kozara-postavljena-edukativna-staza-upoznaj-zavicaj-foto","status":"publish","type":"post","link":"https:\/\/www.prijedordanas.com\/?p=67770","title":{"rendered":"NACIONALNI PARK \u201eKOZARA\u201c: POSTAVLJENA EDUKATIVNA STAZA &#8220;UPOZNAJ ZAVI\u010cAJ&#8221; &#8211; FOTO"},"content":{"rendered":"<p><a href=\"https:\/\/www.prijedordanas.com\/wp-content\/uploads\/2016\/12\/srna-np-kozara-edukativna-staza-1.jpg\"><img loading=\"lazy\" decoding=\"async\" class=\"alignleft size-medium wp-image-67771\" src=\"https:\/\/www.prijedordanas.com\/wp-content\/uploads\/2016\/12\/srna-np-kozara-edukativna-staza-1-300x222.jpg\" alt=\"srna-np-kozara-edukativna-staza-1\" width=\"300\" height=\"222\" srcset=\"https:\/\/www.prijedordanas.com\/wp-content\/uploads\/2016\/12\/srna-np-kozara-edukativna-staza-1-300x222.jpg 300w, https:\/\/www.prijedordanas.com\/wp-content\/uploads\/2016\/12\/srna-np-kozara-edukativna-staza-1-100x74.jpg 100w, https:\/\/www.prijedordanas.com\/wp-content\/uploads\/2016\/12\/srna-np-kozara-edukativna-staza-1.jpg 675w\" sizes=\"(max-width: 300px) 100vw, 300px\" \/><\/a>U Nacionalnom parku &#8220;Kozara&#8221; postavljena je edukativna staza pod nazivom &#8220;Upoznaj zavi\u010daj&#8221; namijenjena u\u010denicima ni\u017eih razreda osnovne \u0161kole, a realizovana je uz podr\u0161ku Turisti\u010dke organizacije grada Prijedora i kompanije &#8220;Arselor Mital Prijedor&#8221;.<\/p>\n<p>Staza se nalazi u \u0161umi izme\u0111u hotela &#8220;Monument&#8221; i motela &#8220;Bijele vode&#8221;. Du\u017e nje je postavljena 21 info-tabla sa ilustracijama \u010diji autori su \u010dlanovi Udru\u017eenja likovnih umjetnika Prijedor i kratkim obja\u0161njenjem \u0161ta svaka ilustracija predstavlja, a osim info-tabli tu je i tematska ukr\u0161tenica o Nacionalnom parku &#8220;Kozara&#8221;.<\/p>\n<p>Direktor Turisti\u010dke organizacije grada Prijedora Amira Gani\u0107 rekla je da je osnovna zamisao da djeca vi\u0161e, lak\u0161e, zabavnije i jednostavnije u\u010de o svom okru\u017eenju.<\/p>\n<p><a href=\"https:\/\/www.prijedordanas.com\/wp-content\/uploads\/2016\/12\/srna-np-kozara-edukativna-staza-2.jpg\"><img loading=\"lazy\" decoding=\"async\" src=\"https:\/\/www.prijedordanas.com\/wp-content\/uploads\/2016\/12\/srna-np-kozara-edukativna-staza-2-300x222.jpg\" alt=\"srna-np-kozara-edukativna-staza-2\" width=\"300\" height=\"222\" class=\"alignleft size-medium wp-image-67772\" srcset=\"https:\/\/www.prijedordanas.com\/wp-content\/uploads\/2016\/12\/srna-np-kozara-edukativna-staza-2-300x222.jpg 300w, https:\/\/www.prijedordanas.com\/wp-content\/uploads\/2016\/12\/srna-np-kozara-edukativna-staza-2-100x74.jpg 100w, https:\/\/www.prijedordanas.com\/wp-content\/uploads\/2016\/12\/srna-np-kozara-edukativna-staza-2.jpg 675w\" sizes=\"(max-width: 300px) 100vw, 300px\" \/><\/a>&#8220;Mislimo da \u0107e dobro do\u0107i djeci koja na planinu dolaze sa roditeljima kao i \u0111acima koji na Kozari borave u \u0161koli u prirodi&#8221;, rekla je Gani\u0107eva novinarima u Prijedoru.<\/p>\n<p>Na tablama su prikazane op\u0161te osobine grada i sela, polo\u017eaj i turisti\u010dki, istorijski, sportski i rekreativni kapaciteti planine Kozare, flora i fauna Nacionalnog parka &#8220;Kozara&#8221;, rijeka Sana i zna\u010daj za\u0161tite \u017eivotne sredine, institucije kulture, vjerski objekti, sportski klubovi, folklor i privreda grada Prijedora.<\/p>\n<p>Tu je i ilustracija najva\u017enijih servisnih slu\u017ebi i brojeva telefona sa karikaturama policajca, ljekara hitne pomo\u0107i i vatrogasca, dok je za prikaz op\u0161tih podataka o saobra\u0107aju i vrstama saobra\u0107aja kao motiv poslu\u017eila \u010duvena fotografija &#8220;Bitlsa&#8221; iz 1969. godine koja se na\u0161la na naslovnici njihovog albuma &#8220;Ebi roud&#8221;.<\/p>\n<p>Krajem septembra ove godine edukativnu stazu &#8220;Upoznaj Prijedor&#8221; sa tematskom ukr\u0161tenicom o gradu na Sani Turisti\u010dka organizacija grada Prijedora i &#8220;Arselor Mital Prijedor&#8221; postavili su u parku u prijedorskom najmnogoljudnijem naselju Pe\u0107ani.<\/p>\n<p>SRNA &#8211; NP &#8220;Kozara&#8221;<\/p>\n<p><a href=\"https:\/\/www.prijedordanas.com\/wp-content\/uploads\/2016\/12\/np-kozara-edukativna-staza-1.jpg\"><img loading=\"lazy\" decoding=\"async\" src=\"https:\/\/www.prijedordanas.com\/wp-content\/uploads\/2016\/12\/np-kozara-edukativna-staza-1-300x222.jpg\" alt=\"np-kozara-edukativna-staza-1\" width=\"300\" height=\"222\" class=\"alignleft size-medium wp-image-67773\" srcset=\"https:\/\/www.prijedordanas.com\/wp-content\/uploads\/2016\/12\/np-kozara-edukativna-staza-1-300x222.jpg 300w, https:\/\/www.prijedordanas.com\/wp-content\/uploads\/2016\/12\/np-kozara-edukativna-staza-1-100x74.jpg 100w, https:\/\/www.prijedordanas.com\/wp-content\/uploads\/2016\/12\/np-kozara-edukativna-staza-1.jpg 675w\" sizes=\"(max-width: 300px) 100vw, 300px\" \/><\/a> <a href=\"https:\/\/www.prijedordanas.com\/wp-content\/uploads\/2016\/12\/np-kozara-edukativna-staza-2.jpg\"><img loading=\"lazy\" decoding=\"async\" src=\"https:\/\/www.prijedordanas.com\/wp-content\/uploads\/2016\/12\/np-kozara-edukativna-staza-2-300x222.jpg\" alt=\"np-kozara-edukativna-staza-2\" width=\"300\" height=\"222\" class=\"alignleft size-medium wp-image-67774\" srcset=\"https:\/\/www.prijedordanas.com\/wp-content\/uploads\/2016\/12\/np-kozara-edukativna-staza-2-300x222.jpg 300w, https:\/\/www.prijedordanas.com\/wp-content\/uploads\/2016\/12\/np-kozara-edukativna-staza-2-100x74.jpg 100w, https:\/\/www.prijedordanas.com\/wp-content\/uploads\/2016\/12\/np-kozara-edukativna-staza-2.jpg 675w\" sizes=\"(max-width: 300px) 100vw, 300px\" \/><\/a><\/p>\n","protected":false},"excerpt":{"rendered":"<p>U Nacionalnom parku &#8220;Kozara&#8221; postavljena je edukativna staza pod nazivom &#8220;Upoznaj zavi\u010daj&#8221; namijenjena u\u010denicima ni\u017eih razreda osnovne \u0161kole, a realizovana je uz podr\u0161ku Turisti\u010dke organizacije grada Prijedora i kompanije &#8220;Arselor [&hellip;]<\/p>\n","protected":false},"author":1,"featured_media":0,"comment_status":"closed","ping_status":"open","sticky":false,"template":"","format":"standard","meta":{"_monsterinsights_skip_tracking":false,"_monsterinsights_sitenote_active":false,"_monsterinsights_sitenote_note":"","_monsterinsights_sitenote_category":0,"footnotes":""},"categories":[4],"tags":[8889,388,9334],"yoast_head":"<!-- This site is optimized with the Yoast SEO plugin v21.6 - https:\/\/yoast.com\/wordpress\/plugins\/seo\/ -->\n<title>NACIONALNI PARK \u201eKOZARA\u201c: POSTAVLJENA EDUKATIVNA STAZA &quot;UPOZNAJ ZAVI\u010cAJ&quot; - FOTO - PrijedorDanas.com - Prijedorski gradski portal<\/title>\n<meta name=\"robots\" content=\"index, follow, max-snippet:-1, max-image-preview:large, max-video-preview:-1\" \/>\n<link rel=\"canonical\" href=\"https:\/\/www.prijedordanas.com\/?p=67770\" \/>\n<meta property=\"og:locale\" content=\"en_US\" \/>\n<meta property=\"og:type\" content=\"article\" \/>\n<meta property=\"og:title\" content=\"NACIONALNI PARK \u201eKOZARA\u201c: POSTAVLJENA EDUKATIVNA STAZA &quot;UPOZNAJ ZAVI\u010cAJ&quot; - FOTO - PrijedorDanas.com - Prijedorski gradski portal\" \/>\n<meta property=\"og:description\" content=\"U Nacionalnom parku &#8220;Kozara&#8221; postavljena je edukativna staza pod nazivom &#8220;Upoznaj zavi\u010daj&#8221; namijenjena u\u010denicima ni\u017eih razreda osnovne \u0161kole, a realizovana je uz podr\u0161ku Turisti\u010dke organizacije grada Prijedora i kompanije &#8220;Arselor [&hellip;]\" \/>\n<meta property=\"og:url\" content=\"https:\/\/www.prijedordanas.com\/?p=67770\" \/>\n<meta property=\"og:site_name\" content=\"PrijedorDanas.com - Prijedorski gradski portal\" \/>\n<meta property=\"article:publisher\" content=\"https:\/\/www.facebook.com\/PrijedorDanasCom\/\" \/>\n<meta property=\"article:published_time\" content=\"2016-12-01T12:32:27+00:00\" \/>\n<meta property=\"og:image\" content=\"https:\/\/www.prijedordanas.com\/wp-content\/uploads\/2016\/12\/srna-np-kozara-edukativna-staza-1-300x222.jpg\" \/>\n<meta name=\"author\" content=\"admin\" \/>\n<meta name=\"twitter:card\" content=\"summary_large_image\" \/>\n<meta name=\"twitter:label1\" content=\"Written by\" \/>\n\t<meta name=\"twitter:data1\" content=\"admin\" \/>\n\t<meta name=\"twitter:label2\" content=\"Est. reading time\" \/>\n\t<meta name=\"twitter:data2\" content=\"1 minute\" \/>\n<script type=\"application\/ld+json\" class=\"yoast-schema-graph\">{\"@context\":\"https:\/\/schema.org\",\"@graph\":[{\"@type\":\"Article\",\"@id\":\"https:\/\/www.prijedordanas.com\/?p=67770#article\",\"isPartOf\":{\"@id\":\"https:\/\/www.prijedordanas.com\/?p=67770\"},\"author\":{\"name\":\"admin\",\"@id\":\"https:\/\/www.prijedordanas.com\/#\/schema\/person\/4e08ccf29b506ca916ff86d46bb700e6\"},\"headline\":\"NACIONALNI PARK \u201eKOZARA\u201c: POSTAVLJENA EDUKATIVNA STAZA &#8220;UPOZNAJ ZAVI\u010cAJ&#8221; &#8211; FOTO\",\"datePublished\":\"2016-12-01T12:32:27+00:00\",\"dateModified\":\"2016-12-01T12:32:27+00:00\",\"mainEntityOfPage\":{\"@id\":\"https:\/\/www.prijedordanas.com\/?p=67770\"},\"wordCount\":299,\"publisher\":{\"@id\":\"https:\/\/www.prijedordanas.com\/#organization\"},\"keywords\":[\"edukativna staza\",\"Nacionalni park Kozara\",\"Upoznaj zavi\u010daj\"],\"articleSection\":[\"Dru\u0161tvo\"],\"inLanguage\":\"en-US\"},{\"@type\":\"WebPage\",\"@id\":\"https:\/\/www.prijedordanas.com\/?p=67770\",\"url\":\"https:\/\/www.prijedordanas.com\/?p=67770\",\"name\":\"NACIONALNI PARK \u201eKOZARA\u201c: POSTAVLJENA EDUKATIVNA STAZA \\\"UPOZNAJ ZAVI\u010cAJ\\\" - FOTO - PrijedorDanas.com - Prijedorski gradski portal\",\"isPartOf\":{\"@id\":\"https:\/\/www.prijedordanas.com\/#website\"},\"datePublished\":\"2016-12-01T12:32:27+00:00\",\"dateModified\":\"2016-12-01T12:32:27+00:00\",\"breadcrumb\":{\"@id\":\"https:\/\/www.prijedordanas.com\/?p=67770#breadcrumb\"},\"inLanguage\":\"en-US\",\"potentialAction\":[{\"@type\":\"ReadAction\",\"target\":[\"https:\/\/www.prijedordanas.com\/?p=67770\"]}]},{\"@type\":\"BreadcrumbList\",\"@id\":\"https:\/\/www.prijedordanas.com\/?p=67770#breadcrumb\",\"itemListElement\":[{\"@type\":\"ListItem\",\"position\":1,\"name\":\"Home\",\"item\":\"https:\/\/www.prijedordanas.com\/\"},{\"@type\":\"ListItem\",\"position\":2,\"name\":\"NACIONALNI PARK \u201eKOZARA\u201c: POSTAVLJENA EDUKATIVNA STAZA &#8220;UPOZNAJ ZAVI\u010cAJ&#8221; &#8211; FOTO\"}]},{\"@type\":\"WebSite\",\"@id\":\"https:\/\/www.prijedordanas.com\/#website\",\"url\":\"https:\/\/www.prijedordanas.com\/\",\"name\":\"PrijedorDanas.com - Prijedorski gradski portal\",\"description\":\"Portal o doga\u0111anjima u gradu Prijedoru\",\"publisher\":{\"@id\":\"https:\/\/www.prijedordanas.com\/#organization\"},\"potentialAction\":[{\"@type\":\"SearchAction\",\"target\":{\"@type\":\"EntryPoint\",\"urlTemplate\":\"https:\/\/www.prijedordanas.com\/?s={search_term_string}\"},\"query-input\":\"required name=search_term_string\"}],\"inLanguage\":\"en-US\"},{\"@type\":\"Organization\",\"@id\":\"https:\/\/www.prijedordanas.com\/#organization\",\"name\":\"PrijedorDanas.com\",\"url\":\"https:\/\/www.prijedordanas.com\/\",\"logo\":{\"@type\":\"ImageObject\",\"inLanguage\":\"en-US\",\"@id\":\"https:\/\/www.prijedordanas.com\/#\/schema\/logo\/image\/\",\"url\":\"http:\/\/www.prijedordanas.com\/wp-content\/uploads\/2021\/12\/logopng.png\",\"contentUrl\":\"http:\/\/www.prijedordanas.com\/wp-content\/uploads\/2021\/12\/logopng.png\",\"width\":1019,\"height\":776,\"caption\":\"PrijedorDanas.com\"},\"image\":{\"@id\":\"https:\/\/www.prijedordanas.com\/#\/schema\/logo\/image\/\"},\"sameAs\":[\"https:\/\/www.facebook.com\/PrijedorDanasCom\/\"]},{\"@type\":\"Person\",\"@id\":\"https:\/\/www.prijedordanas.com\/#\/schema\/person\/4e08ccf29b506ca916ff86d46bb700e6\",\"name\":\"admin\",\"image\":{\"@type\":\"ImageObject\",\"inLanguage\":\"en-US\",\"@id\":\"https:\/\/www.prijedordanas.com\/#\/schema\/person\/image\/\",\"url\":\"https:\/\/secure.gravatar.com\/avatar\/1d3fc949d550f0b53a5f0d51e06dfd79?s=96&d=mm&r=g\",\"contentUrl\":\"https:\/\/secure.gravatar.com\/avatar\/1d3fc949d550f0b53a5f0d51e06dfd79?s=96&d=mm&r=g\",\"caption\":\"admin\"},\"url\":\"https:\/\/www.prijedordanas.com\/?author=1\"}]}<\/script>\n<!-- \/ Yoast SEO plugin. -->","yoast_head_json":{"title":"NACIONALNI PARK \u201eKOZARA\u201c: POSTAVLJENA EDUKATIVNA STAZA \"UPOZNAJ ZAVI\u010cAJ\" - FOTO - PrijedorDanas.com - Prijedorski gradski portal","robots":{"index":"index","follow":"follow","max-snippet":"max-snippet:-1","max-image-preview":"max-image-preview:large","max-video-preview":"max-video-preview:-1"},"canonical":"https:\/\/www.prijedordanas.com\/?p=67770","og_locale":"en_US","og_type":"article","og_title":"NACIONALNI PARK \u201eKOZARA\u201c: POSTAVLJENA EDUKATIVNA STAZA \"UPOZNAJ ZAVI\u010cAJ\" - FOTO - PrijedorDanas.com - Prijedorski gradski portal","og_description":"U Nacionalnom parku &#8220;Kozara&#8221; postavljena je edukativna staza pod nazivom &#8220;Upoznaj zavi\u010daj&#8221; namijenjena u\u010denicima ni\u017eih razreda osnovne \u0161kole, a realizovana je uz podr\u0161ku Turisti\u010dke organizacije grada Prijedora i kompanije &#8220;Arselor [&hellip;]","og_url":"https:\/\/www.prijedordanas.com\/?p=67770","og_site_name":"PrijedorDanas.com - Prijedorski gradski portal","article_publisher":"https:\/\/www.facebook.com\/PrijedorDanasCom\/","article_published_time":"2016-12-01T12:32:27+00:00","og_image":[{"url":"https:\/\/www.prijedordanas.com\/wp-content\/uploads\/2016\/12\/srna-np-kozara-edukativna-staza-1-300x222.jpg"}],"author":"admin","twitter_card":"summary_large_image","twitter_misc":{"Written by":"admin","Est. reading time":"1 minute"},"schema":{"@context":"https:\/\/schema.org","@graph":[{"@type":"Article","@id":"https:\/\/www.prijedordanas.com\/?p=67770#article","isPartOf":{"@id":"https:\/\/www.prijedordanas.com\/?p=67770"},"author":{"name":"admin","@id":"https:\/\/www.prijedordanas.com\/#\/schema\/person\/4e08ccf29b506ca916ff86d46bb700e6"},"headline":"NACIONALNI PARK \u201eKOZARA\u201c: POSTAVLJENA EDUKATIVNA STAZA &#8220;UPOZNAJ ZAVI\u010cAJ&#8221; &#8211; FOTO","datePublished":"2016-12-01T12:32:27+00:00","dateModified":"2016-12-01T12:32:27+00:00","mainEntityOfPage":{"@id":"https:\/\/www.prijedordanas.com\/?p=67770"},"wordCount":299,"publisher":{"@id":"https:\/\/www.prijedordanas.com\/#organization"},"keywords":["edukativna staza","Nacionalni park Kozara","Upoznaj zavi\u010daj"],"articleSection":["Dru\u0161tvo"],"inLanguage":"en-US"},{"@type":"WebPage","@id":"https:\/\/www.prijedordanas.com\/?p=67770","url":"https:\/\/www.prijedordanas.com\/?p=67770","name":"NACIONALNI PARK \u201eKOZARA\u201c: POSTAVLJENA EDUKATIVNA STAZA \"UPOZNAJ ZAVI\u010cAJ\" - FOTO - PrijedorDanas.com - Prijedorski gradski portal","isPartOf":{"@id":"https:\/\/www.prijedordanas.com\/#website"},"datePublished":"2016-12-01T12:32:27+00:00","dateModified":"2016-12-01T12:32:27+00:00","breadcrumb":{"@id":"https:\/\/www.prijedordanas.com\/?p=67770#breadcrumb"},"inLanguage":"en-US","potentialAction":[{"@type":"ReadAction","target":["https:\/\/www.prijedordanas.com\/?p=67770"]}]},{"@type":"BreadcrumbList","@id":"https:\/\/www.prijedordanas.com\/?p=67770#breadcrumb","itemListElement":[{"@type":"ListItem","position":1,"name":"Home","item":"https:\/\/www.prijedordanas.com\/"},{"@type":"ListItem","position":2,"name":"NACIONALNI PARK \u201eKOZARA\u201c: POSTAVLJENA EDUKATIVNA STAZA &#8220;UPOZNAJ ZAVI\u010cAJ&#8221; &#8211; FOTO"}]},{"@type":"WebSite","@id":"https:\/\/www.prijedordanas.com\/#website","url":"https:\/\/www.prijedordanas.com\/","name":"PrijedorDanas.com - Prijedorski gradski portal","description":"Portal o doga\u0111anjima u gradu Prijedoru","publisher":{"@id":"https:\/\/www.prijedordanas.com\/#organization"},"potentialAction":[{"@type":"SearchAction","target":{"@type":"EntryPoint","urlTemplate":"https:\/\/www.prijedordanas.com\/?s={search_term_string}"},"query-input":"required name=search_term_string"}],"inLanguage":"en-US"},{"@type":"Organization","@id":"https:\/\/www.prijedordanas.com\/#organization","name":"PrijedorDanas.com","url":"https:\/\/www.prijedordanas.com\/","logo":{"@type":"ImageObject","inLanguage":"en-US","@id":"https:\/\/www.prijedordanas.com\/#\/schema\/logo\/image\/","url":"http:\/\/www.prijedordanas.com\/wp-content\/uploads\/2021\/12\/logopng.png","contentUrl":"http:\/\/www.prijedordanas.com\/wp-content\/uploads\/2021\/12\/logopng.png","width":1019,"height":776,"caption":"PrijedorDanas.com"},"image":{"@id":"https:\/\/www.prijedordanas.com\/#\/schema\/logo\/image\/"},"sameAs":["https:\/\/www.facebook.com\/PrijedorDanasCom\/"]},{"@type":"Person","@id":"https:\/\/www.prijedordanas.com\/#\/schema\/person\/4e08ccf29b506ca916ff86d46bb700e6","name":"admin","image":{"@type":"ImageObject","inLanguage":"en-US","@id":"https:\/\/www.prijedordanas.com\/#\/schema\/person\/image\/","url":"https:\/\/secure.gravatar.com\/avatar\/1d3fc949d550f0b53a5f0d51e06dfd79?s=96&d=mm&r=g","contentUrl":"https:\/\/secure.gravatar.com\/avatar\/1d3fc949d550f0b53a5f0d51e06dfd79?s=96&d=mm&r=g","caption":"admin"},"url":"https:\/\/www.prijedordanas.com\/?author=1"}]}},"_links":{"self":[{"href":"https:\/\/www.prijedordanas.com\/index.php?rest_route=\/wp\/v2\/posts\/67770"}],"collection":[{"href":"https:\/\/www.prijedordanas.com\/index.php?rest_route=\/wp\/v2\/posts"}],"about":[{"href":"https:\/\/www.prijedordanas.com\/index.php?rest_route=\/wp\/v2\/types\/post"}],"author":[{"embeddable":true,"href":"https:\/\/www.prijedordanas.com\/index.php?rest_route=\/wp\/v2\/users\/1"}],"replies":[{"embeddable":true,"href":"https:\/\/www.prijedordanas.com\/index.php?rest_route=%2Fwp%2Fv2%2Fcomments&post=67770"}],"version-history":[{"count":1,"href":"https:\/\/www.prijedordanas.com\/index.php?rest_route=\/wp\/v2\/posts\/67770\/revisions"}],"predecessor-version":[{"id":67775,"href":"https:\/\/www.prijedordanas.com\/index.php?rest_route=\/wp\/v2\/posts\/67770\/revisions\/67775"}],"wp:attachment":[{"href":"https:\/\/www.prijedordanas.com\/index.php?rest_route=%2Fwp%2Fv2%2Fmedia&parent=67770"}],"wp:term":[{"taxonomy":"category","embeddable":true,"href":"https:\/\/www.prijedordanas.com\/index.php?rest_route=%2Fwp%2Fv2%2Fcategories&post=67770"},{"taxonomy":"post_tag","embeddable":true,"href":"https:\/\/www.prijedordanas.com\/index.php?rest_route=%2Fwp%2Fv2%2Ftags&post=67770"}],"curies":[{"name":"wp","href":"https:\/\/api.w.org\/{rel}","templated":true}]}}