{"id":67748,"date":"2016-12-01T09:02:05","date_gmt":"2016-12-01T08:02:05","guid":{"rendered":"https:\/\/www.prijedordanas.com\/?p=67748"},"modified":"2016-12-01T09:02:05","modified_gmt":"2016-12-01T08:02:05","slug":"u-afektu-radan-vekic-pucao-ubio-zajmodavca","status":"publish","type":"post","link":"https:\/\/www.prijedordanas.com\/?p=67748","title":{"rendered":"U AFEKTU RADAN VEKI\u0106 PUCAO I UBIO ZAJMODAVCA"},"content":{"rendered":"<p><a href=\"https:\/\/www.prijedordanas.com\/wp-content\/uploads\/2016\/11\/glas-sudjenje-vekic.jpg\"><img loading=\"lazy\" decoding=\"async\" class=\"alignleft size-medium wp-image-66180\" src=\"https:\/\/www.prijedordanas.com\/wp-content\/uploads\/2016\/11\/glas-sudjenje-vekic-300x222.jpg\" alt=\"glas-sudjenje-vekic\" width=\"300\" height=\"222\" srcset=\"https:\/\/www.prijedordanas.com\/wp-content\/uploads\/2016\/11\/glas-sudjenje-vekic-300x222.jpg 300w, https:\/\/www.prijedordanas.com\/wp-content\/uploads\/2016\/11\/glas-sudjenje-vekic-100x74.jpg 100w, https:\/\/www.prijedordanas.com\/wp-content\/uploads\/2016\/11\/glas-sudjenje-vekic.jpg 676w\" sizes=\"(max-width: 300px) 100vw, 300px\" \/><\/a>Radan Veki\u0107 (24) iz Prijedora, u vrijeme ubistva sugra\u0111anina Milana Maksimovi\u0107a (50) bio je u stanju bitno smanjene mogu\u0107nosti da upravlja svojim postupcima, kazao je ovo u banjalu\u010dkom Okru\u017enom sudu vje\u0161tak odbrane Bogdan Stojakovi\u0107.<\/p>\n<p>&#8211; Veki\u0107 je u to vrijeme bio u stanju povi\u0161enog afekta. Njegova mogu\u0107nost da shvati zna\u010daj djela i posljedice bila je smanjena &#8211; rekao je Stojakovi\u0107.<\/p>\n<p>Tu\u017eilac \u017dana Boji\u0107 prigovorila je vje\u0161taku jer smatra da je pristrastan i jer je u nalaz uvrstio i izvje\u0161taj poligrafskog ispitivanja iako to nije dokaz.<\/p>\n<p>Svjedo\u010denjem vje\u0161taka zavr\u0161en je dokazni postupak u ovom slu\u010daju. Predsjednik sudskog vije\u0107a Snje\u017eana Kudri\u0107 izno\u0161enje zavr\u0161nih rije\u010di zakazala je za 1. decembar.<\/p>\n<p><a href=\"https:\/\/www.prijedordanas.com\/wp-content\/uploads\/2016\/12\/glas-ilustracija.jpg\"><img loading=\"lazy\" decoding=\"async\" src=\"https:\/\/www.prijedordanas.com\/wp-content\/uploads\/2016\/12\/glas-ilustracija-300x249.jpg\" alt=\"glas-ilustracija\" width=\"300\" height=\"249\" class=\"alignleft size-medium wp-image-67749\" srcset=\"https:\/\/www.prijedordanas.com\/wp-content\/uploads\/2016\/12\/glas-ilustracija-300x249.jpg 300w, https:\/\/www.prijedordanas.com\/wp-content\/uploads\/2016\/12\/glas-ilustracija-100x83.jpg 100w, https:\/\/www.prijedordanas.com\/wp-content\/uploads\/2016\/12\/glas-ilustracija.jpg 638w\" sizes=\"(max-width: 300px) 100vw, 300px\" \/><\/a>Advokat optu\u017eenog Veki\u0107a, Krstan Simi\u0107 tra\u017eio je da Sud kao dokaz pribavi izvje\u0161taj od policije o Maksimovi\u0107evim sukobima sa zakonom. Na ovaj prijedlog reagovao je punomo\u0107nik \u017ertvine porodice advokat Milorad Mali\u0107 koji je istakao da odbrana izvodi dokaze kao da se sudi \u017ertvi, a ne optu\u017eenom.<\/p>\n<p>&#8211; Porodica \u017ertve dosta je propatila &#8211; rekao je Mali\u0107.<\/p>\n<p>Prijedlog advokata Simi\u0107a je nakon ovih primjedbi Sud odbio. Veki\u0107 je optu\u017een da je usmrtio Maksimovi\u0107a hicima iz vojni\u010dke pu\u0161ke M-48 14. maja ove godine u selu \u0160padi\u0107i kod Prijedora zbog duga. Tog dana je pozvao telefonom Maksimovi\u0107a od kojeg je posudio novac i tra\u017eio da se na\u0111u u Prijedoru na benzinskoj pumpi, jer ho\u0107e da mu vrati dug. Me\u0111utim, ne\u0161to kasnije ga je opet pozvao i rekao da mu je &#8220;golf&#8221; ostao u kvaru u \u0160padi\u0107ima i da do\u0111e po njega. Veki\u0107 se sakrio iza svog vozila i kada se Maksimovi\u0107 pojavio pucao je na \u017ertvu iz pu\u0161ke. Pogodio ga je u grudi i glavu.<\/p>\n<p>Glas Srpske<\/p>\n","protected":false},"excerpt":{"rendered":"<p>Radan Veki\u0107 (24) iz Prijedora, u vrijeme ubistva sugra\u0111anina Milana Maksimovi\u0107a (50) bio je u stanju bitno smanjene mogu\u0107nosti da upravlja svojim postupcima, kazao je ovo u banjalu\u010dkom Okru\u017enom sudu [&hellip;]<\/p>\n","protected":false},"author":1,"featured_media":0,"comment_status":"closed","ping_status":"open","sticky":false,"template":"","format":"standard","meta":{"_monsterinsights_skip_tracking":false,"_monsterinsights_sitenote_active":false,"_monsterinsights_sitenote_note":"","_monsterinsights_sitenote_category":0,"footnotes":""},"categories":[5],"tags":[7845,7867,249,1002],"yoast_head":"<!-- This site is optimized with the Yoast SEO plugin v21.6 - https:\/\/yoast.com\/wordpress\/plugins\/seo\/ -->\n<title>U AFEKTU RADAN VEKI\u0106 PUCAO I UBIO ZAJMODAVCA - PrijedorDanas.com - Prijedorski gradski portal<\/title>\n<meta name=\"robots\" content=\"index, follow, max-snippet:-1, max-image-preview:large, max-video-preview:-1\" \/>\n<link rel=\"canonical\" href=\"https:\/\/www.prijedordanas.com\/?p=67748\" \/>\n<meta property=\"og:locale\" content=\"en_US\" \/>\n<meta property=\"og:type\" content=\"article\" \/>\n<meta property=\"og:title\" content=\"U AFEKTU RADAN VEKI\u0106 PUCAO I UBIO ZAJMODAVCA - PrijedorDanas.com - Prijedorski gradski portal\" \/>\n<meta property=\"og:description\" content=\"Radan Veki\u0107 (24) iz Prijedora, u vrijeme ubistva sugra\u0111anina Milana Maksimovi\u0107a (50) bio je u stanju bitno smanjene mogu\u0107nosti da upravlja svojim postupcima, kazao je ovo u banjalu\u010dkom Okru\u017enom sudu [&hellip;]\" \/>\n<meta property=\"og:url\" content=\"https:\/\/www.prijedordanas.com\/?p=67748\" \/>\n<meta property=\"og:site_name\" content=\"PrijedorDanas.com - Prijedorski gradski portal\" \/>\n<meta property=\"article:publisher\" content=\"https:\/\/www.facebook.com\/PrijedorDanasCom\/\" \/>\n<meta property=\"article:published_time\" content=\"2016-12-01T08:02:05+00:00\" \/>\n<meta property=\"og:image\" content=\"https:\/\/www.prijedordanas.com\/wp-content\/uploads\/2016\/11\/glas-sudjenje-vekic-300x222.jpg\" \/>\n<meta name=\"author\" content=\"admin\" \/>\n<meta name=\"twitter:card\" content=\"summary_large_image\" \/>\n<meta name=\"twitter:label1\" content=\"Written by\" \/>\n\t<meta name=\"twitter:data1\" content=\"admin\" \/>\n\t<meta name=\"twitter:label2\" content=\"Est. reading time\" \/>\n\t<meta name=\"twitter:data2\" content=\"2 minutes\" \/>\n<script type=\"application\/ld+json\" class=\"yoast-schema-graph\">{\"@context\":\"https:\/\/schema.org\",\"@graph\":[{\"@type\":\"Article\",\"@id\":\"https:\/\/www.prijedordanas.com\/?p=67748#article\",\"isPartOf\":{\"@id\":\"https:\/\/www.prijedordanas.com\/?p=67748\"},\"author\":{\"name\":\"admin\",\"@id\":\"https:\/\/www.prijedordanas.com\/#\/schema\/person\/4e08ccf29b506ca916ff86d46bb700e6\"},\"headline\":\"U AFEKTU RADAN VEKI\u0106 PUCAO I UBIO ZAJMODAVCA\",\"datePublished\":\"2016-12-01T08:02:05+00:00\",\"dateModified\":\"2016-12-01T08:02:05+00:00\",\"mainEntityOfPage\":{\"@id\":\"https:\/\/www.prijedordanas.com\/?p=67748\"},\"wordCount\":318,\"publisher\":{\"@id\":\"https:\/\/www.prijedordanas.com\/#organization\"},\"keywords\":[\"Milan Maksimovi\u0107\",\"Radan Veki\u0107\",\"su\u0111enje\",\"ubistvo\"],\"articleSection\":[\"Hronika\"],\"inLanguage\":\"en-US\"},{\"@type\":\"WebPage\",\"@id\":\"https:\/\/www.prijedordanas.com\/?p=67748\",\"url\":\"https:\/\/www.prijedordanas.com\/?p=67748\",\"name\":\"U AFEKTU RADAN VEKI\u0106 PUCAO I UBIO ZAJMODAVCA - PrijedorDanas.com - Prijedorski gradski portal\",\"isPartOf\":{\"@id\":\"https:\/\/www.prijedordanas.com\/#website\"},\"datePublished\":\"2016-12-01T08:02:05+00:00\",\"dateModified\":\"2016-12-01T08:02:05+00:00\",\"breadcrumb\":{\"@id\":\"https:\/\/www.prijedordanas.com\/?p=67748#breadcrumb\"},\"inLanguage\":\"en-US\",\"potentialAction\":[{\"@type\":\"ReadAction\",\"target\":[\"https:\/\/www.prijedordanas.com\/?p=67748\"]}]},{\"@type\":\"BreadcrumbList\",\"@id\":\"https:\/\/www.prijedordanas.com\/?p=67748#breadcrumb\",\"itemListElement\":[{\"@type\":\"ListItem\",\"position\":1,\"name\":\"Home\",\"item\":\"https:\/\/www.prijedordanas.com\/\"},{\"@type\":\"ListItem\",\"position\":2,\"name\":\"U AFEKTU RADAN VEKI\u0106 PUCAO I UBIO ZAJMODAVCA\"}]},{\"@type\":\"WebSite\",\"@id\":\"https:\/\/www.prijedordanas.com\/#website\",\"url\":\"https:\/\/www.prijedordanas.com\/\",\"name\":\"PrijedorDanas.com - Prijedorski gradski portal\",\"description\":\"Portal o doga\u0111anjima u gradu Prijedoru\",\"publisher\":{\"@id\":\"https:\/\/www.prijedordanas.com\/#organization\"},\"potentialAction\":[{\"@type\":\"SearchAction\",\"target\":{\"@type\":\"EntryPoint\",\"urlTemplate\":\"https:\/\/www.prijedordanas.com\/?s={search_term_string}\"},\"query-input\":\"required name=search_term_string\"}],\"inLanguage\":\"en-US\"},{\"@type\":\"Organization\",\"@id\":\"https:\/\/www.prijedordanas.com\/#organization\",\"name\":\"PrijedorDanas.com\",\"url\":\"https:\/\/www.prijedordanas.com\/\",\"logo\":{\"@type\":\"ImageObject\",\"inLanguage\":\"en-US\",\"@id\":\"https:\/\/www.prijedordanas.com\/#\/schema\/logo\/image\/\",\"url\":\"http:\/\/www.prijedordanas.com\/wp-content\/uploads\/2021\/12\/logopng.png\",\"contentUrl\":\"http:\/\/www.prijedordanas.com\/wp-content\/uploads\/2021\/12\/logopng.png\",\"width\":1019,\"height\":776,\"caption\":\"PrijedorDanas.com\"},\"image\":{\"@id\":\"https:\/\/www.prijedordanas.com\/#\/schema\/logo\/image\/\"},\"sameAs\":[\"https:\/\/www.facebook.com\/PrijedorDanasCom\/\"]},{\"@type\":\"Person\",\"@id\":\"https:\/\/www.prijedordanas.com\/#\/schema\/person\/4e08ccf29b506ca916ff86d46bb700e6\",\"name\":\"admin\",\"image\":{\"@type\":\"ImageObject\",\"inLanguage\":\"en-US\",\"@id\":\"https:\/\/www.prijedordanas.com\/#\/schema\/person\/image\/\",\"url\":\"https:\/\/secure.gravatar.com\/avatar\/1d3fc949d550f0b53a5f0d51e06dfd79?s=96&d=mm&r=g\",\"contentUrl\":\"https:\/\/secure.gravatar.com\/avatar\/1d3fc949d550f0b53a5f0d51e06dfd79?s=96&d=mm&r=g\",\"caption\":\"admin\"},\"url\":\"https:\/\/www.prijedordanas.com\/?author=1\"}]}<\/script>\n<!-- \/ Yoast SEO plugin. -->","yoast_head_json":{"title":"U AFEKTU RADAN VEKI\u0106 PUCAO I UBIO ZAJMODAVCA - PrijedorDanas.com - Prijedorski gradski portal","robots":{"index":"index","follow":"follow","max-snippet":"max-snippet:-1","max-image-preview":"max-image-preview:large","max-video-preview":"max-video-preview:-1"},"canonical":"https:\/\/www.prijedordanas.com\/?p=67748","og_locale":"en_US","og_type":"article","og_title":"U AFEKTU RADAN VEKI\u0106 PUCAO I UBIO ZAJMODAVCA - PrijedorDanas.com - Prijedorski gradski portal","og_description":"Radan Veki\u0107 (24) iz Prijedora, u vrijeme ubistva sugra\u0111anina Milana Maksimovi\u0107a (50) bio je u stanju bitno smanjene mogu\u0107nosti da upravlja svojim postupcima, kazao je ovo u banjalu\u010dkom Okru\u017enom sudu [&hellip;]","og_url":"https:\/\/www.prijedordanas.com\/?p=67748","og_site_name":"PrijedorDanas.com - Prijedorski gradski portal","article_publisher":"https:\/\/www.facebook.com\/PrijedorDanasCom\/","article_published_time":"2016-12-01T08:02:05+00:00","og_image":[{"url":"https:\/\/www.prijedordanas.com\/wp-content\/uploads\/2016\/11\/glas-sudjenje-vekic-300x222.jpg"}],"author":"admin","twitter_card":"summary_large_image","twitter_misc":{"Written by":"admin","Est. reading time":"2 minutes"},"schema":{"@context":"https:\/\/schema.org","@graph":[{"@type":"Article","@id":"https:\/\/www.prijedordanas.com\/?p=67748#article","isPartOf":{"@id":"https:\/\/www.prijedordanas.com\/?p=67748"},"author":{"name":"admin","@id":"https:\/\/www.prijedordanas.com\/#\/schema\/person\/4e08ccf29b506ca916ff86d46bb700e6"},"headline":"U AFEKTU RADAN VEKI\u0106 PUCAO I UBIO ZAJMODAVCA","datePublished":"2016-12-01T08:02:05+00:00","dateModified":"2016-12-01T08:02:05+00:00","mainEntityOfPage":{"@id":"https:\/\/www.prijedordanas.com\/?p=67748"},"wordCount":318,"publisher":{"@id":"https:\/\/www.prijedordanas.com\/#organization"},"keywords":["Milan Maksimovi\u0107","Radan Veki\u0107","su\u0111enje","ubistvo"],"articleSection":["Hronika"],"inLanguage":"en-US"},{"@type":"WebPage","@id":"https:\/\/www.prijedordanas.com\/?p=67748","url":"https:\/\/www.prijedordanas.com\/?p=67748","name":"U AFEKTU RADAN VEKI\u0106 PUCAO I UBIO ZAJMODAVCA - PrijedorDanas.com - Prijedorski gradski portal","isPartOf":{"@id":"https:\/\/www.prijedordanas.com\/#website"},"datePublished":"2016-12-01T08:02:05+00:00","dateModified":"2016-12-01T08:02:05+00:00","breadcrumb":{"@id":"https:\/\/www.prijedordanas.com\/?p=67748#breadcrumb"},"inLanguage":"en-US","potentialAction":[{"@type":"ReadAction","target":["https:\/\/www.prijedordanas.com\/?p=67748"]}]},{"@type":"BreadcrumbList","@id":"https:\/\/www.prijedordanas.com\/?p=67748#breadcrumb","itemListElement":[{"@type":"ListItem","position":1,"name":"Home","item":"https:\/\/www.prijedordanas.com\/"},{"@type":"ListItem","position":2,"name":"U AFEKTU RADAN VEKI\u0106 PUCAO I UBIO ZAJMODAVCA"}]},{"@type":"WebSite","@id":"https:\/\/www.prijedordanas.com\/#website","url":"https:\/\/www.prijedordanas.com\/","name":"PrijedorDanas.com - Prijedorski gradski portal","description":"Portal o doga\u0111anjima u gradu Prijedoru","publisher":{"@id":"https:\/\/www.prijedordanas.com\/#organization"},"potentialAction":[{"@type":"SearchAction","target":{"@type":"EntryPoint","urlTemplate":"https:\/\/www.prijedordanas.com\/?s={search_term_string}"},"query-input":"required name=search_term_string"}],"inLanguage":"en-US"},{"@type":"Organization","@id":"https:\/\/www.prijedordanas.com\/#organization","name":"PrijedorDanas.com","url":"https:\/\/www.prijedordanas.com\/","logo":{"@type":"ImageObject","inLanguage":"en-US","@id":"https:\/\/www.prijedordanas.com\/#\/schema\/logo\/image\/","url":"http:\/\/www.prijedordanas.com\/wp-content\/uploads\/2021\/12\/logopng.png","contentUrl":"http:\/\/www.prijedordanas.com\/wp-content\/uploads\/2021\/12\/logopng.png","width":1019,"height":776,"caption":"PrijedorDanas.com"},"image":{"@id":"https:\/\/www.prijedordanas.com\/#\/schema\/logo\/image\/"},"sameAs":["https:\/\/www.facebook.com\/PrijedorDanasCom\/"]},{"@type":"Person","@id":"https:\/\/www.prijedordanas.com\/#\/schema\/person\/4e08ccf29b506ca916ff86d46bb700e6","name":"admin","image":{"@type":"ImageObject","inLanguage":"en-US","@id":"https:\/\/www.prijedordanas.com\/#\/schema\/person\/image\/","url":"https:\/\/secure.gravatar.com\/avatar\/1d3fc949d550f0b53a5f0d51e06dfd79?s=96&d=mm&r=g","contentUrl":"https:\/\/secure.gravatar.com\/avatar\/1d3fc949d550f0b53a5f0d51e06dfd79?s=96&d=mm&r=g","caption":"admin"},"url":"https:\/\/www.prijedordanas.com\/?author=1"}]}},"_links":{"self":[{"href":"https:\/\/www.prijedordanas.com\/index.php?rest_route=\/wp\/v2\/posts\/67748"}],"collection":[{"href":"https:\/\/www.prijedordanas.com\/index.php?rest_route=\/wp\/v2\/posts"}],"about":[{"href":"https:\/\/www.prijedordanas.com\/index.php?rest_route=\/wp\/v2\/types\/post"}],"author":[{"embeddable":true,"href":"https:\/\/www.prijedordanas.com\/index.php?rest_route=\/wp\/v2\/users\/1"}],"replies":[{"embeddable":true,"href":"https:\/\/www.prijedordanas.com\/index.php?rest_route=%2Fwp%2Fv2%2Fcomments&post=67748"}],"version-history":[{"count":1,"href":"https:\/\/www.prijedordanas.com\/index.php?rest_route=\/wp\/v2\/posts\/67748\/revisions"}],"predecessor-version":[{"id":67750,"href":"https:\/\/www.prijedordanas.com\/index.php?rest_route=\/wp\/v2\/posts\/67748\/revisions\/67750"}],"wp:attachment":[{"href":"https:\/\/www.prijedordanas.com\/index.php?rest_route=%2Fwp%2Fv2%2Fmedia&parent=67748"}],"wp:term":[{"taxonomy":"category","embeddable":true,"href":"https:\/\/www.prijedordanas.com\/index.php?rest_route=%2Fwp%2Fv2%2Fcategories&post=67748"},{"taxonomy":"post_tag","embeddable":true,"href":"https:\/\/www.prijedordanas.com\/index.php?rest_route=%2Fwp%2Fv2%2Ftags&post=67748"}],"curies":[{"name":"wp","href":"https:\/\/api.w.org\/{rel}","templated":true}]}}