{"id":67540,"date":"2016-11-28T17:55:35","date_gmt":"2016-11-28T16:55:35","guid":{"rendered":"https:\/\/www.prijedordanas.com\/?p=67540"},"modified":"2016-11-28T17:57:46","modified_gmt":"2016-11-28T16:57:46","slug":"prijedor-povecan-broj-oboljelih-od-vodenih-ospica-video","status":"publish","type":"post","link":"https:\/\/www.prijedordanas.com\/?p=67540","title":{"rendered":"PRIJEDOR: POVE\u0106AN BROJ OBOLJELIH OD VODENIH OSPICA \u2013 VIDEO"},"content":{"rendered":"<p><a href=\"https:\/\/www.prijedordanas.com\/wp-content\/uploads\/2016\/11\/ilustracija-vodene-ospice.jpg\"><img loading=\"lazy\" decoding=\"async\" src=\"https:\/\/www.prijedordanas.com\/wp-content\/uploads\/2016\/11\/ilustracija-vodene-ospice-300x250.jpg\" alt=\"ilustracija-vodene-ospice\" width=\"300\" height=\"250\" class=\"alignleft size-medium wp-image-67542\" srcset=\"https:\/\/www.prijedordanas.com\/wp-content\/uploads\/2016\/11\/ilustracija-vodene-ospice-300x250.jpg 300w, https:\/\/www.prijedordanas.com\/wp-content\/uploads\/2016\/11\/ilustracija-vodene-ospice-100x83.jpg 100w, https:\/\/www.prijedordanas.com\/wp-content\/uploads\/2016\/11\/ilustracija-vodene-ospice.jpg 600w\" sizes=\"(max-width: 300px) 100vw, 300px\" \/><\/a>Broj djece, ali i odraslih sa vodenim ospicama u Prijedoru, posljednjih dana je u porastu. Iz Doma zdravlja tvrde da se za sada ne radi o epidemiji i da je ovakvo stanje uobi\u010dajeno za ovo doba godine. Vodene ospice prenose se kontaktom sa zara\u017eenim osobama.<\/p>\n<p>Vodene ospice su relativno \u010desto virusno oboljenje od koje naj\u010de\u0161\u0107e obolijevaju djeca uzrasta od 4 do 7 godina, a rje\u0111e i odrasle osobe.<\/p>\n<p>&#8220;\u0408a nisam bolovala to, mada je moj sin to bolovao, i jeste opasna bolest, ali kad se na vrijeme ne\u0161to lije\u010di onda je to u redu, ali mislim da su to dje\u010dije bolesti koje svako dijete treba da preboluje&#8221;, ka\u017ee Prijedor\u010danka \u0408adranka Raji\u0107.<\/p>\n<p>Primjetan je i porast oboljele djece u prijedorskim vrti\u0107ima. Struka ka\u017ee &#8211; proporu\u010dljivo je da djeca u \u0161to mla\u0111oj \u017eivotnoj dobi preboluju ovu bolest.<\/p>\n<p>&#8220;\u0160to je dijete manje, to su bla\u017ei simptomi i dijete lak\u0161e podnosi bolest, \u0161to je dijete starije pojavljuju se simptomi kao \u0161to je temperatura, povra\u0107anje i tako neki drugi simptomi&#8221;, napominje Neada Be\u0161irovi\u0107, saradnik za zdravstvena pitanja u dje\u010dijem vrti\u0107u &#8220;Radost&#8221;.<\/p>\n<p>Vodene ospice prenose se neposrednim kontaktom sa zara\u017eenim osobama. Simptomi su naj\u010de\u0161\u0107e povi\u0161ena temperatura te pojava karakteristi\u010dnog osipa. Osobe koje imaju vodene ospice najzaraznije su za okolinu jedan dan prije pojave simptoma ove bolesti, odnosno 6 do 10 dana nakon izbijanja bolesti.<\/p>\n<p>\u0160to se ti\u010de terapije, mo\u017eemo re\u0107i ono prije svega najvbitniji su ti antipiretici, kao \u0161to je paracetamol, dobra rehidracija, histaminici&#8221;, ka\u017ee doktorica porodi\u010dne medicine Danijela Peto\u0161.<\/p>\n<p>Komplikacije se uglavnom de\u0161avaju kod osoba starije \u017eivotne dobi koji ve\u0107 imaju neku hroni\u010dnu bolest kao \u0161to su bolesti srca ili dijabetes i takvi slu\u010dajevi uglavnom zahtijevaju hospitalizaciju.<\/p>\n<p>RTRS<br \/>\nFoto &#8211; ilustracija<\/p>\n<p><iframe loading=\"lazy\" width=\"500\" height=\"375\" src=\"https:\/\/www.youtube.com\/embed\/GiPt6SPk8vc?feature=oembed\" frameborder=\"0\" allowfullscreen><\/iframe><\/p>\n","protected":false},"excerpt":{"rendered":"<p>Broj djece, ali i odraslih sa vodenim ospicama u Prijedoru, posljednjih dana je u porastu. Iz Doma zdravlja tvrde da se za sada ne radi o epidemiji i da je [&hellip;]<\/p>\n","protected":false},"author":1,"featured_media":0,"comment_status":"closed","ping_status":"open","sticky":false,"template":"","format":"standard","meta":{"_monsterinsights_skip_tracking":false,"_monsterinsights_sitenote_active":false,"_monsterinsights_sitenote_note":"","_monsterinsights_sitenote_category":0,"footnotes":""},"categories":[8],"tags":[9309],"yoast_head":"<!-- This site is optimized with the Yoast SEO plugin v21.6 - https:\/\/yoast.com\/wordpress\/plugins\/seo\/ -->\n<title>PRIJEDOR: POVE\u0106AN BROJ OBOLJELIH OD VODENIH OSPICA \u2013 VIDEO - PrijedorDanas.com - Prijedorski gradski portal<\/title>\n<meta name=\"robots\" content=\"index, follow, max-snippet:-1, max-image-preview:large, max-video-preview:-1\" \/>\n<link rel=\"canonical\" href=\"https:\/\/www.prijedordanas.com\/?p=67540\" \/>\n<meta property=\"og:locale\" content=\"en_US\" \/>\n<meta property=\"og:type\" content=\"article\" \/>\n<meta property=\"og:title\" content=\"PRIJEDOR: POVE\u0106AN BROJ OBOLJELIH OD VODENIH OSPICA \u2013 VIDEO - PrijedorDanas.com - Prijedorski gradski portal\" \/>\n<meta property=\"og:description\" content=\"Broj djece, ali i odraslih sa vodenim ospicama u Prijedoru, posljednjih dana je u porastu. Iz Doma zdravlja tvrde da se za sada ne radi o epidemiji i da je [&hellip;]\" \/>\n<meta property=\"og:url\" content=\"https:\/\/www.prijedordanas.com\/?p=67540\" \/>\n<meta property=\"og:site_name\" content=\"PrijedorDanas.com - Prijedorski gradski portal\" \/>\n<meta property=\"article:publisher\" content=\"https:\/\/www.facebook.com\/PrijedorDanasCom\/\" \/>\n<meta property=\"article:published_time\" content=\"2016-11-28T16:55:35+00:00\" \/>\n<meta property=\"article:modified_time\" content=\"2016-11-28T16:57:46+00:00\" \/>\n<meta property=\"og:image\" content=\"https:\/\/www.prijedordanas.com\/wp-content\/uploads\/2016\/11\/ilustracija-vodene-ospice-300x250.jpg\" \/>\n<meta name=\"author\" content=\"admin\" \/>\n<meta name=\"twitter:card\" content=\"summary_large_image\" \/>\n<meta name=\"twitter:label1\" content=\"Written by\" \/>\n\t<meta name=\"twitter:data1\" content=\"admin\" \/>\n\t<meta name=\"twitter:label2\" content=\"Est. reading time\" \/>\n\t<meta name=\"twitter:data2\" content=\"2 minutes\" \/>\n<script type=\"application\/ld+json\" class=\"yoast-schema-graph\">{\"@context\":\"https:\/\/schema.org\",\"@graph\":[{\"@type\":\"Article\",\"@id\":\"https:\/\/www.prijedordanas.com\/?p=67540#article\",\"isPartOf\":{\"@id\":\"https:\/\/www.prijedordanas.com\/?p=67540\"},\"author\":{\"name\":\"admin\",\"@id\":\"https:\/\/www.prijedordanas.com\/#\/schema\/person\/4e08ccf29b506ca916ff86d46bb700e6\"},\"headline\":\"PRIJEDOR: POVE\u0106AN BROJ OBOLJELIH OD VODENIH OSPICA \u2013 VIDEO\",\"datePublished\":\"2016-11-28T16:55:35+00:00\",\"dateModified\":\"2016-11-28T16:57:46+00:00\",\"mainEntityOfPage\":{\"@id\":\"https:\/\/www.prijedordanas.com\/?p=67540\"},\"wordCount\":320,\"publisher\":{\"@id\":\"https:\/\/www.prijedordanas.com\/#organization\"},\"keywords\":[\"vodene ospice\"],\"articleSection\":[\"Svakodnevno\"],\"inLanguage\":\"en-US\"},{\"@type\":\"WebPage\",\"@id\":\"https:\/\/www.prijedordanas.com\/?p=67540\",\"url\":\"https:\/\/www.prijedordanas.com\/?p=67540\",\"name\":\"PRIJEDOR: POVE\u0106AN BROJ OBOLJELIH OD VODENIH OSPICA \u2013 VIDEO - PrijedorDanas.com - Prijedorski gradski portal\",\"isPartOf\":{\"@id\":\"https:\/\/www.prijedordanas.com\/#website\"},\"datePublished\":\"2016-11-28T16:55:35+00:00\",\"dateModified\":\"2016-11-28T16:57:46+00:00\",\"breadcrumb\":{\"@id\":\"https:\/\/www.prijedordanas.com\/?p=67540#breadcrumb\"},\"inLanguage\":\"en-US\",\"potentialAction\":[{\"@type\":\"ReadAction\",\"target\":[\"https:\/\/www.prijedordanas.com\/?p=67540\"]}]},{\"@type\":\"BreadcrumbList\",\"@id\":\"https:\/\/www.prijedordanas.com\/?p=67540#breadcrumb\",\"itemListElement\":[{\"@type\":\"ListItem\",\"position\":1,\"name\":\"Home\",\"item\":\"https:\/\/www.prijedordanas.com\/\"},{\"@type\":\"ListItem\",\"position\":2,\"name\":\"PRIJEDOR: POVE\u0106AN BROJ OBOLJELIH OD VODENIH OSPICA \u2013 VIDEO\"}]},{\"@type\":\"WebSite\",\"@id\":\"https:\/\/www.prijedordanas.com\/#website\",\"url\":\"https:\/\/www.prijedordanas.com\/\",\"name\":\"PrijedorDanas.com - Prijedorski gradski portal\",\"description\":\"Portal o doga\u0111anjima u gradu Prijedoru\",\"publisher\":{\"@id\":\"https:\/\/www.prijedordanas.com\/#organization\"},\"potentialAction\":[{\"@type\":\"SearchAction\",\"target\":{\"@type\":\"EntryPoint\",\"urlTemplate\":\"https:\/\/www.prijedordanas.com\/?s={search_term_string}\"},\"query-input\":\"required name=search_term_string\"}],\"inLanguage\":\"en-US\"},{\"@type\":\"Organization\",\"@id\":\"https:\/\/www.prijedordanas.com\/#organization\",\"name\":\"PrijedorDanas.com\",\"url\":\"https:\/\/www.prijedordanas.com\/\",\"logo\":{\"@type\":\"ImageObject\",\"inLanguage\":\"en-US\",\"@id\":\"https:\/\/www.prijedordanas.com\/#\/schema\/logo\/image\/\",\"url\":\"http:\/\/www.prijedordanas.com\/wp-content\/uploads\/2021\/12\/logopng.png\",\"contentUrl\":\"http:\/\/www.prijedordanas.com\/wp-content\/uploads\/2021\/12\/logopng.png\",\"width\":1019,\"height\":776,\"caption\":\"PrijedorDanas.com\"},\"image\":{\"@id\":\"https:\/\/www.prijedordanas.com\/#\/schema\/logo\/image\/\"},\"sameAs\":[\"https:\/\/www.facebook.com\/PrijedorDanasCom\/\"]},{\"@type\":\"Person\",\"@id\":\"https:\/\/www.prijedordanas.com\/#\/schema\/person\/4e08ccf29b506ca916ff86d46bb700e6\",\"name\":\"admin\",\"image\":{\"@type\":\"ImageObject\",\"inLanguage\":\"en-US\",\"@id\":\"https:\/\/www.prijedordanas.com\/#\/schema\/person\/image\/\",\"url\":\"https:\/\/secure.gravatar.com\/avatar\/1d3fc949d550f0b53a5f0d51e06dfd79?s=96&d=mm&r=g\",\"contentUrl\":\"https:\/\/secure.gravatar.com\/avatar\/1d3fc949d550f0b53a5f0d51e06dfd79?s=96&d=mm&r=g\",\"caption\":\"admin\"},\"url\":\"https:\/\/www.prijedordanas.com\/?author=1\"}]}<\/script>\n<!-- \/ Yoast SEO plugin. -->","yoast_head_json":{"title":"PRIJEDOR: POVE\u0106AN BROJ OBOLJELIH OD VODENIH OSPICA \u2013 VIDEO - PrijedorDanas.com - Prijedorski gradski portal","robots":{"index":"index","follow":"follow","max-snippet":"max-snippet:-1","max-image-preview":"max-image-preview:large","max-video-preview":"max-video-preview:-1"},"canonical":"https:\/\/www.prijedordanas.com\/?p=67540","og_locale":"en_US","og_type":"article","og_title":"PRIJEDOR: POVE\u0106AN BROJ OBOLJELIH OD VODENIH OSPICA \u2013 VIDEO - PrijedorDanas.com - Prijedorski gradski portal","og_description":"Broj djece, ali i odraslih sa vodenim ospicama u Prijedoru, posljednjih dana je u porastu. Iz Doma zdravlja tvrde da se za sada ne radi o epidemiji i da je [&hellip;]","og_url":"https:\/\/www.prijedordanas.com\/?p=67540","og_site_name":"PrijedorDanas.com - Prijedorski gradski portal","article_publisher":"https:\/\/www.facebook.com\/PrijedorDanasCom\/","article_published_time":"2016-11-28T16:55:35+00:00","article_modified_time":"2016-11-28T16:57:46+00:00","og_image":[{"url":"https:\/\/www.prijedordanas.com\/wp-content\/uploads\/2016\/11\/ilustracija-vodene-ospice-300x250.jpg"}],"author":"admin","twitter_card":"summary_large_image","twitter_misc":{"Written by":"admin","Est. reading time":"2 minutes"},"schema":{"@context":"https:\/\/schema.org","@graph":[{"@type":"Article","@id":"https:\/\/www.prijedordanas.com\/?p=67540#article","isPartOf":{"@id":"https:\/\/www.prijedordanas.com\/?p=67540"},"author":{"name":"admin","@id":"https:\/\/www.prijedordanas.com\/#\/schema\/person\/4e08ccf29b506ca916ff86d46bb700e6"},"headline":"PRIJEDOR: POVE\u0106AN BROJ OBOLJELIH OD VODENIH OSPICA \u2013 VIDEO","datePublished":"2016-11-28T16:55:35+00:00","dateModified":"2016-11-28T16:57:46+00:00","mainEntityOfPage":{"@id":"https:\/\/www.prijedordanas.com\/?p=67540"},"wordCount":320,"publisher":{"@id":"https:\/\/www.prijedordanas.com\/#organization"},"keywords":["vodene ospice"],"articleSection":["Svakodnevno"],"inLanguage":"en-US"},{"@type":"WebPage","@id":"https:\/\/www.prijedordanas.com\/?p=67540","url":"https:\/\/www.prijedordanas.com\/?p=67540","name":"PRIJEDOR: POVE\u0106AN BROJ OBOLJELIH OD VODENIH OSPICA \u2013 VIDEO - PrijedorDanas.com - Prijedorski gradski portal","isPartOf":{"@id":"https:\/\/www.prijedordanas.com\/#website"},"datePublished":"2016-11-28T16:55:35+00:00","dateModified":"2016-11-28T16:57:46+00:00","breadcrumb":{"@id":"https:\/\/www.prijedordanas.com\/?p=67540#breadcrumb"},"inLanguage":"en-US","potentialAction":[{"@type":"ReadAction","target":["https:\/\/www.prijedordanas.com\/?p=67540"]}]},{"@type":"BreadcrumbList","@id":"https:\/\/www.prijedordanas.com\/?p=67540#breadcrumb","itemListElement":[{"@type":"ListItem","position":1,"name":"Home","item":"https:\/\/www.prijedordanas.com\/"},{"@type":"ListItem","position":2,"name":"PRIJEDOR: POVE\u0106AN BROJ OBOLJELIH OD VODENIH OSPICA \u2013 VIDEO"}]},{"@type":"WebSite","@id":"https:\/\/www.prijedordanas.com\/#website","url":"https:\/\/www.prijedordanas.com\/","name":"PrijedorDanas.com - Prijedorski gradski portal","description":"Portal o doga\u0111anjima u gradu Prijedoru","publisher":{"@id":"https:\/\/www.prijedordanas.com\/#organization"},"potentialAction":[{"@type":"SearchAction","target":{"@type":"EntryPoint","urlTemplate":"https:\/\/www.prijedordanas.com\/?s={search_term_string}"},"query-input":"required name=search_term_string"}],"inLanguage":"en-US"},{"@type":"Organization","@id":"https:\/\/www.prijedordanas.com\/#organization","name":"PrijedorDanas.com","url":"https:\/\/www.prijedordanas.com\/","logo":{"@type":"ImageObject","inLanguage":"en-US","@id":"https:\/\/www.prijedordanas.com\/#\/schema\/logo\/image\/","url":"http:\/\/www.prijedordanas.com\/wp-content\/uploads\/2021\/12\/logopng.png","contentUrl":"http:\/\/www.prijedordanas.com\/wp-content\/uploads\/2021\/12\/logopng.png","width":1019,"height":776,"caption":"PrijedorDanas.com"},"image":{"@id":"https:\/\/www.prijedordanas.com\/#\/schema\/logo\/image\/"},"sameAs":["https:\/\/www.facebook.com\/PrijedorDanasCom\/"]},{"@type":"Person","@id":"https:\/\/www.prijedordanas.com\/#\/schema\/person\/4e08ccf29b506ca916ff86d46bb700e6","name":"admin","image":{"@type":"ImageObject","inLanguage":"en-US","@id":"https:\/\/www.prijedordanas.com\/#\/schema\/person\/image\/","url":"https:\/\/secure.gravatar.com\/avatar\/1d3fc949d550f0b53a5f0d51e06dfd79?s=96&d=mm&r=g","contentUrl":"https:\/\/secure.gravatar.com\/avatar\/1d3fc949d550f0b53a5f0d51e06dfd79?s=96&d=mm&r=g","caption":"admin"},"url":"https:\/\/www.prijedordanas.com\/?author=1"}]}},"_links":{"self":[{"href":"https:\/\/www.prijedordanas.com\/index.php?rest_route=\/wp\/v2\/posts\/67540"}],"collection":[{"href":"https:\/\/www.prijedordanas.com\/index.php?rest_route=\/wp\/v2\/posts"}],"about":[{"href":"https:\/\/www.prijedordanas.com\/index.php?rest_route=\/wp\/v2\/types\/post"}],"author":[{"embeddable":true,"href":"https:\/\/www.prijedordanas.com\/index.php?rest_route=\/wp\/v2\/users\/1"}],"replies":[{"embeddable":true,"href":"https:\/\/www.prijedordanas.com\/index.php?rest_route=%2Fwp%2Fv2%2Fcomments&post=67540"}],"version-history":[{"count":2,"href":"https:\/\/www.prijedordanas.com\/index.php?rest_route=\/wp\/v2\/posts\/67540\/revisions"}],"predecessor-version":[{"id":67544,"href":"https:\/\/www.prijedordanas.com\/index.php?rest_route=\/wp\/v2\/posts\/67540\/revisions\/67544"}],"wp:attachment":[{"href":"https:\/\/www.prijedordanas.com\/index.php?rest_route=%2Fwp%2Fv2%2Fmedia&parent=67540"}],"wp:term":[{"taxonomy":"category","embeddable":true,"href":"https:\/\/www.prijedordanas.com\/index.php?rest_route=%2Fwp%2Fv2%2Fcategories&post=67540"},{"taxonomy":"post_tag","embeddable":true,"href":"https:\/\/www.prijedordanas.com\/index.php?rest_route=%2Fwp%2Fv2%2Ftags&post=67540"}],"curies":[{"name":"wp","href":"https:\/\/api.w.org\/{rel}","templated":true}]}}