{"id":67256,"date":"2016-11-25T13:21:01","date_gmt":"2016-11-25T12:21:01","guid":{"rendered":"https:\/\/www.prijedordanas.com\/?p=67256"},"modified":"2016-11-25T13:21:01","modified_gmt":"2016-11-25T12:21:01","slug":"djecak-tuce-drugare-ujeda-vaspitacice","status":"publish","type":"post","link":"https:\/\/www.prijedordanas.com\/?p=67256","title":{"rendered":"DJE\u010cAK TU\u010cE DRUGARE I UJEDA VASPITA\u010cICE"},"content":{"rendered":"<p><a href=\"https:\/\/www.prijedordanas.com\/wp-content\/uploads\/2016\/11\/ilustracija-djeca-maltretiranje.jpg\"><img loading=\"lazy\" decoding=\"async\" src=\"https:\/\/www.prijedordanas.com\/wp-content\/uploads\/2016\/11\/ilustracija-djeca-maltretiranje-300x250.jpg\" alt=\"ilustracija-djeca-maltretiranje\" width=\"300\" height=\"250\" class=\"alignleft size-medium wp-image-67257\" srcset=\"https:\/\/www.prijedordanas.com\/wp-content\/uploads\/2016\/11\/ilustracija-djeca-maltretiranje-300x250.jpg 300w, https:\/\/www.prijedordanas.com\/wp-content\/uploads\/2016\/11\/ilustracija-djeca-maltretiranje-100x83.jpg 100w, https:\/\/www.prijedordanas.com\/wp-content\/uploads\/2016\/11\/ilustracija-djeca-maltretiranje.jpg 600w\" sizes=\"(max-width: 300px) 100vw, 300px\" \/><\/a>Mali\u0161ani jednog banjalu\u010dkog vrti\u0107a svakodnevno se suo\u010davaju sa agresivnim drugarom koji ih tu\u010de, a vaspita\u010dice \u010dupa za kosu i ujeda.<\/p>\n<p>Ovakvo pona\u0161anje sve je \u010de\u0161\u0107a pojava me\u0111u djecom pred\u0161kolskog uzrasta sa kojim se suo\u010davaju i druga obdani\u0161ta u Srpskoj.<\/p>\n<p>Roditelji \u010dija djeca borave u ovom vrti\u0107u, koji radi u okviru banjalu\u010dkog Centra za pred\u0161kolsko vaspitanje i obrazovanje, ve\u0107 mjesecima apeluju na to da ovaj problem bude rije\u0161en. Upla\u0161eni za djecu odlu\u010dili su da pi\u0161u i peticiju kako bi agresivni dje\u010dak bio udaljen iz te ustanove.<\/p>\n<p>&#8211; Udara ih neprestano. Ku\u0107i dolaze sa modricama i ogrebotinama. Ujeda tete i \u010dupa ih za kosu. Niko mu ni\u0161ta ne mo\u017ee &#8211; pri\u010da ogor\u010deno jedan od roditelja koji je zahtijevao da mu ne objavimo ime.<\/p>\n<p>Pomo\u0107nica direktora banjalu\u010dkog Centra za pred\u0161kolsko vaspitanje i obrazovanje Mira Gali\u0107 ka\u017ee da su upoznati sa ovim slu\u010dajem.<\/p>\n<p>&#8211; Pratimo ovo, kao i svako drugo dijete koje ima problema u pona\u0161anju. To \u0107emo i ubudu\u0107e raditi i sigurno da \u0107emo po\u0161tovati Konvenciju o pravima djeteta i struku, te izna\u0107i najadekvatnije rje\u0161enje &#8211; istakla je Gali\u0107eva.<\/p>\n<p>Agresivno pona\u0161anje me\u0111u djecom pred\u0161kolskog uzrasta je kompleksan problem o kojem mnogi nerado govore. Me\u0111utim, direktorica vrti\u0107a &#8220;Radost&#8221; u Prijedoru Du\u0161anka Bo\u017ei\u0107 ne krije da su u posljednje dvije godine imali dvoje mali\u0161ana kod kojih je uo\u010deno agresivno pona\u0161anje.<\/p>\n<p>&#8211; Poslije svih iscrpljenih metoda, na kraju smo morali zatra\u017eiti njihovo povla\u010denje iz vrti\u0107a na odre\u0111eni period. I to pod uslovom da idu dje\u010djem psihijatru i donesu nalaze po povratku &#8211; pri\u010da Bo\u017ei\u0107eva.<\/p>\n<p>Roditelji jednog od tih mali\u0161ana, kako isti\u010de Bo\u017ei\u0107eva, odmah su uvidjeli da postoji problem i pristali su dijete da odvedu stru\u010dnjaku, dok su roditelji drugog to odbili. Ispisali su ga iz ovog i upisali u drugi vrti\u0107.<\/p>\n<p>&#8211; To nije rje\u0161enje. Roditelji moraju prihvatiti kad dijete ima problem i pomo\u0107i mu. Dijete koje je privremeno udaljeno, vratilo se potpuno primjerenog pona\u0161anja &#8211; pri\u010da Bo\u017ei\u0107eva.<\/p>\n<p>Ona je dodala da u ovaj problem mora biti uklju\u010dena stru\u010dna slu\u017eba. Djetetu se nikako ne smije odmah ka\u010diti &#8220;zvono&#8221; da je lo\u0161e, ve\u0107 mu treba pa\u017eljivo i postepeno pomo\u0107i.<\/p>\n<p>&#8211; Psiholog mora saznati za\u0161to je neko dijete agresivno. Sa roditeljima treba razgovarati o tome kako se u ku\u0107i pona\u0161a &#8211; dodala je Bo\u017ei\u0107eva i istakla da je ispisivanje djeteta iz vrti\u0107a posljednji korak.<\/p>\n<p>&#8211; Ne mo\u017eemo dozvoliti da jedno dijete maltretira svu ostalu djecu &#8211; dodaje Bo\u017ei\u0107eva.<\/p>\n<p>I direktorica obdani\u0161ta &#8220;Majke Jugovi\u0107a&#8221; u Doboju Slavica \u017divkovi\u0107 ka\u017ee da agresiji djece treba da pristupimo pa\u017eljivo.<\/p>\n<p>&#8211; Klju\u010dni su i roditelji i stru\u010dnjaci. Obavezan je i rad psihologa kako bi dijete shvatilo gdje grije\u0161i &#8211; poru\u010duje \u017divkovi\u0107eva.<\/p>\n<p>Psiholog Aleksandar Mili\u0107 ka\u017ee da su agresivna djeca u stvari djeca bez ste\u010denih dobrih navika.<\/p>\n<p>&#8211; Potrebno je toj djeci stvoriti osje\u0107aj da nije u redu otimati drugarima igra\u010dke i tu\u0107i ih. Ako se na vrijeme to ne kanali\u0161e, ja\u010da\u0107e njihovo lo\u0161e pona\u0161anje, koje \u0107e kasnije prerasti u ozbiljan problem &#8211; obja\u0161njava Mili\u0107 i dodaje da agresivnu djecu ne treba slati u izolaciju ili stigmatizirati ih, jer stroge kazne izazivaju novu agresivnost.<\/p>\n<p>Ni u jednom pravilniku, ni u Zakonu o pred\u0161kolskom vaspitanju i obrazovanju ne postoje detaljno definisane mjere kako postupiti u slu\u010daju nasilja me\u0111u djecom u vrti\u0107ima. Jedino je propisano da je svaka ustanova obavezna da im omogu\u0107i bezbjedan boravak.<\/p>\n<p>Nasilje nije zaigranost<\/p>\n<p>Socijalni radnik i edukator u \u0161kolici za roditelje udru\u017eenja &#8220;Nova generacija&#8221; Bojana Deliba\u0161i\u0107-Bijeli\u0107 ka\u017ee da je evidentno da raste vr\u0161nja\u010dko nasilje u vrti\u0107ima, ali se podvodi pod zaigranost i razigranost djeteta.<\/p>\n<p>&#8211; Pored fizi\u010dkog u vrti\u0107kom uzrastu \u010desto je zastupljeno tzv. socijalno nasilje &#8211; kada se neko dijete isklju\u010duje iz grupnih aktivnosti, kada ga ogovaraju, pri\u010daju la\u017ei o njemu ili nagovaraju druga djeca da se ne dru\u017ee sa njim. Vaspita\u010di su ti koji treba da uka\u017eu da takvo pona\u0161anje nije u redu &#8211; istakla je Deliba\u0161i\u0107-Bijeli\u0107.<\/p>\n<p>Glas Srpske<\/p>\n","protected":false},"excerpt":{"rendered":"<p>Mali\u0161ani jednog banjalu\u010dkog vrti\u0107a svakodnevno se suo\u010davaju sa agresivnim drugarom koji ih tu\u010de, a vaspita\u010dice \u010dupa za kosu i ujeda. Ovakvo pona\u0161anje sve je \u010de\u0161\u0107a pojava me\u0111u djecom pred\u0161kolskog uzrasta [&hellip;]<\/p>\n","protected":false},"author":1,"featured_media":0,"comment_status":"closed","ping_status":"open","sticky":false,"template":"","format":"standard","meta":{"_monsterinsights_skip_tracking":false,"_monsterinsights_sitenote_active":false,"_monsterinsights_sitenote_note":"","_monsterinsights_sitenote_category":0,"footnotes":""},"categories":[4],"tags":[1024],"yoast_head":"<!-- This site is optimized with the Yoast SEO plugin v21.6 - https:\/\/yoast.com\/wordpress\/plugins\/seo\/ -->\n<title>DJE\u010cAK TU\u010cE DRUGARE I UJEDA VASPITA\u010cICE - PrijedorDanas.com - Prijedorski gradski portal<\/title>\n<meta name=\"robots\" content=\"index, follow, max-snippet:-1, max-image-preview:large, max-video-preview:-1\" \/>\n<link rel=\"canonical\" href=\"https:\/\/www.prijedordanas.com\/?p=67256\" \/>\n<meta property=\"og:locale\" content=\"en_US\" \/>\n<meta property=\"og:type\" content=\"article\" \/>\n<meta property=\"og:title\" content=\"DJE\u010cAK TU\u010cE DRUGARE I UJEDA VASPITA\u010cICE - PrijedorDanas.com - Prijedorski gradski portal\" \/>\n<meta property=\"og:description\" content=\"Mali\u0161ani jednog banjalu\u010dkog vrti\u0107a svakodnevno se suo\u010davaju sa agresivnim drugarom koji ih tu\u010de, a vaspita\u010dice \u010dupa za kosu i ujeda. Ovakvo pona\u0161anje sve je \u010de\u0161\u0107a pojava me\u0111u djecom pred\u0161kolskog uzrasta [&hellip;]\" \/>\n<meta property=\"og:url\" content=\"https:\/\/www.prijedordanas.com\/?p=67256\" \/>\n<meta property=\"og:site_name\" content=\"PrijedorDanas.com - Prijedorski gradski portal\" \/>\n<meta property=\"article:publisher\" content=\"https:\/\/www.facebook.com\/PrijedorDanasCom\/\" \/>\n<meta property=\"article:published_time\" content=\"2016-11-25T12:21:01+00:00\" \/>\n<meta property=\"og:image\" content=\"https:\/\/www.prijedordanas.com\/wp-content\/uploads\/2016\/11\/ilustracija-djeca-maltretiranje-300x250.jpg\" \/>\n<meta name=\"author\" content=\"admin\" \/>\n<meta name=\"twitter:card\" content=\"summary_large_image\" \/>\n<meta name=\"twitter:label1\" content=\"Written by\" \/>\n\t<meta name=\"twitter:data1\" content=\"admin\" \/>\n\t<meta name=\"twitter:label2\" content=\"Est. reading time\" \/>\n\t<meta name=\"twitter:data2\" content=\"4 minutes\" \/>\n<script type=\"application\/ld+json\" class=\"yoast-schema-graph\">{\"@context\":\"https:\/\/schema.org\",\"@graph\":[{\"@type\":\"Article\",\"@id\":\"https:\/\/www.prijedordanas.com\/?p=67256#article\",\"isPartOf\":{\"@id\":\"https:\/\/www.prijedordanas.com\/?p=67256\"},\"author\":{\"name\":\"admin\",\"@id\":\"https:\/\/www.prijedordanas.com\/#\/schema\/person\/4e08ccf29b506ca916ff86d46bb700e6\"},\"headline\":\"DJE\u010cAK TU\u010cE DRUGARE I UJEDA VASPITA\u010cICE\",\"datePublished\":\"2016-11-25T12:21:01+00:00\",\"dateModified\":\"2016-11-25T12:21:01+00:00\",\"mainEntityOfPage\":{\"@id\":\"https:\/\/www.prijedordanas.com\/?p=67256\"},\"wordCount\":763,\"publisher\":{\"@id\":\"https:\/\/www.prijedordanas.com\/#organization\"},\"keywords\":[\"vrti\u0107\"],\"articleSection\":[\"Dru\u0161tvo\"],\"inLanguage\":\"en-US\"},{\"@type\":\"WebPage\",\"@id\":\"https:\/\/www.prijedordanas.com\/?p=67256\",\"url\":\"https:\/\/www.prijedordanas.com\/?p=67256\",\"name\":\"DJE\u010cAK TU\u010cE DRUGARE I UJEDA VASPITA\u010cICE - PrijedorDanas.com - Prijedorski gradski portal\",\"isPartOf\":{\"@id\":\"https:\/\/www.prijedordanas.com\/#website\"},\"datePublished\":\"2016-11-25T12:21:01+00:00\",\"dateModified\":\"2016-11-25T12:21:01+00:00\",\"breadcrumb\":{\"@id\":\"https:\/\/www.prijedordanas.com\/?p=67256#breadcrumb\"},\"inLanguage\":\"en-US\",\"potentialAction\":[{\"@type\":\"ReadAction\",\"target\":[\"https:\/\/www.prijedordanas.com\/?p=67256\"]}]},{\"@type\":\"BreadcrumbList\",\"@id\":\"https:\/\/www.prijedordanas.com\/?p=67256#breadcrumb\",\"itemListElement\":[{\"@type\":\"ListItem\",\"position\":1,\"name\":\"Home\",\"item\":\"https:\/\/www.prijedordanas.com\/\"},{\"@type\":\"ListItem\",\"position\":2,\"name\":\"DJE\u010cAK TU\u010cE DRUGARE I UJEDA VASPITA\u010cICE\"}]},{\"@type\":\"WebSite\",\"@id\":\"https:\/\/www.prijedordanas.com\/#website\",\"url\":\"https:\/\/www.prijedordanas.com\/\",\"name\":\"PrijedorDanas.com - Prijedorski gradski portal\",\"description\":\"Portal o doga\u0111anjima u gradu Prijedoru\",\"publisher\":{\"@id\":\"https:\/\/www.prijedordanas.com\/#organization\"},\"potentialAction\":[{\"@type\":\"SearchAction\",\"target\":{\"@type\":\"EntryPoint\",\"urlTemplate\":\"https:\/\/www.prijedordanas.com\/?s={search_term_string}\"},\"query-input\":\"required name=search_term_string\"}],\"inLanguage\":\"en-US\"},{\"@type\":\"Organization\",\"@id\":\"https:\/\/www.prijedordanas.com\/#organization\",\"name\":\"PrijedorDanas.com\",\"url\":\"https:\/\/www.prijedordanas.com\/\",\"logo\":{\"@type\":\"ImageObject\",\"inLanguage\":\"en-US\",\"@id\":\"https:\/\/www.prijedordanas.com\/#\/schema\/logo\/image\/\",\"url\":\"http:\/\/www.prijedordanas.com\/wp-content\/uploads\/2021\/12\/logopng.png\",\"contentUrl\":\"http:\/\/www.prijedordanas.com\/wp-content\/uploads\/2021\/12\/logopng.png\",\"width\":1019,\"height\":776,\"caption\":\"PrijedorDanas.com\"},\"image\":{\"@id\":\"https:\/\/www.prijedordanas.com\/#\/schema\/logo\/image\/\"},\"sameAs\":[\"https:\/\/www.facebook.com\/PrijedorDanasCom\/\"]},{\"@type\":\"Person\",\"@id\":\"https:\/\/www.prijedordanas.com\/#\/schema\/person\/4e08ccf29b506ca916ff86d46bb700e6\",\"name\":\"admin\",\"image\":{\"@type\":\"ImageObject\",\"inLanguage\":\"en-US\",\"@id\":\"https:\/\/www.prijedordanas.com\/#\/schema\/person\/image\/\",\"url\":\"https:\/\/secure.gravatar.com\/avatar\/1d3fc949d550f0b53a5f0d51e06dfd79?s=96&d=mm&r=g\",\"contentUrl\":\"https:\/\/secure.gravatar.com\/avatar\/1d3fc949d550f0b53a5f0d51e06dfd79?s=96&d=mm&r=g\",\"caption\":\"admin\"},\"url\":\"https:\/\/www.prijedordanas.com\/?author=1\"}]}<\/script>\n<!-- \/ Yoast SEO plugin. -->","yoast_head_json":{"title":"DJE\u010cAK TU\u010cE DRUGARE I UJEDA VASPITA\u010cICE - PrijedorDanas.com - Prijedorski gradski portal","robots":{"index":"index","follow":"follow","max-snippet":"max-snippet:-1","max-image-preview":"max-image-preview:large","max-video-preview":"max-video-preview:-1"},"canonical":"https:\/\/www.prijedordanas.com\/?p=67256","og_locale":"en_US","og_type":"article","og_title":"DJE\u010cAK TU\u010cE DRUGARE I UJEDA VASPITA\u010cICE - PrijedorDanas.com - Prijedorski gradski portal","og_description":"Mali\u0161ani jednog banjalu\u010dkog vrti\u0107a svakodnevno se suo\u010davaju sa agresivnim drugarom koji ih tu\u010de, a vaspita\u010dice \u010dupa za kosu i ujeda. Ovakvo pona\u0161anje sve je \u010de\u0161\u0107a pojava me\u0111u djecom pred\u0161kolskog uzrasta [&hellip;]","og_url":"https:\/\/www.prijedordanas.com\/?p=67256","og_site_name":"PrijedorDanas.com - Prijedorski gradski portal","article_publisher":"https:\/\/www.facebook.com\/PrijedorDanasCom\/","article_published_time":"2016-11-25T12:21:01+00:00","og_image":[{"url":"https:\/\/www.prijedordanas.com\/wp-content\/uploads\/2016\/11\/ilustracija-djeca-maltretiranje-300x250.jpg"}],"author":"admin","twitter_card":"summary_large_image","twitter_misc":{"Written by":"admin","Est. reading time":"4 minutes"},"schema":{"@context":"https:\/\/schema.org","@graph":[{"@type":"Article","@id":"https:\/\/www.prijedordanas.com\/?p=67256#article","isPartOf":{"@id":"https:\/\/www.prijedordanas.com\/?p=67256"},"author":{"name":"admin","@id":"https:\/\/www.prijedordanas.com\/#\/schema\/person\/4e08ccf29b506ca916ff86d46bb700e6"},"headline":"DJE\u010cAK TU\u010cE DRUGARE I UJEDA VASPITA\u010cICE","datePublished":"2016-11-25T12:21:01+00:00","dateModified":"2016-11-25T12:21:01+00:00","mainEntityOfPage":{"@id":"https:\/\/www.prijedordanas.com\/?p=67256"},"wordCount":763,"publisher":{"@id":"https:\/\/www.prijedordanas.com\/#organization"},"keywords":["vrti\u0107"],"articleSection":["Dru\u0161tvo"],"inLanguage":"en-US"},{"@type":"WebPage","@id":"https:\/\/www.prijedordanas.com\/?p=67256","url":"https:\/\/www.prijedordanas.com\/?p=67256","name":"DJE\u010cAK TU\u010cE DRUGARE I UJEDA VASPITA\u010cICE - PrijedorDanas.com - Prijedorski gradski portal","isPartOf":{"@id":"https:\/\/www.prijedordanas.com\/#website"},"datePublished":"2016-11-25T12:21:01+00:00","dateModified":"2016-11-25T12:21:01+00:00","breadcrumb":{"@id":"https:\/\/www.prijedordanas.com\/?p=67256#breadcrumb"},"inLanguage":"en-US","potentialAction":[{"@type":"ReadAction","target":["https:\/\/www.prijedordanas.com\/?p=67256"]}]},{"@type":"BreadcrumbList","@id":"https:\/\/www.prijedordanas.com\/?p=67256#breadcrumb","itemListElement":[{"@type":"ListItem","position":1,"name":"Home","item":"https:\/\/www.prijedordanas.com\/"},{"@type":"ListItem","position":2,"name":"DJE\u010cAK TU\u010cE DRUGARE I UJEDA VASPITA\u010cICE"}]},{"@type":"WebSite","@id":"https:\/\/www.prijedordanas.com\/#website","url":"https:\/\/www.prijedordanas.com\/","name":"PrijedorDanas.com - Prijedorski gradski portal","description":"Portal o doga\u0111anjima u gradu Prijedoru","publisher":{"@id":"https:\/\/www.prijedordanas.com\/#organization"},"potentialAction":[{"@type":"SearchAction","target":{"@type":"EntryPoint","urlTemplate":"https:\/\/www.prijedordanas.com\/?s={search_term_string}"},"query-input":"required name=search_term_string"}],"inLanguage":"en-US"},{"@type":"Organization","@id":"https:\/\/www.prijedordanas.com\/#organization","name":"PrijedorDanas.com","url":"https:\/\/www.prijedordanas.com\/","logo":{"@type":"ImageObject","inLanguage":"en-US","@id":"https:\/\/www.prijedordanas.com\/#\/schema\/logo\/image\/","url":"http:\/\/www.prijedordanas.com\/wp-content\/uploads\/2021\/12\/logopng.png","contentUrl":"http:\/\/www.prijedordanas.com\/wp-content\/uploads\/2021\/12\/logopng.png","width":1019,"height":776,"caption":"PrijedorDanas.com"},"image":{"@id":"https:\/\/www.prijedordanas.com\/#\/schema\/logo\/image\/"},"sameAs":["https:\/\/www.facebook.com\/PrijedorDanasCom\/"]},{"@type":"Person","@id":"https:\/\/www.prijedordanas.com\/#\/schema\/person\/4e08ccf29b506ca916ff86d46bb700e6","name":"admin","image":{"@type":"ImageObject","inLanguage":"en-US","@id":"https:\/\/www.prijedordanas.com\/#\/schema\/person\/image\/","url":"https:\/\/secure.gravatar.com\/avatar\/1d3fc949d550f0b53a5f0d51e06dfd79?s=96&d=mm&r=g","contentUrl":"https:\/\/secure.gravatar.com\/avatar\/1d3fc949d550f0b53a5f0d51e06dfd79?s=96&d=mm&r=g","caption":"admin"},"url":"https:\/\/www.prijedordanas.com\/?author=1"}]}},"_links":{"self":[{"href":"https:\/\/www.prijedordanas.com\/index.php?rest_route=\/wp\/v2\/posts\/67256"}],"collection":[{"href":"https:\/\/www.prijedordanas.com\/index.php?rest_route=\/wp\/v2\/posts"}],"about":[{"href":"https:\/\/www.prijedordanas.com\/index.php?rest_route=\/wp\/v2\/types\/post"}],"author":[{"embeddable":true,"href":"https:\/\/www.prijedordanas.com\/index.php?rest_route=\/wp\/v2\/users\/1"}],"replies":[{"embeddable":true,"href":"https:\/\/www.prijedordanas.com\/index.php?rest_route=%2Fwp%2Fv2%2Fcomments&post=67256"}],"version-history":[{"count":1,"href":"https:\/\/www.prijedordanas.com\/index.php?rest_route=\/wp\/v2\/posts\/67256\/revisions"}],"predecessor-version":[{"id":67258,"href":"https:\/\/www.prijedordanas.com\/index.php?rest_route=\/wp\/v2\/posts\/67256\/revisions\/67258"}],"wp:attachment":[{"href":"https:\/\/www.prijedordanas.com\/index.php?rest_route=%2Fwp%2Fv2%2Fmedia&parent=67256"}],"wp:term":[{"taxonomy":"category","embeddable":true,"href":"https:\/\/www.prijedordanas.com\/index.php?rest_route=%2Fwp%2Fv2%2Fcategories&post=67256"},{"taxonomy":"post_tag","embeddable":true,"href":"https:\/\/www.prijedordanas.com\/index.php?rest_route=%2Fwp%2Fv2%2Ftags&post=67256"}],"curies":[{"name":"wp","href":"https:\/\/api.w.org\/{rel}","templated":true}]}}