{"id":66998,"date":"2016-11-23T17:03:38","date_gmt":"2016-11-23T16:03:38","guid":{"rendered":"https:\/\/www.prijedordanas.com\/?p=66998"},"modified":"2016-11-23T17:03:38","modified_gmt":"2016-11-23T16:03:38","slug":"prijedorska-regija-prosao-optimalan-rok-za-jesenju-sjetvu","status":"publish","type":"post","link":"https:\/\/www.prijedordanas.com\/?p=66998","title":{"rendered":"PRIJEDORSKA REGIJA: PRO\u0160AO OPTIMALAN ROK ZA JESENJU SJETVU"},"content":{"rendered":"<p><a href=\"https:\/\/www.prijedordanas.com\/wp-content\/uploads\/2016\/04\/poljoprivreda.jpg\"><img loading=\"lazy\" decoding=\"async\" src=\"https:\/\/www.prijedordanas.com\/wp-content\/uploads\/2016\/04\/poljoprivreda-300x199.jpg\" alt=\"poljoprivreda\" width=\"300\" height=\"199\" class=\"alignleft size-medium wp-image-47540\" srcset=\"https:\/\/www.prijedordanas.com\/wp-content\/uploads\/2016\/04\/poljoprivreda-300x200.jpg 300w, https:\/\/www.prijedordanas.com\/wp-content\/uploads\/2016\/04\/poljoprivreda-480x320.jpg 480w, https:\/\/www.prijedordanas.com\/wp-content\/uploads\/2016\/04\/poljoprivreda.jpg 600w\" sizes=\"(max-width: 300px) 100vw, 300px\" \/><\/a>Na podru\u010dju prijedorske regije u ovogodi\u0161njoj jesenjoj sjetvi, za koju je pro\u0161ao optimalan rok, zasijano je 2.700 hektara p\u0161enice, 1.500 hektara je\u010dma i 1.000 tritikale, \u0161to je vi\u0161egodi\u0161nji prosjek.<\/p>\n<p>Sjetva se vi\u0161e ne preporu\u010duje jer proizvo\u0111a\u010di onda rizikuju zbog nepovoljnih uslova za nicanje, \u0161to \u0107e se odraziti na prinos, rekao je Srni rukovodilac prijedorske kancelarije Resora za pru\u017eanje stru\u010dnih usluga u poljoprivredi resornog ministarstva Danijel Egi\u0107. <\/p>\n<p>On je napomenuo da proizvo\u0111a\u010di treba da rade planski i da na parcelama gdje planiraju jesenju sjetvu, ukoliko je predusjev kukuruz, odaberu hibride ranije grupe zrenja, da bi imali dovoljno vremena za kvalitetnu pripremu zemlji\u0161ta i sjetvu u optimalnim rokovima. <\/p>\n<p>Egi\u0107 ka\u017ee da \u0107e ove godine podsticaj za p\u0161enicu iznositi 250 KM po hektaru, umjesto 200 KM. <\/p>\n<p>&#8220;Ostaje isti dio regresa od pet feninga za kilogram prodate p\u0161enice i regresirano gorivo&#8221;, naveo je Egi\u0107. <\/p>\n<p>On je rekao da \u0107e od ove godine nov\u010dani podsticaj za posijanu merkantilnu p\u0161enici biti ispla\u0107ivan na osnovu pravilnika iz naredne godine. <\/p>\n<p>Egi\u0107 je pojasnio i da su ranije proizvo\u0111a\u010di ra\u010dune predavali u Agenciju za agrana pla\u0107anja do kraja kalendarske godine, a ove godine \u0107e ih predavati nakon objavljivanja novog Pravilnika o podsticajima, \u0161to \u0107e biti do kraja februara naredne godine. <\/p>\n<p>srna<\/p>\n","protected":false},"excerpt":{"rendered":"<p>Na podru\u010dju prijedorske regije u ovogodi\u0161njoj jesenjoj sjetvi, za koju je pro\u0161ao optimalan rok, zasijano je 2.700 hektara p\u0161enice, 1.500 hektara je\u010dma i 1.000 tritikale, \u0161to je vi\u0161egodi\u0161nji prosjek. Sjetva [&hellip;]<\/p>\n","protected":false},"author":1,"featured_media":0,"comment_status":"closed","ping_status":"open","sticky":false,"template":"","format":"standard","meta":{"_monsterinsights_skip_tracking":false,"_monsterinsights_sitenote_active":false,"_monsterinsights_sitenote_note":"","_monsterinsights_sitenote_category":0,"footnotes":""},"categories":[8],"tags":[2567,1111],"yoast_head":"<!-- This site is optimized with the Yoast SEO plugin v21.6 - https:\/\/yoast.com\/wordpress\/plugins\/seo\/ -->\n<title>PRIJEDORSKA REGIJA: PRO\u0160AO OPTIMALAN ROK ZA JESENJU SJETVU - PrijedorDanas.com - Prijedorski gradski portal<\/title>\n<meta name=\"robots\" content=\"index, follow, max-snippet:-1, max-image-preview:large, max-video-preview:-1\" \/>\n<link rel=\"canonical\" href=\"https:\/\/www.prijedordanas.com\/?p=66998\" \/>\n<meta property=\"og:locale\" content=\"en_US\" \/>\n<meta property=\"og:type\" content=\"article\" \/>\n<meta property=\"og:title\" content=\"PRIJEDORSKA REGIJA: PRO\u0160AO OPTIMALAN ROK ZA JESENJU SJETVU - PrijedorDanas.com - Prijedorski gradski portal\" \/>\n<meta property=\"og:description\" content=\"Na podru\u010dju prijedorske regije u ovogodi\u0161njoj jesenjoj sjetvi, za koju je pro\u0161ao optimalan rok, zasijano je 2.700 hektara p\u0161enice, 1.500 hektara je\u010dma i 1.000 tritikale, \u0161to je vi\u0161egodi\u0161nji prosjek. Sjetva [&hellip;]\" \/>\n<meta property=\"og:url\" content=\"https:\/\/www.prijedordanas.com\/?p=66998\" \/>\n<meta property=\"og:site_name\" content=\"PrijedorDanas.com - Prijedorski gradski portal\" \/>\n<meta property=\"article:publisher\" content=\"https:\/\/www.facebook.com\/PrijedorDanasCom\/\" \/>\n<meta property=\"article:published_time\" content=\"2016-11-23T16:03:38+00:00\" \/>\n<meta property=\"og:image\" content=\"https:\/\/www.prijedordanas.com\/wp-content\/uploads\/2016\/04\/poljoprivreda-300x199.jpg\" \/>\n<meta name=\"author\" content=\"admin\" \/>\n<meta name=\"twitter:card\" content=\"summary_large_image\" \/>\n<meta name=\"twitter:label1\" content=\"Written by\" \/>\n\t<meta name=\"twitter:data1\" content=\"admin\" \/>\n\t<meta name=\"twitter:label2\" content=\"Est. reading time\" \/>\n\t<meta name=\"twitter:data2\" content=\"1 minute\" \/>\n<script type=\"application\/ld+json\" class=\"yoast-schema-graph\">{\"@context\":\"https:\/\/schema.org\",\"@graph\":[{\"@type\":\"Article\",\"@id\":\"https:\/\/www.prijedordanas.com\/?p=66998#article\",\"isPartOf\":{\"@id\":\"https:\/\/www.prijedordanas.com\/?p=66998\"},\"author\":{\"name\":\"admin\",\"@id\":\"https:\/\/www.prijedordanas.com\/#\/schema\/person\/4e08ccf29b506ca916ff86d46bb700e6\"},\"headline\":\"PRIJEDORSKA REGIJA: PRO\u0160AO OPTIMALAN ROK ZA JESENJU SJETVU\",\"datePublished\":\"2016-11-23T16:03:38+00:00\",\"dateModified\":\"2016-11-23T16:03:38+00:00\",\"mainEntityOfPage\":{\"@id\":\"https:\/\/www.prijedordanas.com\/?p=66998\"},\"wordCount\":232,\"publisher\":{\"@id\":\"https:\/\/www.prijedordanas.com\/#organization\"},\"keywords\":[\"jesenja sjetva\",\"poljoprivreda\"],\"articleSection\":[\"Svakodnevno\"],\"inLanguage\":\"en-US\"},{\"@type\":\"WebPage\",\"@id\":\"https:\/\/www.prijedordanas.com\/?p=66998\",\"url\":\"https:\/\/www.prijedordanas.com\/?p=66998\",\"name\":\"PRIJEDORSKA REGIJA: PRO\u0160AO OPTIMALAN ROK ZA JESENJU SJETVU - PrijedorDanas.com - Prijedorski gradski portal\",\"isPartOf\":{\"@id\":\"https:\/\/www.prijedordanas.com\/#website\"},\"datePublished\":\"2016-11-23T16:03:38+00:00\",\"dateModified\":\"2016-11-23T16:03:38+00:00\",\"breadcrumb\":{\"@id\":\"https:\/\/www.prijedordanas.com\/?p=66998#breadcrumb\"},\"inLanguage\":\"en-US\",\"potentialAction\":[{\"@type\":\"ReadAction\",\"target\":[\"https:\/\/www.prijedordanas.com\/?p=66998\"]}]},{\"@type\":\"BreadcrumbList\",\"@id\":\"https:\/\/www.prijedordanas.com\/?p=66998#breadcrumb\",\"itemListElement\":[{\"@type\":\"ListItem\",\"position\":1,\"name\":\"Home\",\"item\":\"https:\/\/www.prijedordanas.com\/\"},{\"@type\":\"ListItem\",\"position\":2,\"name\":\"PRIJEDORSKA REGIJA: PRO\u0160AO OPTIMALAN ROK ZA JESENJU SJETVU\"}]},{\"@type\":\"WebSite\",\"@id\":\"https:\/\/www.prijedordanas.com\/#website\",\"url\":\"https:\/\/www.prijedordanas.com\/\",\"name\":\"PrijedorDanas.com - Prijedorski gradski portal\",\"description\":\"Portal o doga\u0111anjima u gradu Prijedoru\",\"publisher\":{\"@id\":\"https:\/\/www.prijedordanas.com\/#organization\"},\"potentialAction\":[{\"@type\":\"SearchAction\",\"target\":{\"@type\":\"EntryPoint\",\"urlTemplate\":\"https:\/\/www.prijedordanas.com\/?s={search_term_string}\"},\"query-input\":\"required name=search_term_string\"}],\"inLanguage\":\"en-US\"},{\"@type\":\"Organization\",\"@id\":\"https:\/\/www.prijedordanas.com\/#organization\",\"name\":\"PrijedorDanas.com\",\"url\":\"https:\/\/www.prijedordanas.com\/\",\"logo\":{\"@type\":\"ImageObject\",\"inLanguage\":\"en-US\",\"@id\":\"https:\/\/www.prijedordanas.com\/#\/schema\/logo\/image\/\",\"url\":\"http:\/\/www.prijedordanas.com\/wp-content\/uploads\/2021\/12\/logopng.png\",\"contentUrl\":\"http:\/\/www.prijedordanas.com\/wp-content\/uploads\/2021\/12\/logopng.png\",\"width\":1019,\"height\":776,\"caption\":\"PrijedorDanas.com\"},\"image\":{\"@id\":\"https:\/\/www.prijedordanas.com\/#\/schema\/logo\/image\/\"},\"sameAs\":[\"https:\/\/www.facebook.com\/PrijedorDanasCom\/\"]},{\"@type\":\"Person\",\"@id\":\"https:\/\/www.prijedordanas.com\/#\/schema\/person\/4e08ccf29b506ca916ff86d46bb700e6\",\"name\":\"admin\",\"image\":{\"@type\":\"ImageObject\",\"inLanguage\":\"en-US\",\"@id\":\"https:\/\/www.prijedordanas.com\/#\/schema\/person\/image\/\",\"url\":\"https:\/\/secure.gravatar.com\/avatar\/1d3fc949d550f0b53a5f0d51e06dfd79?s=96&d=mm&r=g\",\"contentUrl\":\"https:\/\/secure.gravatar.com\/avatar\/1d3fc949d550f0b53a5f0d51e06dfd79?s=96&d=mm&r=g\",\"caption\":\"admin\"},\"url\":\"https:\/\/www.prijedordanas.com\/?author=1\"}]}<\/script>\n<!-- \/ Yoast SEO plugin. -->","yoast_head_json":{"title":"PRIJEDORSKA REGIJA: PRO\u0160AO OPTIMALAN ROK ZA JESENJU SJETVU - PrijedorDanas.com - Prijedorski gradski portal","robots":{"index":"index","follow":"follow","max-snippet":"max-snippet:-1","max-image-preview":"max-image-preview:large","max-video-preview":"max-video-preview:-1"},"canonical":"https:\/\/www.prijedordanas.com\/?p=66998","og_locale":"en_US","og_type":"article","og_title":"PRIJEDORSKA REGIJA: PRO\u0160AO OPTIMALAN ROK ZA JESENJU SJETVU - PrijedorDanas.com - Prijedorski gradski portal","og_description":"Na podru\u010dju prijedorske regije u ovogodi\u0161njoj jesenjoj sjetvi, za koju je pro\u0161ao optimalan rok, zasijano je 2.700 hektara p\u0161enice, 1.500 hektara je\u010dma i 1.000 tritikale, \u0161to je vi\u0161egodi\u0161nji prosjek. Sjetva [&hellip;]","og_url":"https:\/\/www.prijedordanas.com\/?p=66998","og_site_name":"PrijedorDanas.com - Prijedorski gradski portal","article_publisher":"https:\/\/www.facebook.com\/PrijedorDanasCom\/","article_published_time":"2016-11-23T16:03:38+00:00","og_image":[{"url":"https:\/\/www.prijedordanas.com\/wp-content\/uploads\/2016\/04\/poljoprivreda-300x199.jpg"}],"author":"admin","twitter_card":"summary_large_image","twitter_misc":{"Written by":"admin","Est. reading time":"1 minute"},"schema":{"@context":"https:\/\/schema.org","@graph":[{"@type":"Article","@id":"https:\/\/www.prijedordanas.com\/?p=66998#article","isPartOf":{"@id":"https:\/\/www.prijedordanas.com\/?p=66998"},"author":{"name":"admin","@id":"https:\/\/www.prijedordanas.com\/#\/schema\/person\/4e08ccf29b506ca916ff86d46bb700e6"},"headline":"PRIJEDORSKA REGIJA: PRO\u0160AO OPTIMALAN ROK ZA JESENJU SJETVU","datePublished":"2016-11-23T16:03:38+00:00","dateModified":"2016-11-23T16:03:38+00:00","mainEntityOfPage":{"@id":"https:\/\/www.prijedordanas.com\/?p=66998"},"wordCount":232,"publisher":{"@id":"https:\/\/www.prijedordanas.com\/#organization"},"keywords":["jesenja sjetva","poljoprivreda"],"articleSection":["Svakodnevno"],"inLanguage":"en-US"},{"@type":"WebPage","@id":"https:\/\/www.prijedordanas.com\/?p=66998","url":"https:\/\/www.prijedordanas.com\/?p=66998","name":"PRIJEDORSKA REGIJA: PRO\u0160AO OPTIMALAN ROK ZA JESENJU SJETVU - PrijedorDanas.com - Prijedorski gradski portal","isPartOf":{"@id":"https:\/\/www.prijedordanas.com\/#website"},"datePublished":"2016-11-23T16:03:38+00:00","dateModified":"2016-11-23T16:03:38+00:00","breadcrumb":{"@id":"https:\/\/www.prijedordanas.com\/?p=66998#breadcrumb"},"inLanguage":"en-US","potentialAction":[{"@type":"ReadAction","target":["https:\/\/www.prijedordanas.com\/?p=66998"]}]},{"@type":"BreadcrumbList","@id":"https:\/\/www.prijedordanas.com\/?p=66998#breadcrumb","itemListElement":[{"@type":"ListItem","position":1,"name":"Home","item":"https:\/\/www.prijedordanas.com\/"},{"@type":"ListItem","position":2,"name":"PRIJEDORSKA REGIJA: PRO\u0160AO OPTIMALAN ROK ZA JESENJU SJETVU"}]},{"@type":"WebSite","@id":"https:\/\/www.prijedordanas.com\/#website","url":"https:\/\/www.prijedordanas.com\/","name":"PrijedorDanas.com - Prijedorski gradski portal","description":"Portal o doga\u0111anjima u gradu Prijedoru","publisher":{"@id":"https:\/\/www.prijedordanas.com\/#organization"},"potentialAction":[{"@type":"SearchAction","target":{"@type":"EntryPoint","urlTemplate":"https:\/\/www.prijedordanas.com\/?s={search_term_string}"},"query-input":"required name=search_term_string"}],"inLanguage":"en-US"},{"@type":"Organization","@id":"https:\/\/www.prijedordanas.com\/#organization","name":"PrijedorDanas.com","url":"https:\/\/www.prijedordanas.com\/","logo":{"@type":"ImageObject","inLanguage":"en-US","@id":"https:\/\/www.prijedordanas.com\/#\/schema\/logo\/image\/","url":"http:\/\/www.prijedordanas.com\/wp-content\/uploads\/2021\/12\/logopng.png","contentUrl":"http:\/\/www.prijedordanas.com\/wp-content\/uploads\/2021\/12\/logopng.png","width":1019,"height":776,"caption":"PrijedorDanas.com"},"image":{"@id":"https:\/\/www.prijedordanas.com\/#\/schema\/logo\/image\/"},"sameAs":["https:\/\/www.facebook.com\/PrijedorDanasCom\/"]},{"@type":"Person","@id":"https:\/\/www.prijedordanas.com\/#\/schema\/person\/4e08ccf29b506ca916ff86d46bb700e6","name":"admin","image":{"@type":"ImageObject","inLanguage":"en-US","@id":"https:\/\/www.prijedordanas.com\/#\/schema\/person\/image\/","url":"https:\/\/secure.gravatar.com\/avatar\/1d3fc949d550f0b53a5f0d51e06dfd79?s=96&d=mm&r=g","contentUrl":"https:\/\/secure.gravatar.com\/avatar\/1d3fc949d550f0b53a5f0d51e06dfd79?s=96&d=mm&r=g","caption":"admin"},"url":"https:\/\/www.prijedordanas.com\/?author=1"}]}},"_links":{"self":[{"href":"https:\/\/www.prijedordanas.com\/index.php?rest_route=\/wp\/v2\/posts\/66998"}],"collection":[{"href":"https:\/\/www.prijedordanas.com\/index.php?rest_route=\/wp\/v2\/posts"}],"about":[{"href":"https:\/\/www.prijedordanas.com\/index.php?rest_route=\/wp\/v2\/types\/post"}],"author":[{"embeddable":true,"href":"https:\/\/www.prijedordanas.com\/index.php?rest_route=\/wp\/v2\/users\/1"}],"replies":[{"embeddable":true,"href":"https:\/\/www.prijedordanas.com\/index.php?rest_route=%2Fwp%2Fv2%2Fcomments&post=66998"}],"version-history":[{"count":1,"href":"https:\/\/www.prijedordanas.com\/index.php?rest_route=\/wp\/v2\/posts\/66998\/revisions"}],"predecessor-version":[{"id":66999,"href":"https:\/\/www.prijedordanas.com\/index.php?rest_route=\/wp\/v2\/posts\/66998\/revisions\/66999"}],"wp:attachment":[{"href":"https:\/\/www.prijedordanas.com\/index.php?rest_route=%2Fwp%2Fv2%2Fmedia&parent=66998"}],"wp:term":[{"taxonomy":"category","embeddable":true,"href":"https:\/\/www.prijedordanas.com\/index.php?rest_route=%2Fwp%2Fv2%2Fcategories&post=66998"},{"taxonomy":"post_tag","embeddable":true,"href":"https:\/\/www.prijedordanas.com\/index.php?rest_route=%2Fwp%2Fv2%2Ftags&post=66998"}],"curies":[{"name":"wp","href":"https:\/\/api.w.org\/{rel}","templated":true}]}}