{"id":66959,"date":"2016-11-22T13:07:05","date_gmt":"2016-11-22T12:07:05","guid":{"rendered":"https:\/\/www.prijedordanas.com\/?p=66959"},"modified":"2016-11-22T13:07:05","modified_gmt":"2016-11-22T12:07:05","slug":"prijedor-skupstinsku-vecinu-cine-dns-snsd-sp-sdp-bih-foto","status":"publish","type":"post","link":"https:\/\/www.prijedordanas.com\/?p=66959","title":{"rendered":"PRIJEDOR: SKUP\u0160TINSKU VE\u0106INU \u010cINE DNS, SNSD, SP I SDP BiH &#8211; FOTO"},"content":{"rendered":"<p><a href=\"https:\/\/www.prijedordanas.com\/wp-content\/uploads\/2016\/11\/skupstinska-vecina-prijedor-dns-snsd-sdp-sp-1.jpg\"><img loading=\"lazy\" decoding=\"async\" class=\"alignleft size-medium wp-image-66961\" src=\"https:\/\/www.prijedordanas.com\/wp-content\/uploads\/2016\/11\/skupstinska-vecina-prijedor-dns-snsd-sdp-sp-1-300x217.jpg\" alt=\"skupstinska-vecina-prijedor-dns-snsd-sdp-sp-1\" width=\"300\" height=\"217\" srcset=\"https:\/\/www.prijedordanas.com\/wp-content\/uploads\/2016\/11\/skupstinska-vecina-prijedor-dns-snsd-sdp-sp-1-300x217.jpg 300w, https:\/\/www.prijedordanas.com\/wp-content\/uploads\/2016\/11\/skupstinska-vecina-prijedor-dns-snsd-sdp-sp-1-100x72.jpg 100w, https:\/\/www.prijedordanas.com\/wp-content\/uploads\/2016\/11\/skupstinska-vecina-prijedor-dns-snsd-sdp-sp-1.jpg 692w\" sizes=\"(max-width: 300px) 100vw, 300px\" \/><\/a>Gradski odbori DNS-a, SNSD-a, SP-a i SDP-a BiH u Prijedoru potpisali su danas protokol o saradnji i zajedni\u010dkom djelovanju u Skup\u0161tini grada.<\/p>\n<p>Predsjednik Gradskog odbora DNS-a Prijedor Milenko \u0110akovi\u0107 rekao je da su protokolom predvi\u0111ene obaveze i odgovornosti na stvaranju uslova za stabilno funkcionisanje organa grada i drugih institucija \u010diji je osniva\u010d grad Prijedor.<\/p>\n<p>&#8220;Usaglasili smo sve \u0161to je neophodno za konstituisanje Skup\u0161tine grada Prijedora i kroz ovo posti\u017eemo i dogovor o svim imenovanjima na funkcije u institucijama i preduze\u0107ima u gradu Prijedoru. Spremni smo da sutra konstitui\u0161emo Skup\u0161tinu grada Prijedora&#8221;, rekao je novinarima \u0110akovi\u0107, koji je i gradona\u010delnik Prijedora.<\/p>\n<p><a href=\"https:\/\/www.prijedordanas.com\/wp-content\/uploads\/2016\/11\/skupstinska-vecina-prijedor-dns-snsd-sdp-sp-3.jpg\"><img loading=\"lazy\" decoding=\"async\" class=\"alignleft size-medium wp-image-66962\" src=\"https:\/\/www.prijedordanas.com\/wp-content\/uploads\/2016\/11\/skupstinska-vecina-prijedor-dns-snsd-sdp-sp-3-300x219.jpg\" alt=\"skupstinska-vecina-prijedor-dns-snsd-sdp-sp-3\" width=\"300\" height=\"219\" srcset=\"https:\/\/www.prijedordanas.com\/wp-content\/uploads\/2016\/11\/skupstinska-vecina-prijedor-dns-snsd-sdp-sp-3-300x219.jpg 300w, https:\/\/www.prijedordanas.com\/wp-content\/uploads\/2016\/11\/skupstinska-vecina-prijedor-dns-snsd-sdp-sp-3-100x73.jpg 100w, https:\/\/www.prijedordanas.com\/wp-content\/uploads\/2016\/11\/skupstinska-vecina-prijedor-dns-snsd-sdp-sp-3.jpg 684w\" sizes=\"(max-width: 300px) 100vw, 300px\" \/><\/a>On je najavio da \u0107e koalicioni partneri sara\u0111ivati u interesu gra\u0111ana Prijedora, podsje\u0107aju\u0107i na to da je korektna saradnja ve\u0107ine stranaka u Prijedoru u proteklih 12 godina stvorila ambijent za rad, privre\u0111ivanje, kulturu, dru\u0161tvene djelatnosti, sprot i sve \u0161to je neophodno gradu.<\/p>\n<p>&#8220;Pred nama nije lak zadatak, ali \u0107emo se potruditi da na ovim pitanjima zajedni\u010dki radimo i da ostvarimo \u0161to je mogu\u0107e bolje rezultate u naredne \u010detiri godine&#8221;, poru\u010dio je \u0110akovi\u0107.<\/p>\n<p>Od 31 mjesta u Skup\u0161tini grada Prijedora, DNS je na lokalnim izborima 2. oktobra osvojio 10, SNSD sedam plus predstavnika sa liste nacionalnih manjina, a socijalisti i socijaldemokrati po jedan.<\/p>\n<p>Osim stranaka potpisnica dana\u0161njeg protokola, u radu prijedorskog parlamenta u\u010destvova\u0107e SDS sa pet odbornika, SDA sa tri, PDP sa dva i DF sa jednim.<\/p>\n<p><a href=\"https:\/\/www.prijedordanas.com\/wp-content\/uploads\/2016\/11\/skupstinska-vecina-prijedor-dns-snsd-sdp-sp-2.jpg\"><img loading=\"lazy\" decoding=\"async\" src=\"https:\/\/www.prijedordanas.com\/wp-content\/uploads\/2016\/11\/skupstinska-vecina-prijedor-dns-snsd-sdp-sp-2-300x218.jpg\" alt=\"skupstinska-vecina-prijedor-dns-snsd-sdp-sp-2\" width=\"300\" height=\"218\" class=\"alignleft size-medium wp-image-66963\" srcset=\"https:\/\/www.prijedordanas.com\/wp-content\/uploads\/2016\/11\/skupstinska-vecina-prijedor-dns-snsd-sdp-sp-2-300x218.jpg 300w, https:\/\/www.prijedordanas.com\/wp-content\/uploads\/2016\/11\/skupstinska-vecina-prijedor-dns-snsd-sdp-sp-2-100x73.jpg 100w, https:\/\/www.prijedordanas.com\/wp-content\/uploads\/2016\/11\/skupstinska-vecina-prijedor-dns-snsd-sdp-sp-2.jpg 688w\" sizes=\"(max-width: 300px) 100vw, 300px\" \/><\/a>Konstitutivna sjednica Skup\u0161tine grada Prijedora zakazana je za sutra u 10.00 \u010dasova.<\/p>\n<p>Na dnevnom redu je osam ta\u010daka, me\u0111u kojima izbor predsjednika i potpredsjednika gradskog parlamenta, izbor zamjenika gradona\u010delnika, te prijedlog rje\u0161enja o imenovanju vr\u0161ilaca du\u017enosti sekretara Skup\u0161tine grada i na\u010delnika odjeljenja gradske uprave.<\/p>\n<p>Tekst \u2013 SRNA<br \/>\nFoto \u2013 Aleksandar Drakuli\u0107 \u2013 <a href=\"www.prijedordanas.com\" target=\"_blank\">www.prijedordanas.com<\/a><\/p>\n","protected":false},"excerpt":{"rendered":"<p>Gradski odbori DNS-a, SNSD-a, SP-a i SDP-a BiH u Prijedoru potpisali su danas protokol o saradnji i zajedni\u010dkom djelovanju u Skup\u0161tini grada. Predsjednik Gradskog odbora DNS-a Prijedor Milenko \u0110akovi\u0107 rekao [&hellip;]<\/p>\n","protected":false},"author":1,"featured_media":0,"comment_status":"closed","ping_status":"open","sticky":false,"template":"","format":"standard","meta":{"_monsterinsights_skip_tracking":false,"_monsterinsights_sitenote_active":false,"_monsterinsights_sitenote_note":"","_monsterinsights_sitenote_category":0,"footnotes":""},"categories":[4],"tags":[1385,9264,9265,241,5204],"yoast_head":"<!-- This site is optimized with the Yoast SEO plugin v21.6 - https:\/\/yoast.com\/wordpress\/plugins\/seo\/ -->\n<title>PRIJEDOR: SKUP\u0160TINSKU VE\u0106INU \u010cINE DNS, SNSD, SP I SDP BiH - FOTO - PrijedorDanas.com - Prijedorski gradski portal<\/title>\n<meta name=\"robots\" content=\"index, follow, max-snippet:-1, max-image-preview:large, max-video-preview:-1\" \/>\n<link rel=\"canonical\" href=\"https:\/\/www.prijedordanas.com\/?p=66959\" \/>\n<meta property=\"og:locale\" content=\"en_US\" \/>\n<meta property=\"og:type\" content=\"article\" \/>\n<meta property=\"og:title\" content=\"PRIJEDOR: SKUP\u0160TINSKU VE\u0106INU \u010cINE DNS, SNSD, SP I SDP BiH - FOTO - PrijedorDanas.com - Prijedorski gradski portal\" \/>\n<meta property=\"og:description\" content=\"Gradski odbori DNS-a, SNSD-a, SP-a i SDP-a BiH u Prijedoru potpisali su danas protokol o saradnji i zajedni\u010dkom djelovanju u Skup\u0161tini grada. Predsjednik Gradskog odbora DNS-a Prijedor Milenko \u0110akovi\u0107 rekao [&hellip;]\" \/>\n<meta property=\"og:url\" content=\"https:\/\/www.prijedordanas.com\/?p=66959\" \/>\n<meta property=\"og:site_name\" content=\"PrijedorDanas.com - Prijedorski gradski portal\" \/>\n<meta property=\"article:publisher\" content=\"https:\/\/www.facebook.com\/PrijedorDanasCom\/\" \/>\n<meta property=\"article:published_time\" content=\"2016-11-22T12:07:05+00:00\" \/>\n<meta property=\"og:image\" content=\"https:\/\/www.prijedordanas.com\/wp-content\/uploads\/2016\/11\/skupstinska-vecina-prijedor-dns-snsd-sdp-sp-1-300x217.jpg\" \/>\n<meta name=\"author\" content=\"admin\" \/>\n<meta name=\"twitter:card\" content=\"summary_large_image\" \/>\n<meta name=\"twitter:label1\" content=\"Written by\" \/>\n\t<meta name=\"twitter:data1\" content=\"admin\" \/>\n\t<meta name=\"twitter:label2\" content=\"Est. reading time\" \/>\n\t<meta name=\"twitter:data2\" content=\"2 minutes\" \/>\n<script type=\"application\/ld+json\" class=\"yoast-schema-graph\">{\"@context\":\"https:\/\/schema.org\",\"@graph\":[{\"@type\":\"Article\",\"@id\":\"https:\/\/www.prijedordanas.com\/?p=66959#article\",\"isPartOf\":{\"@id\":\"https:\/\/www.prijedordanas.com\/?p=66959\"},\"author\":{\"name\":\"admin\",\"@id\":\"https:\/\/www.prijedordanas.com\/#\/schema\/person\/4e08ccf29b506ca916ff86d46bb700e6\"},\"headline\":\"PRIJEDOR: SKUP\u0160TINSKU VE\u0106INU \u010cINE DNS, SNSD, SP I SDP BiH &#8211; FOTO\",\"datePublished\":\"2016-11-22T12:07:05+00:00\",\"dateModified\":\"2016-11-22T12:07:05+00:00\",\"mainEntityOfPage\":{\"@id\":\"https:\/\/www.prijedordanas.com\/?p=66959\"},\"wordCount\":319,\"publisher\":{\"@id\":\"https:\/\/www.prijedordanas.com\/#organization\"},\"keywords\":[\"DNS\",\"SDP\",\"skup\u0161tinska ve\u0107ina\",\"SNSD\",\"SP\"],\"articleSection\":[\"Dru\u0161tvo\"],\"inLanguage\":\"en-US\"},{\"@type\":\"WebPage\",\"@id\":\"https:\/\/www.prijedordanas.com\/?p=66959\",\"url\":\"https:\/\/www.prijedordanas.com\/?p=66959\",\"name\":\"PRIJEDOR: SKUP\u0160TINSKU VE\u0106INU \u010cINE DNS, SNSD, SP I SDP BiH - FOTO - PrijedorDanas.com - Prijedorski gradski portal\",\"isPartOf\":{\"@id\":\"https:\/\/www.prijedordanas.com\/#website\"},\"datePublished\":\"2016-11-22T12:07:05+00:00\",\"dateModified\":\"2016-11-22T12:07:05+00:00\",\"breadcrumb\":{\"@id\":\"https:\/\/www.prijedordanas.com\/?p=66959#breadcrumb\"},\"inLanguage\":\"en-US\",\"potentialAction\":[{\"@type\":\"ReadAction\",\"target\":[\"https:\/\/www.prijedordanas.com\/?p=66959\"]}]},{\"@type\":\"BreadcrumbList\",\"@id\":\"https:\/\/www.prijedordanas.com\/?p=66959#breadcrumb\",\"itemListElement\":[{\"@type\":\"ListItem\",\"position\":1,\"name\":\"Home\",\"item\":\"https:\/\/www.prijedordanas.com\/\"},{\"@type\":\"ListItem\",\"position\":2,\"name\":\"PRIJEDOR: SKUP\u0160TINSKU VE\u0106INU \u010cINE DNS, SNSD, SP I SDP BiH &#8211; FOTO\"}]},{\"@type\":\"WebSite\",\"@id\":\"https:\/\/www.prijedordanas.com\/#website\",\"url\":\"https:\/\/www.prijedordanas.com\/\",\"name\":\"PrijedorDanas.com - Prijedorski gradski portal\",\"description\":\"Portal o doga\u0111anjima u gradu Prijedoru\",\"publisher\":{\"@id\":\"https:\/\/www.prijedordanas.com\/#organization\"},\"potentialAction\":[{\"@type\":\"SearchAction\",\"target\":{\"@type\":\"EntryPoint\",\"urlTemplate\":\"https:\/\/www.prijedordanas.com\/?s={search_term_string}\"},\"query-input\":\"required name=search_term_string\"}],\"inLanguage\":\"en-US\"},{\"@type\":\"Organization\",\"@id\":\"https:\/\/www.prijedordanas.com\/#organization\",\"name\":\"PrijedorDanas.com\",\"url\":\"https:\/\/www.prijedordanas.com\/\",\"logo\":{\"@type\":\"ImageObject\",\"inLanguage\":\"en-US\",\"@id\":\"https:\/\/www.prijedordanas.com\/#\/schema\/logo\/image\/\",\"url\":\"http:\/\/www.prijedordanas.com\/wp-content\/uploads\/2021\/12\/logopng.png\",\"contentUrl\":\"http:\/\/www.prijedordanas.com\/wp-content\/uploads\/2021\/12\/logopng.png\",\"width\":1019,\"height\":776,\"caption\":\"PrijedorDanas.com\"},\"image\":{\"@id\":\"https:\/\/www.prijedordanas.com\/#\/schema\/logo\/image\/\"},\"sameAs\":[\"https:\/\/www.facebook.com\/PrijedorDanasCom\/\"]},{\"@type\":\"Person\",\"@id\":\"https:\/\/www.prijedordanas.com\/#\/schema\/person\/4e08ccf29b506ca916ff86d46bb700e6\",\"name\":\"admin\",\"image\":{\"@type\":\"ImageObject\",\"inLanguage\":\"en-US\",\"@id\":\"https:\/\/www.prijedordanas.com\/#\/schema\/person\/image\/\",\"url\":\"https:\/\/secure.gravatar.com\/avatar\/1d3fc949d550f0b53a5f0d51e06dfd79?s=96&d=mm&r=g\",\"contentUrl\":\"https:\/\/secure.gravatar.com\/avatar\/1d3fc949d550f0b53a5f0d51e06dfd79?s=96&d=mm&r=g\",\"caption\":\"admin\"},\"url\":\"https:\/\/www.prijedordanas.com\/?author=1\"}]}<\/script>\n<!-- \/ Yoast SEO plugin. -->","yoast_head_json":{"title":"PRIJEDOR: SKUP\u0160TINSKU VE\u0106INU \u010cINE DNS, SNSD, SP I SDP BiH - FOTO - PrijedorDanas.com - Prijedorski gradski portal","robots":{"index":"index","follow":"follow","max-snippet":"max-snippet:-1","max-image-preview":"max-image-preview:large","max-video-preview":"max-video-preview:-1"},"canonical":"https:\/\/www.prijedordanas.com\/?p=66959","og_locale":"en_US","og_type":"article","og_title":"PRIJEDOR: SKUP\u0160TINSKU VE\u0106INU \u010cINE DNS, SNSD, SP I SDP BiH - FOTO - PrijedorDanas.com - Prijedorski gradski portal","og_description":"Gradski odbori DNS-a, SNSD-a, SP-a i SDP-a BiH u Prijedoru potpisali su danas protokol o saradnji i zajedni\u010dkom djelovanju u Skup\u0161tini grada. Predsjednik Gradskog odbora DNS-a Prijedor Milenko \u0110akovi\u0107 rekao [&hellip;]","og_url":"https:\/\/www.prijedordanas.com\/?p=66959","og_site_name":"PrijedorDanas.com - Prijedorski gradski portal","article_publisher":"https:\/\/www.facebook.com\/PrijedorDanasCom\/","article_published_time":"2016-11-22T12:07:05+00:00","og_image":[{"url":"https:\/\/www.prijedordanas.com\/wp-content\/uploads\/2016\/11\/skupstinska-vecina-prijedor-dns-snsd-sdp-sp-1-300x217.jpg"}],"author":"admin","twitter_card":"summary_large_image","twitter_misc":{"Written by":"admin","Est. reading time":"2 minutes"},"schema":{"@context":"https:\/\/schema.org","@graph":[{"@type":"Article","@id":"https:\/\/www.prijedordanas.com\/?p=66959#article","isPartOf":{"@id":"https:\/\/www.prijedordanas.com\/?p=66959"},"author":{"name":"admin","@id":"https:\/\/www.prijedordanas.com\/#\/schema\/person\/4e08ccf29b506ca916ff86d46bb700e6"},"headline":"PRIJEDOR: SKUP\u0160TINSKU VE\u0106INU \u010cINE DNS, SNSD, SP I SDP BiH &#8211; FOTO","datePublished":"2016-11-22T12:07:05+00:00","dateModified":"2016-11-22T12:07:05+00:00","mainEntityOfPage":{"@id":"https:\/\/www.prijedordanas.com\/?p=66959"},"wordCount":319,"publisher":{"@id":"https:\/\/www.prijedordanas.com\/#organization"},"keywords":["DNS","SDP","skup\u0161tinska ve\u0107ina","SNSD","SP"],"articleSection":["Dru\u0161tvo"],"inLanguage":"en-US"},{"@type":"WebPage","@id":"https:\/\/www.prijedordanas.com\/?p=66959","url":"https:\/\/www.prijedordanas.com\/?p=66959","name":"PRIJEDOR: SKUP\u0160TINSKU VE\u0106INU \u010cINE DNS, SNSD, SP I SDP BiH - FOTO - PrijedorDanas.com - Prijedorski gradski portal","isPartOf":{"@id":"https:\/\/www.prijedordanas.com\/#website"},"datePublished":"2016-11-22T12:07:05+00:00","dateModified":"2016-11-22T12:07:05+00:00","breadcrumb":{"@id":"https:\/\/www.prijedordanas.com\/?p=66959#breadcrumb"},"inLanguage":"en-US","potentialAction":[{"@type":"ReadAction","target":["https:\/\/www.prijedordanas.com\/?p=66959"]}]},{"@type":"BreadcrumbList","@id":"https:\/\/www.prijedordanas.com\/?p=66959#breadcrumb","itemListElement":[{"@type":"ListItem","position":1,"name":"Home","item":"https:\/\/www.prijedordanas.com\/"},{"@type":"ListItem","position":2,"name":"PRIJEDOR: SKUP\u0160TINSKU VE\u0106INU \u010cINE DNS, SNSD, SP I SDP BiH &#8211; FOTO"}]},{"@type":"WebSite","@id":"https:\/\/www.prijedordanas.com\/#website","url":"https:\/\/www.prijedordanas.com\/","name":"PrijedorDanas.com - Prijedorski gradski portal","description":"Portal o doga\u0111anjima u gradu Prijedoru","publisher":{"@id":"https:\/\/www.prijedordanas.com\/#organization"},"potentialAction":[{"@type":"SearchAction","target":{"@type":"EntryPoint","urlTemplate":"https:\/\/www.prijedordanas.com\/?s={search_term_string}"},"query-input":"required name=search_term_string"}],"inLanguage":"en-US"},{"@type":"Organization","@id":"https:\/\/www.prijedordanas.com\/#organization","name":"PrijedorDanas.com","url":"https:\/\/www.prijedordanas.com\/","logo":{"@type":"ImageObject","inLanguage":"en-US","@id":"https:\/\/www.prijedordanas.com\/#\/schema\/logo\/image\/","url":"http:\/\/www.prijedordanas.com\/wp-content\/uploads\/2021\/12\/logopng.png","contentUrl":"http:\/\/www.prijedordanas.com\/wp-content\/uploads\/2021\/12\/logopng.png","width":1019,"height":776,"caption":"PrijedorDanas.com"},"image":{"@id":"https:\/\/www.prijedordanas.com\/#\/schema\/logo\/image\/"},"sameAs":["https:\/\/www.facebook.com\/PrijedorDanasCom\/"]},{"@type":"Person","@id":"https:\/\/www.prijedordanas.com\/#\/schema\/person\/4e08ccf29b506ca916ff86d46bb700e6","name":"admin","image":{"@type":"ImageObject","inLanguage":"en-US","@id":"https:\/\/www.prijedordanas.com\/#\/schema\/person\/image\/","url":"https:\/\/secure.gravatar.com\/avatar\/1d3fc949d550f0b53a5f0d51e06dfd79?s=96&d=mm&r=g","contentUrl":"https:\/\/secure.gravatar.com\/avatar\/1d3fc949d550f0b53a5f0d51e06dfd79?s=96&d=mm&r=g","caption":"admin"},"url":"https:\/\/www.prijedordanas.com\/?author=1"}]}},"_links":{"self":[{"href":"https:\/\/www.prijedordanas.com\/index.php?rest_route=\/wp\/v2\/posts\/66959"}],"collection":[{"href":"https:\/\/www.prijedordanas.com\/index.php?rest_route=\/wp\/v2\/posts"}],"about":[{"href":"https:\/\/www.prijedordanas.com\/index.php?rest_route=\/wp\/v2\/types\/post"}],"author":[{"embeddable":true,"href":"https:\/\/www.prijedordanas.com\/index.php?rest_route=\/wp\/v2\/users\/1"}],"replies":[{"embeddable":true,"href":"https:\/\/www.prijedordanas.com\/index.php?rest_route=%2Fwp%2Fv2%2Fcomments&post=66959"}],"version-history":[{"count":1,"href":"https:\/\/www.prijedordanas.com\/index.php?rest_route=\/wp\/v2\/posts\/66959\/revisions"}],"predecessor-version":[{"id":66964,"href":"https:\/\/www.prijedordanas.com\/index.php?rest_route=\/wp\/v2\/posts\/66959\/revisions\/66964"}],"wp:attachment":[{"href":"https:\/\/www.prijedordanas.com\/index.php?rest_route=%2Fwp%2Fv2%2Fmedia&parent=66959"}],"wp:term":[{"taxonomy":"category","embeddable":true,"href":"https:\/\/www.prijedordanas.com\/index.php?rest_route=%2Fwp%2Fv2%2Fcategories&post=66959"},{"taxonomy":"post_tag","embeddable":true,"href":"https:\/\/www.prijedordanas.com\/index.php?rest_route=%2Fwp%2Fv2%2Ftags&post=66959"}],"curies":[{"name":"wp","href":"https:\/\/api.w.org\/{rel}","templated":true}]}}