{"id":66668,"date":"2016-11-19T09:08:12","date_gmt":"2016-11-19T08:08:12","guid":{"rendered":"https:\/\/www.prijedordanas.com\/?p=66668"},"modified":"2016-11-19T09:08:12","modified_gmt":"2016-11-19T08:08:12","slug":"gradonacelnik-dakovic-prodaje-impra-ljubije-otvaraju-nova-radna-mjesta","status":"publish","type":"post","link":"https:\/\/www.prijedordanas.com\/?p=66668","title":{"rendered":"GRADONA\u010cELNIK \u0110AKOVI\u0106: PRODAJE \u201eIMPRA\u201c I \u201eLJUBIJE\u201c OTVARAJU NOVA RADNA MJESTA"},"content":{"rendered":"<p><a href=\"https:\/\/www.prijedordanas.com\/wp-content\/uploads\/2016\/11\/blic-milenko-djakovic.jpg\"><img loading=\"lazy\" decoding=\"async\" src=\"https:\/\/www.prijedordanas.com\/wp-content\/uploads\/2016\/11\/blic-milenko-djakovic-300x222.jpg\" alt=\"blic-milenko-djakovic\" width=\"300\" height=\"222\" class=\"alignleft size-medium wp-image-66669\" srcset=\"https:\/\/www.prijedordanas.com\/wp-content\/uploads\/2016\/11\/blic-milenko-djakovic-300x222.jpg 300w, https:\/\/www.prijedordanas.com\/wp-content\/uploads\/2016\/11\/blic-milenko-djakovic-100x74.jpg 100w, https:\/\/www.prijedordanas.com\/wp-content\/uploads\/2016\/11\/blic-milenko-djakovic.jpg 675w\" sizes=\"(max-width: 300px) 100vw, 300px\" \/><\/a>Nakon \u0161to je pro\u0161le godine propala dogovorena prodaja prijedorske industrije mesa \u201eImpro\u201c italijanskim investitorima, narednih dana ovo preduze\u0107e bi moglo kona\u010dno da dobije novog vlasnika.<\/p>\n<p>Potencijalni kupci, ovaj put iz BiH, tra\u017eili su razgovor sa novim gradona\u010delnikom Prijedora Milenkom \u0110akovi\u0107em.<\/p>\n<p>\u2013 Postoji kupac koji se zainteresovao za \u201eImpro\u201c i postoji mogu\u0107nost da idu\u0107e sedmice do\u0111u na razgovor, a ja \u0107u biti zadovoljan ako oni budu imali ozbiljne namjere. Jo\u0161 nemam zvani\u010dne podatke o njihovom sjedi\u0161tu, jer su i Italijani koji su bili pro\u0161le godine zainteresovani za \u201eImpro\u201c imali firmu u Tuzli \u2013 ka\u017ee \u0110akovi\u0107 za \u201eEuroBlic\u201c.<\/p>\n<p>Pokretanje proizvodnje u ovoj industriji mesa, koja je zbog kreditnih malverzacija nakon privatizacije u ste\u010daju ve\u0107 pet godina, omogu\u0107ilo bi nova radna mjesta u pogonu, ali i posao za prijedorske farmere koji bi imali kome prodavati stoku.<\/p>\n<p>\u0110akovi\u0107 ka\u017ee da su radna mjesta prioritet i pri prodaji dr\u017eavnog kapitala Rudnika \u017eeljezne rude \u201eLjubija\u201c.<\/p>\n<p>\u2013 \u017delimo da rudnik \u201eLjubija\u201c po\u010dne sa radom i zaposli ljude, prvenstveno iz Ljubije, a uslovi prodaje nas ne interesuju, jer je to posao Vlade RS \u2013 poru\u010duje \u0110akovi\u0107.<\/p>\n<p>Dodaje da se stalno pregovara sa novim investitorima. U narednom periodu u Prijedoru bi trebalo da po\u010dne sa radom pogon nema\u010dke firme za proizvodnju metala, a u Kozarcu preduze\u0107e za metalopreradu i ma\u0161insku obradu koje bi trebalo da zaposli desetak radnika.<\/p>\n<p>Nakon \u0161to je \u0110akovi\u0107 preuzeo rukovo\u0111enje Prijedorom traju i razgovori oko podjele radnih mjesta u gradskoj upravi. Zamjenik gradona\u010delnika prvi put nakon 12 godina u Prijedoru bi\u0107e iz SNSD.<\/p>\n<p>\u2013 Bi\u0107e promjena i u gradskoj upravi, ali te funkcije jo\u0161 nismo dogovorili \u2013 ka\u017ee \u0110akovi\u0107.<\/p>\n<p>On najavljuje da \u0107e konstitutivna Skup\u0161tina grada Prijedora biti odr\u017eana 23. novembra.<\/p>\n<p>\u2013 Ve\u0107ina odbornika radi\u0107e u koaliciji, izuzev SDS, PDP i DF, ali smatramo da je zdrava opozicija dobrodo\u0161la kao korektor svih aktuelnih problema u Prijedoru \u2013 isti\u010de \u0110akovi\u0107.<\/p>\n<p>Iako je pro\u0161lo mjesec i po nakon izbora, \u0110akovi\u0107 ka\u017ee da jo\u0161 nije uspio da odgovori na sve pozive i poruke sa \u010destitkama koje su mu u izbornoj no\u0107i blokirali telefon.<\/p>\n<p>Ka\u017ee da je zadovoljan stanjem u Prijedoru i funkcijom koju je preuzeo, ali isti\u010de da ni\u0161ta od toga ne bi bilo mogu\u0107e da njegov prethodnik nije bio Marko Pavi\u0107.<\/p>\n<p>\u2013 Sa Pavi\u0107em sam u stalnom kontaktu i usagla\u0161ava\u0107u se sa njim dok traju svi projekti iz njegovog mandata. Uvijek \u0107u kao \u010dovjek tra\u017eiti savet od njega, jer navika je mo\u0107 velika, a Pavi\u0107 je bio taj koji je stabilizovao stanje u multietni\u010dkom Prijedoru i svojim iskustvom usmjerio politiku i procese tako da se Prijedor razvijao br\u017ee od drugih lokalnih zajednica &#8211; nagla\u0161ava \u0110akovi\u0107.<\/p>\n<p>EuroBlic<\/p>\n","protected":false},"excerpt":{"rendered":"<p>Nakon \u0161to je pro\u0161le godine propala dogovorena prodaja prijedorske industrije mesa \u201eImpro\u201c italijanskim investitorima, narednih dana ovo preduze\u0107e bi moglo kona\u010dno da dobije novog vlasnika. Potencijalni kupci, ovaj put iz [&hellip;]<\/p>\n","protected":false},"author":1,"featured_media":0,"comment_status":"closed","ping_status":"open","sticky":false,"template":"","format":"standard","meta":{"_monsterinsights_skip_tracking":false,"_monsterinsights_sitenote_active":false,"_monsterinsights_sitenote_note":"","_monsterinsights_sitenote_category":0,"footnotes":""},"categories":[4],"tags":[9211,2863,9237,225],"yoast_head":"<!-- This site is optimized with the Yoast SEO plugin v21.6 - https:\/\/yoast.com\/wordpress\/plugins\/seo\/ -->\n<title>GRADONA\u010cELNIK \u0110AKOVI\u0106: PRODAJE \u201eIMPRA\u201c I \u201eLJUBIJE\u201c OTVARAJU NOVA RADNA MJESTA - PrijedorDanas.com - Prijedorski gradski portal<\/title>\n<meta name=\"robots\" content=\"index, follow, max-snippet:-1, max-image-preview:large, max-video-preview:-1\" \/>\n<link rel=\"canonical\" href=\"https:\/\/www.prijedordanas.com\/?p=66668\" \/>\n<meta property=\"og:locale\" content=\"en_US\" \/>\n<meta property=\"og:type\" content=\"article\" \/>\n<meta property=\"og:title\" content=\"GRADONA\u010cELNIK \u0110AKOVI\u0106: PRODAJE \u201eIMPRA\u201c I \u201eLJUBIJE\u201c OTVARAJU NOVA RADNA MJESTA - PrijedorDanas.com - Prijedorski gradski portal\" \/>\n<meta property=\"og:description\" content=\"Nakon \u0161to je pro\u0161le godine propala dogovorena prodaja prijedorske industrije mesa \u201eImpro\u201c italijanskim investitorima, narednih dana ovo preduze\u0107e bi moglo kona\u010dno da dobije novog vlasnika. Potencijalni kupci, ovaj put iz [&hellip;]\" \/>\n<meta property=\"og:url\" content=\"https:\/\/www.prijedordanas.com\/?p=66668\" \/>\n<meta property=\"og:site_name\" content=\"PrijedorDanas.com - Prijedorski gradski portal\" \/>\n<meta property=\"article:publisher\" content=\"https:\/\/www.facebook.com\/PrijedorDanasCom\/\" \/>\n<meta property=\"article:published_time\" content=\"2016-11-19T08:08:12+00:00\" \/>\n<meta property=\"og:image\" content=\"https:\/\/www.prijedordanas.com\/wp-content\/uploads\/2016\/11\/blic-milenko-djakovic-300x222.jpg\" \/>\n<meta name=\"author\" content=\"admin\" \/>\n<meta name=\"twitter:card\" content=\"summary_large_image\" \/>\n<meta name=\"twitter:label1\" content=\"Written by\" \/>\n\t<meta name=\"twitter:data1\" content=\"admin\" \/>\n\t<meta name=\"twitter:label2\" content=\"Est. reading time\" \/>\n\t<meta name=\"twitter:data2\" content=\"2 minutes\" \/>\n<script type=\"application\/ld+json\" class=\"yoast-schema-graph\">{\"@context\":\"https:\/\/schema.org\",\"@graph\":[{\"@type\":\"Article\",\"@id\":\"https:\/\/www.prijedordanas.com\/?p=66668#article\",\"isPartOf\":{\"@id\":\"https:\/\/www.prijedordanas.com\/?p=66668\"},\"author\":{\"name\":\"admin\",\"@id\":\"https:\/\/www.prijedordanas.com\/#\/schema\/person\/4e08ccf29b506ca916ff86d46bb700e6\"},\"headline\":\"GRADONA\u010cELNIK \u0110AKOVI\u0106: PRODAJE \u201eIMPRA\u201c I \u201eLJUBIJE\u201c OTVARAJU NOVA RADNA MJESTA\",\"datePublished\":\"2016-11-19T08:08:12+00:00\",\"dateModified\":\"2016-11-19T08:08:12+00:00\",\"mainEntityOfPage\":{\"@id\":\"https:\/\/www.prijedordanas.com\/?p=66668\"},\"wordCount\":477,\"publisher\":{\"@id\":\"https:\/\/www.prijedordanas.com\/#organization\"},\"keywords\":[\"gradona\u010delnik Milenko \u0110akovi\u0107\",\"Impro\",\"prodaka\",\"R\u017dR Ljubija\"],\"articleSection\":[\"Dru\u0161tvo\"],\"inLanguage\":\"en-US\"},{\"@type\":\"WebPage\",\"@id\":\"https:\/\/www.prijedordanas.com\/?p=66668\",\"url\":\"https:\/\/www.prijedordanas.com\/?p=66668\",\"name\":\"GRADONA\u010cELNIK \u0110AKOVI\u0106: PRODAJE \u201eIMPRA\u201c I \u201eLJUBIJE\u201c OTVARAJU NOVA RADNA MJESTA - PrijedorDanas.com - Prijedorski gradski portal\",\"isPartOf\":{\"@id\":\"https:\/\/www.prijedordanas.com\/#website\"},\"datePublished\":\"2016-11-19T08:08:12+00:00\",\"dateModified\":\"2016-11-19T08:08:12+00:00\",\"breadcrumb\":{\"@id\":\"https:\/\/www.prijedordanas.com\/?p=66668#breadcrumb\"},\"inLanguage\":\"en-US\",\"potentialAction\":[{\"@type\":\"ReadAction\",\"target\":[\"https:\/\/www.prijedordanas.com\/?p=66668\"]}]},{\"@type\":\"BreadcrumbList\",\"@id\":\"https:\/\/www.prijedordanas.com\/?p=66668#breadcrumb\",\"itemListElement\":[{\"@type\":\"ListItem\",\"position\":1,\"name\":\"Home\",\"item\":\"https:\/\/www.prijedordanas.com\/\"},{\"@type\":\"ListItem\",\"position\":2,\"name\":\"GRADONA\u010cELNIK \u0110AKOVI\u0106: PRODAJE \u201eIMPRA\u201c I \u201eLJUBIJE\u201c OTVARAJU NOVA RADNA MJESTA\"}]},{\"@type\":\"WebSite\",\"@id\":\"https:\/\/www.prijedordanas.com\/#website\",\"url\":\"https:\/\/www.prijedordanas.com\/\",\"name\":\"PrijedorDanas.com - Prijedorski gradski portal\",\"description\":\"Portal o doga\u0111anjima u gradu Prijedoru\",\"publisher\":{\"@id\":\"https:\/\/www.prijedordanas.com\/#organization\"},\"potentialAction\":[{\"@type\":\"SearchAction\",\"target\":{\"@type\":\"EntryPoint\",\"urlTemplate\":\"https:\/\/www.prijedordanas.com\/?s={search_term_string}\"},\"query-input\":\"required name=search_term_string\"}],\"inLanguage\":\"en-US\"},{\"@type\":\"Organization\",\"@id\":\"https:\/\/www.prijedordanas.com\/#organization\",\"name\":\"PrijedorDanas.com\",\"url\":\"https:\/\/www.prijedordanas.com\/\",\"logo\":{\"@type\":\"ImageObject\",\"inLanguage\":\"en-US\",\"@id\":\"https:\/\/www.prijedordanas.com\/#\/schema\/logo\/image\/\",\"url\":\"http:\/\/www.prijedordanas.com\/wp-content\/uploads\/2021\/12\/logopng.png\",\"contentUrl\":\"http:\/\/www.prijedordanas.com\/wp-content\/uploads\/2021\/12\/logopng.png\",\"width\":1019,\"height\":776,\"caption\":\"PrijedorDanas.com\"},\"image\":{\"@id\":\"https:\/\/www.prijedordanas.com\/#\/schema\/logo\/image\/\"},\"sameAs\":[\"https:\/\/www.facebook.com\/PrijedorDanasCom\/\"]},{\"@type\":\"Person\",\"@id\":\"https:\/\/www.prijedordanas.com\/#\/schema\/person\/4e08ccf29b506ca916ff86d46bb700e6\",\"name\":\"admin\",\"image\":{\"@type\":\"ImageObject\",\"inLanguage\":\"en-US\",\"@id\":\"https:\/\/www.prijedordanas.com\/#\/schema\/person\/image\/\",\"url\":\"https:\/\/secure.gravatar.com\/avatar\/1d3fc949d550f0b53a5f0d51e06dfd79?s=96&d=mm&r=g\",\"contentUrl\":\"https:\/\/secure.gravatar.com\/avatar\/1d3fc949d550f0b53a5f0d51e06dfd79?s=96&d=mm&r=g\",\"caption\":\"admin\"},\"url\":\"https:\/\/www.prijedordanas.com\/?author=1\"}]}<\/script>\n<!-- \/ Yoast SEO plugin. -->","yoast_head_json":{"title":"GRADONA\u010cELNIK \u0110AKOVI\u0106: PRODAJE \u201eIMPRA\u201c I \u201eLJUBIJE\u201c OTVARAJU NOVA RADNA MJESTA - PrijedorDanas.com - Prijedorski gradski portal","robots":{"index":"index","follow":"follow","max-snippet":"max-snippet:-1","max-image-preview":"max-image-preview:large","max-video-preview":"max-video-preview:-1"},"canonical":"https:\/\/www.prijedordanas.com\/?p=66668","og_locale":"en_US","og_type":"article","og_title":"GRADONA\u010cELNIK \u0110AKOVI\u0106: PRODAJE \u201eIMPRA\u201c I \u201eLJUBIJE\u201c OTVARAJU NOVA RADNA MJESTA - PrijedorDanas.com - Prijedorski gradski portal","og_description":"Nakon \u0161to je pro\u0161le godine propala dogovorena prodaja prijedorske industrije mesa \u201eImpro\u201c italijanskim investitorima, narednih dana ovo preduze\u0107e bi moglo kona\u010dno da dobije novog vlasnika. Potencijalni kupci, ovaj put iz [&hellip;]","og_url":"https:\/\/www.prijedordanas.com\/?p=66668","og_site_name":"PrijedorDanas.com - Prijedorski gradski portal","article_publisher":"https:\/\/www.facebook.com\/PrijedorDanasCom\/","article_published_time":"2016-11-19T08:08:12+00:00","og_image":[{"url":"https:\/\/www.prijedordanas.com\/wp-content\/uploads\/2016\/11\/blic-milenko-djakovic-300x222.jpg"}],"author":"admin","twitter_card":"summary_large_image","twitter_misc":{"Written by":"admin","Est. reading time":"2 minutes"},"schema":{"@context":"https:\/\/schema.org","@graph":[{"@type":"Article","@id":"https:\/\/www.prijedordanas.com\/?p=66668#article","isPartOf":{"@id":"https:\/\/www.prijedordanas.com\/?p=66668"},"author":{"name":"admin","@id":"https:\/\/www.prijedordanas.com\/#\/schema\/person\/4e08ccf29b506ca916ff86d46bb700e6"},"headline":"GRADONA\u010cELNIK \u0110AKOVI\u0106: PRODAJE \u201eIMPRA\u201c I \u201eLJUBIJE\u201c OTVARAJU NOVA RADNA MJESTA","datePublished":"2016-11-19T08:08:12+00:00","dateModified":"2016-11-19T08:08:12+00:00","mainEntityOfPage":{"@id":"https:\/\/www.prijedordanas.com\/?p=66668"},"wordCount":477,"publisher":{"@id":"https:\/\/www.prijedordanas.com\/#organization"},"keywords":["gradona\u010delnik Milenko \u0110akovi\u0107","Impro","prodaka","R\u017dR Ljubija"],"articleSection":["Dru\u0161tvo"],"inLanguage":"en-US"},{"@type":"WebPage","@id":"https:\/\/www.prijedordanas.com\/?p=66668","url":"https:\/\/www.prijedordanas.com\/?p=66668","name":"GRADONA\u010cELNIK \u0110AKOVI\u0106: PRODAJE \u201eIMPRA\u201c I \u201eLJUBIJE\u201c OTVARAJU NOVA RADNA MJESTA - PrijedorDanas.com - Prijedorski gradski portal","isPartOf":{"@id":"https:\/\/www.prijedordanas.com\/#website"},"datePublished":"2016-11-19T08:08:12+00:00","dateModified":"2016-11-19T08:08:12+00:00","breadcrumb":{"@id":"https:\/\/www.prijedordanas.com\/?p=66668#breadcrumb"},"inLanguage":"en-US","potentialAction":[{"@type":"ReadAction","target":["https:\/\/www.prijedordanas.com\/?p=66668"]}]},{"@type":"BreadcrumbList","@id":"https:\/\/www.prijedordanas.com\/?p=66668#breadcrumb","itemListElement":[{"@type":"ListItem","position":1,"name":"Home","item":"https:\/\/www.prijedordanas.com\/"},{"@type":"ListItem","position":2,"name":"GRADONA\u010cELNIK \u0110AKOVI\u0106: PRODAJE \u201eIMPRA\u201c I \u201eLJUBIJE\u201c OTVARAJU NOVA RADNA MJESTA"}]},{"@type":"WebSite","@id":"https:\/\/www.prijedordanas.com\/#website","url":"https:\/\/www.prijedordanas.com\/","name":"PrijedorDanas.com - Prijedorski gradski portal","description":"Portal o doga\u0111anjima u gradu Prijedoru","publisher":{"@id":"https:\/\/www.prijedordanas.com\/#organization"},"potentialAction":[{"@type":"SearchAction","target":{"@type":"EntryPoint","urlTemplate":"https:\/\/www.prijedordanas.com\/?s={search_term_string}"},"query-input":"required name=search_term_string"}],"inLanguage":"en-US"},{"@type":"Organization","@id":"https:\/\/www.prijedordanas.com\/#organization","name":"PrijedorDanas.com","url":"https:\/\/www.prijedordanas.com\/","logo":{"@type":"ImageObject","inLanguage":"en-US","@id":"https:\/\/www.prijedordanas.com\/#\/schema\/logo\/image\/","url":"http:\/\/www.prijedordanas.com\/wp-content\/uploads\/2021\/12\/logopng.png","contentUrl":"http:\/\/www.prijedordanas.com\/wp-content\/uploads\/2021\/12\/logopng.png","width":1019,"height":776,"caption":"PrijedorDanas.com"},"image":{"@id":"https:\/\/www.prijedordanas.com\/#\/schema\/logo\/image\/"},"sameAs":["https:\/\/www.facebook.com\/PrijedorDanasCom\/"]},{"@type":"Person","@id":"https:\/\/www.prijedordanas.com\/#\/schema\/person\/4e08ccf29b506ca916ff86d46bb700e6","name":"admin","image":{"@type":"ImageObject","inLanguage":"en-US","@id":"https:\/\/www.prijedordanas.com\/#\/schema\/person\/image\/","url":"https:\/\/secure.gravatar.com\/avatar\/1d3fc949d550f0b53a5f0d51e06dfd79?s=96&d=mm&r=g","contentUrl":"https:\/\/secure.gravatar.com\/avatar\/1d3fc949d550f0b53a5f0d51e06dfd79?s=96&d=mm&r=g","caption":"admin"},"url":"https:\/\/www.prijedordanas.com\/?author=1"}]}},"_links":{"self":[{"href":"https:\/\/www.prijedordanas.com\/index.php?rest_route=\/wp\/v2\/posts\/66668"}],"collection":[{"href":"https:\/\/www.prijedordanas.com\/index.php?rest_route=\/wp\/v2\/posts"}],"about":[{"href":"https:\/\/www.prijedordanas.com\/index.php?rest_route=\/wp\/v2\/types\/post"}],"author":[{"embeddable":true,"href":"https:\/\/www.prijedordanas.com\/index.php?rest_route=\/wp\/v2\/users\/1"}],"replies":[{"embeddable":true,"href":"https:\/\/www.prijedordanas.com\/index.php?rest_route=%2Fwp%2Fv2%2Fcomments&post=66668"}],"version-history":[{"count":1,"href":"https:\/\/www.prijedordanas.com\/index.php?rest_route=\/wp\/v2\/posts\/66668\/revisions"}],"predecessor-version":[{"id":66670,"href":"https:\/\/www.prijedordanas.com\/index.php?rest_route=\/wp\/v2\/posts\/66668\/revisions\/66670"}],"wp:attachment":[{"href":"https:\/\/www.prijedordanas.com\/index.php?rest_route=%2Fwp%2Fv2%2Fmedia&parent=66668"}],"wp:term":[{"taxonomy":"category","embeddable":true,"href":"https:\/\/www.prijedordanas.com\/index.php?rest_route=%2Fwp%2Fv2%2Fcategories&post=66668"},{"taxonomy":"post_tag","embeddable":true,"href":"https:\/\/www.prijedordanas.com\/index.php?rest_route=%2Fwp%2Fv2%2Ftags&post=66668"}],"curies":[{"name":"wp","href":"https:\/\/api.w.org\/{rel}","templated":true}]}}