{"id":66559,"date":"2016-11-18T13:58:30","date_gmt":"2016-11-18T12:58:30","guid":{"rendered":"https:\/\/www.prijedordanas.com\/?p=66559"},"modified":"2016-11-18T14:05:45","modified_gmt":"2016-11-18T13:05:45","slug":"otvoren-beko-shop-zaposleno-cetvoro-prijedorcana-foto","status":"publish","type":"post","link":"https:\/\/www.prijedordanas.com\/?p=66559","title":{"rendered":"OTVOREN BEKO SHOP: ZAPOSLENO \u010cETVORO PRIJEDOR\u010cANA \u2013 FOTO"},"content":{"rendered":"<p><a href=\"https:\/\/www.prijedordanas.com\/wp-content\/uploads\/2016\/11\/beko-shop-prijedor-otvaranje-1.jpg\"><img loading=\"lazy\" decoding=\"async\" class=\"alignleft size-medium wp-image-66560\" src=\"https:\/\/www.prijedordanas.com\/wp-content\/uploads\/2016\/11\/beko-shop-prijedor-otvaranje-1-201x300.jpg\" alt=\"beko-shop-prijedor-otvaranje-1\" width=\"201\" height=\"300\" srcset=\"https:\/\/www.prijedordanas.com\/wp-content\/uploads\/2016\/11\/beko-shop-prijedor-otvaranje-1-201x300.jpg 201w, https:\/\/www.prijedordanas.com\/wp-content\/uploads\/2016\/11\/beko-shop-prijedor-otvaranje-1-67x100.jpg 67w, https:\/\/www.prijedordanas.com\/wp-content\/uploads\/2016\/11\/beko-shop-prijedor-otvaranje-1.jpg 435w\" sizes=\"(max-width: 201px) 100vw, 201px\" \/><\/a>\u2013 Zakupljen reklamni prostor \u2013<\/p>\n<p>Danas je u Prijedoru otvoren ekskluzivni Beko shop koji se nalazi u ulici Bo\u0161ka Buhe bb, u sklopu Konzum Family centra u gradu na Sani.<\/p>\n<p>Beko shop je otvorila firma Omega d.o.o., koja je ekskluzivni zastupnik brendova Beko, Grundig i Blomberg za BiH.<\/p>\n<p>Ovo je prvi ekskluzivni Beko shop u Prijedoru, a 29. u BiH.<\/p>\n<p>Beko shop se prostire na povr\u0161ini od 162 kvadratna metra prostora a zaposleno je \u010detvoro mladih i perspektivnih ljudi.<\/p>\n<p>Ukupna investicija ulo\u017eena u opremanje prostora je 60.000 KM.<\/p>\n<p>U ponudi Beko shopa ima preko 1.000 razli\u010ditih proizvoda.<\/p>\n<p>Pouzdanost, kvalitet u izradi, energetske u\u010dinkovitosti i velike vrijednosti, samo su neki od razloga koji su sve vi\u0161e i vi\u0161e presudni kod odabira Beko ku\u0107anskih aparata.<\/p>\n<p><a href=\"https:\/\/www.prijedordanas.com\/wp-content\/uploads\/2016\/11\/beko-shop-prijedor-otvaranje-2.jpg\"><img loading=\"lazy\" decoding=\"async\" class=\"alignleft size-medium wp-image-66561\" src=\"https:\/\/www.prijedordanas.com\/wp-content\/uploads\/2016\/11\/beko-shop-prijedor-otvaranje-2-201x300.jpg\" alt=\"beko-shop-prijedor-otvaranje-2\" width=\"201\" height=\"300\" srcset=\"https:\/\/www.prijedordanas.com\/wp-content\/uploads\/2016\/11\/beko-shop-prijedor-otvaranje-2-201x300.jpg 201w, https:\/\/www.prijedordanas.com\/wp-content\/uploads\/2016\/11\/beko-shop-prijedor-otvaranje-2-67x100.jpg 67w, https:\/\/www.prijedordanas.com\/wp-content\/uploads\/2016\/11\/beko-shop-prijedor-otvaranje-2.jpg 435w\" sizes=\"(max-width: 201px) 100vw, 201px\" \/><\/a>Beko svake dvije godine na tr\u017ei\u0161te lansira novitete.<\/p>\n<p>Beko je drugi po veli\u010dini brend u Evropi u sektoru bijele tehnike i predstavlja najbr\u017ee rastu\u0107i brend na cjelokupnom evropskom tr\u017ei\u0161tu u posljednjih sedam godina.<\/p>\n<p>Beko nudi asortiman pametnih rije\u0161enja da bi zadovoljio potrebe razli\u010ditih ljudi, kultura i na\u010dina \u017eivota u vi\u0161e od 100 zemalja \u0161irom sveta, nude\u0107i ekolo\u0161ki prihvatljive ku\u0107anske aparate koji \u0161tede energiju sa pametnom tehnologijom i stilizovanim dizajnom.<\/p>\n<p>Jedna od prednosti kod kupovine Beko ure\u0111aja jeste jaka servisna mre\u017ea, sa preko 50 ovla\u0161tenih servisa u BiH.<\/p>\n<p>Besplatna dostava, uno\u0161enje u stan, kupovina sa popustima, beskamatni krediti, kupovina na rate samo su neki od razloga za\u0161to posjetiti Beko shop.<\/p>\n<p>Osim Beko proizvoda u Beko shopu se mogu na\u0107i i GRUNDIG proizvodi koji su svakako svima ve\u0107 dobro poznati, a polako se ovaj brand ponovo vra\u0107a i u na\u0161u zemlju sa sve ve\u0107om ponudom televizora i elektronike.<\/p>\n<p><a href=\"https:\/\/www.prijedordanas.com\/wp-content\/uploads\/2016\/11\/beko-shop-prijedor-otvaranje-3.jpg\"><img loading=\"lazy\" decoding=\"async\" class=\"alignleft size-medium wp-image-66562\" src=\"https:\/\/www.prijedordanas.com\/wp-content\/uploads\/2016\/11\/beko-shop-prijedor-otvaranje-3-300x222.jpg\" alt=\"beko-shop-prijedor-otvaranje-3\" width=\"300\" height=\"222\" srcset=\"https:\/\/www.prijedordanas.com\/wp-content\/uploads\/2016\/11\/beko-shop-prijedor-otvaranje-3-300x222.jpg 300w, https:\/\/www.prijedordanas.com\/wp-content\/uploads\/2016\/11\/beko-shop-prijedor-otvaranje-3-100x74.jpg 100w, https:\/\/www.prijedordanas.com\/wp-content\/uploads\/2016\/11\/beko-shop-prijedor-otvaranje-3.jpg 675w\" sizes=\"(max-width: 300px) 100vw, 300px\" \/><\/a>Na dan sve\u010danog otvaranja Beko shopa Prijedor za prvih 50 kupaca pripremljeni su vrijedni pokloni, a prvih 10 dana za sve kupce je obezbje\u0111en popust od 5 % na kompletan asortiman.<\/p>\n<p>Kompanija Omega doo je prilikom otvaranja ovoga Beko shopa u Prijedoru, Udru\u017eenje roditelja djece s posebnim potrebama \u201eNeven\u201c Prijedor obradovala nov\u010danim bonom u vrijednosti 1.000 KM kako bi ispo\u0161tovali njihove potrebe i osigurali tehni\u010dku podr\u0161ku u ku\u0107anskim aparatima koji \u0107e im djetinjstvo i odrastanje u\u010diniti ljep\u0161im i ugodnijim.<\/p>\n<p>Dobro do\u0161li u novootvoreni Beko shop Prijedor!<\/p>\n<p><a href=\"https:\/\/www.prijedordanas.com\/wp-content\/uploads\/2016\/11\/beko-shop-prijedor-otvaranje-4.jpg\"><img loading=\"lazy\" decoding=\"async\" class=\"alignleft size-medium wp-image-66563\" src=\"https:\/\/www.prijedordanas.com\/wp-content\/uploads\/2016\/11\/beko-shop-prijedor-otvaranje-4-300x222.jpg\" alt=\"beko-shop-prijedor-otvaranje-4\" width=\"300\" height=\"222\" srcset=\"https:\/\/www.prijedordanas.com\/wp-content\/uploads\/2016\/11\/beko-shop-prijedor-otvaranje-4-300x222.jpg 300w, https:\/\/www.prijedordanas.com\/wp-content\/uploads\/2016\/11\/beko-shop-prijedor-otvaranje-4-100x74.jpg 100w, https:\/\/www.prijedordanas.com\/wp-content\/uploads\/2016\/11\/beko-shop-prijedor-otvaranje-4.jpg 675w\" sizes=\"(max-width: 300px) 100vw, 300px\" \/><\/a> <a href=\"https:\/\/www.prijedordanas.com\/wp-content\/uploads\/2016\/11\/beko-shop-prijedor-otvaranje-5.jpg\"><img loading=\"lazy\" decoding=\"async\" class=\"alignleft size-medium wp-image-66564\" src=\"https:\/\/www.prijedordanas.com\/wp-content\/uploads\/2016\/11\/beko-shop-prijedor-otvaranje-5-300x222.jpg\" alt=\"beko-shop-prijedor-otvaranje-5\" width=\"300\" height=\"222\" srcset=\"https:\/\/www.prijedordanas.com\/wp-content\/uploads\/2016\/11\/beko-shop-prijedor-otvaranje-5-300x222.jpg 300w, https:\/\/www.prijedordanas.com\/wp-content\/uploads\/2016\/11\/beko-shop-prijedor-otvaranje-5-100x74.jpg 100w, https:\/\/www.prijedordanas.com\/wp-content\/uploads\/2016\/11\/beko-shop-prijedor-otvaranje-5.jpg 675w\" sizes=\"(max-width: 300px) 100vw, 300px\" \/><\/a> <a href=\"https:\/\/www.prijedordanas.com\/wp-content\/uploads\/2016\/11\/beko-shop-prijedor-otvaranje-6.jpg\"><img loading=\"lazy\" decoding=\"async\" class=\"alignleft size-medium wp-image-66565\" src=\"https:\/\/www.prijedordanas.com\/wp-content\/uploads\/2016\/11\/beko-shop-prijedor-otvaranje-6-300x201.jpg\" alt=\"beko-shop-prijedor-otvaranje-6\" width=\"300\" height=\"201\" srcset=\"https:\/\/www.prijedordanas.com\/wp-content\/uploads\/2016\/11\/beko-shop-prijedor-otvaranje-6-300x200.jpg 300w, https:\/\/www.prijedordanas.com\/wp-content\/uploads\/2016\/11\/beko-shop-prijedor-otvaranje-6-100x67.jpg 100w, https:\/\/www.prijedordanas.com\/wp-content\/uploads\/2016\/11\/beko-shop-prijedor-otvaranje-6.jpg 640w, https:\/\/www.prijedordanas.com\/wp-content\/uploads\/2016\/11\/beko-shop-prijedor-otvaranje-6-480x320.jpg 480w\" sizes=\"(max-width: 300px) 100vw, 300px\" \/><\/a> <a href=\"https:\/\/www.prijedordanas.com\/wp-content\/uploads\/2016\/11\/beko-shop-prijedor-otvaranje-7.jpg\"><img loading=\"lazy\" decoding=\"async\" class=\"alignleft size-medium wp-image-66566\" src=\"https:\/\/www.prijedordanas.com\/wp-content\/uploads\/2016\/11\/beko-shop-prijedor-otvaranje-7-300x201.jpg\" alt=\"beko-shop-prijedor-otvaranje-7\" width=\"300\" height=\"201\" srcset=\"https:\/\/www.prijedordanas.com\/wp-content\/uploads\/2016\/11\/beko-shop-prijedor-otvaranje-7-300x200.jpg 300w, https:\/\/www.prijedordanas.com\/wp-content\/uploads\/2016\/11\/beko-shop-prijedor-otvaranje-7-100x67.jpg 100w, https:\/\/www.prijedordanas.com\/wp-content\/uploads\/2016\/11\/beko-shop-prijedor-otvaranje-7.jpg 640w, https:\/\/www.prijedordanas.com\/wp-content\/uploads\/2016\/11\/beko-shop-prijedor-otvaranje-7-480x320.jpg 480w\" sizes=\"(max-width: 300px) 100vw, 300px\" \/><\/a> <a href=\"https:\/\/www.prijedordanas.com\/wp-content\/uploads\/2016\/11\/beko-shop-prijedor-otvaranje-9.jpg\"><img loading=\"lazy\" decoding=\"async\" class=\"alignleft size-medium wp-image-66568\" src=\"https:\/\/www.prijedordanas.com\/wp-content\/uploads\/2016\/11\/beko-shop-prijedor-otvaranje-9-300x201.jpg\" alt=\"beko-shop-prijedor-otvaranje-9\" width=\"300\" height=\"201\" srcset=\"https:\/\/www.prijedordanas.com\/wp-content\/uploads\/2016\/11\/beko-shop-prijedor-otvaranje-9-300x200.jpg 300w, https:\/\/www.prijedordanas.com\/wp-content\/uploads\/2016\/11\/beko-shop-prijedor-otvaranje-9-100x67.jpg 100w, https:\/\/www.prijedordanas.com\/wp-content\/uploads\/2016\/11\/beko-shop-prijedor-otvaranje-9.jpg 640w, https:\/\/www.prijedordanas.com\/wp-content\/uploads\/2016\/11\/beko-shop-prijedor-otvaranje-9-480x320.jpg 480w\" sizes=\"(max-width: 300px) 100vw, 300px\" \/><\/a> <a href=\"https:\/\/www.prijedordanas.com\/wp-content\/uploads\/2016\/11\/beko-shop-prijedor-otvaranje-10.jpg\"><img loading=\"lazy\" decoding=\"async\" class=\"alignleft size-medium wp-image-66569\" src=\"https:\/\/www.prijedordanas.com\/wp-content\/uploads\/2016\/11\/beko-shop-prijedor-otvaranje-10-300x201.jpg\" alt=\"beko-shop-prijedor-otvaranje-10\" width=\"300\" height=\"201\" srcset=\"https:\/\/www.prijedordanas.com\/wp-content\/uploads\/2016\/11\/beko-shop-prijedor-otvaranje-10-300x200.jpg 300w, https:\/\/www.prijedordanas.com\/wp-content\/uploads\/2016\/11\/beko-shop-prijedor-otvaranje-10-100x67.jpg 100w, https:\/\/www.prijedordanas.com\/wp-content\/uploads\/2016\/11\/beko-shop-prijedor-otvaranje-10.jpg 640w, https:\/\/www.prijedordanas.com\/wp-content\/uploads\/2016\/11\/beko-shop-prijedor-otvaranje-10-480x320.jpg 480w\" sizes=\"(max-width: 300px) 100vw, 300px\" \/><\/a> <a href=\"https:\/\/www.prijedordanas.com\/wp-content\/uploads\/2016\/11\/beko-shop-prijedor-otvaranje-11.jpg\"><img loading=\"lazy\" decoding=\"async\" src=\"https:\/\/www.prijedordanas.com\/wp-content\/uploads\/2016\/11\/beko-shop-prijedor-otvaranje-11-300x201.jpg\" alt=\"beko-shop-prijedor-otvaranje-11\" width=\"300\" height=\"201\" class=\"alignleft size-medium wp-image-66570\" srcset=\"https:\/\/www.prijedordanas.com\/wp-content\/uploads\/2016\/11\/beko-shop-prijedor-otvaranje-11-300x200.jpg 300w, https:\/\/www.prijedordanas.com\/wp-content\/uploads\/2016\/11\/beko-shop-prijedor-otvaranje-11-100x67.jpg 100w, https:\/\/www.prijedordanas.com\/wp-content\/uploads\/2016\/11\/beko-shop-prijedor-otvaranje-11.jpg 640w, https:\/\/www.prijedordanas.com\/wp-content\/uploads\/2016\/11\/beko-shop-prijedor-otvaranje-11-480x320.jpg 480w\" sizes=\"(max-width: 300px) 100vw, 300px\" \/><\/a> <a href=\"https:\/\/www.prijedordanas.com\/wp-content\/uploads\/2016\/11\/beko-shop-prijedor-otvaranje-12.jpg\"><img loading=\"lazy\" decoding=\"async\" src=\"https:\/\/www.prijedordanas.com\/wp-content\/uploads\/2016\/11\/beko-shop-prijedor-otvaranje-12-300x201.jpg\" alt=\"beko-shop-prijedor-otvaranje-12\" width=\"300\" height=\"201\" class=\"alignleft size-medium wp-image-66571\" srcset=\"https:\/\/www.prijedordanas.com\/wp-content\/uploads\/2016\/11\/beko-shop-prijedor-otvaranje-12-300x200.jpg 300w, https:\/\/www.prijedordanas.com\/wp-content\/uploads\/2016\/11\/beko-shop-prijedor-otvaranje-12-100x67.jpg 100w, https:\/\/www.prijedordanas.com\/wp-content\/uploads\/2016\/11\/beko-shop-prijedor-otvaranje-12.jpg 640w, https:\/\/www.prijedordanas.com\/wp-content\/uploads\/2016\/11\/beko-shop-prijedor-otvaranje-12-480x320.jpg 480w\" sizes=\"(max-width: 300px) 100vw, 300px\" \/><\/a> <a href=\"https:\/\/www.prijedordanas.com\/wp-content\/uploads\/2016\/11\/beko-shop-prijedor-otvaranje-13.jpg\"><img loading=\"lazy\" decoding=\"async\" src=\"https:\/\/www.prijedordanas.com\/wp-content\/uploads\/2016\/11\/beko-shop-prijedor-otvaranje-13-300x201.jpg\" alt=\"beko-shop-prijedor-otvaranje-13\" width=\"300\" height=\"201\" class=\"alignleft size-medium wp-image-66572\" srcset=\"https:\/\/www.prijedordanas.com\/wp-content\/uploads\/2016\/11\/beko-shop-prijedor-otvaranje-13-300x200.jpg 300w, https:\/\/www.prijedordanas.com\/wp-content\/uploads\/2016\/11\/beko-shop-prijedor-otvaranje-13-100x67.jpg 100w, https:\/\/www.prijedordanas.com\/wp-content\/uploads\/2016\/11\/beko-shop-prijedor-otvaranje-13.jpg 640w, https:\/\/www.prijedordanas.com\/wp-content\/uploads\/2016\/11\/beko-shop-prijedor-otvaranje-13-480x320.jpg 480w\" sizes=\"(max-width: 300px) 100vw, 300px\" \/><\/a> <a href=\"https:\/\/www.prijedordanas.com\/wp-content\/uploads\/2016\/11\/beko-shop-prijedor-otvaranje-14.jpg\"><img loading=\"lazy\" decoding=\"async\" src=\"https:\/\/www.prijedordanas.com\/wp-content\/uploads\/2016\/11\/beko-shop-prijedor-otvaranje-14-300x201.jpg\" alt=\"beko-shop-prijedor-otvaranje-14\" width=\"300\" height=\"201\" class=\"alignleft size-medium wp-image-66573\" srcset=\"https:\/\/www.prijedordanas.com\/wp-content\/uploads\/2016\/11\/beko-shop-prijedor-otvaranje-14-300x200.jpg 300w, https:\/\/www.prijedordanas.com\/wp-content\/uploads\/2016\/11\/beko-shop-prijedor-otvaranje-14-100x67.jpg 100w, https:\/\/www.prijedordanas.com\/wp-content\/uploads\/2016\/11\/beko-shop-prijedor-otvaranje-14.jpg 640w, https:\/\/www.prijedordanas.com\/wp-content\/uploads\/2016\/11\/beko-shop-prijedor-otvaranje-14-480x320.jpg 480w\" sizes=\"(max-width: 300px) 100vw, 300px\" \/><\/a> <a href=\"https:\/\/www.prijedordanas.com\/wp-content\/uploads\/2016\/11\/beko-shop-prijedor-otvaranje-15.jpg\"><img loading=\"lazy\" decoding=\"async\" src=\"https:\/\/www.prijedordanas.com\/wp-content\/uploads\/2016\/11\/beko-shop-prijedor-otvaranje-15-300x201.jpg\" alt=\"beko-shop-prijedor-otvaranje-15\" width=\"300\" height=\"201\" class=\"alignleft size-medium wp-image-66574\" srcset=\"https:\/\/www.prijedordanas.com\/wp-content\/uploads\/2016\/11\/beko-shop-prijedor-otvaranje-15-300x200.jpg 300w, https:\/\/www.prijedordanas.com\/wp-content\/uploads\/2016\/11\/beko-shop-prijedor-otvaranje-15-100x67.jpg 100w, https:\/\/www.prijedordanas.com\/wp-content\/uploads\/2016\/11\/beko-shop-prijedor-otvaranje-15.jpg 640w, https:\/\/www.prijedordanas.com\/wp-content\/uploads\/2016\/11\/beko-shop-prijedor-otvaranje-15-480x320.jpg 480w\" sizes=\"(max-width: 300px) 100vw, 300px\" \/><\/a> <a href=\"https:\/\/www.prijedordanas.com\/wp-content\/uploads\/2016\/11\/beko-shop-prijedor-otvaranje-16.jpg\"><img loading=\"lazy\" decoding=\"async\" src=\"https:\/\/www.prijedordanas.com\/wp-content\/uploads\/2016\/11\/beko-shop-prijedor-otvaranje-16-300x201.jpg\" alt=\"beko-shop-prijedor-otvaranje-16\" width=\"300\" height=\"201\" class=\"alignleft size-medium wp-image-66575\" srcset=\"https:\/\/www.prijedordanas.com\/wp-content\/uploads\/2016\/11\/beko-shop-prijedor-otvaranje-16-300x200.jpg 300w, https:\/\/www.prijedordanas.com\/wp-content\/uploads\/2016\/11\/beko-shop-prijedor-otvaranje-16-100x67.jpg 100w, https:\/\/www.prijedordanas.com\/wp-content\/uploads\/2016\/11\/beko-shop-prijedor-otvaranje-16.jpg 640w, https:\/\/www.prijedordanas.com\/wp-content\/uploads\/2016\/11\/beko-shop-prijedor-otvaranje-16-480x320.jpg 480w\" sizes=\"(max-width: 300px) 100vw, 300px\" \/><\/a> <a href=\"https:\/\/www.prijedordanas.com\/wp-content\/uploads\/2016\/11\/beko-shop-prijedor-otvaranje-17.jpg\"><img loading=\"lazy\" decoding=\"async\" src=\"https:\/\/www.prijedordanas.com\/wp-content\/uploads\/2016\/11\/beko-shop-prijedor-otvaranje-17-300x201.jpg\" alt=\"beko-shop-prijedor-otvaranje-17\" width=\"300\" height=\"201\" class=\"alignleft size-medium wp-image-66576\" srcset=\"https:\/\/www.prijedordanas.com\/wp-content\/uploads\/2016\/11\/beko-shop-prijedor-otvaranje-17-300x200.jpg 300w, https:\/\/www.prijedordanas.com\/wp-content\/uploads\/2016\/11\/beko-shop-prijedor-otvaranje-17-100x67.jpg 100w, https:\/\/www.prijedordanas.com\/wp-content\/uploads\/2016\/11\/beko-shop-prijedor-otvaranje-17.jpg 640w, https:\/\/www.prijedordanas.com\/wp-content\/uploads\/2016\/11\/beko-shop-prijedor-otvaranje-17-480x320.jpg 480w\" sizes=\"(max-width: 300px) 100vw, 300px\" \/><\/a> <a href=\"https:\/\/www.prijedordanas.com\/wp-content\/uploads\/2016\/11\/beko-shop-prijedor-otvaranje-18.jpg\"><img loading=\"lazy\" decoding=\"async\" src=\"https:\/\/www.prijedordanas.com\/wp-content\/uploads\/2016\/11\/beko-shop-prijedor-otvaranje-18-300x201.jpg\" alt=\"beko-shop-prijedor-otvaranje-18\" width=\"300\" height=\"201\" class=\"alignleft size-medium wp-image-66578\" srcset=\"https:\/\/www.prijedordanas.com\/wp-content\/uploads\/2016\/11\/beko-shop-prijedor-otvaranje-18-300x200.jpg 300w, https:\/\/www.prijedordanas.com\/wp-content\/uploads\/2016\/11\/beko-shop-prijedor-otvaranje-18-100x67.jpg 100w, https:\/\/www.prijedordanas.com\/wp-content\/uploads\/2016\/11\/beko-shop-prijedor-otvaranje-18.jpg 640w, https:\/\/www.prijedordanas.com\/wp-content\/uploads\/2016\/11\/beko-shop-prijedor-otvaranje-18-480x320.jpg 480w\" sizes=\"(max-width: 300px) 100vw, 300px\" \/><\/a> <a href=\"https:\/\/www.prijedordanas.com\/wp-content\/uploads\/2016\/11\/beko-shop-prijedor-otvaranje-19.jpg\"><img loading=\"lazy\" decoding=\"async\" src=\"https:\/\/www.prijedordanas.com\/wp-content\/uploads\/2016\/11\/beko-shop-prijedor-otvaranje-19-300x201.jpg\" alt=\"beko-shop-prijedor-otvaranje-19\" width=\"300\" height=\"201\" class=\"alignleft size-medium wp-image-66580\" srcset=\"https:\/\/www.prijedordanas.com\/wp-content\/uploads\/2016\/11\/beko-shop-prijedor-otvaranje-19-300x200.jpg 300w, https:\/\/www.prijedordanas.com\/wp-content\/uploads\/2016\/11\/beko-shop-prijedor-otvaranje-19-100x67.jpg 100w, https:\/\/www.prijedordanas.com\/wp-content\/uploads\/2016\/11\/beko-shop-prijedor-otvaranje-19.jpg 640w, https:\/\/www.prijedordanas.com\/wp-content\/uploads\/2016\/11\/beko-shop-prijedor-otvaranje-19-480x320.jpg 480w\" sizes=\"(max-width: 300px) 100vw, 300px\" \/><\/a> <a href=\"https:\/\/www.prijedordanas.com\/wp-content\/uploads\/2016\/11\/beko-shop-prijedor-otvaranje-20.jpg\"><img loading=\"lazy\" decoding=\"async\" src=\"https:\/\/www.prijedordanas.com\/wp-content\/uploads\/2016\/11\/beko-shop-prijedor-otvaranje-20-300x201.jpg\" alt=\"beko-shop-prijedor-otvaranje-20\" width=\"300\" height=\"201\" class=\"alignleft size-medium wp-image-66581\" srcset=\"https:\/\/www.prijedordanas.com\/wp-content\/uploads\/2016\/11\/beko-shop-prijedor-otvaranje-20-300x200.jpg 300w, https:\/\/www.prijedordanas.com\/wp-content\/uploads\/2016\/11\/beko-shop-prijedor-otvaranje-20-100x67.jpg 100w, https:\/\/www.prijedordanas.com\/wp-content\/uploads\/2016\/11\/beko-shop-prijedor-otvaranje-20.jpg 640w, https:\/\/www.prijedordanas.com\/wp-content\/uploads\/2016\/11\/beko-shop-prijedor-otvaranje-20-480x320.jpg 480w\" sizes=\"(max-width: 300px) 100vw, 300px\" \/><\/a><\/p>\n","protected":false},"excerpt":{"rendered":"<p>\u2013 Zakupljen reklamni prostor \u2013 Danas je u Prijedoru otvoren ekskluzivni Beko shop koji se nalazi u ulici Bo\u0161ka Buhe bb, u sklopu Konzum Family centra u gradu na Sani. [&hellip;]<\/p>\n","protected":false},"author":1,"featured_media":0,"comment_status":"closed","ping_status":"open","sticky":false,"template":"","format":"standard","meta":{"_monsterinsights_skip_tracking":false,"_monsterinsights_sitenote_active":false,"_monsterinsights_sitenote_note":"","_monsterinsights_sitenote_category":0,"footnotes":""},"categories":[4],"tags":[9230,662,3540,4946],"yoast_head":"<!-- This site is optimized with the Yoast SEO plugin v21.6 - https:\/\/yoast.com\/wordpress\/plugins\/seo\/ -->\n<title>OTVOREN BEKO SHOP: ZAPOSLENO \u010cETVORO PRIJEDOR\u010cANA \u2013 FOTO - PrijedorDanas.com - Prijedorski gradski portal<\/title>\n<meta name=\"robots\" content=\"index, follow, max-snippet:-1, max-image-preview:large, max-video-preview:-1\" \/>\n<link rel=\"canonical\" href=\"https:\/\/www.prijedordanas.com\/?p=66559\" \/>\n<meta property=\"og:locale\" content=\"en_US\" \/>\n<meta property=\"og:type\" content=\"article\" \/>\n<meta property=\"og:title\" content=\"OTVOREN BEKO SHOP: ZAPOSLENO \u010cETVORO PRIJEDOR\u010cANA \u2013 FOTO - PrijedorDanas.com - Prijedorski gradski portal\" \/>\n<meta property=\"og:description\" content=\"\u2013 Zakupljen reklamni prostor \u2013 Danas je u Prijedoru otvoren ekskluzivni Beko shop koji se nalazi u ulici Bo\u0161ka Buhe bb, u sklopu Konzum Family centra u gradu na Sani. [&hellip;]\" \/>\n<meta property=\"og:url\" content=\"https:\/\/www.prijedordanas.com\/?p=66559\" \/>\n<meta property=\"og:site_name\" content=\"PrijedorDanas.com - Prijedorski gradski portal\" \/>\n<meta property=\"article:publisher\" content=\"https:\/\/www.facebook.com\/PrijedorDanasCom\/\" \/>\n<meta property=\"article:published_time\" content=\"2016-11-18T12:58:30+00:00\" \/>\n<meta property=\"article:modified_time\" content=\"2016-11-18T13:05:45+00:00\" \/>\n<meta property=\"og:image\" content=\"https:\/\/www.prijedordanas.com\/wp-content\/uploads\/2016\/11\/beko-shop-prijedor-otvaranje-1-201x300.jpg\" \/>\n<meta name=\"author\" content=\"admin\" \/>\n<meta name=\"twitter:card\" content=\"summary_large_image\" \/>\n<meta name=\"twitter:label1\" content=\"Written by\" \/>\n\t<meta name=\"twitter:data1\" content=\"admin\" \/>\n\t<meta name=\"twitter:label2\" content=\"Est. reading time\" \/>\n\t<meta name=\"twitter:data2\" content=\"2 minutes\" \/>\n<script type=\"application\/ld+json\" class=\"yoast-schema-graph\">{\"@context\":\"https:\/\/schema.org\",\"@graph\":[{\"@type\":\"Article\",\"@id\":\"https:\/\/www.prijedordanas.com\/?p=66559#article\",\"isPartOf\":{\"@id\":\"https:\/\/www.prijedordanas.com\/?p=66559\"},\"author\":{\"name\":\"admin\",\"@id\":\"https:\/\/www.prijedordanas.com\/#\/schema\/person\/4e08ccf29b506ca916ff86d46bb700e6\"},\"headline\":\"OTVOREN BEKO SHOP: ZAPOSLENO \u010cETVORO PRIJEDOR\u010cANA \u2013 FOTO\",\"datePublished\":\"2016-11-18T12:58:30+00:00\",\"dateModified\":\"2016-11-18T13:05:45+00:00\",\"mainEntityOfPage\":{\"@id\":\"https:\/\/www.prijedordanas.com\/?p=66559\"},\"wordCount\":394,\"publisher\":{\"@id\":\"https:\/\/www.prijedordanas.com\/#organization\"},\"keywords\":[\"Beko shop\",\"donacija\",\"otvaranje\",\"Udru\u017eenje \\\"Neven\\\" Prijedor\"],\"articleSection\":[\"Dru\u0161tvo\"],\"inLanguage\":\"en-US\"},{\"@type\":\"WebPage\",\"@id\":\"https:\/\/www.prijedordanas.com\/?p=66559\",\"url\":\"https:\/\/www.prijedordanas.com\/?p=66559\",\"name\":\"OTVOREN BEKO SHOP: ZAPOSLENO \u010cETVORO PRIJEDOR\u010cANA \u2013 FOTO - PrijedorDanas.com - Prijedorski gradski portal\",\"isPartOf\":{\"@id\":\"https:\/\/www.prijedordanas.com\/#website\"},\"datePublished\":\"2016-11-18T12:58:30+00:00\",\"dateModified\":\"2016-11-18T13:05:45+00:00\",\"breadcrumb\":{\"@id\":\"https:\/\/www.prijedordanas.com\/?p=66559#breadcrumb\"},\"inLanguage\":\"en-US\",\"potentialAction\":[{\"@type\":\"ReadAction\",\"target\":[\"https:\/\/www.prijedordanas.com\/?p=66559\"]}]},{\"@type\":\"BreadcrumbList\",\"@id\":\"https:\/\/www.prijedordanas.com\/?p=66559#breadcrumb\",\"itemListElement\":[{\"@type\":\"ListItem\",\"position\":1,\"name\":\"Home\",\"item\":\"https:\/\/www.prijedordanas.com\/\"},{\"@type\":\"ListItem\",\"position\":2,\"name\":\"OTVOREN BEKO SHOP: ZAPOSLENO \u010cETVORO PRIJEDOR\u010cANA \u2013 FOTO\"}]},{\"@type\":\"WebSite\",\"@id\":\"https:\/\/www.prijedordanas.com\/#website\",\"url\":\"https:\/\/www.prijedordanas.com\/\",\"name\":\"PrijedorDanas.com - Prijedorski gradski portal\",\"description\":\"Portal o doga\u0111anjima u gradu Prijedoru\",\"publisher\":{\"@id\":\"https:\/\/www.prijedordanas.com\/#organization\"},\"potentialAction\":[{\"@type\":\"SearchAction\",\"target\":{\"@type\":\"EntryPoint\",\"urlTemplate\":\"https:\/\/www.prijedordanas.com\/?s={search_term_string}\"},\"query-input\":\"required name=search_term_string\"}],\"inLanguage\":\"en-US\"},{\"@type\":\"Organization\",\"@id\":\"https:\/\/www.prijedordanas.com\/#organization\",\"name\":\"PrijedorDanas.com\",\"url\":\"https:\/\/www.prijedordanas.com\/\",\"logo\":{\"@type\":\"ImageObject\",\"inLanguage\":\"en-US\",\"@id\":\"https:\/\/www.prijedordanas.com\/#\/schema\/logo\/image\/\",\"url\":\"http:\/\/www.prijedordanas.com\/wp-content\/uploads\/2021\/12\/logopng.png\",\"contentUrl\":\"http:\/\/www.prijedordanas.com\/wp-content\/uploads\/2021\/12\/logopng.png\",\"width\":1019,\"height\":776,\"caption\":\"PrijedorDanas.com\"},\"image\":{\"@id\":\"https:\/\/www.prijedordanas.com\/#\/schema\/logo\/image\/\"},\"sameAs\":[\"https:\/\/www.facebook.com\/PrijedorDanasCom\/\"]},{\"@type\":\"Person\",\"@id\":\"https:\/\/www.prijedordanas.com\/#\/schema\/person\/4e08ccf29b506ca916ff86d46bb700e6\",\"name\":\"admin\",\"image\":{\"@type\":\"ImageObject\",\"inLanguage\":\"en-US\",\"@id\":\"https:\/\/www.prijedordanas.com\/#\/schema\/person\/image\/\",\"url\":\"https:\/\/secure.gravatar.com\/avatar\/1d3fc949d550f0b53a5f0d51e06dfd79?s=96&d=mm&r=g\",\"contentUrl\":\"https:\/\/secure.gravatar.com\/avatar\/1d3fc949d550f0b53a5f0d51e06dfd79?s=96&d=mm&r=g\",\"caption\":\"admin\"},\"url\":\"https:\/\/www.prijedordanas.com\/?author=1\"}]}<\/script>\n<!-- \/ Yoast SEO plugin. -->","yoast_head_json":{"title":"OTVOREN BEKO SHOP: ZAPOSLENO \u010cETVORO PRIJEDOR\u010cANA \u2013 FOTO - PrijedorDanas.com - Prijedorski gradski portal","robots":{"index":"index","follow":"follow","max-snippet":"max-snippet:-1","max-image-preview":"max-image-preview:large","max-video-preview":"max-video-preview:-1"},"canonical":"https:\/\/www.prijedordanas.com\/?p=66559","og_locale":"en_US","og_type":"article","og_title":"OTVOREN BEKO SHOP: ZAPOSLENO \u010cETVORO PRIJEDOR\u010cANA \u2013 FOTO - PrijedorDanas.com - Prijedorski gradski portal","og_description":"\u2013 Zakupljen reklamni prostor \u2013 Danas je u Prijedoru otvoren ekskluzivni Beko shop koji se nalazi u ulici Bo\u0161ka Buhe bb, u sklopu Konzum Family centra u gradu na Sani. [&hellip;]","og_url":"https:\/\/www.prijedordanas.com\/?p=66559","og_site_name":"PrijedorDanas.com - Prijedorski gradski portal","article_publisher":"https:\/\/www.facebook.com\/PrijedorDanasCom\/","article_published_time":"2016-11-18T12:58:30+00:00","article_modified_time":"2016-11-18T13:05:45+00:00","og_image":[{"url":"https:\/\/www.prijedordanas.com\/wp-content\/uploads\/2016\/11\/beko-shop-prijedor-otvaranje-1-201x300.jpg"}],"author":"admin","twitter_card":"summary_large_image","twitter_misc":{"Written by":"admin","Est. reading time":"2 minutes"},"schema":{"@context":"https:\/\/schema.org","@graph":[{"@type":"Article","@id":"https:\/\/www.prijedordanas.com\/?p=66559#article","isPartOf":{"@id":"https:\/\/www.prijedordanas.com\/?p=66559"},"author":{"name":"admin","@id":"https:\/\/www.prijedordanas.com\/#\/schema\/person\/4e08ccf29b506ca916ff86d46bb700e6"},"headline":"OTVOREN BEKO SHOP: ZAPOSLENO \u010cETVORO PRIJEDOR\u010cANA \u2013 FOTO","datePublished":"2016-11-18T12:58:30+00:00","dateModified":"2016-11-18T13:05:45+00:00","mainEntityOfPage":{"@id":"https:\/\/www.prijedordanas.com\/?p=66559"},"wordCount":394,"publisher":{"@id":"https:\/\/www.prijedordanas.com\/#organization"},"keywords":["Beko shop","donacija","otvaranje","Udru\u017eenje \"Neven\" Prijedor"],"articleSection":["Dru\u0161tvo"],"inLanguage":"en-US"},{"@type":"WebPage","@id":"https:\/\/www.prijedordanas.com\/?p=66559","url":"https:\/\/www.prijedordanas.com\/?p=66559","name":"OTVOREN BEKO SHOP: ZAPOSLENO \u010cETVORO PRIJEDOR\u010cANA \u2013 FOTO - PrijedorDanas.com - Prijedorski gradski portal","isPartOf":{"@id":"https:\/\/www.prijedordanas.com\/#website"},"datePublished":"2016-11-18T12:58:30+00:00","dateModified":"2016-11-18T13:05:45+00:00","breadcrumb":{"@id":"https:\/\/www.prijedordanas.com\/?p=66559#breadcrumb"},"inLanguage":"en-US","potentialAction":[{"@type":"ReadAction","target":["https:\/\/www.prijedordanas.com\/?p=66559"]}]},{"@type":"BreadcrumbList","@id":"https:\/\/www.prijedordanas.com\/?p=66559#breadcrumb","itemListElement":[{"@type":"ListItem","position":1,"name":"Home","item":"https:\/\/www.prijedordanas.com\/"},{"@type":"ListItem","position":2,"name":"OTVOREN BEKO SHOP: ZAPOSLENO \u010cETVORO PRIJEDOR\u010cANA \u2013 FOTO"}]},{"@type":"WebSite","@id":"https:\/\/www.prijedordanas.com\/#website","url":"https:\/\/www.prijedordanas.com\/","name":"PrijedorDanas.com - Prijedorski gradski portal","description":"Portal o doga\u0111anjima u gradu Prijedoru","publisher":{"@id":"https:\/\/www.prijedordanas.com\/#organization"},"potentialAction":[{"@type":"SearchAction","target":{"@type":"EntryPoint","urlTemplate":"https:\/\/www.prijedordanas.com\/?s={search_term_string}"},"query-input":"required name=search_term_string"}],"inLanguage":"en-US"},{"@type":"Organization","@id":"https:\/\/www.prijedordanas.com\/#organization","name":"PrijedorDanas.com","url":"https:\/\/www.prijedordanas.com\/","logo":{"@type":"ImageObject","inLanguage":"en-US","@id":"https:\/\/www.prijedordanas.com\/#\/schema\/logo\/image\/","url":"http:\/\/www.prijedordanas.com\/wp-content\/uploads\/2021\/12\/logopng.png","contentUrl":"http:\/\/www.prijedordanas.com\/wp-content\/uploads\/2021\/12\/logopng.png","width":1019,"height":776,"caption":"PrijedorDanas.com"},"image":{"@id":"https:\/\/www.prijedordanas.com\/#\/schema\/logo\/image\/"},"sameAs":["https:\/\/www.facebook.com\/PrijedorDanasCom\/"]},{"@type":"Person","@id":"https:\/\/www.prijedordanas.com\/#\/schema\/person\/4e08ccf29b506ca916ff86d46bb700e6","name":"admin","image":{"@type":"ImageObject","inLanguage":"en-US","@id":"https:\/\/www.prijedordanas.com\/#\/schema\/person\/image\/","url":"https:\/\/secure.gravatar.com\/avatar\/1d3fc949d550f0b53a5f0d51e06dfd79?s=96&d=mm&r=g","contentUrl":"https:\/\/secure.gravatar.com\/avatar\/1d3fc949d550f0b53a5f0d51e06dfd79?s=96&d=mm&r=g","caption":"admin"},"url":"https:\/\/www.prijedordanas.com\/?author=1"}]}},"_links":{"self":[{"href":"https:\/\/www.prijedordanas.com\/index.php?rest_route=\/wp\/v2\/posts\/66559"}],"collection":[{"href":"https:\/\/www.prijedordanas.com\/index.php?rest_route=\/wp\/v2\/posts"}],"about":[{"href":"https:\/\/www.prijedordanas.com\/index.php?rest_route=\/wp\/v2\/types\/post"}],"author":[{"embeddable":true,"href":"https:\/\/www.prijedordanas.com\/index.php?rest_route=\/wp\/v2\/users\/1"}],"replies":[{"embeddable":true,"href":"https:\/\/www.prijedordanas.com\/index.php?rest_route=%2Fwp%2Fv2%2Fcomments&post=66559"}],"version-history":[{"count":3,"href":"https:\/\/www.prijedordanas.com\/index.php?rest_route=\/wp\/v2\/posts\/66559\/revisions"}],"predecessor-version":[{"id":66582,"href":"https:\/\/www.prijedordanas.com\/index.php?rest_route=\/wp\/v2\/posts\/66559\/revisions\/66582"}],"wp:attachment":[{"href":"https:\/\/www.prijedordanas.com\/index.php?rest_route=%2Fwp%2Fv2%2Fmedia&parent=66559"}],"wp:term":[{"taxonomy":"category","embeddable":true,"href":"https:\/\/www.prijedordanas.com\/index.php?rest_route=%2Fwp%2Fv2%2Fcategories&post=66559"},{"taxonomy":"post_tag","embeddable":true,"href":"https:\/\/www.prijedordanas.com\/index.php?rest_route=%2Fwp%2Fv2%2Ftags&post=66559"}],"curies":[{"name":"wp","href":"https:\/\/api.w.org\/{rel}","templated":true}]}}