{"id":66210,"date":"2016-11-14T23:25:26","date_gmt":"2016-11-14T22:25:26","guid":{"rendered":"https:\/\/www.prijedordanas.com\/?p=66210"},"modified":"2016-11-14T23:25:26","modified_gmt":"2016-11-14T22:25:26","slug":"svjetski-dan-borbe-protiv-dijabetesa-obiljezen-u-prijedoru-video","status":"publish","type":"post","link":"https:\/\/www.prijedordanas.com\/?p=66210","title":{"rendered":"SVJETSKI DAN BORBE PROTIV DIJABETESA OBILJE\u017dEN I U PRIJEDORU &#8211; VIDEO"},"content":{"rendered":"<p><a href=\"https:\/\/www.prijedordanas.com\/wp-content\/uploads\/2016\/11\/rtvpd-svjetski-dan-borbe-protiv-dijabetesa.jpg\"><img loading=\"lazy\" decoding=\"async\" src=\"https:\/\/www.prijedordanas.com\/wp-content\/uploads\/2016\/11\/rtvpd-svjetski-dan-borbe-protiv-dijabetesa-300x222.jpg\" alt=\"rtvpd-svjetski-dan-borbe-protiv-dijabetesa\" width=\"300\" height=\"222\" class=\"alignleft size-medium wp-image-66211\" srcset=\"https:\/\/www.prijedordanas.com\/wp-content\/uploads\/2016\/11\/rtvpd-svjetski-dan-borbe-protiv-dijabetesa-300x222.jpg 300w, https:\/\/www.prijedordanas.com\/wp-content\/uploads\/2016\/11\/rtvpd-svjetski-dan-borbe-protiv-dijabetesa-100x74.jpg 100w, https:\/\/www.prijedordanas.com\/wp-content\/uploads\/2016\/11\/rtvpd-svjetski-dan-borbe-protiv-dijabetesa.jpg 675w\" sizes=\"(max-width: 300px) 100vw, 300px\" \/><\/a>\u010cetrnaesti novembar obilje\u017eava se kao Svjetski dan borbe protiv dijabetesa, a cilj je skretanje pa\u017enje javnosti na ovu bolest od koje oboljeva sve ve\u0107i broj ljudi.<\/p>\n<p>Tim povodom, Udru\u017eenje dijabeti\u010dara Prijedor, danas je, na Malom gradskom trgu, organizovalo akciju besplatnog mjerenja \u0161e\u0107era u krvi. Ovo Udru\u017eenje okuplja oko 500 \u010dlanova, a me\u0111u njima je 30 djece sa prijedorske regije koja imaju dijabetes.<\/p>\n<p>Dr Vesna Jela\u010da, regionalni koordinator za dijabetes, rekla je da je i na na\u0161im prostorima primjetan trend pove\u0107anja broja oboljelih od dijabetesa.<\/p>\n<p>\u2013 Cilj ove akcije jeste potencijalno otkrivanje onih koji jo\u0161 uvijek ne znaju da imaju dijabetes. To je bolest koja mo\u017ee dovesti do velikog broja komplikacija ukoliko se ne lije\u010di na adekvatan na\u010din \u2013 navela je dr Jela\u010da.<\/p>\n<p>Ona je apelovala na gra\u0111ane da povremeno kontroli\u0161u nivo \u0161e\u0107era, i da posvete vi\u0161e pa\u017enje svom zdravlju. Procjenjuje se da u Republici Srpskoj \u017eivi 90. 000 ljudi oboljelih od dijabetesa, a zabrinjavaju\u0107e je to \u0161to ova brojka pokazuje tendenciju rasta.<\/p>\n<p>RTV Prijedor<\/p>\n<p><iframe loading=\"lazy\" width=\"500\" height=\"281\" src=\"https:\/\/www.youtube.com\/embed\/XinPb51KXp4?feature=oembed\" frameborder=\"0\" allowfullscreen><\/iframe><\/p>\n","protected":false},"excerpt":{"rendered":"<p>\u010cetrnaesti novembar obilje\u017eava se kao Svjetski dan borbe protiv dijabetesa, a cilj je skretanje pa\u017enje javnosti na ovu bolest od koje oboljeva sve ve\u0107i broj ljudi. Tim povodom, Udru\u017eenje dijabeti\u010dara [&hellip;]<\/p>\n","protected":false},"author":1,"featured_media":0,"comment_status":"closed","ping_status":"open","sticky":false,"template":"","format":"standard","meta":{"_monsterinsights_skip_tracking":false,"_monsterinsights_sitenote_active":false,"_monsterinsights_sitenote_note":"","_monsterinsights_sitenote_category":0,"footnotes":""},"categories":[8],"tags":[9192],"yoast_head":"<!-- This site is optimized with the Yoast SEO plugin v21.6 - https:\/\/yoast.com\/wordpress\/plugins\/seo\/ -->\n<title>SVJETSKI DAN BORBE PROTIV DIJABETESA OBILJE\u017dEN I U PRIJEDORU - VIDEO - PrijedorDanas.com - Prijedorski gradski portal<\/title>\n<meta name=\"robots\" content=\"index, follow, max-snippet:-1, max-image-preview:large, max-video-preview:-1\" \/>\n<link rel=\"canonical\" href=\"https:\/\/www.prijedordanas.com\/?p=66210\" \/>\n<meta property=\"og:locale\" content=\"en_US\" \/>\n<meta property=\"og:type\" content=\"article\" \/>\n<meta property=\"og:title\" content=\"SVJETSKI DAN BORBE PROTIV DIJABETESA OBILJE\u017dEN I U PRIJEDORU - VIDEO - PrijedorDanas.com - Prijedorski gradski portal\" \/>\n<meta property=\"og:description\" content=\"\u010cetrnaesti novembar obilje\u017eava se kao Svjetski dan borbe protiv dijabetesa, a cilj je skretanje pa\u017enje javnosti na ovu bolest od koje oboljeva sve ve\u0107i broj ljudi. Tim povodom, Udru\u017eenje dijabeti\u010dara [&hellip;]\" \/>\n<meta property=\"og:url\" content=\"https:\/\/www.prijedordanas.com\/?p=66210\" \/>\n<meta property=\"og:site_name\" content=\"PrijedorDanas.com - Prijedorski gradski portal\" \/>\n<meta property=\"article:publisher\" content=\"https:\/\/www.facebook.com\/PrijedorDanasCom\/\" \/>\n<meta property=\"article:published_time\" content=\"2016-11-14T22:25:26+00:00\" \/>\n<meta property=\"og:image\" content=\"https:\/\/www.prijedordanas.com\/wp-content\/uploads\/2016\/11\/rtvpd-svjetski-dan-borbe-protiv-dijabetesa-300x222.jpg\" \/>\n<meta name=\"author\" content=\"admin\" \/>\n<meta name=\"twitter:card\" content=\"summary_large_image\" \/>\n<meta name=\"twitter:label1\" content=\"Written by\" \/>\n\t<meta name=\"twitter:data1\" content=\"admin\" \/>\n\t<meta name=\"twitter:label2\" content=\"Est. reading time\" \/>\n\t<meta name=\"twitter:data2\" content=\"1 minute\" \/>\n<script type=\"application\/ld+json\" class=\"yoast-schema-graph\">{\"@context\":\"https:\/\/schema.org\",\"@graph\":[{\"@type\":\"Article\",\"@id\":\"https:\/\/www.prijedordanas.com\/?p=66210#article\",\"isPartOf\":{\"@id\":\"https:\/\/www.prijedordanas.com\/?p=66210\"},\"author\":{\"name\":\"admin\",\"@id\":\"https:\/\/www.prijedordanas.com\/#\/schema\/person\/4e08ccf29b506ca916ff86d46bb700e6\"},\"headline\":\"SVJETSKI DAN BORBE PROTIV DIJABETESA OBILJE\u017dEN I U PRIJEDORU &#8211; VIDEO\",\"datePublished\":\"2016-11-14T22:25:26+00:00\",\"dateModified\":\"2016-11-14T22:25:26+00:00\",\"mainEntityOfPage\":{\"@id\":\"https:\/\/www.prijedordanas.com\/?p=66210\"},\"wordCount\":196,\"publisher\":{\"@id\":\"https:\/\/www.prijedordanas.com\/#organization\"},\"keywords\":[\"Svjetski dan borbe protiv dijabetesa\"],\"articleSection\":[\"Svakodnevno\"],\"inLanguage\":\"en-US\"},{\"@type\":\"WebPage\",\"@id\":\"https:\/\/www.prijedordanas.com\/?p=66210\",\"url\":\"https:\/\/www.prijedordanas.com\/?p=66210\",\"name\":\"SVJETSKI DAN BORBE PROTIV DIJABETESA OBILJE\u017dEN I U PRIJEDORU - VIDEO - PrijedorDanas.com - Prijedorski gradski portal\",\"isPartOf\":{\"@id\":\"https:\/\/www.prijedordanas.com\/#website\"},\"datePublished\":\"2016-11-14T22:25:26+00:00\",\"dateModified\":\"2016-11-14T22:25:26+00:00\",\"breadcrumb\":{\"@id\":\"https:\/\/www.prijedordanas.com\/?p=66210#breadcrumb\"},\"inLanguage\":\"en-US\",\"potentialAction\":[{\"@type\":\"ReadAction\",\"target\":[\"https:\/\/www.prijedordanas.com\/?p=66210\"]}]},{\"@type\":\"BreadcrumbList\",\"@id\":\"https:\/\/www.prijedordanas.com\/?p=66210#breadcrumb\",\"itemListElement\":[{\"@type\":\"ListItem\",\"position\":1,\"name\":\"Home\",\"item\":\"https:\/\/www.prijedordanas.com\/\"},{\"@type\":\"ListItem\",\"position\":2,\"name\":\"SVJETSKI DAN BORBE PROTIV DIJABETESA OBILJE\u017dEN I U PRIJEDORU &#8211; VIDEO\"}]},{\"@type\":\"WebSite\",\"@id\":\"https:\/\/www.prijedordanas.com\/#website\",\"url\":\"https:\/\/www.prijedordanas.com\/\",\"name\":\"PrijedorDanas.com - Prijedorski gradski portal\",\"description\":\"Portal o doga\u0111anjima u gradu Prijedoru\",\"publisher\":{\"@id\":\"https:\/\/www.prijedordanas.com\/#organization\"},\"potentialAction\":[{\"@type\":\"SearchAction\",\"target\":{\"@type\":\"EntryPoint\",\"urlTemplate\":\"https:\/\/www.prijedordanas.com\/?s={search_term_string}\"},\"query-input\":\"required name=search_term_string\"}],\"inLanguage\":\"en-US\"},{\"@type\":\"Organization\",\"@id\":\"https:\/\/www.prijedordanas.com\/#organization\",\"name\":\"PrijedorDanas.com\",\"url\":\"https:\/\/www.prijedordanas.com\/\",\"logo\":{\"@type\":\"ImageObject\",\"inLanguage\":\"en-US\",\"@id\":\"https:\/\/www.prijedordanas.com\/#\/schema\/logo\/image\/\",\"url\":\"http:\/\/www.prijedordanas.com\/wp-content\/uploads\/2021\/12\/logopng.png\",\"contentUrl\":\"http:\/\/www.prijedordanas.com\/wp-content\/uploads\/2021\/12\/logopng.png\",\"width\":1019,\"height\":776,\"caption\":\"PrijedorDanas.com\"},\"image\":{\"@id\":\"https:\/\/www.prijedordanas.com\/#\/schema\/logo\/image\/\"},\"sameAs\":[\"https:\/\/www.facebook.com\/PrijedorDanasCom\/\"]},{\"@type\":\"Person\",\"@id\":\"https:\/\/www.prijedordanas.com\/#\/schema\/person\/4e08ccf29b506ca916ff86d46bb700e6\",\"name\":\"admin\",\"image\":{\"@type\":\"ImageObject\",\"inLanguage\":\"en-US\",\"@id\":\"https:\/\/www.prijedordanas.com\/#\/schema\/person\/image\/\",\"url\":\"https:\/\/secure.gravatar.com\/avatar\/1d3fc949d550f0b53a5f0d51e06dfd79?s=96&d=mm&r=g\",\"contentUrl\":\"https:\/\/secure.gravatar.com\/avatar\/1d3fc949d550f0b53a5f0d51e06dfd79?s=96&d=mm&r=g\",\"caption\":\"admin\"},\"url\":\"https:\/\/www.prijedordanas.com\/?author=1\"}]}<\/script>\n<!-- \/ Yoast SEO plugin. -->","yoast_head_json":{"title":"SVJETSKI DAN BORBE PROTIV DIJABETESA OBILJE\u017dEN I U PRIJEDORU - VIDEO - PrijedorDanas.com - Prijedorski gradski portal","robots":{"index":"index","follow":"follow","max-snippet":"max-snippet:-1","max-image-preview":"max-image-preview:large","max-video-preview":"max-video-preview:-1"},"canonical":"https:\/\/www.prijedordanas.com\/?p=66210","og_locale":"en_US","og_type":"article","og_title":"SVJETSKI DAN BORBE PROTIV DIJABETESA OBILJE\u017dEN I U PRIJEDORU - VIDEO - PrijedorDanas.com - Prijedorski gradski portal","og_description":"\u010cetrnaesti novembar obilje\u017eava se kao Svjetski dan borbe protiv dijabetesa, a cilj je skretanje pa\u017enje javnosti na ovu bolest od koje oboljeva sve ve\u0107i broj ljudi. Tim povodom, Udru\u017eenje dijabeti\u010dara [&hellip;]","og_url":"https:\/\/www.prijedordanas.com\/?p=66210","og_site_name":"PrijedorDanas.com - Prijedorski gradski portal","article_publisher":"https:\/\/www.facebook.com\/PrijedorDanasCom\/","article_published_time":"2016-11-14T22:25:26+00:00","og_image":[{"url":"https:\/\/www.prijedordanas.com\/wp-content\/uploads\/2016\/11\/rtvpd-svjetski-dan-borbe-protiv-dijabetesa-300x222.jpg"}],"author":"admin","twitter_card":"summary_large_image","twitter_misc":{"Written by":"admin","Est. reading time":"1 minute"},"schema":{"@context":"https:\/\/schema.org","@graph":[{"@type":"Article","@id":"https:\/\/www.prijedordanas.com\/?p=66210#article","isPartOf":{"@id":"https:\/\/www.prijedordanas.com\/?p=66210"},"author":{"name":"admin","@id":"https:\/\/www.prijedordanas.com\/#\/schema\/person\/4e08ccf29b506ca916ff86d46bb700e6"},"headline":"SVJETSKI DAN BORBE PROTIV DIJABETESA OBILJE\u017dEN I U PRIJEDORU &#8211; VIDEO","datePublished":"2016-11-14T22:25:26+00:00","dateModified":"2016-11-14T22:25:26+00:00","mainEntityOfPage":{"@id":"https:\/\/www.prijedordanas.com\/?p=66210"},"wordCount":196,"publisher":{"@id":"https:\/\/www.prijedordanas.com\/#organization"},"keywords":["Svjetski dan borbe protiv dijabetesa"],"articleSection":["Svakodnevno"],"inLanguage":"en-US"},{"@type":"WebPage","@id":"https:\/\/www.prijedordanas.com\/?p=66210","url":"https:\/\/www.prijedordanas.com\/?p=66210","name":"SVJETSKI DAN BORBE PROTIV DIJABETESA OBILJE\u017dEN I U PRIJEDORU - VIDEO - PrijedorDanas.com - Prijedorski gradski portal","isPartOf":{"@id":"https:\/\/www.prijedordanas.com\/#website"},"datePublished":"2016-11-14T22:25:26+00:00","dateModified":"2016-11-14T22:25:26+00:00","breadcrumb":{"@id":"https:\/\/www.prijedordanas.com\/?p=66210#breadcrumb"},"inLanguage":"en-US","potentialAction":[{"@type":"ReadAction","target":["https:\/\/www.prijedordanas.com\/?p=66210"]}]},{"@type":"BreadcrumbList","@id":"https:\/\/www.prijedordanas.com\/?p=66210#breadcrumb","itemListElement":[{"@type":"ListItem","position":1,"name":"Home","item":"https:\/\/www.prijedordanas.com\/"},{"@type":"ListItem","position":2,"name":"SVJETSKI DAN BORBE PROTIV DIJABETESA OBILJE\u017dEN I U PRIJEDORU &#8211; VIDEO"}]},{"@type":"WebSite","@id":"https:\/\/www.prijedordanas.com\/#website","url":"https:\/\/www.prijedordanas.com\/","name":"PrijedorDanas.com - Prijedorski gradski portal","description":"Portal o doga\u0111anjima u gradu Prijedoru","publisher":{"@id":"https:\/\/www.prijedordanas.com\/#organization"},"potentialAction":[{"@type":"SearchAction","target":{"@type":"EntryPoint","urlTemplate":"https:\/\/www.prijedordanas.com\/?s={search_term_string}"},"query-input":"required name=search_term_string"}],"inLanguage":"en-US"},{"@type":"Organization","@id":"https:\/\/www.prijedordanas.com\/#organization","name":"PrijedorDanas.com","url":"https:\/\/www.prijedordanas.com\/","logo":{"@type":"ImageObject","inLanguage":"en-US","@id":"https:\/\/www.prijedordanas.com\/#\/schema\/logo\/image\/","url":"http:\/\/www.prijedordanas.com\/wp-content\/uploads\/2021\/12\/logopng.png","contentUrl":"http:\/\/www.prijedordanas.com\/wp-content\/uploads\/2021\/12\/logopng.png","width":1019,"height":776,"caption":"PrijedorDanas.com"},"image":{"@id":"https:\/\/www.prijedordanas.com\/#\/schema\/logo\/image\/"},"sameAs":["https:\/\/www.facebook.com\/PrijedorDanasCom\/"]},{"@type":"Person","@id":"https:\/\/www.prijedordanas.com\/#\/schema\/person\/4e08ccf29b506ca916ff86d46bb700e6","name":"admin","image":{"@type":"ImageObject","inLanguage":"en-US","@id":"https:\/\/www.prijedordanas.com\/#\/schema\/person\/image\/","url":"https:\/\/secure.gravatar.com\/avatar\/1d3fc949d550f0b53a5f0d51e06dfd79?s=96&d=mm&r=g","contentUrl":"https:\/\/secure.gravatar.com\/avatar\/1d3fc949d550f0b53a5f0d51e06dfd79?s=96&d=mm&r=g","caption":"admin"},"url":"https:\/\/www.prijedordanas.com\/?author=1"}]}},"_links":{"self":[{"href":"https:\/\/www.prijedordanas.com\/index.php?rest_route=\/wp\/v2\/posts\/66210"}],"collection":[{"href":"https:\/\/www.prijedordanas.com\/index.php?rest_route=\/wp\/v2\/posts"}],"about":[{"href":"https:\/\/www.prijedordanas.com\/index.php?rest_route=\/wp\/v2\/types\/post"}],"author":[{"embeddable":true,"href":"https:\/\/www.prijedordanas.com\/index.php?rest_route=\/wp\/v2\/users\/1"}],"replies":[{"embeddable":true,"href":"https:\/\/www.prijedordanas.com\/index.php?rest_route=%2Fwp%2Fv2%2Fcomments&post=66210"}],"version-history":[{"count":1,"href":"https:\/\/www.prijedordanas.com\/index.php?rest_route=\/wp\/v2\/posts\/66210\/revisions"}],"predecessor-version":[{"id":66212,"href":"https:\/\/www.prijedordanas.com\/index.php?rest_route=\/wp\/v2\/posts\/66210\/revisions\/66212"}],"wp:attachment":[{"href":"https:\/\/www.prijedordanas.com\/index.php?rest_route=%2Fwp%2Fv2%2Fmedia&parent=66210"}],"wp:term":[{"taxonomy":"category","embeddable":true,"href":"https:\/\/www.prijedordanas.com\/index.php?rest_route=%2Fwp%2Fv2%2Fcategories&post=66210"},{"taxonomy":"post_tag","embeddable":true,"href":"https:\/\/www.prijedordanas.com\/index.php?rest_route=%2Fwp%2Fv2%2Ftags&post=66210"}],"curies":[{"name":"wp","href":"https:\/\/api.w.org\/{rel}","templated":true}]}}