{"id":65965,"date":"2016-11-11T22:40:14","date_gmt":"2016-11-11T21:40:14","guid":{"rendered":"https:\/\/www.prijedordanas.com\/?p=65965"},"modified":"2016-11-11T22:40:14","modified_gmt":"2016-11-11T21:40:14","slug":"fizicki-obracun-osnovaca-u-prijedoru-bokserom-razbio-glavu-mladem-uceniku","status":"publish","type":"post","link":"https:\/\/www.prijedordanas.com\/?p=65965","title":{"rendered":"FIZI\u010cKI OBRA\u010cUN OSNOVACA: U PRIJEDORU BOKSEROM RAZBIO GLAVU MLA\u0110EM U\u010cENIKU"},"content":{"rendered":"<p><a href=\"https:\/\/www.prijedordanas.com\/wp-content\/uploads\/2016\/11\/ilustracija-bokser.jpg\"><img loading=\"lazy\" decoding=\"async\" src=\"https:\/\/www.prijedordanas.com\/wp-content\/uploads\/2016\/11\/ilustracija-bokser-300x231.jpg\" alt=\"ilustracija-bokser\" width=\"300\" height=\"231\" class=\"alignleft size-medium wp-image-65966\" srcset=\"https:\/\/www.prijedordanas.com\/wp-content\/uploads\/2016\/11\/ilustracija-bokser-300x231.jpg 300w, https:\/\/www.prijedordanas.com\/wp-content\/uploads\/2016\/11\/ilustracija-bokser-100x77.jpg 100w, https:\/\/www.prijedordanas.com\/wp-content\/uploads\/2016\/11\/ilustracija-bokser.jpg 650w\" sizes=\"(max-width: 300px) 100vw, 300px\" \/><\/a>U\u010deniku \u0161estog razreda jedne osnovne \u0161kole iz Prijedora razbijena je glava, kako nezvani\u010dno saznajemo ni manje ni vi\u0161e nego bokserom kojim ga je u potiljak, prilikom fizi\u010dkog obra\u010duna, koji se dogodio na ulici odmah ispred \u0161kole, udario dvije godine stariji osnovac.<\/p>\n<p>Zvezdana Alendarevi\u0107, portparol CJB Prijedor, potvrdila je da je sukob policiji prijavljen ju\u010de oko 13.15 sati.<\/p>\n<p>&#8211; Zbog \u010dinjenice da je rije\u010d o licima koja su mla\u0111a od 14 godina, ne mo\u017eemo davati vi\u0161e detalja o ovom slu\u010daju &#8211; rekla je Alendarevi\u0107, dodaju\u0107i da je o svemu obavije\u0161ten i Centar za socijalni rad u Prijedoru, ali i nadle\u017eno Tu\u017eila\u0161tvo.<\/p>\n<p>Nezvani\u010dno saznajemo da je povrije\u0111eni dje\u010dak zbrinut u prijedorskoj bolnici i upu\u0107en na ku\u0107no lije\u010denje. Njegovi roditelji se nisu oglasili, ali zato jeste jedan Prijedor\u010danin koji je naveo da je prizor u\u010denika koji s razbijenom glavom le\u017ei u lokvi krvi ispred \u0161kolske kapije, pokraj jednog kioska, bio stra\u0161an.<\/p>\n<p>&#8211; Niko mu nije prilazio. Uzeo sam trenirku od svog djeteta kojeg sam dovezao u \u0161kolu i zamotao mu glavu. Odvezao sam ga u bolnicu gdje je utvr\u0111eno da su mu povrede nanesene takozvanim bokserom, koji je navodno kupljen od \u017eene koja ispred \u0161kole prodaje takve stvari. Ljekar koji je primio dje\u010daka obavijestio je policiju. Stra\u0161no me pogodila nijema reakcija posmatra\u010da. Izgleda da smo dotakli dno dna &#8211; naveo  je ogor\u010deno ovaj roditelj na svom FB profilu \u0161okiran onim \u0161to je vidio.<\/p>\n<p>Dnevni avaz<\/p>\n","protected":false},"excerpt":{"rendered":"<p>U\u010deniku \u0161estog razreda jedne osnovne \u0161kole iz Prijedora razbijena je glava, kako nezvani\u010dno saznajemo ni manje ni vi\u0161e nego bokserom kojim ga je u potiljak, prilikom fizi\u010dkog obra\u010duna, koji se [&hellip;]<\/p>\n","protected":false},"author":1,"featured_media":0,"comment_status":"closed","ping_status":"open","sticky":false,"template":"","format":"standard","meta":{"_monsterinsights_skip_tracking":false,"_monsterinsights_sitenote_active":false,"_monsterinsights_sitenote_note":"","_monsterinsights_sitenote_category":0,"footnotes":""},"categories":[5],"tags":[4355],"yoast_head":"<!-- This site is optimized with the Yoast SEO plugin v21.6 - https:\/\/yoast.com\/wordpress\/plugins\/seo\/ -->\n<title>FIZI\u010cKI OBRA\u010cUN OSNOVACA: U PRIJEDORU BOKSEROM RAZBIO GLAVU MLA\u0110EM U\u010cENIKU - PrijedorDanas.com - Prijedorski gradski portal<\/title>\n<meta name=\"robots\" content=\"index, follow, max-snippet:-1, max-image-preview:large, max-video-preview:-1\" \/>\n<link rel=\"canonical\" href=\"https:\/\/www.prijedordanas.com\/?p=65965\" \/>\n<meta property=\"og:locale\" content=\"en_US\" \/>\n<meta property=\"og:type\" content=\"article\" \/>\n<meta property=\"og:title\" content=\"FIZI\u010cKI OBRA\u010cUN OSNOVACA: U PRIJEDORU BOKSEROM RAZBIO GLAVU MLA\u0110EM U\u010cENIKU - PrijedorDanas.com - Prijedorski gradski portal\" \/>\n<meta property=\"og:description\" content=\"U\u010deniku \u0161estog razreda jedne osnovne \u0161kole iz Prijedora razbijena je glava, kako nezvani\u010dno saznajemo ni manje ni vi\u0161e nego bokserom kojim ga je u potiljak, prilikom fizi\u010dkog obra\u010duna, koji se [&hellip;]\" \/>\n<meta property=\"og:url\" content=\"https:\/\/www.prijedordanas.com\/?p=65965\" \/>\n<meta property=\"og:site_name\" content=\"PrijedorDanas.com - Prijedorski gradski portal\" \/>\n<meta property=\"article:publisher\" content=\"https:\/\/www.facebook.com\/PrijedorDanasCom\/\" \/>\n<meta property=\"article:published_time\" content=\"2016-11-11T21:40:14+00:00\" \/>\n<meta property=\"og:image\" content=\"https:\/\/www.prijedordanas.com\/wp-content\/uploads\/2016\/11\/ilustracija-bokser-300x231.jpg\" \/>\n<meta name=\"author\" content=\"admin\" \/>\n<meta name=\"twitter:card\" content=\"summary_large_image\" \/>\n<meta name=\"twitter:label1\" content=\"Written by\" \/>\n\t<meta name=\"twitter:data1\" content=\"admin\" \/>\n\t<meta name=\"twitter:label2\" content=\"Est. reading time\" \/>\n\t<meta name=\"twitter:data2\" content=\"1 minute\" \/>\n<script type=\"application\/ld+json\" class=\"yoast-schema-graph\">{\"@context\":\"https:\/\/schema.org\",\"@graph\":[{\"@type\":\"Article\",\"@id\":\"https:\/\/www.prijedordanas.com\/?p=65965#article\",\"isPartOf\":{\"@id\":\"https:\/\/www.prijedordanas.com\/?p=65965\"},\"author\":{\"name\":\"admin\",\"@id\":\"https:\/\/www.prijedordanas.com\/#\/schema\/person\/4e08ccf29b506ca916ff86d46bb700e6\"},\"headline\":\"FIZI\u010cKI OBRA\u010cUN OSNOVACA: U PRIJEDORU BOKSEROM RAZBIO GLAVU MLA\u0110EM U\u010cENIKU\",\"datePublished\":\"2016-11-11T21:40:14+00:00\",\"dateModified\":\"2016-11-11T21:40:14+00:00\",\"mainEntityOfPage\":{\"@id\":\"https:\/\/www.prijedordanas.com\/?p=65965\"},\"wordCount\":274,\"publisher\":{\"@id\":\"https:\/\/www.prijedordanas.com\/#organization\"},\"keywords\":[\"fizi\u010dki obra\u010dun\"],\"articleSection\":[\"Hronika\"],\"inLanguage\":\"en-US\"},{\"@type\":\"WebPage\",\"@id\":\"https:\/\/www.prijedordanas.com\/?p=65965\",\"url\":\"https:\/\/www.prijedordanas.com\/?p=65965\",\"name\":\"FIZI\u010cKI OBRA\u010cUN OSNOVACA: U PRIJEDORU BOKSEROM RAZBIO GLAVU MLA\u0110EM U\u010cENIKU - PrijedorDanas.com - Prijedorski gradski portal\",\"isPartOf\":{\"@id\":\"https:\/\/www.prijedordanas.com\/#website\"},\"datePublished\":\"2016-11-11T21:40:14+00:00\",\"dateModified\":\"2016-11-11T21:40:14+00:00\",\"breadcrumb\":{\"@id\":\"https:\/\/www.prijedordanas.com\/?p=65965#breadcrumb\"},\"inLanguage\":\"en-US\",\"potentialAction\":[{\"@type\":\"ReadAction\",\"target\":[\"https:\/\/www.prijedordanas.com\/?p=65965\"]}]},{\"@type\":\"BreadcrumbList\",\"@id\":\"https:\/\/www.prijedordanas.com\/?p=65965#breadcrumb\",\"itemListElement\":[{\"@type\":\"ListItem\",\"position\":1,\"name\":\"Home\",\"item\":\"https:\/\/www.prijedordanas.com\/\"},{\"@type\":\"ListItem\",\"position\":2,\"name\":\"FIZI\u010cKI OBRA\u010cUN OSNOVACA: U PRIJEDORU BOKSEROM RAZBIO GLAVU MLA\u0110EM U\u010cENIKU\"}]},{\"@type\":\"WebSite\",\"@id\":\"https:\/\/www.prijedordanas.com\/#website\",\"url\":\"https:\/\/www.prijedordanas.com\/\",\"name\":\"PrijedorDanas.com - Prijedorski gradski portal\",\"description\":\"Portal o doga\u0111anjima u gradu Prijedoru\",\"publisher\":{\"@id\":\"https:\/\/www.prijedordanas.com\/#organization\"},\"potentialAction\":[{\"@type\":\"SearchAction\",\"target\":{\"@type\":\"EntryPoint\",\"urlTemplate\":\"https:\/\/www.prijedordanas.com\/?s={search_term_string}\"},\"query-input\":\"required name=search_term_string\"}],\"inLanguage\":\"en-US\"},{\"@type\":\"Organization\",\"@id\":\"https:\/\/www.prijedordanas.com\/#organization\",\"name\":\"PrijedorDanas.com\",\"url\":\"https:\/\/www.prijedordanas.com\/\",\"logo\":{\"@type\":\"ImageObject\",\"inLanguage\":\"en-US\",\"@id\":\"https:\/\/www.prijedordanas.com\/#\/schema\/logo\/image\/\",\"url\":\"http:\/\/www.prijedordanas.com\/wp-content\/uploads\/2021\/12\/logopng.png\",\"contentUrl\":\"http:\/\/www.prijedordanas.com\/wp-content\/uploads\/2021\/12\/logopng.png\",\"width\":1019,\"height\":776,\"caption\":\"PrijedorDanas.com\"},\"image\":{\"@id\":\"https:\/\/www.prijedordanas.com\/#\/schema\/logo\/image\/\"},\"sameAs\":[\"https:\/\/www.facebook.com\/PrijedorDanasCom\/\"]},{\"@type\":\"Person\",\"@id\":\"https:\/\/www.prijedordanas.com\/#\/schema\/person\/4e08ccf29b506ca916ff86d46bb700e6\",\"name\":\"admin\",\"image\":{\"@type\":\"ImageObject\",\"inLanguage\":\"en-US\",\"@id\":\"https:\/\/www.prijedordanas.com\/#\/schema\/person\/image\/\",\"url\":\"https:\/\/secure.gravatar.com\/avatar\/1d3fc949d550f0b53a5f0d51e06dfd79?s=96&d=mm&r=g\",\"contentUrl\":\"https:\/\/secure.gravatar.com\/avatar\/1d3fc949d550f0b53a5f0d51e06dfd79?s=96&d=mm&r=g\",\"caption\":\"admin\"},\"url\":\"https:\/\/www.prijedordanas.com\/?author=1\"}]}<\/script>\n<!-- \/ Yoast SEO plugin. -->","yoast_head_json":{"title":"FIZI\u010cKI OBRA\u010cUN OSNOVACA: U PRIJEDORU BOKSEROM RAZBIO GLAVU MLA\u0110EM U\u010cENIKU - PrijedorDanas.com - Prijedorski gradski portal","robots":{"index":"index","follow":"follow","max-snippet":"max-snippet:-1","max-image-preview":"max-image-preview:large","max-video-preview":"max-video-preview:-1"},"canonical":"https:\/\/www.prijedordanas.com\/?p=65965","og_locale":"en_US","og_type":"article","og_title":"FIZI\u010cKI OBRA\u010cUN OSNOVACA: U PRIJEDORU BOKSEROM RAZBIO GLAVU MLA\u0110EM U\u010cENIKU - PrijedorDanas.com - Prijedorski gradski portal","og_description":"U\u010deniku \u0161estog razreda jedne osnovne \u0161kole iz Prijedora razbijena je glava, kako nezvani\u010dno saznajemo ni manje ni vi\u0161e nego bokserom kojim ga je u potiljak, prilikom fizi\u010dkog obra\u010duna, koji se [&hellip;]","og_url":"https:\/\/www.prijedordanas.com\/?p=65965","og_site_name":"PrijedorDanas.com - Prijedorski gradski portal","article_publisher":"https:\/\/www.facebook.com\/PrijedorDanasCom\/","article_published_time":"2016-11-11T21:40:14+00:00","og_image":[{"url":"https:\/\/www.prijedordanas.com\/wp-content\/uploads\/2016\/11\/ilustracija-bokser-300x231.jpg"}],"author":"admin","twitter_card":"summary_large_image","twitter_misc":{"Written by":"admin","Est. reading time":"1 minute"},"schema":{"@context":"https:\/\/schema.org","@graph":[{"@type":"Article","@id":"https:\/\/www.prijedordanas.com\/?p=65965#article","isPartOf":{"@id":"https:\/\/www.prijedordanas.com\/?p=65965"},"author":{"name":"admin","@id":"https:\/\/www.prijedordanas.com\/#\/schema\/person\/4e08ccf29b506ca916ff86d46bb700e6"},"headline":"FIZI\u010cKI OBRA\u010cUN OSNOVACA: U PRIJEDORU BOKSEROM RAZBIO GLAVU MLA\u0110EM U\u010cENIKU","datePublished":"2016-11-11T21:40:14+00:00","dateModified":"2016-11-11T21:40:14+00:00","mainEntityOfPage":{"@id":"https:\/\/www.prijedordanas.com\/?p=65965"},"wordCount":274,"publisher":{"@id":"https:\/\/www.prijedordanas.com\/#organization"},"keywords":["fizi\u010dki obra\u010dun"],"articleSection":["Hronika"],"inLanguage":"en-US"},{"@type":"WebPage","@id":"https:\/\/www.prijedordanas.com\/?p=65965","url":"https:\/\/www.prijedordanas.com\/?p=65965","name":"FIZI\u010cKI OBRA\u010cUN OSNOVACA: U PRIJEDORU BOKSEROM RAZBIO GLAVU MLA\u0110EM U\u010cENIKU - PrijedorDanas.com - Prijedorski gradski portal","isPartOf":{"@id":"https:\/\/www.prijedordanas.com\/#website"},"datePublished":"2016-11-11T21:40:14+00:00","dateModified":"2016-11-11T21:40:14+00:00","breadcrumb":{"@id":"https:\/\/www.prijedordanas.com\/?p=65965#breadcrumb"},"inLanguage":"en-US","potentialAction":[{"@type":"ReadAction","target":["https:\/\/www.prijedordanas.com\/?p=65965"]}]},{"@type":"BreadcrumbList","@id":"https:\/\/www.prijedordanas.com\/?p=65965#breadcrumb","itemListElement":[{"@type":"ListItem","position":1,"name":"Home","item":"https:\/\/www.prijedordanas.com\/"},{"@type":"ListItem","position":2,"name":"FIZI\u010cKI OBRA\u010cUN OSNOVACA: U PRIJEDORU BOKSEROM RAZBIO GLAVU MLA\u0110EM U\u010cENIKU"}]},{"@type":"WebSite","@id":"https:\/\/www.prijedordanas.com\/#website","url":"https:\/\/www.prijedordanas.com\/","name":"PrijedorDanas.com - Prijedorski gradski portal","description":"Portal o doga\u0111anjima u gradu Prijedoru","publisher":{"@id":"https:\/\/www.prijedordanas.com\/#organization"},"potentialAction":[{"@type":"SearchAction","target":{"@type":"EntryPoint","urlTemplate":"https:\/\/www.prijedordanas.com\/?s={search_term_string}"},"query-input":"required name=search_term_string"}],"inLanguage":"en-US"},{"@type":"Organization","@id":"https:\/\/www.prijedordanas.com\/#organization","name":"PrijedorDanas.com","url":"https:\/\/www.prijedordanas.com\/","logo":{"@type":"ImageObject","inLanguage":"en-US","@id":"https:\/\/www.prijedordanas.com\/#\/schema\/logo\/image\/","url":"http:\/\/www.prijedordanas.com\/wp-content\/uploads\/2021\/12\/logopng.png","contentUrl":"http:\/\/www.prijedordanas.com\/wp-content\/uploads\/2021\/12\/logopng.png","width":1019,"height":776,"caption":"PrijedorDanas.com"},"image":{"@id":"https:\/\/www.prijedordanas.com\/#\/schema\/logo\/image\/"},"sameAs":["https:\/\/www.facebook.com\/PrijedorDanasCom\/"]},{"@type":"Person","@id":"https:\/\/www.prijedordanas.com\/#\/schema\/person\/4e08ccf29b506ca916ff86d46bb700e6","name":"admin","image":{"@type":"ImageObject","inLanguage":"en-US","@id":"https:\/\/www.prijedordanas.com\/#\/schema\/person\/image\/","url":"https:\/\/secure.gravatar.com\/avatar\/1d3fc949d550f0b53a5f0d51e06dfd79?s=96&d=mm&r=g","contentUrl":"https:\/\/secure.gravatar.com\/avatar\/1d3fc949d550f0b53a5f0d51e06dfd79?s=96&d=mm&r=g","caption":"admin"},"url":"https:\/\/www.prijedordanas.com\/?author=1"}]}},"_links":{"self":[{"href":"https:\/\/www.prijedordanas.com\/index.php?rest_route=\/wp\/v2\/posts\/65965"}],"collection":[{"href":"https:\/\/www.prijedordanas.com\/index.php?rest_route=\/wp\/v2\/posts"}],"about":[{"href":"https:\/\/www.prijedordanas.com\/index.php?rest_route=\/wp\/v2\/types\/post"}],"author":[{"embeddable":true,"href":"https:\/\/www.prijedordanas.com\/index.php?rest_route=\/wp\/v2\/users\/1"}],"replies":[{"embeddable":true,"href":"https:\/\/www.prijedordanas.com\/index.php?rest_route=%2Fwp%2Fv2%2Fcomments&post=65965"}],"version-history":[{"count":1,"href":"https:\/\/www.prijedordanas.com\/index.php?rest_route=\/wp\/v2\/posts\/65965\/revisions"}],"predecessor-version":[{"id":65967,"href":"https:\/\/www.prijedordanas.com\/index.php?rest_route=\/wp\/v2\/posts\/65965\/revisions\/65967"}],"wp:attachment":[{"href":"https:\/\/www.prijedordanas.com\/index.php?rest_route=%2Fwp%2Fv2%2Fmedia&parent=65965"}],"wp:term":[{"taxonomy":"category","embeddable":true,"href":"https:\/\/www.prijedordanas.com\/index.php?rest_route=%2Fwp%2Fv2%2Fcategories&post=65965"},{"taxonomy":"post_tag","embeddable":true,"href":"https:\/\/www.prijedordanas.com\/index.php?rest_route=%2Fwp%2Fv2%2Ftags&post=65965"}],"curies":[{"name":"wp","href":"https:\/\/api.w.org\/{rel}","templated":true}]}}