{"id":65856,"date":"2016-11-10T15:45:38","date_gmt":"2016-11-10T14:45:38","guid":{"rendered":"https:\/\/www.prijedordanas.com\/?p=65856"},"modified":"2016-11-10T15:45:38","modified_gmt":"2016-11-10T14:45:38","slug":"prijedorcanka-jelena-mandic-proputovala-svijet-zahvaljujuci-radu-na-kruzerima-fotovideo","status":"publish","type":"post","link":"https:\/\/www.prijedordanas.com\/?p=65856","title":{"rendered":"PRIJEDOR\u010cANKA JELENA MANDI\u0106 PROPUTOVALA SVIJET ZAHVALJUJU\u0106I RADU NA KRUZERIMA \u2013 FOTO\/VIDEO"},"content":{"rendered":"<p><a href=\"https:\/\/www.prijedordanas.com\/wp-content\/uploads\/2016\/11\/jelena-mandic-1.jpg\"><img loading=\"lazy\" decoding=\"async\" class=\"alignleft size-medium wp-image-65857\" src=\"https:\/\/www.prijedordanas.com\/wp-content\/uploads\/2016\/11\/jelena-mandic-1-300x222.jpg\" alt=\"jelena-mandic-1\" width=\"300\" height=\"222\" srcset=\"https:\/\/www.prijedordanas.com\/wp-content\/uploads\/2016\/11\/jelena-mandic-1-300x222.jpg 300w, https:\/\/www.prijedordanas.com\/wp-content\/uploads\/2016\/11\/jelena-mandic-1-100x74.jpg 100w, https:\/\/www.prijedordanas.com\/wp-content\/uploads\/2016\/11\/jelena-mandic-1.jpg 675w\" sizes=\"(max-width: 300px) 100vw, 300px\" \/><\/a>Iako je diplomirani ekonomista, Prijedor\u010danka Jelena Mandi\u0107 je odlu\u010dila da se, umjesto u struci, zaposli na prekookeanskom brodu.<\/p>\n<p>Ona je po\u010dela da radi kao koktel majstor.<\/p>\n<p>Ovaj posao donosi brojne avanture.<\/p>\n<p>To je bila odli\u010dna prilika da proputuje svijet i stigne do najatraktivnijih destinacija.<\/p>\n<p>Kako ka\u017ee Jelena, ovo joj je najbolje iskustvo u \u017eivotu.<\/p>\n<p>Priredio &#8211; Aleksandar Drakuli\u0107 \u2013 <a href=\"www.prijedordanas.com\" target=\"_blank\">www.prijedordanas.com<\/a><\/p>\n<p><iframe loading=\"lazy\" width=\"500\" height=\"375\" src=\"https:\/\/www.youtube.com\/embed\/I3nPMwOONgc?feature=oembed\" frameborder=\"0\" allowfullscreen><\/iframe><\/p>\n<p><a href=\"https:\/\/www.prijedordanas.com\/wp-content\/uploads\/2016\/11\/jelena-mandic-4.jpg\"><img loading=\"lazy\" decoding=\"async\" class=\"alignleft size-medium wp-image-65858\" src=\"https:\/\/www.prijedordanas.com\/wp-content\/uploads\/2016\/11\/jelena-mandic-4-300x225.jpg\" alt=\"jelena-mandic-4\" width=\"300\" height=\"225\" srcset=\"https:\/\/www.prijedordanas.com\/wp-content\/uploads\/2016\/11\/jelena-mandic-4-300x225.jpg 300w, https:\/\/www.prijedordanas.com\/wp-content\/uploads\/2016\/11\/jelena-mandic-4-100x75.jpg 100w, https:\/\/www.prijedordanas.com\/wp-content\/uploads\/2016\/11\/jelena-mandic-4-640x480.jpg 640w, https:\/\/www.prijedordanas.com\/wp-content\/uploads\/2016\/11\/jelena-mandic-4.jpg 667w\" sizes=\"(max-width: 300px) 100vw, 300px\" \/><\/a> <a href=\"https:\/\/www.prijedordanas.com\/wp-content\/uploads\/2016\/11\/jelena-mandic-5.jpg\"><img loading=\"lazy\" decoding=\"async\" class=\"alignleft size-medium wp-image-65859\" src=\"https:\/\/www.prijedordanas.com\/wp-content\/uploads\/2016\/11\/jelena-mandic-5-300x225.jpg\" alt=\"jelena-mandic-5\" width=\"300\" height=\"225\" srcset=\"https:\/\/www.prijedordanas.com\/wp-content\/uploads\/2016\/11\/jelena-mandic-5-300x225.jpg 300w, https:\/\/www.prijedordanas.com\/wp-content\/uploads\/2016\/11\/jelena-mandic-5-100x75.jpg 100w, https:\/\/www.prijedordanas.com\/wp-content\/uploads\/2016\/11\/jelena-mandic-5-640x480.jpg 640w, https:\/\/www.prijedordanas.com\/wp-content\/uploads\/2016\/11\/jelena-mandic-5.jpg 667w\" sizes=\"(max-width: 300px) 100vw, 300px\" \/><\/a> <a href=\"https:\/\/www.prijedordanas.com\/wp-content\/uploads\/2016\/11\/jelena-mandic-3.jpg\"><img loading=\"lazy\" decoding=\"async\" class=\"alignleft size-medium wp-image-65860\" src=\"https:\/\/www.prijedordanas.com\/wp-content\/uploads\/2016\/11\/jelena-mandic-3-300x220.jpg\" alt=\"jelena-mandic-3\" width=\"300\" height=\"220\" srcset=\"https:\/\/www.prijedordanas.com\/wp-content\/uploads\/2016\/11\/jelena-mandic-3-300x220.jpg 300w, https:\/\/www.prijedordanas.com\/wp-content\/uploads\/2016\/11\/jelena-mandic-3-100x73.jpg 100w, https:\/\/www.prijedordanas.com\/wp-content\/uploads\/2016\/11\/jelena-mandic-3.jpg 681w\" sizes=\"(max-width: 300px) 100vw, 300px\" \/><\/a> <a href=\"https:\/\/www.prijedordanas.com\/wp-content\/uploads\/2016\/11\/jelena-mandic-2.jpg\"><img loading=\"lazy\" decoding=\"async\" class=\"alignleft size-medium wp-image-65861\" src=\"https:\/\/www.prijedordanas.com\/wp-content\/uploads\/2016\/11\/jelena-mandic-2-300x222.jpg\" alt=\"jelena-mandic-2\" width=\"300\" height=\"222\" srcset=\"https:\/\/www.prijedordanas.com\/wp-content\/uploads\/2016\/11\/jelena-mandic-2-300x222.jpg 300w, https:\/\/www.prijedordanas.com\/wp-content\/uploads\/2016\/11\/jelena-mandic-2-100x74.jpg 100w, https:\/\/www.prijedordanas.com\/wp-content\/uploads\/2016\/11\/jelena-mandic-2.jpg 675w\" sizes=\"(max-width: 300px) 100vw, 300px\" \/><\/a> <a href=\"https:\/\/www.prijedordanas.com\/wp-content\/uploads\/2016\/11\/jelena-mandic-6.jpg\"><img loading=\"lazy\" decoding=\"async\" class=\"alignleft size-medium wp-image-65862\" src=\"https:\/\/www.prijedordanas.com\/wp-content\/uploads\/2016\/11\/jelena-mandic-6-300x199.jpg\" alt=\"jelena-mandic-6\" width=\"300\" height=\"199\" srcset=\"https:\/\/www.prijedordanas.com\/wp-content\/uploads\/2016\/11\/jelena-mandic-6-300x200.jpg 300w, https:\/\/www.prijedordanas.com\/wp-content\/uploads\/2016\/11\/jelena-mandic-6-100x66.jpg 100w, https:\/\/www.prijedordanas.com\/wp-content\/uploads\/2016\/11\/jelena-mandic-6.jpg 640w, https:\/\/www.prijedordanas.com\/wp-content\/uploads\/2016\/11\/jelena-mandic-6-480x320.jpg 480w\" sizes=\"(max-width: 300px) 100vw, 300px\" \/><\/a> <a href=\"https:\/\/www.prijedordanas.com\/wp-content\/uploads\/2016\/11\/jelena-mandic-7.jpg\"><img loading=\"lazy\" decoding=\"async\" class=\"alignleft size-medium wp-image-65863\" src=\"https:\/\/www.prijedordanas.com\/wp-content\/uploads\/2016\/11\/jelena-mandic-7-300x199.jpg\" alt=\"jelena-mandic-7\" width=\"300\" height=\"199\" srcset=\"https:\/\/www.prijedordanas.com\/wp-content\/uploads\/2016\/11\/jelena-mandic-7-300x200.jpg 300w, https:\/\/www.prijedordanas.com\/wp-content\/uploads\/2016\/11\/jelena-mandic-7-100x66.jpg 100w, https:\/\/www.prijedordanas.com\/wp-content\/uploads\/2016\/11\/jelena-mandic-7.jpg 640w, https:\/\/www.prijedordanas.com\/wp-content\/uploads\/2016\/11\/jelena-mandic-7-480x320.jpg 480w\" sizes=\"(max-width: 300px) 100vw, 300px\" \/><\/a> <a href=\"https:\/\/www.prijedordanas.com\/wp-content\/uploads\/2016\/11\/jelena-mandic-9.jpg\"><img loading=\"lazy\" decoding=\"async\" class=\"alignleft size-medium wp-image-65864\" src=\"https:\/\/www.prijedordanas.com\/wp-content\/uploads\/2016\/11\/jelena-mandic-9-300x169.jpg\" alt=\"jelena-mandic-9\" width=\"300\" height=\"169\" srcset=\"https:\/\/www.prijedordanas.com\/wp-content\/uploads\/2016\/11\/jelena-mandic-9-300x169.jpg 300w, https:\/\/www.prijedordanas.com\/wp-content\/uploads\/2016\/11\/jelena-mandic-9-100x56.jpg 100w, https:\/\/www.prijedordanas.com\/wp-content\/uploads\/2016\/11\/jelena-mandic-9.jpg 640w\" sizes=\"(max-width: 300px) 100vw, 300px\" \/><\/a> <a href=\"https:\/\/www.prijedordanas.com\/wp-content\/uploads\/2016\/11\/jelena-mandic-8.jpg\"><img loading=\"lazy\" decoding=\"async\" class=\"alignleft size-medium wp-image-65865\" src=\"https:\/\/www.prijedordanas.com\/wp-content\/uploads\/2016\/11\/jelena-mandic-8-300x153.jpg\" alt=\"jelena-mandic-8\" width=\"300\" height=\"153\" srcset=\"https:\/\/www.prijedordanas.com\/wp-content\/uploads\/2016\/11\/jelena-mandic-8-300x153.jpg 300w, https:\/\/www.prijedordanas.com\/wp-content\/uploads\/2016\/11\/jelena-mandic-8-100x51.jpg 100w, https:\/\/www.prijedordanas.com\/wp-content\/uploads\/2016\/11\/jelena-mandic-8.jpg 640w\" sizes=\"(max-width: 300px) 100vw, 300px\" \/><\/a><\/p>\n","protected":false},"excerpt":{"rendered":"<p>Iako je diplomirani ekonomista, Prijedor\u010danka Jelena Mandi\u0107 je odlu\u010dila da se, umjesto u struci, zaposli na prekookeanskom brodu. Ona je po\u010dela da radi kao koktel majstor. Ovaj posao donosi brojne [&hellip;]<\/p>\n","protected":false},"author":1,"featured_media":0,"comment_status":"closed","ping_status":"open","sticky":false,"template":"","format":"standard","meta":{"_monsterinsights_skip_tracking":false,"_monsterinsights_sitenote_active":false,"_monsterinsights_sitenote_note":"","_monsterinsights_sitenote_category":0,"footnotes":""},"categories":[3],"tags":[9177,9176],"yoast_head":"<!-- This site is optimized with the Yoast SEO plugin v21.6 - https:\/\/yoast.com\/wordpress\/plugins\/seo\/ -->\n<title>PRIJEDOR\u010cANKA JELENA MANDI\u0106 PROPUTOVALA SVIJET ZAHVALJUJU\u0106I RADU NA KRUZERIMA \u2013 FOTO\/VIDEO - PrijedorDanas.com - Prijedorski gradski portal<\/title>\n<meta name=\"robots\" content=\"index, follow, max-snippet:-1, max-image-preview:large, max-video-preview:-1\" \/>\n<link rel=\"canonical\" href=\"https:\/\/www.prijedordanas.com\/?p=65856\" \/>\n<meta property=\"og:locale\" content=\"en_US\" \/>\n<meta property=\"og:type\" content=\"article\" \/>\n<meta property=\"og:title\" content=\"PRIJEDOR\u010cANKA JELENA MANDI\u0106 PROPUTOVALA SVIJET ZAHVALJUJU\u0106I RADU NA KRUZERIMA \u2013 FOTO\/VIDEO - PrijedorDanas.com - Prijedorski gradski portal\" \/>\n<meta property=\"og:description\" content=\"Iako je diplomirani ekonomista, Prijedor\u010danka Jelena Mandi\u0107 je odlu\u010dila da se, umjesto u struci, zaposli na prekookeanskom brodu. Ona je po\u010dela da radi kao koktel majstor. Ovaj posao donosi brojne [&hellip;]\" \/>\n<meta property=\"og:url\" content=\"https:\/\/www.prijedordanas.com\/?p=65856\" \/>\n<meta property=\"og:site_name\" content=\"PrijedorDanas.com - Prijedorski gradski portal\" \/>\n<meta property=\"article:publisher\" content=\"https:\/\/www.facebook.com\/PrijedorDanasCom\/\" \/>\n<meta property=\"article:published_time\" content=\"2016-11-10T14:45:38+00:00\" \/>\n<meta property=\"og:image\" content=\"https:\/\/www.prijedordanas.com\/wp-content\/uploads\/2016\/11\/jelena-mandic-1-300x222.jpg\" \/>\n<meta name=\"author\" content=\"admin\" \/>\n<meta name=\"twitter:card\" content=\"summary_large_image\" \/>\n<meta name=\"twitter:label1\" content=\"Written by\" \/>\n\t<meta name=\"twitter:data1\" content=\"admin\" \/>\n<script type=\"application\/ld+json\" class=\"yoast-schema-graph\">{\"@context\":\"https:\/\/schema.org\",\"@graph\":[{\"@type\":\"Article\",\"@id\":\"https:\/\/www.prijedordanas.com\/?p=65856#article\",\"isPartOf\":{\"@id\":\"https:\/\/www.prijedordanas.com\/?p=65856\"},\"author\":{\"name\":\"admin\",\"@id\":\"https:\/\/www.prijedordanas.com\/#\/schema\/person\/4e08ccf29b506ca916ff86d46bb700e6\"},\"headline\":\"PRIJEDOR\u010cANKA JELENA MANDI\u0106 PROPUTOVALA SVIJET ZAHVALJUJU\u0106I RADU NA KRUZERIMA \u2013 FOTO\/VIDEO\",\"datePublished\":\"2016-11-10T14:45:38+00:00\",\"dateModified\":\"2016-11-10T14:45:38+00:00\",\"mainEntityOfPage\":{\"@id\":\"https:\/\/www.prijedordanas.com\/?p=65856\"},\"wordCount\":84,\"publisher\":{\"@id\":\"https:\/\/www.prijedordanas.com\/#organization\"},\"keywords\":[\"Jelena Mandi\u0107\",\"kruzeri\"],\"articleSection\":[\"\u017divot\"],\"inLanguage\":\"en-US\"},{\"@type\":\"WebPage\",\"@id\":\"https:\/\/www.prijedordanas.com\/?p=65856\",\"url\":\"https:\/\/www.prijedordanas.com\/?p=65856\",\"name\":\"PRIJEDOR\u010cANKA JELENA MANDI\u0106 PROPUTOVALA SVIJET ZAHVALJUJU\u0106I RADU NA KRUZERIMA \u2013 FOTO\/VIDEO - PrijedorDanas.com - Prijedorski gradski portal\",\"isPartOf\":{\"@id\":\"https:\/\/www.prijedordanas.com\/#website\"},\"datePublished\":\"2016-11-10T14:45:38+00:00\",\"dateModified\":\"2016-11-10T14:45:38+00:00\",\"breadcrumb\":{\"@id\":\"https:\/\/www.prijedordanas.com\/?p=65856#breadcrumb\"},\"inLanguage\":\"en-US\",\"potentialAction\":[{\"@type\":\"ReadAction\",\"target\":[\"https:\/\/www.prijedordanas.com\/?p=65856\"]}]},{\"@type\":\"BreadcrumbList\",\"@id\":\"https:\/\/www.prijedordanas.com\/?p=65856#breadcrumb\",\"itemListElement\":[{\"@type\":\"ListItem\",\"position\":1,\"name\":\"Home\",\"item\":\"https:\/\/www.prijedordanas.com\/\"},{\"@type\":\"ListItem\",\"position\":2,\"name\":\"PRIJEDOR\u010cANKA JELENA MANDI\u0106 PROPUTOVALA SVIJET ZAHVALJUJU\u0106I RADU NA KRUZERIMA \u2013 FOTO\/VIDEO\"}]},{\"@type\":\"WebSite\",\"@id\":\"https:\/\/www.prijedordanas.com\/#website\",\"url\":\"https:\/\/www.prijedordanas.com\/\",\"name\":\"PrijedorDanas.com - Prijedorski gradski portal\",\"description\":\"Portal o doga\u0111anjima u gradu Prijedoru\",\"publisher\":{\"@id\":\"https:\/\/www.prijedordanas.com\/#organization\"},\"potentialAction\":[{\"@type\":\"SearchAction\",\"target\":{\"@type\":\"EntryPoint\",\"urlTemplate\":\"https:\/\/www.prijedordanas.com\/?s={search_term_string}\"},\"query-input\":\"required name=search_term_string\"}],\"inLanguage\":\"en-US\"},{\"@type\":\"Organization\",\"@id\":\"https:\/\/www.prijedordanas.com\/#organization\",\"name\":\"PrijedorDanas.com\",\"url\":\"https:\/\/www.prijedordanas.com\/\",\"logo\":{\"@type\":\"ImageObject\",\"inLanguage\":\"en-US\",\"@id\":\"https:\/\/www.prijedordanas.com\/#\/schema\/logo\/image\/\",\"url\":\"http:\/\/www.prijedordanas.com\/wp-content\/uploads\/2021\/12\/logopng.png\",\"contentUrl\":\"http:\/\/www.prijedordanas.com\/wp-content\/uploads\/2021\/12\/logopng.png\",\"width\":1019,\"height\":776,\"caption\":\"PrijedorDanas.com\"},\"image\":{\"@id\":\"https:\/\/www.prijedordanas.com\/#\/schema\/logo\/image\/\"},\"sameAs\":[\"https:\/\/www.facebook.com\/PrijedorDanasCom\/\"]},{\"@type\":\"Person\",\"@id\":\"https:\/\/www.prijedordanas.com\/#\/schema\/person\/4e08ccf29b506ca916ff86d46bb700e6\",\"name\":\"admin\",\"image\":{\"@type\":\"ImageObject\",\"inLanguage\":\"en-US\",\"@id\":\"https:\/\/www.prijedordanas.com\/#\/schema\/person\/image\/\",\"url\":\"https:\/\/secure.gravatar.com\/avatar\/1d3fc949d550f0b53a5f0d51e06dfd79?s=96&d=mm&r=g\",\"contentUrl\":\"https:\/\/secure.gravatar.com\/avatar\/1d3fc949d550f0b53a5f0d51e06dfd79?s=96&d=mm&r=g\",\"caption\":\"admin\"},\"url\":\"https:\/\/www.prijedordanas.com\/?author=1\"}]}<\/script>\n<!-- \/ Yoast SEO plugin. -->","yoast_head_json":{"title":"PRIJEDOR\u010cANKA JELENA MANDI\u0106 PROPUTOVALA SVIJET ZAHVALJUJU\u0106I RADU NA KRUZERIMA \u2013 FOTO\/VIDEO - PrijedorDanas.com - Prijedorski gradski portal","robots":{"index":"index","follow":"follow","max-snippet":"max-snippet:-1","max-image-preview":"max-image-preview:large","max-video-preview":"max-video-preview:-1"},"canonical":"https:\/\/www.prijedordanas.com\/?p=65856","og_locale":"en_US","og_type":"article","og_title":"PRIJEDOR\u010cANKA JELENA MANDI\u0106 PROPUTOVALA SVIJET ZAHVALJUJU\u0106I RADU NA KRUZERIMA \u2013 FOTO\/VIDEO - PrijedorDanas.com - Prijedorski gradski portal","og_description":"Iako je diplomirani ekonomista, Prijedor\u010danka Jelena Mandi\u0107 je odlu\u010dila da se, umjesto u struci, zaposli na prekookeanskom brodu. Ona je po\u010dela da radi kao koktel majstor. Ovaj posao donosi brojne [&hellip;]","og_url":"https:\/\/www.prijedordanas.com\/?p=65856","og_site_name":"PrijedorDanas.com - Prijedorski gradski portal","article_publisher":"https:\/\/www.facebook.com\/PrijedorDanasCom\/","article_published_time":"2016-11-10T14:45:38+00:00","og_image":[{"url":"https:\/\/www.prijedordanas.com\/wp-content\/uploads\/2016\/11\/jelena-mandic-1-300x222.jpg"}],"author":"admin","twitter_card":"summary_large_image","twitter_misc":{"Written by":"admin"},"schema":{"@context":"https:\/\/schema.org","@graph":[{"@type":"Article","@id":"https:\/\/www.prijedordanas.com\/?p=65856#article","isPartOf":{"@id":"https:\/\/www.prijedordanas.com\/?p=65856"},"author":{"name":"admin","@id":"https:\/\/www.prijedordanas.com\/#\/schema\/person\/4e08ccf29b506ca916ff86d46bb700e6"},"headline":"PRIJEDOR\u010cANKA JELENA MANDI\u0106 PROPUTOVALA SVIJET ZAHVALJUJU\u0106I RADU NA KRUZERIMA \u2013 FOTO\/VIDEO","datePublished":"2016-11-10T14:45:38+00:00","dateModified":"2016-11-10T14:45:38+00:00","mainEntityOfPage":{"@id":"https:\/\/www.prijedordanas.com\/?p=65856"},"wordCount":84,"publisher":{"@id":"https:\/\/www.prijedordanas.com\/#organization"},"keywords":["Jelena Mandi\u0107","kruzeri"],"articleSection":["\u017divot"],"inLanguage":"en-US"},{"@type":"WebPage","@id":"https:\/\/www.prijedordanas.com\/?p=65856","url":"https:\/\/www.prijedordanas.com\/?p=65856","name":"PRIJEDOR\u010cANKA JELENA MANDI\u0106 PROPUTOVALA SVIJET ZAHVALJUJU\u0106I RADU NA KRUZERIMA \u2013 FOTO\/VIDEO - PrijedorDanas.com - Prijedorski gradski portal","isPartOf":{"@id":"https:\/\/www.prijedordanas.com\/#website"},"datePublished":"2016-11-10T14:45:38+00:00","dateModified":"2016-11-10T14:45:38+00:00","breadcrumb":{"@id":"https:\/\/www.prijedordanas.com\/?p=65856#breadcrumb"},"inLanguage":"en-US","potentialAction":[{"@type":"ReadAction","target":["https:\/\/www.prijedordanas.com\/?p=65856"]}]},{"@type":"BreadcrumbList","@id":"https:\/\/www.prijedordanas.com\/?p=65856#breadcrumb","itemListElement":[{"@type":"ListItem","position":1,"name":"Home","item":"https:\/\/www.prijedordanas.com\/"},{"@type":"ListItem","position":2,"name":"PRIJEDOR\u010cANKA JELENA MANDI\u0106 PROPUTOVALA SVIJET ZAHVALJUJU\u0106I RADU NA KRUZERIMA \u2013 FOTO\/VIDEO"}]},{"@type":"WebSite","@id":"https:\/\/www.prijedordanas.com\/#website","url":"https:\/\/www.prijedordanas.com\/","name":"PrijedorDanas.com - Prijedorski gradski portal","description":"Portal o doga\u0111anjima u gradu Prijedoru","publisher":{"@id":"https:\/\/www.prijedordanas.com\/#organization"},"potentialAction":[{"@type":"SearchAction","target":{"@type":"EntryPoint","urlTemplate":"https:\/\/www.prijedordanas.com\/?s={search_term_string}"},"query-input":"required name=search_term_string"}],"inLanguage":"en-US"},{"@type":"Organization","@id":"https:\/\/www.prijedordanas.com\/#organization","name":"PrijedorDanas.com","url":"https:\/\/www.prijedordanas.com\/","logo":{"@type":"ImageObject","inLanguage":"en-US","@id":"https:\/\/www.prijedordanas.com\/#\/schema\/logo\/image\/","url":"http:\/\/www.prijedordanas.com\/wp-content\/uploads\/2021\/12\/logopng.png","contentUrl":"http:\/\/www.prijedordanas.com\/wp-content\/uploads\/2021\/12\/logopng.png","width":1019,"height":776,"caption":"PrijedorDanas.com"},"image":{"@id":"https:\/\/www.prijedordanas.com\/#\/schema\/logo\/image\/"},"sameAs":["https:\/\/www.facebook.com\/PrijedorDanasCom\/"]},{"@type":"Person","@id":"https:\/\/www.prijedordanas.com\/#\/schema\/person\/4e08ccf29b506ca916ff86d46bb700e6","name":"admin","image":{"@type":"ImageObject","inLanguage":"en-US","@id":"https:\/\/www.prijedordanas.com\/#\/schema\/person\/image\/","url":"https:\/\/secure.gravatar.com\/avatar\/1d3fc949d550f0b53a5f0d51e06dfd79?s=96&d=mm&r=g","contentUrl":"https:\/\/secure.gravatar.com\/avatar\/1d3fc949d550f0b53a5f0d51e06dfd79?s=96&d=mm&r=g","caption":"admin"},"url":"https:\/\/www.prijedordanas.com\/?author=1"}]}},"_links":{"self":[{"href":"https:\/\/www.prijedordanas.com\/index.php?rest_route=\/wp\/v2\/posts\/65856"}],"collection":[{"href":"https:\/\/www.prijedordanas.com\/index.php?rest_route=\/wp\/v2\/posts"}],"about":[{"href":"https:\/\/www.prijedordanas.com\/index.php?rest_route=\/wp\/v2\/types\/post"}],"author":[{"embeddable":true,"href":"https:\/\/www.prijedordanas.com\/index.php?rest_route=\/wp\/v2\/users\/1"}],"replies":[{"embeddable":true,"href":"https:\/\/www.prijedordanas.com\/index.php?rest_route=%2Fwp%2Fv2%2Fcomments&post=65856"}],"version-history":[{"count":1,"href":"https:\/\/www.prijedordanas.com\/index.php?rest_route=\/wp\/v2\/posts\/65856\/revisions"}],"predecessor-version":[{"id":65866,"href":"https:\/\/www.prijedordanas.com\/index.php?rest_route=\/wp\/v2\/posts\/65856\/revisions\/65866"}],"wp:attachment":[{"href":"https:\/\/www.prijedordanas.com\/index.php?rest_route=%2Fwp%2Fv2%2Fmedia&parent=65856"}],"wp:term":[{"taxonomy":"category","embeddable":true,"href":"https:\/\/www.prijedordanas.com\/index.php?rest_route=%2Fwp%2Fv2%2Fcategories&post=65856"},{"taxonomy":"post_tag","embeddable":true,"href":"https:\/\/www.prijedordanas.com\/index.php?rest_route=%2Fwp%2Fv2%2Ftags&post=65856"}],"curies":[{"name":"wp","href":"https:\/\/api.w.org\/{rel}","templated":true}]}}