{"id":65676,"date":"2016-11-11T08:51:24","date_gmt":"2016-11-11T07:51:24","guid":{"rendered":"https:\/\/www.prijedordanas.com\/?p=65676"},"modified":"2016-11-11T08:51:24","modified_gmt":"2016-11-11T07:51:24","slug":"covjek-koji-je-sakupio-sva-prezimena-u-bih-u-jednu-knjigu","status":"publish","type":"post","link":"https:\/\/www.prijedordanas.com\/?p=65676","title":{"rendered":"\u010cOVJEK KOJI JE SAKUPIO SVA PREZIMENA U BIH U JEDNU KNJIGU"},"content":{"rendered":"<p><a href=\"https:\/\/www.prijedordanas.com\/wp-content\/uploads\/2016\/11\/n1-sva-prezimena.jpg\"><img loading=\"lazy\" decoding=\"async\" src=\"https:\/\/www.prijedordanas.com\/wp-content\/uploads\/2016\/11\/n1-sva-prezimena-300x226.jpg\" alt=\"n1-sva-prezimena\" width=\"300\" height=\"226\" class=\"alignleft size-medium wp-image-65677\" srcset=\"https:\/\/www.prijedordanas.com\/wp-content\/uploads\/2016\/11\/n1-sva-prezimena-300x226.jpg 300w, https:\/\/www.prijedordanas.com\/wp-content\/uploads\/2016\/11\/n1-sva-prezimena-100x75.jpg 100w, https:\/\/www.prijedordanas.com\/wp-content\/uploads\/2016\/11\/n1-sva-prezimena-640x480.jpg 640w, https:\/\/www.prijedordanas.com\/wp-content\/uploads\/2016\/11\/n1-sva-prezimena.jpg 663w\" sizes=\"(max-width: 300px) 100vw, 300px\" \/><\/a>Sva prezimena naroda Bosne i Hercegovine u jednu knjigu sakupio je Ishak Koloni\u0107, elektri\u010dar u penziji iz Donje Ljubije kod Prijedora.<\/p>\n<p>Ovaj kolekcionar imena i prezimena objedinio ih je bez obzira na nacionalnu i vjersku pripadnost. Osim konstitutivnih naroda uvedena su i prezimena 24 nacionalne manjine.<\/p>\n<p>Kova\u010d je najrasprostranjenije, a \u010cengi\u0107 najstarije prezime u Bosni i Hercegovini. Oko 3,5 miliona stanovnika ove zemlje nose vi\u0161e od 300 000 prezimena. Upisana su u ovu knjigu po abecednom redu i pripadaju narodima i nacionalnim manjinama koji ovdje \u017eive.<\/p>\n<p>Za Ishaka Koloni\u0107a, \u010dovjeka koji je \u017eivot posvetio sakupljanju imena i prezimena naroda BiH, to govori o bogatstvu razli\u010ditosti.<\/p>\n<p>Prezimena je sakupljao iz vi\u0161e izvora, za neka je saznao sa nadgrobnih spomenika i iz \u010ditulja. U knjizi ih je grupisao na razne na\u010dine podijelio ih je na najkra\u0107e od 2 slova i najdu\u017ee od 17 slova.<\/p>\n<p>Na ona koja nose porijeklo od naziva \u017eivotinja pa do neobi\u010dnih po zvu\u010dnosti.<\/p>\n<p>N1<\/p>\n","protected":false},"excerpt":{"rendered":"<p>Sva prezimena naroda Bosne i Hercegovine u jednu knjigu sakupio je Ishak Koloni\u0107, elektri\u010dar u penziji iz Donje Ljubije kod Prijedora. Ovaj kolekcionar imena i prezimena objedinio ih je bez [&hellip;]<\/p>\n","protected":false},"author":1,"featured_media":0,"comment_status":"closed","ping_status":"open","sticky":false,"template":"","format":"standard","meta":{"_monsterinsights_skip_tracking":false,"_monsterinsights_sitenote_active":false,"_monsterinsights_sitenote_note":"","_monsterinsights_sitenote_category":0,"footnotes":""},"categories":[3],"tags":[25,9168],"yoast_head":"<!-- This site is optimized with the Yoast SEO plugin v21.6 - https:\/\/yoast.com\/wordpress\/plugins\/seo\/ -->\n<title>\u010cOVJEK KOJI JE SAKUPIO SVA PREZIMENA U BIH U JEDNU KNJIGU - PrijedorDanas.com - Prijedorski gradski portal<\/title>\n<meta name=\"robots\" content=\"index, follow, max-snippet:-1, max-image-preview:large, max-video-preview:-1\" \/>\n<link rel=\"canonical\" href=\"https:\/\/www.prijedordanas.com\/?p=65676\" \/>\n<meta property=\"og:locale\" content=\"en_US\" \/>\n<meta property=\"og:type\" content=\"article\" \/>\n<meta property=\"og:title\" content=\"\u010cOVJEK KOJI JE SAKUPIO SVA PREZIMENA U BIH U JEDNU KNJIGU - PrijedorDanas.com - Prijedorski gradski portal\" \/>\n<meta property=\"og:description\" content=\"Sva prezimena naroda Bosne i Hercegovine u jednu knjigu sakupio je Ishak Koloni\u0107, elektri\u010dar u penziji iz Donje Ljubije kod Prijedora. Ovaj kolekcionar imena i prezimena objedinio ih je bez [&hellip;]\" \/>\n<meta property=\"og:url\" content=\"https:\/\/www.prijedordanas.com\/?p=65676\" \/>\n<meta property=\"og:site_name\" content=\"PrijedorDanas.com - Prijedorski gradski portal\" \/>\n<meta property=\"article:publisher\" content=\"https:\/\/www.facebook.com\/PrijedorDanasCom\/\" \/>\n<meta property=\"article:published_time\" content=\"2016-11-11T07:51:24+00:00\" \/>\n<meta property=\"og:image\" content=\"https:\/\/www.prijedordanas.com\/wp-content\/uploads\/2016\/11\/n1-sva-prezimena-300x226.jpg\" \/>\n<meta name=\"author\" content=\"admin\" \/>\n<meta name=\"twitter:card\" content=\"summary_large_image\" \/>\n<meta name=\"twitter:label1\" content=\"Written by\" \/>\n\t<meta name=\"twitter:data1\" content=\"admin\" \/>\n\t<meta name=\"twitter:label2\" content=\"Est. reading time\" \/>\n\t<meta name=\"twitter:data2\" content=\"1 minute\" \/>\n<script type=\"application\/ld+json\" class=\"yoast-schema-graph\">{\"@context\":\"https:\/\/schema.org\",\"@graph\":[{\"@type\":\"Article\",\"@id\":\"https:\/\/www.prijedordanas.com\/?p=65676#article\",\"isPartOf\":{\"@id\":\"https:\/\/www.prijedordanas.com\/?p=65676\"},\"author\":{\"name\":\"admin\",\"@id\":\"https:\/\/www.prijedordanas.com\/#\/schema\/person\/4e08ccf29b506ca916ff86d46bb700e6\"},\"headline\":\"\u010cOVJEK KOJI JE SAKUPIO SVA PREZIMENA U BIH U JEDNU KNJIGU\",\"datePublished\":\"2016-11-11T07:51:24+00:00\",\"dateModified\":\"2016-11-11T07:51:24+00:00\",\"mainEntityOfPage\":{\"@id\":\"https:\/\/www.prijedordanas.com\/?p=65676\"},\"wordCount\":171,\"publisher\":{\"@id\":\"https:\/\/www.prijedordanas.com\/#organization\"},\"keywords\":[\"BiH\",\"prezimena\"],\"articleSection\":[\"\u017divot\"],\"inLanguage\":\"en-US\"},{\"@type\":\"WebPage\",\"@id\":\"https:\/\/www.prijedordanas.com\/?p=65676\",\"url\":\"https:\/\/www.prijedordanas.com\/?p=65676\",\"name\":\"\u010cOVJEK KOJI JE SAKUPIO SVA PREZIMENA U BIH U JEDNU KNJIGU - PrijedorDanas.com - Prijedorski gradski portal\",\"isPartOf\":{\"@id\":\"https:\/\/www.prijedordanas.com\/#website\"},\"datePublished\":\"2016-11-11T07:51:24+00:00\",\"dateModified\":\"2016-11-11T07:51:24+00:00\",\"breadcrumb\":{\"@id\":\"https:\/\/www.prijedordanas.com\/?p=65676#breadcrumb\"},\"inLanguage\":\"en-US\",\"potentialAction\":[{\"@type\":\"ReadAction\",\"target\":[\"https:\/\/www.prijedordanas.com\/?p=65676\"]}]},{\"@type\":\"BreadcrumbList\",\"@id\":\"https:\/\/www.prijedordanas.com\/?p=65676#breadcrumb\",\"itemListElement\":[{\"@type\":\"ListItem\",\"position\":1,\"name\":\"Home\",\"item\":\"https:\/\/www.prijedordanas.com\/\"},{\"@type\":\"ListItem\",\"position\":2,\"name\":\"\u010cOVJEK KOJI JE SAKUPIO SVA PREZIMENA U BIH U JEDNU KNJIGU\"}]},{\"@type\":\"WebSite\",\"@id\":\"https:\/\/www.prijedordanas.com\/#website\",\"url\":\"https:\/\/www.prijedordanas.com\/\",\"name\":\"PrijedorDanas.com - Prijedorski gradski portal\",\"description\":\"Portal o doga\u0111anjima u gradu Prijedoru\",\"publisher\":{\"@id\":\"https:\/\/www.prijedordanas.com\/#organization\"},\"potentialAction\":[{\"@type\":\"SearchAction\",\"target\":{\"@type\":\"EntryPoint\",\"urlTemplate\":\"https:\/\/www.prijedordanas.com\/?s={search_term_string}\"},\"query-input\":\"required name=search_term_string\"}],\"inLanguage\":\"en-US\"},{\"@type\":\"Organization\",\"@id\":\"https:\/\/www.prijedordanas.com\/#organization\",\"name\":\"PrijedorDanas.com\",\"url\":\"https:\/\/www.prijedordanas.com\/\",\"logo\":{\"@type\":\"ImageObject\",\"inLanguage\":\"en-US\",\"@id\":\"https:\/\/www.prijedordanas.com\/#\/schema\/logo\/image\/\",\"url\":\"http:\/\/www.prijedordanas.com\/wp-content\/uploads\/2021\/12\/logopng.png\",\"contentUrl\":\"http:\/\/www.prijedordanas.com\/wp-content\/uploads\/2021\/12\/logopng.png\",\"width\":1019,\"height\":776,\"caption\":\"PrijedorDanas.com\"},\"image\":{\"@id\":\"https:\/\/www.prijedordanas.com\/#\/schema\/logo\/image\/\"},\"sameAs\":[\"https:\/\/www.facebook.com\/PrijedorDanasCom\/\"]},{\"@type\":\"Person\",\"@id\":\"https:\/\/www.prijedordanas.com\/#\/schema\/person\/4e08ccf29b506ca916ff86d46bb700e6\",\"name\":\"admin\",\"image\":{\"@type\":\"ImageObject\",\"inLanguage\":\"en-US\",\"@id\":\"https:\/\/www.prijedordanas.com\/#\/schema\/person\/image\/\",\"url\":\"https:\/\/secure.gravatar.com\/avatar\/1d3fc949d550f0b53a5f0d51e06dfd79?s=96&d=mm&r=g\",\"contentUrl\":\"https:\/\/secure.gravatar.com\/avatar\/1d3fc949d550f0b53a5f0d51e06dfd79?s=96&d=mm&r=g\",\"caption\":\"admin\"},\"url\":\"https:\/\/www.prijedordanas.com\/?author=1\"}]}<\/script>\n<!-- \/ Yoast SEO plugin. -->","yoast_head_json":{"title":"\u010cOVJEK KOJI JE SAKUPIO SVA PREZIMENA U BIH U JEDNU KNJIGU - PrijedorDanas.com - Prijedorski gradski portal","robots":{"index":"index","follow":"follow","max-snippet":"max-snippet:-1","max-image-preview":"max-image-preview:large","max-video-preview":"max-video-preview:-1"},"canonical":"https:\/\/www.prijedordanas.com\/?p=65676","og_locale":"en_US","og_type":"article","og_title":"\u010cOVJEK KOJI JE SAKUPIO SVA PREZIMENA U BIH U JEDNU KNJIGU - PrijedorDanas.com - Prijedorski gradski portal","og_description":"Sva prezimena naroda Bosne i Hercegovine u jednu knjigu sakupio je Ishak Koloni\u0107, elektri\u010dar u penziji iz Donje Ljubije kod Prijedora. Ovaj kolekcionar imena i prezimena objedinio ih je bez [&hellip;]","og_url":"https:\/\/www.prijedordanas.com\/?p=65676","og_site_name":"PrijedorDanas.com - Prijedorski gradski portal","article_publisher":"https:\/\/www.facebook.com\/PrijedorDanasCom\/","article_published_time":"2016-11-11T07:51:24+00:00","og_image":[{"url":"https:\/\/www.prijedordanas.com\/wp-content\/uploads\/2016\/11\/n1-sva-prezimena-300x226.jpg"}],"author":"admin","twitter_card":"summary_large_image","twitter_misc":{"Written by":"admin","Est. reading time":"1 minute"},"schema":{"@context":"https:\/\/schema.org","@graph":[{"@type":"Article","@id":"https:\/\/www.prijedordanas.com\/?p=65676#article","isPartOf":{"@id":"https:\/\/www.prijedordanas.com\/?p=65676"},"author":{"name":"admin","@id":"https:\/\/www.prijedordanas.com\/#\/schema\/person\/4e08ccf29b506ca916ff86d46bb700e6"},"headline":"\u010cOVJEK KOJI JE SAKUPIO SVA PREZIMENA U BIH U JEDNU KNJIGU","datePublished":"2016-11-11T07:51:24+00:00","dateModified":"2016-11-11T07:51:24+00:00","mainEntityOfPage":{"@id":"https:\/\/www.prijedordanas.com\/?p=65676"},"wordCount":171,"publisher":{"@id":"https:\/\/www.prijedordanas.com\/#organization"},"keywords":["BiH","prezimena"],"articleSection":["\u017divot"],"inLanguage":"en-US"},{"@type":"WebPage","@id":"https:\/\/www.prijedordanas.com\/?p=65676","url":"https:\/\/www.prijedordanas.com\/?p=65676","name":"\u010cOVJEK KOJI JE SAKUPIO SVA PREZIMENA U BIH U JEDNU KNJIGU - PrijedorDanas.com - Prijedorski gradski portal","isPartOf":{"@id":"https:\/\/www.prijedordanas.com\/#website"},"datePublished":"2016-11-11T07:51:24+00:00","dateModified":"2016-11-11T07:51:24+00:00","breadcrumb":{"@id":"https:\/\/www.prijedordanas.com\/?p=65676#breadcrumb"},"inLanguage":"en-US","potentialAction":[{"@type":"ReadAction","target":["https:\/\/www.prijedordanas.com\/?p=65676"]}]},{"@type":"BreadcrumbList","@id":"https:\/\/www.prijedordanas.com\/?p=65676#breadcrumb","itemListElement":[{"@type":"ListItem","position":1,"name":"Home","item":"https:\/\/www.prijedordanas.com\/"},{"@type":"ListItem","position":2,"name":"\u010cOVJEK KOJI JE SAKUPIO SVA PREZIMENA U BIH U JEDNU KNJIGU"}]},{"@type":"WebSite","@id":"https:\/\/www.prijedordanas.com\/#website","url":"https:\/\/www.prijedordanas.com\/","name":"PrijedorDanas.com - Prijedorski gradski portal","description":"Portal o doga\u0111anjima u gradu Prijedoru","publisher":{"@id":"https:\/\/www.prijedordanas.com\/#organization"},"potentialAction":[{"@type":"SearchAction","target":{"@type":"EntryPoint","urlTemplate":"https:\/\/www.prijedordanas.com\/?s={search_term_string}"},"query-input":"required name=search_term_string"}],"inLanguage":"en-US"},{"@type":"Organization","@id":"https:\/\/www.prijedordanas.com\/#organization","name":"PrijedorDanas.com","url":"https:\/\/www.prijedordanas.com\/","logo":{"@type":"ImageObject","inLanguage":"en-US","@id":"https:\/\/www.prijedordanas.com\/#\/schema\/logo\/image\/","url":"http:\/\/www.prijedordanas.com\/wp-content\/uploads\/2021\/12\/logopng.png","contentUrl":"http:\/\/www.prijedordanas.com\/wp-content\/uploads\/2021\/12\/logopng.png","width":1019,"height":776,"caption":"PrijedorDanas.com"},"image":{"@id":"https:\/\/www.prijedordanas.com\/#\/schema\/logo\/image\/"},"sameAs":["https:\/\/www.facebook.com\/PrijedorDanasCom\/"]},{"@type":"Person","@id":"https:\/\/www.prijedordanas.com\/#\/schema\/person\/4e08ccf29b506ca916ff86d46bb700e6","name":"admin","image":{"@type":"ImageObject","inLanguage":"en-US","@id":"https:\/\/www.prijedordanas.com\/#\/schema\/person\/image\/","url":"https:\/\/secure.gravatar.com\/avatar\/1d3fc949d550f0b53a5f0d51e06dfd79?s=96&d=mm&r=g","contentUrl":"https:\/\/secure.gravatar.com\/avatar\/1d3fc949d550f0b53a5f0d51e06dfd79?s=96&d=mm&r=g","caption":"admin"},"url":"https:\/\/www.prijedordanas.com\/?author=1"}]}},"_links":{"self":[{"href":"https:\/\/www.prijedordanas.com\/index.php?rest_route=\/wp\/v2\/posts\/65676"}],"collection":[{"href":"https:\/\/www.prijedordanas.com\/index.php?rest_route=\/wp\/v2\/posts"}],"about":[{"href":"https:\/\/www.prijedordanas.com\/index.php?rest_route=\/wp\/v2\/types\/post"}],"author":[{"embeddable":true,"href":"https:\/\/www.prijedordanas.com\/index.php?rest_route=\/wp\/v2\/users\/1"}],"replies":[{"embeddable":true,"href":"https:\/\/www.prijedordanas.com\/index.php?rest_route=%2Fwp%2Fv2%2Fcomments&post=65676"}],"version-history":[{"count":1,"href":"https:\/\/www.prijedordanas.com\/index.php?rest_route=\/wp\/v2\/posts\/65676\/revisions"}],"predecessor-version":[{"id":65678,"href":"https:\/\/www.prijedordanas.com\/index.php?rest_route=\/wp\/v2\/posts\/65676\/revisions\/65678"}],"wp:attachment":[{"href":"https:\/\/www.prijedordanas.com\/index.php?rest_route=%2Fwp%2Fv2%2Fmedia&parent=65676"}],"wp:term":[{"taxonomy":"category","embeddable":true,"href":"https:\/\/www.prijedordanas.com\/index.php?rest_route=%2Fwp%2Fv2%2Fcategories&post=65676"},{"taxonomy":"post_tag","embeddable":true,"href":"https:\/\/www.prijedordanas.com\/index.php?rest_route=%2Fwp%2Fv2%2Ftags&post=65676"}],"curies":[{"name":"wp","href":"https:\/\/api.w.org\/{rel}","templated":true}]}}