{"id":65609,"date":"2016-11-09T11:35:54","date_gmt":"2016-11-09T10:35:54","guid":{"rendered":"https:\/\/www.prijedordanas.com\/?p=65609"},"modified":"2016-11-09T11:35:54","modified_gmt":"2016-11-09T10:35:54","slug":"panel-debata-antifasisticke-pozicije-danas-otpori-fasizmu","status":"publish","type":"post","link":"https:\/\/www.prijedordanas.com\/?p=65609","title":{"rendered":"PANEL DEBATA \u201eANTIFA\u0160ISTI\u010cKE POZICIJE DANAS I OTPORI FA\u0160IZMU\u201c"},"content":{"rendered":"<p><a href=\"https:\/\/www.prijedordanas.com\/wp-content\/uploads\/2016\/11\/panel-debata-antifasisticke-pozicije-danas.jpg\"><img loading=\"lazy\" decoding=\"async\" src=\"https:\/\/www.prijedordanas.com\/wp-content\/uploads\/2016\/11\/panel-debata-antifasisticke-pozicije-danas-212x300.jpg\" alt=\"panel-debata-antifasisticke-pozicije-danas\" width=\"212\" height=\"300\" class=\"alignleft size-medium wp-image-65610\" srcset=\"https:\/\/www.prijedordanas.com\/wp-content\/uploads\/2016\/11\/panel-debata-antifasisticke-pozicije-danas-212x300.jpg 212w, https:\/\/www.prijedordanas.com\/wp-content\/uploads\/2016\/11\/panel-debata-antifasisticke-pozicije-danas-71x100.jpg 71w, https:\/\/www.prijedordanas.com\/wp-content\/uploads\/2016\/11\/panel-debata-antifasisticke-pozicije-danas.jpg 495w\" sizes=\"(max-width: 212px) 100vw, 212px\" \/><\/a>Centar za mlade &#8220;Kvart&#8221; vas poziva na panel debatu naziva &#8220;Antifa\u0161isti\u010dke pozicije danas i otpori fa\u0161izmu&#8221;, povodom 09. novembra, Me\u0111unarodnog dana borbe protiv fa\u0161izma i antisemitizma. <\/p>\n<p>Panel debata \u0107e se odr\u017eati u sali Zavoda za izgradnju grada u Prijedoru 9. novembra sa po\u010detkom u 18h.<\/p>\n<p>Me\u0111unarodni dan borbe protiv fa\u0161izma i antisemitizma, 09. novembar, obilje\u017eava se u znak sje\u0107anja na &#8221;Kristalnu no\u0107&#8221; u nacisti\u010dkoj Njema\u010dkoj 09. na 10. novembar 1938. godine kada se dogodio strahovit pogrom nad tamo\u0161njim jevrejskim stanovin\u0161tvom. Tokom neobuzdanog nasilja uz podr\u0161ku svih segmenata nacisti\u010dke vlasti, ali i ostalih gra\u0111ana, ubijeno je na desetine osoba jevrejskog porijekla a njih oko 30000 je odvedeno u koncentracione logore. Kristalna no\u0107 ili No\u0107 pogroma je predstavljala uvertiru u potpunu tragediju jevrejskog naroda pod nacizmom u Drugom svjetskom ratu, kada je tokom takozvanog &#8221;kona\u010dnog rje\u0161enja&#8221; odnosno holokausta ubijeno oko \u0161et miliona Jevereja.<\/p>\n<p>Dana\u0161nji dru\u0161tveni odnos prema fa\u0161izmu kao dru\u0161tvenoj pojavi karakteri\u0161e nemogu\u0107nost jasnog ideolo\u0161kog pozicioniranja, revizija istorijskog antifa\u0161isti\u010dkog naslje\u0111a te nedostatak izra\u017eavanja antifa\u0161isti\u010dkih vrijednosti u javnom prostoru. <\/p>\n<p>O antifa\u0161isti\u010dkim pozicijama danas i otporima fa\u0161izmu razgovara\u0107emo sa na\u0161im gostima panelistima\/kinjama: Marijanom Stoj\u010di\u0107, Lukom \u010culjkom i Bojanom Krivokapi\u0107em, razgovor \u0107e moderirati Tamara \u0160midling.<\/p>\n<p>Kratke biografije u\u010desnika\/ca:<\/p>\n<p>Bojan Krivokapi\u0107 (1985.)<br \/>\nObjavio knjige &#8221; Tr\u010di Lilit, zapinju demoni&#8221; (kratka proza); &#8221;\u017doharov let&#8221; (poezija). Do kraja 2016. godine izlazi mu roman &#8221;Skok u dalj&#8221;. Radi u Omladinskom centru CK13 u Novom Sadu. Vodi radionice kreativnog pisanja i organizuje razli\u010dite knji\u017eevne programe.<\/p>\n<p>Marijana Stoj\u010di\u0107<br \/>\nSociologija (Univerzitet u Beogradu), istra\u017eiva\u010dica, feministi\u010dka i mirovna aktivistkinja. Oblasti interesovanja: kultura sje\u0107anja, politike identiteta, istorija feminizma i socijalni pokreti.<br \/>\nRelevantni radovi i publikacije: &#8221;Pepeljuga i ve\u0161tice u srpskim \u0161ampanim medijima&#8221; (Beograd, 2008.); &#8221;Proleteri svih zemalja ko vam pere \u010darape? &#8211; Feministi\u010dki pokret u Jugoslaviji 1978 &#8211; 1989 (Beograd, 2009.) ; &#8221;Gde je nestala Roza Luksemburg? &#8211; Recepcija ideje Roze Luksemburg u Srbiji\/SFRJ ( Beograd, 2011.); &#8221;Paradoksi jednakosti &#8211; Istra\u017eivanje o delovanju institucija u Srbiji na re\u0161avanju problema interno raseljenih \u017eena&#8221; (Beograd, 2013.); E- zbornik &#8221;Nasle\u0111e jugoslovenskog socijalizma. Promi\u0161ljanje. Razgovor. Rasprava. Kritika.&#8221; (Beograd, 2014.); &#8221;Homofobija i internalizovana homofobija &#8211; Kvalitativno istra\u017eivanje&#8221; (Beograd, 2016.); &#8221; Na tragu Podunavskih Nemaca&#8221; (Beograd, 2016.).<\/p>\n<p>Luka \u010culjak (1989.)<br \/>\nRo\u0111en u Prozoru. Komunist, muzi\u010dar, student knji\u017eevnosti. \u010clan Mre\u017ee antifa\u0161istkinja Zagreba, nogometnog kluba Zagreb 041, kolektiva Radio Borba i zbora Xop. Boravi u Zagrebu.<\/p>\n<p>Vidimo se 09. novembra!<\/p>\n<p>SMRT FA\u0160IZMU &#8211; SLOBODA NARODU!<\/p>\n","protected":false},"excerpt":{"rendered":"<p>Centar za mlade &#8220;Kvart&#8221; vas poziva na panel debatu naziva &#8220;Antifa\u0161isti\u010dke pozicije danas i otpori fa\u0161izmu&#8221;, povodom 09. novembra, Me\u0111unarodnog dana borbe protiv fa\u0161izma i antisemitizma. Panel debata \u0107e se [&hellip;]<\/p>\n","protected":false},"author":1,"featured_media":0,"comment_status":"closed","ping_status":"open","sticky":false,"template":"","format":"standard","meta":{"_monsterinsights_skip_tracking":false,"_monsterinsights_sitenote_active":false,"_monsterinsights_sitenote_note":"","_monsterinsights_sitenote_category":0,"footnotes":""},"categories":[8],"tags":[36,9163],"yoast_head":"<!-- This site is optimized with the Yoast SEO plugin v21.6 - https:\/\/yoast.com\/wordpress\/plugins\/seo\/ -->\n<title>PANEL DEBATA \u201eANTIFA\u0160ISTI\u010cKE POZICIJE DANAS I OTPORI FA\u0160IZMU\u201c - PrijedorDanas.com - Prijedorski gradski portal<\/title>\n<meta name=\"robots\" content=\"index, follow, max-snippet:-1, max-image-preview:large, max-video-preview:-1\" \/>\n<link rel=\"canonical\" href=\"https:\/\/www.prijedordanas.com\/?p=65609\" \/>\n<meta property=\"og:locale\" content=\"en_US\" \/>\n<meta property=\"og:type\" content=\"article\" \/>\n<meta property=\"og:title\" content=\"PANEL DEBATA \u201eANTIFA\u0160ISTI\u010cKE POZICIJE DANAS I OTPORI FA\u0160IZMU\u201c - PrijedorDanas.com - Prijedorski gradski portal\" \/>\n<meta property=\"og:description\" content=\"Centar za mlade &#8220;Kvart&#8221; vas poziva na panel debatu naziva &#8220;Antifa\u0161isti\u010dke pozicije danas i otpori fa\u0161izmu&#8221;, povodom 09. novembra, Me\u0111unarodnog dana borbe protiv fa\u0161izma i antisemitizma. Panel debata \u0107e se [&hellip;]\" \/>\n<meta property=\"og:url\" content=\"https:\/\/www.prijedordanas.com\/?p=65609\" \/>\n<meta property=\"og:site_name\" content=\"PrijedorDanas.com - Prijedorski gradski portal\" \/>\n<meta property=\"article:publisher\" content=\"https:\/\/www.facebook.com\/PrijedorDanasCom\/\" \/>\n<meta property=\"article:published_time\" content=\"2016-11-09T10:35:54+00:00\" \/>\n<meta property=\"og:image\" content=\"https:\/\/www.prijedordanas.com\/wp-content\/uploads\/2016\/11\/panel-debata-antifasisticke-pozicije-danas-212x300.jpg\" \/>\n<meta name=\"author\" content=\"admin\" \/>\n<meta name=\"twitter:card\" content=\"summary_large_image\" \/>\n<meta name=\"twitter:label1\" content=\"Written by\" \/>\n\t<meta name=\"twitter:data1\" content=\"admin\" \/>\n\t<meta name=\"twitter:label2\" content=\"Est. reading time\" \/>\n\t<meta name=\"twitter:data2\" content=\"2 minutes\" \/>\n<script type=\"application\/ld+json\" class=\"yoast-schema-graph\">{\"@context\":\"https:\/\/schema.org\",\"@graph\":[{\"@type\":\"Article\",\"@id\":\"https:\/\/www.prijedordanas.com\/?p=65609#article\",\"isPartOf\":{\"@id\":\"https:\/\/www.prijedordanas.com\/?p=65609\"},\"author\":{\"name\":\"admin\",\"@id\":\"https:\/\/www.prijedordanas.com\/#\/schema\/person\/4e08ccf29b506ca916ff86d46bb700e6\"},\"headline\":\"PANEL DEBATA \u201eANTIFA\u0160ISTI\u010cKE POZICIJE DANAS I OTPORI FA\u0160IZMU\u201c\",\"datePublished\":\"2016-11-09T10:35:54+00:00\",\"dateModified\":\"2016-11-09T10:35:54+00:00\",\"mainEntityOfPage\":{\"@id\":\"https:\/\/www.prijedordanas.com\/?p=65609\"},\"wordCount\":439,\"publisher\":{\"@id\":\"https:\/\/www.prijedordanas.com\/#organization\"},\"keywords\":[\"Centar za mlade KVART\",\"panel debata\"],\"articleSection\":[\"Svakodnevno\"],\"inLanguage\":\"en-US\"},{\"@type\":\"WebPage\",\"@id\":\"https:\/\/www.prijedordanas.com\/?p=65609\",\"url\":\"https:\/\/www.prijedordanas.com\/?p=65609\",\"name\":\"PANEL DEBATA \u201eANTIFA\u0160ISTI\u010cKE POZICIJE DANAS I OTPORI FA\u0160IZMU\u201c - PrijedorDanas.com - Prijedorski gradski portal\",\"isPartOf\":{\"@id\":\"https:\/\/www.prijedordanas.com\/#website\"},\"datePublished\":\"2016-11-09T10:35:54+00:00\",\"dateModified\":\"2016-11-09T10:35:54+00:00\",\"breadcrumb\":{\"@id\":\"https:\/\/www.prijedordanas.com\/?p=65609#breadcrumb\"},\"inLanguage\":\"en-US\",\"potentialAction\":[{\"@type\":\"ReadAction\",\"target\":[\"https:\/\/www.prijedordanas.com\/?p=65609\"]}]},{\"@type\":\"BreadcrumbList\",\"@id\":\"https:\/\/www.prijedordanas.com\/?p=65609#breadcrumb\",\"itemListElement\":[{\"@type\":\"ListItem\",\"position\":1,\"name\":\"Home\",\"item\":\"https:\/\/www.prijedordanas.com\/\"},{\"@type\":\"ListItem\",\"position\":2,\"name\":\"PANEL DEBATA \u201eANTIFA\u0160ISTI\u010cKE POZICIJE DANAS I OTPORI FA\u0160IZMU\u201c\"}]},{\"@type\":\"WebSite\",\"@id\":\"https:\/\/www.prijedordanas.com\/#website\",\"url\":\"https:\/\/www.prijedordanas.com\/\",\"name\":\"PrijedorDanas.com - Prijedorski gradski portal\",\"description\":\"Portal o doga\u0111anjima u gradu Prijedoru\",\"publisher\":{\"@id\":\"https:\/\/www.prijedordanas.com\/#organization\"},\"potentialAction\":[{\"@type\":\"SearchAction\",\"target\":{\"@type\":\"EntryPoint\",\"urlTemplate\":\"https:\/\/www.prijedordanas.com\/?s={search_term_string}\"},\"query-input\":\"required name=search_term_string\"}],\"inLanguage\":\"en-US\"},{\"@type\":\"Organization\",\"@id\":\"https:\/\/www.prijedordanas.com\/#organization\",\"name\":\"PrijedorDanas.com\",\"url\":\"https:\/\/www.prijedordanas.com\/\",\"logo\":{\"@type\":\"ImageObject\",\"inLanguage\":\"en-US\",\"@id\":\"https:\/\/www.prijedordanas.com\/#\/schema\/logo\/image\/\",\"url\":\"http:\/\/www.prijedordanas.com\/wp-content\/uploads\/2021\/12\/logopng.png\",\"contentUrl\":\"http:\/\/www.prijedordanas.com\/wp-content\/uploads\/2021\/12\/logopng.png\",\"width\":1019,\"height\":776,\"caption\":\"PrijedorDanas.com\"},\"image\":{\"@id\":\"https:\/\/www.prijedordanas.com\/#\/schema\/logo\/image\/\"},\"sameAs\":[\"https:\/\/www.facebook.com\/PrijedorDanasCom\/\"]},{\"@type\":\"Person\",\"@id\":\"https:\/\/www.prijedordanas.com\/#\/schema\/person\/4e08ccf29b506ca916ff86d46bb700e6\",\"name\":\"admin\",\"image\":{\"@type\":\"ImageObject\",\"inLanguage\":\"en-US\",\"@id\":\"https:\/\/www.prijedordanas.com\/#\/schema\/person\/image\/\",\"url\":\"https:\/\/secure.gravatar.com\/avatar\/1d3fc949d550f0b53a5f0d51e06dfd79?s=96&d=mm&r=g\",\"contentUrl\":\"https:\/\/secure.gravatar.com\/avatar\/1d3fc949d550f0b53a5f0d51e06dfd79?s=96&d=mm&r=g\",\"caption\":\"admin\"},\"url\":\"https:\/\/www.prijedordanas.com\/?author=1\"}]}<\/script>\n<!-- \/ Yoast SEO plugin. -->","yoast_head_json":{"title":"PANEL DEBATA \u201eANTIFA\u0160ISTI\u010cKE POZICIJE DANAS I OTPORI FA\u0160IZMU\u201c - PrijedorDanas.com - Prijedorski gradski portal","robots":{"index":"index","follow":"follow","max-snippet":"max-snippet:-1","max-image-preview":"max-image-preview:large","max-video-preview":"max-video-preview:-1"},"canonical":"https:\/\/www.prijedordanas.com\/?p=65609","og_locale":"en_US","og_type":"article","og_title":"PANEL DEBATA \u201eANTIFA\u0160ISTI\u010cKE POZICIJE DANAS I OTPORI FA\u0160IZMU\u201c - PrijedorDanas.com - Prijedorski gradski portal","og_description":"Centar za mlade &#8220;Kvart&#8221; vas poziva na panel debatu naziva &#8220;Antifa\u0161isti\u010dke pozicije danas i otpori fa\u0161izmu&#8221;, povodom 09. novembra, Me\u0111unarodnog dana borbe protiv fa\u0161izma i antisemitizma. Panel debata \u0107e se [&hellip;]","og_url":"https:\/\/www.prijedordanas.com\/?p=65609","og_site_name":"PrijedorDanas.com - Prijedorski gradski portal","article_publisher":"https:\/\/www.facebook.com\/PrijedorDanasCom\/","article_published_time":"2016-11-09T10:35:54+00:00","og_image":[{"url":"https:\/\/www.prijedordanas.com\/wp-content\/uploads\/2016\/11\/panel-debata-antifasisticke-pozicije-danas-212x300.jpg"}],"author":"admin","twitter_card":"summary_large_image","twitter_misc":{"Written by":"admin","Est. reading time":"2 minutes"},"schema":{"@context":"https:\/\/schema.org","@graph":[{"@type":"Article","@id":"https:\/\/www.prijedordanas.com\/?p=65609#article","isPartOf":{"@id":"https:\/\/www.prijedordanas.com\/?p=65609"},"author":{"name":"admin","@id":"https:\/\/www.prijedordanas.com\/#\/schema\/person\/4e08ccf29b506ca916ff86d46bb700e6"},"headline":"PANEL DEBATA \u201eANTIFA\u0160ISTI\u010cKE POZICIJE DANAS I OTPORI FA\u0160IZMU\u201c","datePublished":"2016-11-09T10:35:54+00:00","dateModified":"2016-11-09T10:35:54+00:00","mainEntityOfPage":{"@id":"https:\/\/www.prijedordanas.com\/?p=65609"},"wordCount":439,"publisher":{"@id":"https:\/\/www.prijedordanas.com\/#organization"},"keywords":["Centar za mlade KVART","panel debata"],"articleSection":["Svakodnevno"],"inLanguage":"en-US"},{"@type":"WebPage","@id":"https:\/\/www.prijedordanas.com\/?p=65609","url":"https:\/\/www.prijedordanas.com\/?p=65609","name":"PANEL DEBATA \u201eANTIFA\u0160ISTI\u010cKE POZICIJE DANAS I OTPORI FA\u0160IZMU\u201c - PrijedorDanas.com - Prijedorski gradski portal","isPartOf":{"@id":"https:\/\/www.prijedordanas.com\/#website"},"datePublished":"2016-11-09T10:35:54+00:00","dateModified":"2016-11-09T10:35:54+00:00","breadcrumb":{"@id":"https:\/\/www.prijedordanas.com\/?p=65609#breadcrumb"},"inLanguage":"en-US","potentialAction":[{"@type":"ReadAction","target":["https:\/\/www.prijedordanas.com\/?p=65609"]}]},{"@type":"BreadcrumbList","@id":"https:\/\/www.prijedordanas.com\/?p=65609#breadcrumb","itemListElement":[{"@type":"ListItem","position":1,"name":"Home","item":"https:\/\/www.prijedordanas.com\/"},{"@type":"ListItem","position":2,"name":"PANEL DEBATA \u201eANTIFA\u0160ISTI\u010cKE POZICIJE DANAS I OTPORI FA\u0160IZMU\u201c"}]},{"@type":"WebSite","@id":"https:\/\/www.prijedordanas.com\/#website","url":"https:\/\/www.prijedordanas.com\/","name":"PrijedorDanas.com - Prijedorski gradski portal","description":"Portal o doga\u0111anjima u gradu Prijedoru","publisher":{"@id":"https:\/\/www.prijedordanas.com\/#organization"},"potentialAction":[{"@type":"SearchAction","target":{"@type":"EntryPoint","urlTemplate":"https:\/\/www.prijedordanas.com\/?s={search_term_string}"},"query-input":"required name=search_term_string"}],"inLanguage":"en-US"},{"@type":"Organization","@id":"https:\/\/www.prijedordanas.com\/#organization","name":"PrijedorDanas.com","url":"https:\/\/www.prijedordanas.com\/","logo":{"@type":"ImageObject","inLanguage":"en-US","@id":"https:\/\/www.prijedordanas.com\/#\/schema\/logo\/image\/","url":"http:\/\/www.prijedordanas.com\/wp-content\/uploads\/2021\/12\/logopng.png","contentUrl":"http:\/\/www.prijedordanas.com\/wp-content\/uploads\/2021\/12\/logopng.png","width":1019,"height":776,"caption":"PrijedorDanas.com"},"image":{"@id":"https:\/\/www.prijedordanas.com\/#\/schema\/logo\/image\/"},"sameAs":["https:\/\/www.facebook.com\/PrijedorDanasCom\/"]},{"@type":"Person","@id":"https:\/\/www.prijedordanas.com\/#\/schema\/person\/4e08ccf29b506ca916ff86d46bb700e6","name":"admin","image":{"@type":"ImageObject","inLanguage":"en-US","@id":"https:\/\/www.prijedordanas.com\/#\/schema\/person\/image\/","url":"https:\/\/secure.gravatar.com\/avatar\/1d3fc949d550f0b53a5f0d51e06dfd79?s=96&d=mm&r=g","contentUrl":"https:\/\/secure.gravatar.com\/avatar\/1d3fc949d550f0b53a5f0d51e06dfd79?s=96&d=mm&r=g","caption":"admin"},"url":"https:\/\/www.prijedordanas.com\/?author=1"}]}},"_links":{"self":[{"href":"https:\/\/www.prijedordanas.com\/index.php?rest_route=\/wp\/v2\/posts\/65609"}],"collection":[{"href":"https:\/\/www.prijedordanas.com\/index.php?rest_route=\/wp\/v2\/posts"}],"about":[{"href":"https:\/\/www.prijedordanas.com\/index.php?rest_route=\/wp\/v2\/types\/post"}],"author":[{"embeddable":true,"href":"https:\/\/www.prijedordanas.com\/index.php?rest_route=\/wp\/v2\/users\/1"}],"replies":[{"embeddable":true,"href":"https:\/\/www.prijedordanas.com\/index.php?rest_route=%2Fwp%2Fv2%2Fcomments&post=65609"}],"version-history":[{"count":1,"href":"https:\/\/www.prijedordanas.com\/index.php?rest_route=\/wp\/v2\/posts\/65609\/revisions"}],"predecessor-version":[{"id":65611,"href":"https:\/\/www.prijedordanas.com\/index.php?rest_route=\/wp\/v2\/posts\/65609\/revisions\/65611"}],"wp:attachment":[{"href":"https:\/\/www.prijedordanas.com\/index.php?rest_route=%2Fwp%2Fv2%2Fmedia&parent=65609"}],"wp:term":[{"taxonomy":"category","embeddable":true,"href":"https:\/\/www.prijedordanas.com\/index.php?rest_route=%2Fwp%2Fv2%2Fcategories&post=65609"},{"taxonomy":"post_tag","embeddable":true,"href":"https:\/\/www.prijedordanas.com\/index.php?rest_route=%2Fwp%2Fv2%2Ftags&post=65609"}],"curies":[{"name":"wp","href":"https:\/\/api.w.org\/{rel}","templated":true}]}}