{"id":656,"date":"2014-03-20T14:20:31","date_gmt":"2014-03-20T13:20:31","guid":{"rendered":"https:\/\/www.prijedordanas.com\/?p=656"},"modified":"2014-03-20T14:34:22","modified_gmt":"2014-03-20T13:34:22","slug":"pozoriste-prijedor-premijerno-odigrane-fenicanke","status":"publish","type":"post","link":"https:\/\/www.prijedordanas.com\/?p=656","title":{"rendered":"POZORI\u0160TE PRIJEDOR: PREMIJERNO ODIGRANE \u201eFENI\u010cANKE\u201c"},"content":{"rendered":"<p><a href=\"https:\/\/www.prijedordanas.com\/wp-content\/uploads\/2014\/03\/fenicanke-premijera-1.jpg\"><img loading=\"lazy\" decoding=\"async\" class=\"alignleft size-thumbnail wp-image-657\" alt=\"fenicanke-premijera 1\" src=\"https:\/\/www.prijedordanas.com\/wp-content\/uploads\/2014\/03\/fenicanke-premijera-1-300x300.jpg\" width=\"150\" height=\"150\" \/><\/a>Pozori\u0161te Prijedor igralo je sinoc\u0301 premijerno predstavu &#8220;Feni\u010danke&#8221;, autorski rad re\u017eisera i glumca Darka Cvijetic\u0301a koji ove godine obilje\u017eava tri decenije rada u ovoj kuc\u0301i.<\/p>\n<p>Direktor Pozori\u0161ta Prijedor Zoran Baro\u0161 rekao je da je izuzetno zadovoljan premijerom i da se predstava mo\u017ee posmatrati iz nekoliko uglova.<\/p>\n<p>&#8220;Prvi i najzna\u010dajniji je nasilje nad \u017eenama i na\u0161 glas protiv toga, a drugi je antiratna pri\u010da i ako je nekom dosta ratova onda je to sigurno nama na ovim prostorima&#8221;, kazao je Baro\u0161.<\/p>\n<p><a href=\"https:\/\/www.prijedordanas.com\/wp-content\/uploads\/2014\/03\/fenicanke-premijera-2.jpg\"><img loading=\"lazy\" decoding=\"async\" class=\"alignleft size-thumbnail wp-image-658\" alt=\"fenicanke-premijera 2\" src=\"https:\/\/www.prijedordanas.com\/wp-content\/uploads\/2014\/03\/fenicanke-premijera-2-300x300.jpg\" width=\"150\" height=\"150\" \/><\/a>Autor Darko Cvijetic\u0301 rekao je da je nakon dva mjeseca iscrpljujuc\u0301eg i eksperimentalnog rada jedan tim ljudi pokazao da se neke stvari mogu raditi i druga\u010dijim rukopisom.<\/p>\n<p>&#8220;Op\u0161ta je stvar da je Euripid tragedija. Navikli smo na lagodniju vrstu pozori\u0161ta, ali teatar zabave je samo jedan od na\u010dina na koje pozori\u0161te mo\u017ee zadovoljiti na\u0161e potrebe. Ovo nije to. Ovo je poku\u0161aj da se osvje\u0161c\u0301uju neke stvari u nama&#8221;, poru\u010dio je Cvijetic\u0301.<\/p>\n<p>U predstavi igraju Jelena Seksen, Tatjana Binja\u0161, Mirela Predojevic\u0301, Sabina Halilovic\u0301, Zlata Kogelnik, Zorica Jojic\u0301, Milo\u0161 Rom\u010devic\u0301 i Rade Stupar. Fotografiju potpisuje Igor Motl, scenografiju Milenko Bilbija, a grafi\u010dki dizajn Vladimir Vanja Vla\u010dina.<\/p>\n<p>&#8220;Feni\u010danke&#8221; su peta premijera u 61. sezoni Pozori\u0161ta Prijedor. Prva repriza igra se ve\u010deras, a druga sutra, obje od 20 \u010dasova. Predstava se igra kamerno gdje publika sjedi na sceni, te je broj mjesta ograni\u010den na 50-ak.<\/p>\n<p>SRNA<\/p>\n<p>Vi\u0161e fotografija sa predstave \u201eFeni\u010danke\u201c mo\u017eete pogledati u galeriji na na\u0161oj Facebook stranici<\/p>\n<p><a href=\"https:\/\/www.prijedordanas.com\/wp-content\/uploads\/2014\/03\/fenicanke-premijera-3.jpg\"><img loading=\"lazy\" decoding=\"async\" class=\"alignleft size-thumbnail wp-image-659\" alt=\"fenicanke-premijera 3\" src=\"https:\/\/www.prijedordanas.com\/wp-content\/uploads\/2014\/03\/fenicanke-premijera-3-300x300.jpg\" width=\"150\" height=\"150\" \/><\/a> <a href=\"https:\/\/www.prijedordanas.com\/wp-content\/uploads\/2014\/03\/fenicanke-premijera-4.jpg\"><img loading=\"lazy\" decoding=\"async\" class=\"alignleft size-thumbnail wp-image-660\" alt=\"fenicanke-premijera 4\" src=\"https:\/\/www.prijedordanas.com\/wp-content\/uploads\/2014\/03\/fenicanke-premijera-4-300x300.jpg\" width=\"150\" height=\"150\" \/><\/a> <a href=\"https:\/\/www.prijedordanas.com\/wp-content\/uploads\/2014\/03\/fenicanke-premijera-5.jpg\"><img loading=\"lazy\" decoding=\"async\" class=\"alignleft size-thumbnail wp-image-661\" alt=\"fenicanke-premijera 5\" src=\"https:\/\/www.prijedordanas.com\/wp-content\/uploads\/2014\/03\/fenicanke-premijera-5-300x300.jpg\" width=\"150\" height=\"150\" \/><\/a><\/p>\n","protected":false},"excerpt":{"rendered":"<p>Pozori\u0161te Prijedor igralo je sinoc\u0301 premijerno predstavu &#8220;Feni\u010danke&#8221;, autorski rad re\u017eisera i glumca Darka Cvijetic\u0301a koji ove godine obilje\u017eava tri decenije rada u ovoj kuc\u0301i. Direktor Pozori\u0161ta Prijedor Zoran Baro\u0161 [&hellip;]<\/p>\n","protected":false},"author":1,"featured_media":0,"comment_status":"closed","ping_status":"open","sticky":false,"template":"","format":"standard","meta":{"_monsterinsights_skip_tracking":false,"_monsterinsights_sitenote_active":false,"_monsterinsights_sitenote_note":"","_monsterinsights_sitenote_category":0,"footnotes":""},"categories":[6],"tags":[314,313,189],"yoast_head":"<!-- This site is optimized with the Yoast SEO plugin v21.6 - https:\/\/yoast.com\/wordpress\/plugins\/seo\/ -->\n<title>POZORI\u0160TE PRIJEDOR: PREMIJERNO ODIGRANE \u201eFENI\u010cANKE\u201c - PrijedorDanas.com - Prijedorski gradski portal<\/title>\n<meta name=\"robots\" content=\"index, follow, max-snippet:-1, max-image-preview:large, max-video-preview:-1\" \/>\n<link rel=\"canonical\" href=\"https:\/\/www.prijedordanas.com\/?p=656\" \/>\n<meta property=\"og:locale\" content=\"en_US\" \/>\n<meta property=\"og:type\" content=\"article\" \/>\n<meta property=\"og:title\" content=\"POZORI\u0160TE PRIJEDOR: PREMIJERNO ODIGRANE \u201eFENI\u010cANKE\u201c - PrijedorDanas.com - Prijedorski gradski portal\" \/>\n<meta property=\"og:description\" content=\"Pozori\u0161te Prijedor igralo je sinoc\u0301 premijerno predstavu &#8220;Feni\u010danke&#8221;, autorski rad re\u017eisera i glumca Darka Cvijetic\u0301a koji ove godine obilje\u017eava tri decenije rada u ovoj kuc\u0301i. Direktor Pozori\u0161ta Prijedor Zoran Baro\u0161 [&hellip;]\" \/>\n<meta property=\"og:url\" content=\"https:\/\/www.prijedordanas.com\/?p=656\" \/>\n<meta property=\"og:site_name\" content=\"PrijedorDanas.com - Prijedorski gradski portal\" \/>\n<meta property=\"article:publisher\" content=\"https:\/\/www.facebook.com\/PrijedorDanasCom\/\" \/>\n<meta property=\"article:published_time\" content=\"2014-03-20T13:20:31+00:00\" \/>\n<meta property=\"article:modified_time\" content=\"2014-03-20T13:34:22+00:00\" \/>\n<meta property=\"og:image\" content=\"https:\/\/www.prijedordanas.com\/wp-content\/uploads\/2014\/03\/fenicanke-premijera-1-300x300.jpg\" \/>\n<meta name=\"author\" content=\"admin\" \/>\n<meta name=\"twitter:card\" content=\"summary_large_image\" \/>\n<meta name=\"twitter:label1\" content=\"Written by\" \/>\n\t<meta name=\"twitter:data1\" content=\"admin\" \/>\n\t<meta name=\"twitter:label2\" content=\"Est. reading time\" \/>\n\t<meta name=\"twitter:data2\" content=\"1 minute\" \/>\n<script type=\"application\/ld+json\" class=\"yoast-schema-graph\">{\"@context\":\"https:\/\/schema.org\",\"@graph\":[{\"@type\":\"Article\",\"@id\":\"https:\/\/www.prijedordanas.com\/?p=656#article\",\"isPartOf\":{\"@id\":\"https:\/\/www.prijedordanas.com\/?p=656\"},\"author\":{\"name\":\"admin\",\"@id\":\"https:\/\/www.prijedordanas.com\/#\/schema\/person\/4e08ccf29b506ca916ff86d46bb700e6\"},\"headline\":\"POZORI\u0160TE PRIJEDOR: PREMIJERNO ODIGRANE \u201eFENI\u010cANKE\u201c\",\"datePublished\":\"2014-03-20T13:20:31+00:00\",\"dateModified\":\"2014-03-20T13:34:22+00:00\",\"mainEntityOfPage\":{\"@id\":\"https:\/\/www.prijedordanas.com\/?p=656\"},\"wordCount\":273,\"publisher\":{\"@id\":\"https:\/\/www.prijedordanas.com\/#organization\"},\"keywords\":[\"Darko Cvijeti\u0107\",\"Feni\u010danke\",\"Pozori\u0161te Prijedor\"],\"articleSection\":[\"Kultura\"],\"inLanguage\":\"en-US\"},{\"@type\":\"WebPage\",\"@id\":\"https:\/\/www.prijedordanas.com\/?p=656\",\"url\":\"https:\/\/www.prijedordanas.com\/?p=656\",\"name\":\"POZORI\u0160TE PRIJEDOR: PREMIJERNO ODIGRANE \u201eFENI\u010cANKE\u201c - PrijedorDanas.com - Prijedorski gradski portal\",\"isPartOf\":{\"@id\":\"https:\/\/www.prijedordanas.com\/#website\"},\"datePublished\":\"2014-03-20T13:20:31+00:00\",\"dateModified\":\"2014-03-20T13:34:22+00:00\",\"breadcrumb\":{\"@id\":\"https:\/\/www.prijedordanas.com\/?p=656#breadcrumb\"},\"inLanguage\":\"en-US\",\"potentialAction\":[{\"@type\":\"ReadAction\",\"target\":[\"https:\/\/www.prijedordanas.com\/?p=656\"]}]},{\"@type\":\"BreadcrumbList\",\"@id\":\"https:\/\/www.prijedordanas.com\/?p=656#breadcrumb\",\"itemListElement\":[{\"@type\":\"ListItem\",\"position\":1,\"name\":\"Home\",\"item\":\"https:\/\/www.prijedordanas.com\/\"},{\"@type\":\"ListItem\",\"position\":2,\"name\":\"POZORI\u0160TE PRIJEDOR: PREMIJERNO ODIGRANE \u201eFENI\u010cANKE\u201c\"}]},{\"@type\":\"WebSite\",\"@id\":\"https:\/\/www.prijedordanas.com\/#website\",\"url\":\"https:\/\/www.prijedordanas.com\/\",\"name\":\"PrijedorDanas.com - Prijedorski gradski portal\",\"description\":\"Portal o doga\u0111anjima u gradu Prijedoru\",\"publisher\":{\"@id\":\"https:\/\/www.prijedordanas.com\/#organization\"},\"potentialAction\":[{\"@type\":\"SearchAction\",\"target\":{\"@type\":\"EntryPoint\",\"urlTemplate\":\"https:\/\/www.prijedordanas.com\/?s={search_term_string}\"},\"query-input\":\"required name=search_term_string\"}],\"inLanguage\":\"en-US\"},{\"@type\":\"Organization\",\"@id\":\"https:\/\/www.prijedordanas.com\/#organization\",\"name\":\"PrijedorDanas.com\",\"url\":\"https:\/\/www.prijedordanas.com\/\",\"logo\":{\"@type\":\"ImageObject\",\"inLanguage\":\"en-US\",\"@id\":\"https:\/\/www.prijedordanas.com\/#\/schema\/logo\/image\/\",\"url\":\"http:\/\/www.prijedordanas.com\/wp-content\/uploads\/2021\/12\/logopng.png\",\"contentUrl\":\"http:\/\/www.prijedordanas.com\/wp-content\/uploads\/2021\/12\/logopng.png\",\"width\":1019,\"height\":776,\"caption\":\"PrijedorDanas.com\"},\"image\":{\"@id\":\"https:\/\/www.prijedordanas.com\/#\/schema\/logo\/image\/\"},\"sameAs\":[\"https:\/\/www.facebook.com\/PrijedorDanasCom\/\"]},{\"@type\":\"Person\",\"@id\":\"https:\/\/www.prijedordanas.com\/#\/schema\/person\/4e08ccf29b506ca916ff86d46bb700e6\",\"name\":\"admin\",\"image\":{\"@type\":\"ImageObject\",\"inLanguage\":\"en-US\",\"@id\":\"https:\/\/www.prijedordanas.com\/#\/schema\/person\/image\/\",\"url\":\"https:\/\/secure.gravatar.com\/avatar\/1d3fc949d550f0b53a5f0d51e06dfd79?s=96&d=mm&r=g\",\"contentUrl\":\"https:\/\/secure.gravatar.com\/avatar\/1d3fc949d550f0b53a5f0d51e06dfd79?s=96&d=mm&r=g\",\"caption\":\"admin\"},\"url\":\"https:\/\/www.prijedordanas.com\/?author=1\"}]}<\/script>\n<!-- \/ Yoast SEO plugin. -->","yoast_head_json":{"title":"POZORI\u0160TE PRIJEDOR: PREMIJERNO ODIGRANE \u201eFENI\u010cANKE\u201c - PrijedorDanas.com - Prijedorski gradski portal","robots":{"index":"index","follow":"follow","max-snippet":"max-snippet:-1","max-image-preview":"max-image-preview:large","max-video-preview":"max-video-preview:-1"},"canonical":"https:\/\/www.prijedordanas.com\/?p=656","og_locale":"en_US","og_type":"article","og_title":"POZORI\u0160TE PRIJEDOR: PREMIJERNO ODIGRANE \u201eFENI\u010cANKE\u201c - PrijedorDanas.com - Prijedorski gradski portal","og_description":"Pozori\u0161te Prijedor igralo je sinoc\u0301 premijerno predstavu &#8220;Feni\u010danke&#8221;, autorski rad re\u017eisera i glumca Darka Cvijetic\u0301a koji ove godine obilje\u017eava tri decenije rada u ovoj kuc\u0301i. Direktor Pozori\u0161ta Prijedor Zoran Baro\u0161 [&hellip;]","og_url":"https:\/\/www.prijedordanas.com\/?p=656","og_site_name":"PrijedorDanas.com - Prijedorski gradski portal","article_publisher":"https:\/\/www.facebook.com\/PrijedorDanasCom\/","article_published_time":"2014-03-20T13:20:31+00:00","article_modified_time":"2014-03-20T13:34:22+00:00","og_image":[{"url":"https:\/\/www.prijedordanas.com\/wp-content\/uploads\/2014\/03\/fenicanke-premijera-1-300x300.jpg"}],"author":"admin","twitter_card":"summary_large_image","twitter_misc":{"Written by":"admin","Est. reading time":"1 minute"},"schema":{"@context":"https:\/\/schema.org","@graph":[{"@type":"Article","@id":"https:\/\/www.prijedordanas.com\/?p=656#article","isPartOf":{"@id":"https:\/\/www.prijedordanas.com\/?p=656"},"author":{"name":"admin","@id":"https:\/\/www.prijedordanas.com\/#\/schema\/person\/4e08ccf29b506ca916ff86d46bb700e6"},"headline":"POZORI\u0160TE PRIJEDOR: PREMIJERNO ODIGRANE \u201eFENI\u010cANKE\u201c","datePublished":"2014-03-20T13:20:31+00:00","dateModified":"2014-03-20T13:34:22+00:00","mainEntityOfPage":{"@id":"https:\/\/www.prijedordanas.com\/?p=656"},"wordCount":273,"publisher":{"@id":"https:\/\/www.prijedordanas.com\/#organization"},"keywords":["Darko Cvijeti\u0107","Feni\u010danke","Pozori\u0161te Prijedor"],"articleSection":["Kultura"],"inLanguage":"en-US"},{"@type":"WebPage","@id":"https:\/\/www.prijedordanas.com\/?p=656","url":"https:\/\/www.prijedordanas.com\/?p=656","name":"POZORI\u0160TE PRIJEDOR: PREMIJERNO ODIGRANE \u201eFENI\u010cANKE\u201c - PrijedorDanas.com - Prijedorski gradski portal","isPartOf":{"@id":"https:\/\/www.prijedordanas.com\/#website"},"datePublished":"2014-03-20T13:20:31+00:00","dateModified":"2014-03-20T13:34:22+00:00","breadcrumb":{"@id":"https:\/\/www.prijedordanas.com\/?p=656#breadcrumb"},"inLanguage":"en-US","potentialAction":[{"@type":"ReadAction","target":["https:\/\/www.prijedordanas.com\/?p=656"]}]},{"@type":"BreadcrumbList","@id":"https:\/\/www.prijedordanas.com\/?p=656#breadcrumb","itemListElement":[{"@type":"ListItem","position":1,"name":"Home","item":"https:\/\/www.prijedordanas.com\/"},{"@type":"ListItem","position":2,"name":"POZORI\u0160TE PRIJEDOR: PREMIJERNO ODIGRANE \u201eFENI\u010cANKE\u201c"}]},{"@type":"WebSite","@id":"https:\/\/www.prijedordanas.com\/#website","url":"https:\/\/www.prijedordanas.com\/","name":"PrijedorDanas.com - Prijedorski gradski portal","description":"Portal o doga\u0111anjima u gradu Prijedoru","publisher":{"@id":"https:\/\/www.prijedordanas.com\/#organization"},"potentialAction":[{"@type":"SearchAction","target":{"@type":"EntryPoint","urlTemplate":"https:\/\/www.prijedordanas.com\/?s={search_term_string}"},"query-input":"required name=search_term_string"}],"inLanguage":"en-US"},{"@type":"Organization","@id":"https:\/\/www.prijedordanas.com\/#organization","name":"PrijedorDanas.com","url":"https:\/\/www.prijedordanas.com\/","logo":{"@type":"ImageObject","inLanguage":"en-US","@id":"https:\/\/www.prijedordanas.com\/#\/schema\/logo\/image\/","url":"http:\/\/www.prijedordanas.com\/wp-content\/uploads\/2021\/12\/logopng.png","contentUrl":"http:\/\/www.prijedordanas.com\/wp-content\/uploads\/2021\/12\/logopng.png","width":1019,"height":776,"caption":"PrijedorDanas.com"},"image":{"@id":"https:\/\/www.prijedordanas.com\/#\/schema\/logo\/image\/"},"sameAs":["https:\/\/www.facebook.com\/PrijedorDanasCom\/"]},{"@type":"Person","@id":"https:\/\/www.prijedordanas.com\/#\/schema\/person\/4e08ccf29b506ca916ff86d46bb700e6","name":"admin","image":{"@type":"ImageObject","inLanguage":"en-US","@id":"https:\/\/www.prijedordanas.com\/#\/schema\/person\/image\/","url":"https:\/\/secure.gravatar.com\/avatar\/1d3fc949d550f0b53a5f0d51e06dfd79?s=96&d=mm&r=g","contentUrl":"https:\/\/secure.gravatar.com\/avatar\/1d3fc949d550f0b53a5f0d51e06dfd79?s=96&d=mm&r=g","caption":"admin"},"url":"https:\/\/www.prijedordanas.com\/?author=1"}]}},"_links":{"self":[{"href":"https:\/\/www.prijedordanas.com\/index.php?rest_route=\/wp\/v2\/posts\/656"}],"collection":[{"href":"https:\/\/www.prijedordanas.com\/index.php?rest_route=\/wp\/v2\/posts"}],"about":[{"href":"https:\/\/www.prijedordanas.com\/index.php?rest_route=\/wp\/v2\/types\/post"}],"author":[{"embeddable":true,"href":"https:\/\/www.prijedordanas.com\/index.php?rest_route=\/wp\/v2\/users\/1"}],"replies":[{"embeddable":true,"href":"https:\/\/www.prijedordanas.com\/index.php?rest_route=%2Fwp%2Fv2%2Fcomments&post=656"}],"version-history":[{"count":9,"href":"https:\/\/www.prijedordanas.com\/index.php?rest_route=\/wp\/v2\/posts\/656\/revisions"}],"predecessor-version":[{"id":670,"href":"https:\/\/www.prijedordanas.com\/index.php?rest_route=\/wp\/v2\/posts\/656\/revisions\/670"}],"wp:attachment":[{"href":"https:\/\/www.prijedordanas.com\/index.php?rest_route=%2Fwp%2Fv2%2Fmedia&parent=656"}],"wp:term":[{"taxonomy":"category","embeddable":true,"href":"https:\/\/www.prijedordanas.com\/index.php?rest_route=%2Fwp%2Fv2%2Fcategories&post=656"},{"taxonomy":"post_tag","embeddable":true,"href":"https:\/\/www.prijedordanas.com\/index.php?rest_route=%2Fwp%2Fv2%2Ftags&post=656"}],"curies":[{"name":"wp","href":"https:\/\/api.w.org\/{rel}","templated":true}]}}