{"id":65415,"date":"2016-11-05T09:32:27","date_gmt":"2016-11-05T08:32:27","guid":{"rendered":"https:\/\/www.prijedordanas.com\/?p=65415"},"modified":"2016-11-05T09:32:27","modified_gmt":"2016-11-05T08:32:27","slug":"sudenje-milunic-drugi-mrtva-tijela-u-zecovima","status":"publish","type":"post","link":"https:\/\/www.prijedordanas.com\/?p=65415","title":{"rendered":"SU\u0110ENJE MILUNI\u0106 I DRUGI: MRTVA TIJELA U ZECOVIMA"},"content":{"rendered":"<p><a href=\"https:\/\/www.prijedordanas.com\/wp-content\/uploads\/2016\/02\/sud-bih-2-2.jpg\"><img loading=\"lazy\" decoding=\"async\" class=\"alignleft size-medium wp-image-41824\" src=\"https:\/\/www.prijedordanas.com\/wp-content\/uploads\/2016\/02\/sud-bih-2-2-300x225.jpg\" alt=\"sud bih (2)\" width=\"300\" height=\"225\" srcset=\"https:\/\/www.prijedordanas.com\/wp-content\/uploads\/2016\/02\/sud-bih-2-2-300x225.jpg 300w, https:\/\/www.prijedordanas.com\/wp-content\/uploads\/2016\/02\/sud-bih-2-2.jpg 500w\" sizes=\"(max-width: 300px) 100vw, 300px\" \/><\/a>Svjedokinja Tu\u017eila\u0161tva BiH je rekla kako je u julu 1992. godine vidjela odvo\u0111enje mu\u0161karaca, kao i mrtva tijela u selu Zecovi (op\u0161tina Prijedor).<\/p>\n<p>Mirsada Hopovac je kazala kako je 23. jula 1992. godine u Zecovima bilo \u201e\u010di\u0161\u0107enje muslimana od Srba\u201c, te da je tada vidjela kako se puca i gori d\u017eamija, pojate i \u0161tale.<\/p>\n<p>Rekla je da je bila kod ku\u0107e kada su do\u0161li vojnici i kada je jedan od njih naredio njenom mu\u017eu da ide do \u0160abanove mesnice. Istakla je da je tada vidjela kako ide ve\u0107a grupa mu\u0161karaca, a iza njih vojnici sa uperenim pu\u0161kama.<\/p>\n<p>Njoj je re\u010deno, prisjetila se, da ide sa djecom do ku\u0107e Fikrete Hopovac, gdje je zatkekla oko 20 \u017eena i djece i gdje je prespavala.<\/p>\n<p>Kazala je da je naredni dan oti\u0161la ku\u0107i da skuha ru\u010dak i pri povratku u Fikretinu ku\u0107u srela trojicu vojnika me\u0111u kojima je bio i \u201eBo\u017eo Dujin\u201c. Pojasnila je da je to Bo\u0161ko Gruji\u010di\u0107, kojeg je poznavala \u201eodkako se rodila\u201c. U unakrsnom ispitivanju svjedokinja je kazala da su lica tih osoba bila maskirana i da je Bo\u017eu Dujinog prepoznala po glasu.<\/p>\n<p>Hopovac je rekla da su tra\u017eili jednu \u017eensku osobu, te su krenuli za svjedokinjom prema Fikretinoj ku\u0107i. Navela je da im je jedna \u017eena rekla da su tu osobu koju tra\u017ee odveli u drugu ku\u0107u i onda su oni oti\u0161li. Hopovac je istakla da ima saznanja je ta \u017eena silovana.<\/p>\n<p><a href=\"https:\/\/www.prijedordanas.com\/wp-content\/uploads\/2016\/01\/sud-bih-1.jpg\"><img loading=\"lazy\" decoding=\"async\" src=\"https:\/\/www.prijedordanas.com\/wp-content\/uploads\/2016\/01\/sud-bih-1-300x200.jpg\" alt=\"sud bih (1)\" width=\"300\" height=\"200\" class=\"alignleft size-medium wp-image-39043\" srcset=\"https:\/\/www.prijedordanas.com\/wp-content\/uploads\/2016\/01\/sud-bih-1-300x200.jpg 300w, https:\/\/www.prijedordanas.com\/wp-content\/uploads\/2016\/01\/sud-bih-1-480x320.jpg 480w, https:\/\/www.prijedordanas.com\/wp-content\/uploads\/2016\/01\/sud-bih-1.jpg 600w\" sizes=\"(max-width: 300px) 100vw, 300px\" \/><\/a>Na upit Odbrana za\u0161to ranije nije spominjala Bo\u0161ka Gruji\u010di\u0107a, svjedokinja je rekla da nema obja\u0161njenja i da je ta\u010dno ono \u0161to je danas kazala.<\/p>\n<p>Svjedokinja je rekla da je u Zecovima vidjela i ubijena tijela nekih osoba koje je poznavala, te saznala da je na Gradini \u201esve zaklano, i \u017eene i djeca\u201c. Dodala je i da je vidjela plja\u010dkanje ku\u0107a.<\/p>\n<p>\u201eMu\u017e mi je odveden do Poljskog puta i tu ubijen i prona\u0111en je 2014. godine u Toma\u0161ici\u201c, kazala je Hopovac.<\/p>\n<p>Za ubistva, mu\u010denja, seksualno nasilje, uni\u0161tavanje i oduzimanje imovine stanovnika sela Zecovi u julu 1992. godine, optu\u017eeni su Du\u0161an Miluni\u0107, Radomir Stojni\u0107, Radovan \u010ceti\u0107, Du\u0161ko Zori\u0107, Zoran Stojni\u0107, \u017deljko Grbi\u0107, Ilija Zori\u0107, Zoran Miluni\u0107, Bo\u0161ko Gruji\u010di\u0107, Ljubi\u0161a \u010ceti\u0107, Rade i Uro\u0161 Gruj\u010di\u0107, Zdravko Antoni\u0107 i Rajko Gnjatovi\u0107.<\/p>\n<p>Prema optu\u017enici, Miluni\u0107 je bio komandir Rasava\u010dke \u010dete 6. bataljona 43. brigade Vojske Republike Srpske (VRS), Radomir Stojni\u0107 komandir Rezervne stanice milicije Rasavci, a Radovan \u010ceti\u0107 predsjednik Srpske demokratske stranke (SDS) i Kriznog \u0161taba za selo Rasavci. Ostali su bili pripadnici Rasava\u010dke \u010dete, milicije te drugih formacija.<\/p>\n<p>Svjedok Predrag Stankovi\u0107, nekada\u0161nji pripadnik 6. bataljona 43. brigade, je kazao kako je po povratku u selo Rasavci s rati\u0161ta 28. jula 1992. godine saznao da je bilo odre\u0111enih vojnih operacija i da je bilo ubijanja, paljenja i protjerivanja stanovni\u0161tva.<\/p>\n<p>Kazao je da je \u201eoperaciju provodila 43. brigada\u201c protiv bo\u0161nja\u010dkog i hrvatskog stanovni\u0161tva.<\/p>\n<p>Stankovi\u0107 je kazao da je sjedi\u0161te njegove \u010dete bilo u mjesnoj zajednici Rasavci. Dodao je da je u Rasovcima bila i policija na \u010dijem je \u010delu bio Radomir Stojni\u0107 Grom, te \u201etijelo vlasti koje se brinulo o stanovni\u0161tvu\u201c, a koje su \u201ezvali Kriznim \u0161tabom\u201c i na njegovom \u010delu Radovan \u010ceti\u0107a. Tokom unakrsnog ispitivanja, svjedok je ipak rekao da pretpostavlja da je \u010ceti\u0107 bio \u010dlan tog organa za koji ne zna kako je funkcionisao.<\/p>\n<p>Su\u0111enje \u0107e se nastaviti 18. novembra.<\/p>\n<p>BIRN<\/p>\n","protected":false},"excerpt":{"rendered":"<p>Svjedokinja Tu\u017eila\u0161tva BiH je rekla kako je u julu 1992. godine vidjela odvo\u0111enje mu\u0161karaca, kao i mrtva tijela u selu Zecovi (op\u0161tina Prijedor). Mirsada Hopovac je kazala kako je 23. [&hellip;]<\/p>\n","protected":false},"author":1,"featured_media":0,"comment_status":"closed","ping_status":"open","sticky":false,"template":"","format":"standard","meta":{"_monsterinsights_skip_tracking":false,"_monsterinsights_sitenote_active":false,"_monsterinsights_sitenote_note":"","_monsterinsights_sitenote_category":0,"footnotes":""},"categories":[5],"tags":[531],"yoast_head":"<!-- This site is optimized with the Yoast SEO plugin v21.6 - https:\/\/yoast.com\/wordpress\/plugins\/seo\/ -->\n<title>SU\u0110ENJE MILUNI\u0106 I DRUGI: MRTVA TIJELA U ZECOVIMA - PrijedorDanas.com - Prijedorski gradski portal<\/title>\n<meta name=\"robots\" content=\"index, follow, max-snippet:-1, max-image-preview:large, max-video-preview:-1\" \/>\n<link rel=\"canonical\" href=\"https:\/\/www.prijedordanas.com\/?p=65415\" \/>\n<meta property=\"og:locale\" content=\"en_US\" \/>\n<meta property=\"og:type\" content=\"article\" \/>\n<meta property=\"og:title\" content=\"SU\u0110ENJE MILUNI\u0106 I DRUGI: MRTVA TIJELA U ZECOVIMA - PrijedorDanas.com - Prijedorski gradski portal\" \/>\n<meta property=\"og:description\" content=\"Svjedokinja Tu\u017eila\u0161tva BiH je rekla kako je u julu 1992. godine vidjela odvo\u0111enje mu\u0161karaca, kao i mrtva tijela u selu Zecovi (op\u0161tina Prijedor). Mirsada Hopovac je kazala kako je 23. [&hellip;]\" \/>\n<meta property=\"og:url\" content=\"https:\/\/www.prijedordanas.com\/?p=65415\" \/>\n<meta property=\"og:site_name\" content=\"PrijedorDanas.com - Prijedorski gradski portal\" \/>\n<meta property=\"article:publisher\" content=\"https:\/\/www.facebook.com\/PrijedorDanasCom\/\" \/>\n<meta property=\"article:published_time\" content=\"2016-11-05T08:32:27+00:00\" \/>\n<meta property=\"og:image\" content=\"https:\/\/www.prijedordanas.com\/wp-content\/uploads\/2016\/02\/sud-bih-2-2-300x225.jpg\" \/>\n<meta name=\"author\" content=\"admin\" \/>\n<meta name=\"twitter:card\" content=\"summary_large_image\" \/>\n<meta name=\"twitter:label1\" content=\"Written by\" \/>\n\t<meta name=\"twitter:data1\" content=\"admin\" \/>\n\t<meta name=\"twitter:label2\" content=\"Est. reading time\" \/>\n\t<meta name=\"twitter:data2\" content=\"3 minutes\" \/>\n<script type=\"application\/ld+json\" class=\"yoast-schema-graph\">{\"@context\":\"https:\/\/schema.org\",\"@graph\":[{\"@type\":\"Article\",\"@id\":\"https:\/\/www.prijedordanas.com\/?p=65415#article\",\"isPartOf\":{\"@id\":\"https:\/\/www.prijedordanas.com\/?p=65415\"},\"author\":{\"name\":\"admin\",\"@id\":\"https:\/\/www.prijedordanas.com\/#\/schema\/person\/4e08ccf29b506ca916ff86d46bb700e6\"},\"headline\":\"SU\u0110ENJE MILUNI\u0106 I DRUGI: MRTVA TIJELA U ZECOVIMA\",\"datePublished\":\"2016-11-05T08:32:27+00:00\",\"dateModified\":\"2016-11-05T08:32:27+00:00\",\"mainEntityOfPage\":{\"@id\":\"https:\/\/www.prijedordanas.com\/?p=65415\"},\"wordCount\":597,\"publisher\":{\"@id\":\"https:\/\/www.prijedordanas.com\/#organization\"},\"keywords\":[\"Sud BiH\"],\"articleSection\":[\"Hronika\"],\"inLanguage\":\"en-US\"},{\"@type\":\"WebPage\",\"@id\":\"https:\/\/www.prijedordanas.com\/?p=65415\",\"url\":\"https:\/\/www.prijedordanas.com\/?p=65415\",\"name\":\"SU\u0110ENJE MILUNI\u0106 I DRUGI: MRTVA TIJELA U ZECOVIMA - PrijedorDanas.com - Prijedorski gradski portal\",\"isPartOf\":{\"@id\":\"https:\/\/www.prijedordanas.com\/#website\"},\"datePublished\":\"2016-11-05T08:32:27+00:00\",\"dateModified\":\"2016-11-05T08:32:27+00:00\",\"breadcrumb\":{\"@id\":\"https:\/\/www.prijedordanas.com\/?p=65415#breadcrumb\"},\"inLanguage\":\"en-US\",\"potentialAction\":[{\"@type\":\"ReadAction\",\"target\":[\"https:\/\/www.prijedordanas.com\/?p=65415\"]}]},{\"@type\":\"BreadcrumbList\",\"@id\":\"https:\/\/www.prijedordanas.com\/?p=65415#breadcrumb\",\"itemListElement\":[{\"@type\":\"ListItem\",\"position\":1,\"name\":\"Home\",\"item\":\"https:\/\/www.prijedordanas.com\/\"},{\"@type\":\"ListItem\",\"position\":2,\"name\":\"SU\u0110ENJE MILUNI\u0106 I DRUGI: MRTVA TIJELA U ZECOVIMA\"}]},{\"@type\":\"WebSite\",\"@id\":\"https:\/\/www.prijedordanas.com\/#website\",\"url\":\"https:\/\/www.prijedordanas.com\/\",\"name\":\"PrijedorDanas.com - Prijedorski gradski portal\",\"description\":\"Portal o doga\u0111anjima u gradu Prijedoru\",\"publisher\":{\"@id\":\"https:\/\/www.prijedordanas.com\/#organization\"},\"potentialAction\":[{\"@type\":\"SearchAction\",\"target\":{\"@type\":\"EntryPoint\",\"urlTemplate\":\"https:\/\/www.prijedordanas.com\/?s={search_term_string}\"},\"query-input\":\"required name=search_term_string\"}],\"inLanguage\":\"en-US\"},{\"@type\":\"Organization\",\"@id\":\"https:\/\/www.prijedordanas.com\/#organization\",\"name\":\"PrijedorDanas.com\",\"url\":\"https:\/\/www.prijedordanas.com\/\",\"logo\":{\"@type\":\"ImageObject\",\"inLanguage\":\"en-US\",\"@id\":\"https:\/\/www.prijedordanas.com\/#\/schema\/logo\/image\/\",\"url\":\"http:\/\/www.prijedordanas.com\/wp-content\/uploads\/2021\/12\/logopng.png\",\"contentUrl\":\"http:\/\/www.prijedordanas.com\/wp-content\/uploads\/2021\/12\/logopng.png\",\"width\":1019,\"height\":776,\"caption\":\"PrijedorDanas.com\"},\"image\":{\"@id\":\"https:\/\/www.prijedordanas.com\/#\/schema\/logo\/image\/\"},\"sameAs\":[\"https:\/\/www.facebook.com\/PrijedorDanasCom\/\"]},{\"@type\":\"Person\",\"@id\":\"https:\/\/www.prijedordanas.com\/#\/schema\/person\/4e08ccf29b506ca916ff86d46bb700e6\",\"name\":\"admin\",\"image\":{\"@type\":\"ImageObject\",\"inLanguage\":\"en-US\",\"@id\":\"https:\/\/www.prijedordanas.com\/#\/schema\/person\/image\/\",\"url\":\"https:\/\/secure.gravatar.com\/avatar\/1d3fc949d550f0b53a5f0d51e06dfd79?s=96&d=mm&r=g\",\"contentUrl\":\"https:\/\/secure.gravatar.com\/avatar\/1d3fc949d550f0b53a5f0d51e06dfd79?s=96&d=mm&r=g\",\"caption\":\"admin\"},\"url\":\"https:\/\/www.prijedordanas.com\/?author=1\"}]}<\/script>\n<!-- \/ Yoast SEO plugin. -->","yoast_head_json":{"title":"SU\u0110ENJE MILUNI\u0106 I DRUGI: MRTVA TIJELA U ZECOVIMA - PrijedorDanas.com - Prijedorski gradski portal","robots":{"index":"index","follow":"follow","max-snippet":"max-snippet:-1","max-image-preview":"max-image-preview:large","max-video-preview":"max-video-preview:-1"},"canonical":"https:\/\/www.prijedordanas.com\/?p=65415","og_locale":"en_US","og_type":"article","og_title":"SU\u0110ENJE MILUNI\u0106 I DRUGI: MRTVA TIJELA U ZECOVIMA - PrijedorDanas.com - Prijedorski gradski portal","og_description":"Svjedokinja Tu\u017eila\u0161tva BiH je rekla kako je u julu 1992. godine vidjela odvo\u0111enje mu\u0161karaca, kao i mrtva tijela u selu Zecovi (op\u0161tina Prijedor). Mirsada Hopovac je kazala kako je 23. [&hellip;]","og_url":"https:\/\/www.prijedordanas.com\/?p=65415","og_site_name":"PrijedorDanas.com - Prijedorski gradski portal","article_publisher":"https:\/\/www.facebook.com\/PrijedorDanasCom\/","article_published_time":"2016-11-05T08:32:27+00:00","og_image":[{"url":"https:\/\/www.prijedordanas.com\/wp-content\/uploads\/2016\/02\/sud-bih-2-2-300x225.jpg"}],"author":"admin","twitter_card":"summary_large_image","twitter_misc":{"Written by":"admin","Est. reading time":"3 minutes"},"schema":{"@context":"https:\/\/schema.org","@graph":[{"@type":"Article","@id":"https:\/\/www.prijedordanas.com\/?p=65415#article","isPartOf":{"@id":"https:\/\/www.prijedordanas.com\/?p=65415"},"author":{"name":"admin","@id":"https:\/\/www.prijedordanas.com\/#\/schema\/person\/4e08ccf29b506ca916ff86d46bb700e6"},"headline":"SU\u0110ENJE MILUNI\u0106 I DRUGI: MRTVA TIJELA U ZECOVIMA","datePublished":"2016-11-05T08:32:27+00:00","dateModified":"2016-11-05T08:32:27+00:00","mainEntityOfPage":{"@id":"https:\/\/www.prijedordanas.com\/?p=65415"},"wordCount":597,"publisher":{"@id":"https:\/\/www.prijedordanas.com\/#organization"},"keywords":["Sud BiH"],"articleSection":["Hronika"],"inLanguage":"en-US"},{"@type":"WebPage","@id":"https:\/\/www.prijedordanas.com\/?p=65415","url":"https:\/\/www.prijedordanas.com\/?p=65415","name":"SU\u0110ENJE MILUNI\u0106 I DRUGI: MRTVA TIJELA U ZECOVIMA - PrijedorDanas.com - Prijedorski gradski portal","isPartOf":{"@id":"https:\/\/www.prijedordanas.com\/#website"},"datePublished":"2016-11-05T08:32:27+00:00","dateModified":"2016-11-05T08:32:27+00:00","breadcrumb":{"@id":"https:\/\/www.prijedordanas.com\/?p=65415#breadcrumb"},"inLanguage":"en-US","potentialAction":[{"@type":"ReadAction","target":["https:\/\/www.prijedordanas.com\/?p=65415"]}]},{"@type":"BreadcrumbList","@id":"https:\/\/www.prijedordanas.com\/?p=65415#breadcrumb","itemListElement":[{"@type":"ListItem","position":1,"name":"Home","item":"https:\/\/www.prijedordanas.com\/"},{"@type":"ListItem","position":2,"name":"SU\u0110ENJE MILUNI\u0106 I DRUGI: MRTVA TIJELA U ZECOVIMA"}]},{"@type":"WebSite","@id":"https:\/\/www.prijedordanas.com\/#website","url":"https:\/\/www.prijedordanas.com\/","name":"PrijedorDanas.com - Prijedorski gradski portal","description":"Portal o doga\u0111anjima u gradu Prijedoru","publisher":{"@id":"https:\/\/www.prijedordanas.com\/#organization"},"potentialAction":[{"@type":"SearchAction","target":{"@type":"EntryPoint","urlTemplate":"https:\/\/www.prijedordanas.com\/?s={search_term_string}"},"query-input":"required name=search_term_string"}],"inLanguage":"en-US"},{"@type":"Organization","@id":"https:\/\/www.prijedordanas.com\/#organization","name":"PrijedorDanas.com","url":"https:\/\/www.prijedordanas.com\/","logo":{"@type":"ImageObject","inLanguage":"en-US","@id":"https:\/\/www.prijedordanas.com\/#\/schema\/logo\/image\/","url":"http:\/\/www.prijedordanas.com\/wp-content\/uploads\/2021\/12\/logopng.png","contentUrl":"http:\/\/www.prijedordanas.com\/wp-content\/uploads\/2021\/12\/logopng.png","width":1019,"height":776,"caption":"PrijedorDanas.com"},"image":{"@id":"https:\/\/www.prijedordanas.com\/#\/schema\/logo\/image\/"},"sameAs":["https:\/\/www.facebook.com\/PrijedorDanasCom\/"]},{"@type":"Person","@id":"https:\/\/www.prijedordanas.com\/#\/schema\/person\/4e08ccf29b506ca916ff86d46bb700e6","name":"admin","image":{"@type":"ImageObject","inLanguage":"en-US","@id":"https:\/\/www.prijedordanas.com\/#\/schema\/person\/image\/","url":"https:\/\/secure.gravatar.com\/avatar\/1d3fc949d550f0b53a5f0d51e06dfd79?s=96&d=mm&r=g","contentUrl":"https:\/\/secure.gravatar.com\/avatar\/1d3fc949d550f0b53a5f0d51e06dfd79?s=96&d=mm&r=g","caption":"admin"},"url":"https:\/\/www.prijedordanas.com\/?author=1"}]}},"_links":{"self":[{"href":"https:\/\/www.prijedordanas.com\/index.php?rest_route=\/wp\/v2\/posts\/65415"}],"collection":[{"href":"https:\/\/www.prijedordanas.com\/index.php?rest_route=\/wp\/v2\/posts"}],"about":[{"href":"https:\/\/www.prijedordanas.com\/index.php?rest_route=\/wp\/v2\/types\/post"}],"author":[{"embeddable":true,"href":"https:\/\/www.prijedordanas.com\/index.php?rest_route=\/wp\/v2\/users\/1"}],"replies":[{"embeddable":true,"href":"https:\/\/www.prijedordanas.com\/index.php?rest_route=%2Fwp%2Fv2%2Fcomments&post=65415"}],"version-history":[{"count":1,"href":"https:\/\/www.prijedordanas.com\/index.php?rest_route=\/wp\/v2\/posts\/65415\/revisions"}],"predecessor-version":[{"id":65416,"href":"https:\/\/www.prijedordanas.com\/index.php?rest_route=\/wp\/v2\/posts\/65415\/revisions\/65416"}],"wp:attachment":[{"href":"https:\/\/www.prijedordanas.com\/index.php?rest_route=%2Fwp%2Fv2%2Fmedia&parent=65415"}],"wp:term":[{"taxonomy":"category","embeddable":true,"href":"https:\/\/www.prijedordanas.com\/index.php?rest_route=%2Fwp%2Fv2%2Fcategories&post=65415"},{"taxonomy":"post_tag","embeddable":true,"href":"https:\/\/www.prijedordanas.com\/index.php?rest_route=%2Fwp%2Fv2%2Ftags&post=65415"}],"curies":[{"name":"wp","href":"https:\/\/api.w.org\/{rel}","templated":true}]}}