{"id":65333,"date":"2016-11-04T18:54:08","date_gmt":"2016-11-04T17:54:08","guid":{"rendered":"https:\/\/www.prijedordanas.com\/?p=65333"},"modified":"2016-11-04T19:03:13","modified_gmt":"2016-11-04T18:03:13","slug":"kadeti-rudar-prijedora-na-celu-tabele-omladinske-lige-petarda-u-mrezi-krajine-foto","status":"publish","type":"post","link":"https:\/\/www.prijedordanas.com\/?p=65333","title":{"rendered":"KADETI RUDAR-PRIJEDORA NA \u010cELU TABELE OMLADINSKE LIGE: \u201ePETARDA\u201c U MRE\u017dI KRAJINE \u2013 FOTO"},"content":{"rendered":"<p><a href=\"https:\/\/www.prijedordanas.com\/wp-content\/uploads\/2016\/09\/rudar-prijedor-borac-bl-kadeti-1.jpg\"><img loading=\"lazy\" decoding=\"async\" class=\"alignleft size-medium wp-image-60145\" src=\"https:\/\/www.prijedordanas.com\/wp-content\/uploads\/2016\/09\/rudar-prijedor-borac-bl-kadeti-1-300x240.jpg\" alt=\"rudar prijedor-borac bl-kadeti (1)\" width=\"300\" height=\"240\" srcset=\"https:\/\/www.prijedordanas.com\/wp-content\/uploads\/2016\/09\/rudar-prijedor-borac-bl-kadeti-1-300x240.jpg 300w, https:\/\/www.prijedordanas.com\/wp-content\/uploads\/2016\/09\/rudar-prijedor-borac-bl-kadeti-1-768x613.jpg 768w, https:\/\/www.prijedordanas.com\/wp-content\/uploads\/2016\/09\/rudar-prijedor-borac-bl-kadeti-1-100x80.jpg 100w, https:\/\/www.prijedordanas.com\/wp-content\/uploads\/2016\/09\/rudar-prijedor-borac-bl-kadeti-1.jpg 800w\" sizes=\"(max-width: 300px) 100vw, 300px\" \/><\/a>Kadeti Rudar-Prijedora preuzeli su \u010delnu poziciju na tabeli Omladinske lige BiH-grupa Zapad nakon \u0161to su u 12.kolu ovog takmi\u010denja \u201epetardom\u201c ispratili vr\u0161njake iz cazinske Krajine.<\/p>\n<p>Na ruku im je i\u0161la i pobjeda banjalu\u010dkog Borca nad ekipom \u017deljezni\u010dar Sport tim pa su mladi Prijedor\u010dani, kao jedina nepora\u017eena ekipa, zasjeli na lidersku poziciju.<\/p>\n<p>Mo\u017ee se re\u0107i da su izabranici trenera Sr\u0111ana Marjanovi\u0107a sve dileme oko pobjednika rije\u0161ili ve\u0107 poslije \u0161est minuta igre kada su vodili sa 3:0.<\/p>\n<p>U 2.minuti iz prvog kornera ubacio je \u017deri\u0107, a Janju\u0161i\u0107 na \u201eprvoj\u201c stativi \u0161alje loptu u gol za 1:0.<\/p>\n<p>Ve\u0107 u sljede\u0107oj minuti \u201epovratnu\u201c loptu sa lijeve starne koristi Javori\u0107 i \u201ezakucava\u201c je pod pre\u010dku za 2:0.<\/p>\n<p><a href=\"https:\/\/www.prijedordanas.com\/wp-content\/uploads\/2016\/11\/rudar-prijedor-krajina-kadeti-1.jpg\"><img loading=\"lazy\" decoding=\"async\" class=\"alignleft size-medium wp-image-65334\" src=\"https:\/\/www.prijedordanas.com\/wp-content\/uploads\/2016\/11\/rudar-prijedor-krajina-kadeti-1-300x180.jpg\" alt=\"rudar-prijedor-krajina-kadeti-1\" width=\"300\" height=\"180\" srcset=\"https:\/\/www.prijedordanas.com\/wp-content\/uploads\/2016\/11\/rudar-prijedor-krajina-kadeti-1-300x180.jpg 300w, https:\/\/www.prijedordanas.com\/wp-content\/uploads\/2016\/11\/rudar-prijedor-krajina-kadeti-1-100x60.jpg 100w, https:\/\/www.prijedordanas.com\/wp-content\/uploads\/2016\/11\/rudar-prijedor-krajina-kadeti-1.jpg 600w\" sizes=\"(max-width: 300px) 100vw, 300px\" \/><\/a>\u0160ansu da postigne gol Krajina ne koristi dvije minute kasnije nakon rijetke lo\u0161e procjene golmana Ka\u010davende.<\/p>\n<p>Kazna je stigla u narednom napadu kada se \u017deri\u0107 najbolje sna\u0161ao u guzvi ispred \u0160krgi\u0107a i postigao gol za 3:0.<\/p>\n<p>Na samom startu drugog poluvremena Danilo Marmat se sjajno ubacio iza le\u0111a gostuju\u0107e odbrane i pogodio za 4:0.<\/p>\n<p>Peti gol za doma\u0107e u 65.minuti na sjajan na\u010din posti\u017ee Vukmanovi\u0107 koji loptu \u0161alje pod pre\u010dku gostuju\u0107eg \u010duvara mre\u017ee za kona\u010dan rezultat ovog susreta.<\/p>\n<p>Zanimljivo, me\u010d je protekao u pravom fer i sportskom nadmetanju pa glavni sudija nije pokazao nijednu javnu opomenu.<\/p>\n<p>Novim trijumfom \u201esa nulom\u201c, kadeti \u201erudara sa Sane\u201c su ve\u0107 645 minuta bez primljenog gola a ukupna gol-razlikom 55:2 je impresivna iako se radi o takmi\u010denju mla\u0111ih kategorija.<\/p>\n<p><a href=\"https:\/\/www.prijedordanas.com\/wp-content\/uploads\/2016\/11\/rudar-prijedor-krajina-kadeti-2.jpg\"><img loading=\"lazy\" decoding=\"async\" src=\"https:\/\/www.prijedordanas.com\/wp-content\/uploads\/2016\/11\/rudar-prijedor-krajina-kadeti-2-300x234.jpg\" alt=\"rudar-prijedor-krajina-kadeti-2\" width=\"300\" height=\"234\" class=\"alignleft size-medium wp-image-65335\" srcset=\"https:\/\/www.prijedordanas.com\/wp-content\/uploads\/2016\/11\/rudar-prijedor-krajina-kadeti-2-300x234.jpg 300w, https:\/\/www.prijedordanas.com\/wp-content\/uploads\/2016\/11\/rudar-prijedor-krajina-kadeti-2-100x78.jpg 100w, https:\/\/www.prijedordanas.com\/wp-content\/uploads\/2016\/11\/rudar-prijedor-krajina-kadeti-2.jpg 640w\" sizes=\"(max-width: 300px) 100vw, 300px\" \/><\/a>Kadeti<br \/>\nRudar-Prijedor: Krajina (Cazin) 5:0 (3:0)<\/p>\n<p>Ljubija<br \/>\nStadion: FK Ljubija<br \/>\nGledalaca: 50<br \/>\nSudija: Luka Bilbija<br \/>\nStrijelci: Janju\u0161i\u0107 u 2., Javori\u0107 u 3., \u017deri\u0107 u 6., D.Marmat u 42. i Vukmanovi\u0107 u 65.minuti<\/p>\n<p>Rudar-Prijedor<br \/>\nKa\u010davenda, Rokvi\u0107, Zori\u0107 (Zmijanjac), Janju\u0161i\u0107, Kova\u010devi\u0107, \u017deri\u0107 (Dejanovi\u0107), Radakovi\u0107 (N.Marmat), Mamuza, Rakovi\u0107 (Vukmanovi\u0107), D.Marmat, Javori\u0107 (\u0106ori\u0107)<\/p>\n<p>Krajina<br \/>\n\u0160krgi\u0107, Had\u017ei\u0107 (Ljubijanki\u0107), A.Red\u017ei\u0107 (Omanovi\u0107), Hairlahovi\u0107, Ki\u0161metovi\u0107, \u0160abi\u0107, Begi\u0107 (Lepuzanovi\u0107), \u0160umar (Ru\u017eni\u0107), \u010catakovi\u0107, Kli\u010di\u0107, Karajkovi\u0107 (S.Red\u017ei\u0107)<\/p>\n<p>Tekst i foto \u2013 Milan Ka\u010davenda\/Aleksandar Drakuli\u0107 \u2013 <a href=\"www.prijedordanas.com\" target=\"_blank\">www.prijedordanas.com<\/a><\/p>\n<p><a href=\"https:\/\/www.prijedordanas.com\/wp-content\/uploads\/2016\/11\/rudar-prijedor-krajina-kadeti-3.jpg\"><img loading=\"lazy\" decoding=\"async\" src=\"https:\/\/www.prijedordanas.com\/wp-content\/uploads\/2016\/11\/rudar-prijedor-krajina-kadeti-3-300x250.jpg\" alt=\"rudar-prijedor-krajina-kadeti-3\" width=\"300\" height=\"250\" class=\"alignleft size-medium wp-image-65336\" srcset=\"https:\/\/www.prijedordanas.com\/wp-content\/uploads\/2016\/11\/rudar-prijedor-krajina-kadeti-3-300x250.jpg 300w, https:\/\/www.prijedordanas.com\/wp-content\/uploads\/2016\/11\/rudar-prijedor-krajina-kadeti-3-100x83.jpg 100w, https:\/\/www.prijedordanas.com\/wp-content\/uploads\/2016\/11\/rudar-prijedor-krajina-kadeti-3.jpg 600w\" sizes=\"(max-width: 300px) 100vw, 300px\" \/><\/a> <a href=\"https:\/\/www.prijedordanas.com\/wp-content\/uploads\/2016\/11\/rudar-prijedor-krajina-kadeti-4.jpg\"><img loading=\"lazy\" decoding=\"async\" src=\"https:\/\/www.prijedordanas.com\/wp-content\/uploads\/2016\/11\/rudar-prijedor-krajina-kadeti-4-300x250.jpg\" alt=\"rudar-prijedor-krajina-kadeti-4\" width=\"300\" height=\"250\" class=\"alignleft size-medium wp-image-65337\" srcset=\"https:\/\/www.prijedordanas.com\/wp-content\/uploads\/2016\/11\/rudar-prijedor-krajina-kadeti-4-300x250.jpg 300w, https:\/\/www.prijedordanas.com\/wp-content\/uploads\/2016\/11\/rudar-prijedor-krajina-kadeti-4-100x83.jpg 100w, https:\/\/www.prijedordanas.com\/wp-content\/uploads\/2016\/11\/rudar-prijedor-krajina-kadeti-4.jpg 600w\" sizes=\"(max-width: 300px) 100vw, 300px\" \/><\/a> <a href=\"https:\/\/www.prijedordanas.com\/wp-content\/uploads\/2016\/11\/rudar-prijedor-krajina-kadeti-5.jpg\"><img loading=\"lazy\" decoding=\"async\" src=\"https:\/\/www.prijedordanas.com\/wp-content\/uploads\/2016\/11\/rudar-prijedor-krajina-kadeti-5-300x250.jpg\" alt=\"rudar-prijedor-krajina-kadeti-5\" width=\"300\" height=\"250\" class=\"alignleft size-medium wp-image-65338\" srcset=\"https:\/\/www.prijedordanas.com\/wp-content\/uploads\/2016\/11\/rudar-prijedor-krajina-kadeti-5-300x250.jpg 300w, https:\/\/www.prijedordanas.com\/wp-content\/uploads\/2016\/11\/rudar-prijedor-krajina-kadeti-5-100x83.jpg 100w, https:\/\/www.prijedordanas.com\/wp-content\/uploads\/2016\/11\/rudar-prijedor-krajina-kadeti-5.jpg 600w\" sizes=\"(max-width: 300px) 100vw, 300px\" \/><\/a><\/p>\n","protected":false},"excerpt":{"rendered":"<p>Kadeti Rudar-Prijedora preuzeli su \u010delnu poziciju na tabeli Omladinske lige BiH-grupa Zapad nakon \u0161to su u 12.kolu ovog takmi\u010denja \u201epetardom\u201c ispratili vr\u0161njake iz cazinske Krajine. Na ruku im je i\u0161la [&hellip;]<\/p>\n","protected":false},"author":1,"featured_media":0,"comment_status":"closed","ping_status":"open","sticky":false,"template":"","format":"standard","meta":{"_monsterinsights_skip_tracking":false,"_monsterinsights_sitenote_active":false,"_monsterinsights_sitenote_note":"","_monsterinsights_sitenote_category":0,"footnotes":""},"categories":[7],"tags":[374,9135,221],"yoast_head":"<!-- This site is optimized with the Yoast SEO plugin v21.6 - https:\/\/yoast.com\/wordpress\/plugins\/seo\/ -->\n<title>KADETI RUDAR-PRIJEDORA NA \u010cELU TABELE OMLADINSKE LIGE: \u201ePETARDA\u201c U MRE\u017dI KRAJINE \u2013 FOTO - PrijedorDanas.com - Prijedorski gradski portal<\/title>\n<meta name=\"robots\" content=\"index, follow, max-snippet:-1, max-image-preview:large, max-video-preview:-1\" \/>\n<link rel=\"canonical\" href=\"https:\/\/www.prijedordanas.com\/?p=65333\" \/>\n<meta property=\"og:locale\" content=\"en_US\" \/>\n<meta property=\"og:type\" content=\"article\" \/>\n<meta property=\"og:title\" content=\"KADETI RUDAR-PRIJEDORA NA \u010cELU TABELE OMLADINSKE LIGE: \u201ePETARDA\u201c U MRE\u017dI KRAJINE \u2013 FOTO - PrijedorDanas.com - Prijedorski gradski portal\" \/>\n<meta property=\"og:description\" content=\"Kadeti Rudar-Prijedora preuzeli su \u010delnu poziciju na tabeli Omladinske lige BiH-grupa Zapad nakon \u0161to su u 12.kolu ovog takmi\u010denja \u201epetardom\u201c ispratili vr\u0161njake iz cazinske Krajine. Na ruku im je i\u0161la [&hellip;]\" \/>\n<meta property=\"og:url\" content=\"https:\/\/www.prijedordanas.com\/?p=65333\" \/>\n<meta property=\"og:site_name\" content=\"PrijedorDanas.com - Prijedorski gradski portal\" \/>\n<meta property=\"article:publisher\" content=\"https:\/\/www.facebook.com\/PrijedorDanasCom\/\" \/>\n<meta property=\"article:published_time\" content=\"2016-11-04T17:54:08+00:00\" \/>\n<meta property=\"article:modified_time\" content=\"2016-11-04T18:03:13+00:00\" \/>\n<meta property=\"og:image\" content=\"https:\/\/www.prijedordanas.com\/wp-content\/uploads\/2016\/09\/rudar-prijedor-borac-bl-kadeti-1-300x240.jpg\" \/>\n<meta name=\"author\" content=\"admin\" \/>\n<meta name=\"twitter:card\" content=\"summary_large_image\" \/>\n<meta name=\"twitter:label1\" content=\"Written by\" \/>\n\t<meta name=\"twitter:data1\" content=\"admin\" \/>\n\t<meta name=\"twitter:label2\" content=\"Est. reading time\" \/>\n\t<meta name=\"twitter:data2\" content=\"2 minutes\" \/>\n<script type=\"application\/ld+json\" class=\"yoast-schema-graph\">{\"@context\":\"https:\/\/schema.org\",\"@graph\":[{\"@type\":\"Article\",\"@id\":\"https:\/\/www.prijedordanas.com\/?p=65333#article\",\"isPartOf\":{\"@id\":\"https:\/\/www.prijedordanas.com\/?p=65333\"},\"author\":{\"name\":\"admin\",\"@id\":\"https:\/\/www.prijedordanas.com\/#\/schema\/person\/4e08ccf29b506ca916ff86d46bb700e6\"},\"headline\":\"KADETI RUDAR-PRIJEDORA NA \u010cELU TABELE OMLADINSKE LIGE: \u201ePETARDA\u201c U MRE\u017dI KRAJINE \u2013 FOTO\",\"datePublished\":\"2016-11-04T17:54:08+00:00\",\"dateModified\":\"2016-11-04T18:03:13+00:00\",\"mainEntityOfPage\":{\"@id\":\"https:\/\/www.prijedordanas.com\/?p=65333\"},\"wordCount\":357,\"publisher\":{\"@id\":\"https:\/\/www.prijedordanas.com\/#organization\"},\"keywords\":[\"kadeti\",\"Krajina Cazin\",\"Rudar-Prijedor\"],\"articleSection\":[\"Sport\"],\"inLanguage\":\"en-US\"},{\"@type\":\"WebPage\",\"@id\":\"https:\/\/www.prijedordanas.com\/?p=65333\",\"url\":\"https:\/\/www.prijedordanas.com\/?p=65333\",\"name\":\"KADETI RUDAR-PRIJEDORA NA \u010cELU TABELE OMLADINSKE LIGE: \u201ePETARDA\u201c U MRE\u017dI KRAJINE \u2013 FOTO - PrijedorDanas.com - Prijedorski gradski portal\",\"isPartOf\":{\"@id\":\"https:\/\/www.prijedordanas.com\/#website\"},\"datePublished\":\"2016-11-04T17:54:08+00:00\",\"dateModified\":\"2016-11-04T18:03:13+00:00\",\"breadcrumb\":{\"@id\":\"https:\/\/www.prijedordanas.com\/?p=65333#breadcrumb\"},\"inLanguage\":\"en-US\",\"potentialAction\":[{\"@type\":\"ReadAction\",\"target\":[\"https:\/\/www.prijedordanas.com\/?p=65333\"]}]},{\"@type\":\"BreadcrumbList\",\"@id\":\"https:\/\/www.prijedordanas.com\/?p=65333#breadcrumb\",\"itemListElement\":[{\"@type\":\"ListItem\",\"position\":1,\"name\":\"Home\",\"item\":\"https:\/\/www.prijedordanas.com\/\"},{\"@type\":\"ListItem\",\"position\":2,\"name\":\"KADETI RUDAR-PRIJEDORA NA \u010cELU TABELE OMLADINSKE LIGE: \u201ePETARDA\u201c U MRE\u017dI KRAJINE \u2013 FOTO\"}]},{\"@type\":\"WebSite\",\"@id\":\"https:\/\/www.prijedordanas.com\/#website\",\"url\":\"https:\/\/www.prijedordanas.com\/\",\"name\":\"PrijedorDanas.com - Prijedorski gradski portal\",\"description\":\"Portal o doga\u0111anjima u gradu Prijedoru\",\"publisher\":{\"@id\":\"https:\/\/www.prijedordanas.com\/#organization\"},\"potentialAction\":[{\"@type\":\"SearchAction\",\"target\":{\"@type\":\"EntryPoint\",\"urlTemplate\":\"https:\/\/www.prijedordanas.com\/?s={search_term_string}\"},\"query-input\":\"required name=search_term_string\"}],\"inLanguage\":\"en-US\"},{\"@type\":\"Organization\",\"@id\":\"https:\/\/www.prijedordanas.com\/#organization\",\"name\":\"PrijedorDanas.com\",\"url\":\"https:\/\/www.prijedordanas.com\/\",\"logo\":{\"@type\":\"ImageObject\",\"inLanguage\":\"en-US\",\"@id\":\"https:\/\/www.prijedordanas.com\/#\/schema\/logo\/image\/\",\"url\":\"http:\/\/www.prijedordanas.com\/wp-content\/uploads\/2021\/12\/logopng.png\",\"contentUrl\":\"http:\/\/www.prijedordanas.com\/wp-content\/uploads\/2021\/12\/logopng.png\",\"width\":1019,\"height\":776,\"caption\":\"PrijedorDanas.com\"},\"image\":{\"@id\":\"https:\/\/www.prijedordanas.com\/#\/schema\/logo\/image\/\"},\"sameAs\":[\"https:\/\/www.facebook.com\/PrijedorDanasCom\/\"]},{\"@type\":\"Person\",\"@id\":\"https:\/\/www.prijedordanas.com\/#\/schema\/person\/4e08ccf29b506ca916ff86d46bb700e6\",\"name\":\"admin\",\"image\":{\"@type\":\"ImageObject\",\"inLanguage\":\"en-US\",\"@id\":\"https:\/\/www.prijedordanas.com\/#\/schema\/person\/image\/\",\"url\":\"https:\/\/secure.gravatar.com\/avatar\/1d3fc949d550f0b53a5f0d51e06dfd79?s=96&d=mm&r=g\",\"contentUrl\":\"https:\/\/secure.gravatar.com\/avatar\/1d3fc949d550f0b53a5f0d51e06dfd79?s=96&d=mm&r=g\",\"caption\":\"admin\"},\"url\":\"https:\/\/www.prijedordanas.com\/?author=1\"}]}<\/script>\n<!-- \/ Yoast SEO plugin. -->","yoast_head_json":{"title":"KADETI RUDAR-PRIJEDORA NA \u010cELU TABELE OMLADINSKE LIGE: \u201ePETARDA\u201c U MRE\u017dI KRAJINE \u2013 FOTO - PrijedorDanas.com - Prijedorski gradski portal","robots":{"index":"index","follow":"follow","max-snippet":"max-snippet:-1","max-image-preview":"max-image-preview:large","max-video-preview":"max-video-preview:-1"},"canonical":"https:\/\/www.prijedordanas.com\/?p=65333","og_locale":"en_US","og_type":"article","og_title":"KADETI RUDAR-PRIJEDORA NA \u010cELU TABELE OMLADINSKE LIGE: \u201ePETARDA\u201c U MRE\u017dI KRAJINE \u2013 FOTO - PrijedorDanas.com - Prijedorski gradski portal","og_description":"Kadeti Rudar-Prijedora preuzeli su \u010delnu poziciju na tabeli Omladinske lige BiH-grupa Zapad nakon \u0161to su u 12.kolu ovog takmi\u010denja \u201epetardom\u201c ispratili vr\u0161njake iz cazinske Krajine. Na ruku im je i\u0161la [&hellip;]","og_url":"https:\/\/www.prijedordanas.com\/?p=65333","og_site_name":"PrijedorDanas.com - Prijedorski gradski portal","article_publisher":"https:\/\/www.facebook.com\/PrijedorDanasCom\/","article_published_time":"2016-11-04T17:54:08+00:00","article_modified_time":"2016-11-04T18:03:13+00:00","og_image":[{"url":"https:\/\/www.prijedordanas.com\/wp-content\/uploads\/2016\/09\/rudar-prijedor-borac-bl-kadeti-1-300x240.jpg"}],"author":"admin","twitter_card":"summary_large_image","twitter_misc":{"Written by":"admin","Est. reading time":"2 minutes"},"schema":{"@context":"https:\/\/schema.org","@graph":[{"@type":"Article","@id":"https:\/\/www.prijedordanas.com\/?p=65333#article","isPartOf":{"@id":"https:\/\/www.prijedordanas.com\/?p=65333"},"author":{"name":"admin","@id":"https:\/\/www.prijedordanas.com\/#\/schema\/person\/4e08ccf29b506ca916ff86d46bb700e6"},"headline":"KADETI RUDAR-PRIJEDORA NA \u010cELU TABELE OMLADINSKE LIGE: \u201ePETARDA\u201c U MRE\u017dI KRAJINE \u2013 FOTO","datePublished":"2016-11-04T17:54:08+00:00","dateModified":"2016-11-04T18:03:13+00:00","mainEntityOfPage":{"@id":"https:\/\/www.prijedordanas.com\/?p=65333"},"wordCount":357,"publisher":{"@id":"https:\/\/www.prijedordanas.com\/#organization"},"keywords":["kadeti","Krajina Cazin","Rudar-Prijedor"],"articleSection":["Sport"],"inLanguage":"en-US"},{"@type":"WebPage","@id":"https:\/\/www.prijedordanas.com\/?p=65333","url":"https:\/\/www.prijedordanas.com\/?p=65333","name":"KADETI RUDAR-PRIJEDORA NA \u010cELU TABELE OMLADINSKE LIGE: \u201ePETARDA\u201c U MRE\u017dI KRAJINE \u2013 FOTO - PrijedorDanas.com - Prijedorski gradski portal","isPartOf":{"@id":"https:\/\/www.prijedordanas.com\/#website"},"datePublished":"2016-11-04T17:54:08+00:00","dateModified":"2016-11-04T18:03:13+00:00","breadcrumb":{"@id":"https:\/\/www.prijedordanas.com\/?p=65333#breadcrumb"},"inLanguage":"en-US","potentialAction":[{"@type":"ReadAction","target":["https:\/\/www.prijedordanas.com\/?p=65333"]}]},{"@type":"BreadcrumbList","@id":"https:\/\/www.prijedordanas.com\/?p=65333#breadcrumb","itemListElement":[{"@type":"ListItem","position":1,"name":"Home","item":"https:\/\/www.prijedordanas.com\/"},{"@type":"ListItem","position":2,"name":"KADETI RUDAR-PRIJEDORA NA \u010cELU TABELE OMLADINSKE LIGE: \u201ePETARDA\u201c U MRE\u017dI KRAJINE \u2013 FOTO"}]},{"@type":"WebSite","@id":"https:\/\/www.prijedordanas.com\/#website","url":"https:\/\/www.prijedordanas.com\/","name":"PrijedorDanas.com - Prijedorski gradski portal","description":"Portal o doga\u0111anjima u gradu Prijedoru","publisher":{"@id":"https:\/\/www.prijedordanas.com\/#organization"},"potentialAction":[{"@type":"SearchAction","target":{"@type":"EntryPoint","urlTemplate":"https:\/\/www.prijedordanas.com\/?s={search_term_string}"},"query-input":"required name=search_term_string"}],"inLanguage":"en-US"},{"@type":"Organization","@id":"https:\/\/www.prijedordanas.com\/#organization","name":"PrijedorDanas.com","url":"https:\/\/www.prijedordanas.com\/","logo":{"@type":"ImageObject","inLanguage":"en-US","@id":"https:\/\/www.prijedordanas.com\/#\/schema\/logo\/image\/","url":"http:\/\/www.prijedordanas.com\/wp-content\/uploads\/2021\/12\/logopng.png","contentUrl":"http:\/\/www.prijedordanas.com\/wp-content\/uploads\/2021\/12\/logopng.png","width":1019,"height":776,"caption":"PrijedorDanas.com"},"image":{"@id":"https:\/\/www.prijedordanas.com\/#\/schema\/logo\/image\/"},"sameAs":["https:\/\/www.facebook.com\/PrijedorDanasCom\/"]},{"@type":"Person","@id":"https:\/\/www.prijedordanas.com\/#\/schema\/person\/4e08ccf29b506ca916ff86d46bb700e6","name":"admin","image":{"@type":"ImageObject","inLanguage":"en-US","@id":"https:\/\/www.prijedordanas.com\/#\/schema\/person\/image\/","url":"https:\/\/secure.gravatar.com\/avatar\/1d3fc949d550f0b53a5f0d51e06dfd79?s=96&d=mm&r=g","contentUrl":"https:\/\/secure.gravatar.com\/avatar\/1d3fc949d550f0b53a5f0d51e06dfd79?s=96&d=mm&r=g","caption":"admin"},"url":"https:\/\/www.prijedordanas.com\/?author=1"}]}},"_links":{"self":[{"href":"https:\/\/www.prijedordanas.com\/index.php?rest_route=\/wp\/v2\/posts\/65333"}],"collection":[{"href":"https:\/\/www.prijedordanas.com\/index.php?rest_route=\/wp\/v2\/posts"}],"about":[{"href":"https:\/\/www.prijedordanas.com\/index.php?rest_route=\/wp\/v2\/types\/post"}],"author":[{"embeddable":true,"href":"https:\/\/www.prijedordanas.com\/index.php?rest_route=\/wp\/v2\/users\/1"}],"replies":[{"embeddable":true,"href":"https:\/\/www.prijedordanas.com\/index.php?rest_route=%2Fwp%2Fv2%2Fcomments&post=65333"}],"version-history":[{"count":2,"href":"https:\/\/www.prijedordanas.com\/index.php?rest_route=\/wp\/v2\/posts\/65333\/revisions"}],"predecessor-version":[{"id":65341,"href":"https:\/\/www.prijedordanas.com\/index.php?rest_route=\/wp\/v2\/posts\/65333\/revisions\/65341"}],"wp:attachment":[{"href":"https:\/\/www.prijedordanas.com\/index.php?rest_route=%2Fwp%2Fv2%2Fmedia&parent=65333"}],"wp:term":[{"taxonomy":"category","embeddable":true,"href":"https:\/\/www.prijedordanas.com\/index.php?rest_route=%2Fwp%2Fv2%2Fcategories&post=65333"},{"taxonomy":"post_tag","embeddable":true,"href":"https:\/\/www.prijedordanas.com\/index.php?rest_route=%2Fwp%2Fv2%2Ftags&post=65333"}],"curies":[{"name":"wp","href":"https:\/\/api.w.org\/{rel}","templated":true}]}}