{"id":65030,"date":"2016-11-01T22:50:25","date_gmt":"2016-11-01T21:50:25","guid":{"rendered":"https:\/\/www.prijedordanas.com\/?p=65030"},"modified":"2016-11-01T22:50:25","modified_gmt":"2016-11-01T21:50:25","slug":"prijedor-od-pogrebnika-trazili-sanduk-za-noc-vjestica-2","status":"publish","type":"post","link":"https:\/\/www.prijedordanas.com\/?p=65030","title":{"rendered":"PRIJEDOR: OD POGREBNIKA TRA\u017dILI SANDUK ZA NO\u0106 VJE\u0160TICA"},"content":{"rendered":"<p><a href=\"https:\/\/www.prijedordanas.com\/wp-content\/uploads\/2016\/11\/avaz-pogrebnik-zeljko-gvozden.jpg\"><img loading=\"lazy\" decoding=\"async\" src=\"https:\/\/www.prijedordanas.com\/wp-content\/uploads\/2016\/11\/avaz-pogrebnik-zeljko-gvozden-300x216.jpg\" alt=\"avaz-pogrebnik-zeljko-gvozden\" width=\"300\" height=\"216\" class=\"alignleft size-medium wp-image-65031\" srcset=\"https:\/\/www.prijedordanas.com\/wp-content\/uploads\/2016\/11\/avaz-pogrebnik-zeljko-gvozden-300x216.jpg 300w, https:\/\/www.prijedordanas.com\/wp-content\/uploads\/2016\/11\/avaz-pogrebnik-zeljko-gvozden-100x72.jpg 100w, https:\/\/www.prijedordanas.com\/wp-content\/uploads\/2016\/11\/avaz-pogrebnik-zeljko-gvozden.jpg 695w\" sizes=\"(max-width: 300px) 100vw, 300px\" \/><\/a>Nekoliko mladih Prijedor\u010dana nedavno je pokucalo na vrata pogrebnika \u017deljka Gvozdena. Odmah na prvi pogled, dijelom zahvaljuju\u0107i i iskustvu, shvatio je da nije rije\u010d o \u201emu\u0161terijama\u201c, \u0161to su i potvrdili tokom razgovora u kojem su mu na jednu no\u0107 na \u201epozajmicu\u201c tra\u017eili mrtva\u010dki sanduk.<\/p>\n<p>&#8211; Rekli su da \u017eele proslaviti No\u0107 vje\u0161tica. Pripremili su i neki program za koji im je potreban sanduk, pa su se sjetili mene. Na\u017ealost, nisam im ispunio \u017eelju, ve\u0107 sam ih uputio na gradsko pozori\u0161te, kojem sam za potrebe jedne predstave ranije poklonio sanduk. Da li su se dogovorili, to ne znam &#8211; pri\u010da s osmijehom Gvozden.<\/p>\n<p>On je u dugoj \u201ekarijeri\u201c pogrebnika imao prili\u010dno bizarnih situacija. Slu\u010daj bra\u010dnog para Mari\u0107 iz sela Pojezine kod Dervente, koji je u avgustu ove godine organizirao vlastitu sahranu, prijedorskog pogrebnika nije mnogo iznenadio.<\/p>\n<p>Sli\u010dnu situaciju imao je i on prije nekoliko godina, s tim da se organizator sahrane, mje\u0161tanin jednog sela iz okolice Prijedora, nije \u017eelio pojavljivati u javnosti.<\/p>\n<p>&#8211; Imao je sve, od sanduka do ru\u010dka za du\u0161u preminuloga. Napravio je i spomenik sebi i supruzi, a i ovaj \u201epokojnik\u201c \u0161etao se me\u0111u onima koji su do\u0161li na sahranu. Sve je objasnio time da je \u017eelio da vidi kako izgleda njegov sprovod i ko \u0107e mu sve do\u0107i. Jo\u0161 je \u017eiv, koliko znam &#8211; ka\u017ee Gvozden, koji se s vremenom navikao na neobi\u010dne, bizarne situacije koje nosi sve ijedan, pa i njegov posao.<\/p>\n<p>Isprepadao prolaznike<\/p>\n<p>Gvozden je u Srbiji, a po povratku iz Crne Gore, gdje je i\u0161ao nekim poslom, isprepadao one koji su u jednom trenutku, pribli\u017eiv\u0161i se njegovom vozilu, ugledali \u010dovjeka kako se prote\u017ee pored mrtva\u010dkog sanduka. <\/p>\n<p>&#8211; Bio je to dug put pa sam odlu\u010dio napraviti pauzu. Pored sanduka stavio sam deku i malo prilegao. Naprijed u vozilu nije bilo nikoga, a kada sam otvorio zadnja vrata, oni koji su bili ispred \u0161okirali su se. Kasnije su mi kroz smijeh ispri\u010dali da sam ih po\u0161teno isprepadao &#8211; ka\u017ee prijedorski pogrebnik.<\/p>\n<p>Dnevni avaz<\/p>\n","protected":false},"excerpt":{"rendered":"<p>Nekoliko mladih Prijedor\u010dana nedavno je pokucalo na vrata pogrebnika \u017deljka Gvozdena. Odmah na prvi pogled, dijelom zahvaljuju\u0107i i iskustvu, shvatio je da nije rije\u010d o \u201emu\u0161terijama\u201c, \u0161to su i potvrdili [&hellip;]<\/p>\n","protected":false},"author":1,"featured_media":0,"comment_status":"closed","ping_status":"open","sticky":false,"template":"","format":"standard","meta":{"_monsterinsights_skip_tracking":false,"_monsterinsights_sitenote_active":false,"_monsterinsights_sitenote_note":"","_monsterinsights_sitenote_category":0,"footnotes":""},"categories":[3],"tags":[9111,9110],"yoast_head":"<!-- This site is optimized with the Yoast SEO plugin v21.6 - https:\/\/yoast.com\/wordpress\/plugins\/seo\/ -->\n<title>PRIJEDOR: OD POGREBNIKA TRA\u017dILI SANDUK ZA NO\u0106 VJE\u0160TICA - PrijedorDanas.com - Prijedorski gradski portal<\/title>\n<meta name=\"robots\" content=\"index, follow, max-snippet:-1, max-image-preview:large, max-video-preview:-1\" \/>\n<link rel=\"canonical\" href=\"https:\/\/www.prijedordanas.com\/?p=65030\" \/>\n<meta property=\"og:locale\" content=\"en_US\" \/>\n<meta property=\"og:type\" content=\"article\" \/>\n<meta property=\"og:title\" content=\"PRIJEDOR: OD POGREBNIKA TRA\u017dILI SANDUK ZA NO\u0106 VJE\u0160TICA - PrijedorDanas.com - Prijedorski gradski portal\" \/>\n<meta property=\"og:description\" content=\"Nekoliko mladih Prijedor\u010dana nedavno je pokucalo na vrata pogrebnika \u017deljka Gvozdena. Odmah na prvi pogled, dijelom zahvaljuju\u0107i i iskustvu, shvatio je da nije rije\u010d o \u201emu\u0161terijama\u201c, \u0161to su i potvrdili [&hellip;]\" \/>\n<meta property=\"og:url\" content=\"https:\/\/www.prijedordanas.com\/?p=65030\" \/>\n<meta property=\"og:site_name\" content=\"PrijedorDanas.com - Prijedorski gradski portal\" \/>\n<meta property=\"article:publisher\" content=\"https:\/\/www.facebook.com\/PrijedorDanasCom\/\" \/>\n<meta property=\"article:published_time\" content=\"2016-11-01T21:50:25+00:00\" \/>\n<meta property=\"og:image\" content=\"https:\/\/www.prijedordanas.com\/wp-content\/uploads\/2016\/11\/avaz-pogrebnik-zeljko-gvozden-300x216.jpg\" \/>\n<meta name=\"author\" content=\"admin\" \/>\n<meta name=\"twitter:card\" content=\"summary_large_image\" \/>\n<meta name=\"twitter:label1\" content=\"Written by\" \/>\n\t<meta name=\"twitter:data1\" content=\"admin\" \/>\n\t<meta name=\"twitter:label2\" content=\"Est. reading time\" \/>\n\t<meta name=\"twitter:data2\" content=\"2 minutes\" \/>\n<script type=\"application\/ld+json\" class=\"yoast-schema-graph\">{\"@context\":\"https:\/\/schema.org\",\"@graph\":[{\"@type\":\"Article\",\"@id\":\"https:\/\/www.prijedordanas.com\/?p=65030#article\",\"isPartOf\":{\"@id\":\"https:\/\/www.prijedordanas.com\/?p=65030\"},\"author\":{\"name\":\"admin\",\"@id\":\"https:\/\/www.prijedordanas.com\/#\/schema\/person\/4e08ccf29b506ca916ff86d46bb700e6\"},\"headline\":\"PRIJEDOR: OD POGREBNIKA TRA\u017dILI SANDUK ZA NO\u0106 VJE\u0160TICA\",\"datePublished\":\"2016-11-01T21:50:25+00:00\",\"dateModified\":\"2016-11-01T21:50:25+00:00\",\"mainEntityOfPage\":{\"@id\":\"https:\/\/www.prijedordanas.com\/?p=65030\"},\"wordCount\":368,\"publisher\":{\"@id\":\"https:\/\/www.prijedordanas.com\/#organization\"},\"keywords\":[\"No\u0107 vje\u0161tica\",\"pogrebnik\"],\"articleSection\":[\"\u017divot\"],\"inLanguage\":\"en-US\"},{\"@type\":\"WebPage\",\"@id\":\"https:\/\/www.prijedordanas.com\/?p=65030\",\"url\":\"https:\/\/www.prijedordanas.com\/?p=65030\",\"name\":\"PRIJEDOR: OD POGREBNIKA TRA\u017dILI SANDUK ZA NO\u0106 VJE\u0160TICA - PrijedorDanas.com - Prijedorski gradski portal\",\"isPartOf\":{\"@id\":\"https:\/\/www.prijedordanas.com\/#website\"},\"datePublished\":\"2016-11-01T21:50:25+00:00\",\"dateModified\":\"2016-11-01T21:50:25+00:00\",\"breadcrumb\":{\"@id\":\"https:\/\/www.prijedordanas.com\/?p=65030#breadcrumb\"},\"inLanguage\":\"en-US\",\"potentialAction\":[{\"@type\":\"ReadAction\",\"target\":[\"https:\/\/www.prijedordanas.com\/?p=65030\"]}]},{\"@type\":\"BreadcrumbList\",\"@id\":\"https:\/\/www.prijedordanas.com\/?p=65030#breadcrumb\",\"itemListElement\":[{\"@type\":\"ListItem\",\"position\":1,\"name\":\"Home\",\"item\":\"https:\/\/www.prijedordanas.com\/\"},{\"@type\":\"ListItem\",\"position\":2,\"name\":\"PRIJEDOR: OD POGREBNIKA TRA\u017dILI SANDUK ZA NO\u0106 VJE\u0160TICA\"}]},{\"@type\":\"WebSite\",\"@id\":\"https:\/\/www.prijedordanas.com\/#website\",\"url\":\"https:\/\/www.prijedordanas.com\/\",\"name\":\"PrijedorDanas.com - Prijedorski gradski portal\",\"description\":\"Portal o doga\u0111anjima u gradu Prijedoru\",\"publisher\":{\"@id\":\"https:\/\/www.prijedordanas.com\/#organization\"},\"potentialAction\":[{\"@type\":\"SearchAction\",\"target\":{\"@type\":\"EntryPoint\",\"urlTemplate\":\"https:\/\/www.prijedordanas.com\/?s={search_term_string}\"},\"query-input\":\"required name=search_term_string\"}],\"inLanguage\":\"en-US\"},{\"@type\":\"Organization\",\"@id\":\"https:\/\/www.prijedordanas.com\/#organization\",\"name\":\"PrijedorDanas.com\",\"url\":\"https:\/\/www.prijedordanas.com\/\",\"logo\":{\"@type\":\"ImageObject\",\"inLanguage\":\"en-US\",\"@id\":\"https:\/\/www.prijedordanas.com\/#\/schema\/logo\/image\/\",\"url\":\"http:\/\/www.prijedordanas.com\/wp-content\/uploads\/2021\/12\/logopng.png\",\"contentUrl\":\"http:\/\/www.prijedordanas.com\/wp-content\/uploads\/2021\/12\/logopng.png\",\"width\":1019,\"height\":776,\"caption\":\"PrijedorDanas.com\"},\"image\":{\"@id\":\"https:\/\/www.prijedordanas.com\/#\/schema\/logo\/image\/\"},\"sameAs\":[\"https:\/\/www.facebook.com\/PrijedorDanasCom\/\"]},{\"@type\":\"Person\",\"@id\":\"https:\/\/www.prijedordanas.com\/#\/schema\/person\/4e08ccf29b506ca916ff86d46bb700e6\",\"name\":\"admin\",\"image\":{\"@type\":\"ImageObject\",\"inLanguage\":\"en-US\",\"@id\":\"https:\/\/www.prijedordanas.com\/#\/schema\/person\/image\/\",\"url\":\"https:\/\/secure.gravatar.com\/avatar\/1d3fc949d550f0b53a5f0d51e06dfd79?s=96&d=mm&r=g\",\"contentUrl\":\"https:\/\/secure.gravatar.com\/avatar\/1d3fc949d550f0b53a5f0d51e06dfd79?s=96&d=mm&r=g\",\"caption\":\"admin\"},\"url\":\"https:\/\/www.prijedordanas.com\/?author=1\"}]}<\/script>\n<!-- \/ Yoast SEO plugin. -->","yoast_head_json":{"title":"PRIJEDOR: OD POGREBNIKA TRA\u017dILI SANDUK ZA NO\u0106 VJE\u0160TICA - PrijedorDanas.com - Prijedorski gradski portal","robots":{"index":"index","follow":"follow","max-snippet":"max-snippet:-1","max-image-preview":"max-image-preview:large","max-video-preview":"max-video-preview:-1"},"canonical":"https:\/\/www.prijedordanas.com\/?p=65030","og_locale":"en_US","og_type":"article","og_title":"PRIJEDOR: OD POGREBNIKA TRA\u017dILI SANDUK ZA NO\u0106 VJE\u0160TICA - PrijedorDanas.com - Prijedorski gradski portal","og_description":"Nekoliko mladih Prijedor\u010dana nedavno je pokucalo na vrata pogrebnika \u017deljka Gvozdena. Odmah na prvi pogled, dijelom zahvaljuju\u0107i i iskustvu, shvatio je da nije rije\u010d o \u201emu\u0161terijama\u201c, \u0161to su i potvrdili [&hellip;]","og_url":"https:\/\/www.prijedordanas.com\/?p=65030","og_site_name":"PrijedorDanas.com - Prijedorski gradski portal","article_publisher":"https:\/\/www.facebook.com\/PrijedorDanasCom\/","article_published_time":"2016-11-01T21:50:25+00:00","og_image":[{"url":"https:\/\/www.prijedordanas.com\/wp-content\/uploads\/2016\/11\/avaz-pogrebnik-zeljko-gvozden-300x216.jpg"}],"author":"admin","twitter_card":"summary_large_image","twitter_misc":{"Written by":"admin","Est. reading time":"2 minutes"},"schema":{"@context":"https:\/\/schema.org","@graph":[{"@type":"Article","@id":"https:\/\/www.prijedordanas.com\/?p=65030#article","isPartOf":{"@id":"https:\/\/www.prijedordanas.com\/?p=65030"},"author":{"name":"admin","@id":"https:\/\/www.prijedordanas.com\/#\/schema\/person\/4e08ccf29b506ca916ff86d46bb700e6"},"headline":"PRIJEDOR: OD POGREBNIKA TRA\u017dILI SANDUK ZA NO\u0106 VJE\u0160TICA","datePublished":"2016-11-01T21:50:25+00:00","dateModified":"2016-11-01T21:50:25+00:00","mainEntityOfPage":{"@id":"https:\/\/www.prijedordanas.com\/?p=65030"},"wordCount":368,"publisher":{"@id":"https:\/\/www.prijedordanas.com\/#organization"},"keywords":["No\u0107 vje\u0161tica","pogrebnik"],"articleSection":["\u017divot"],"inLanguage":"en-US"},{"@type":"WebPage","@id":"https:\/\/www.prijedordanas.com\/?p=65030","url":"https:\/\/www.prijedordanas.com\/?p=65030","name":"PRIJEDOR: OD POGREBNIKA TRA\u017dILI SANDUK ZA NO\u0106 VJE\u0160TICA - PrijedorDanas.com - Prijedorski gradski portal","isPartOf":{"@id":"https:\/\/www.prijedordanas.com\/#website"},"datePublished":"2016-11-01T21:50:25+00:00","dateModified":"2016-11-01T21:50:25+00:00","breadcrumb":{"@id":"https:\/\/www.prijedordanas.com\/?p=65030#breadcrumb"},"inLanguage":"en-US","potentialAction":[{"@type":"ReadAction","target":["https:\/\/www.prijedordanas.com\/?p=65030"]}]},{"@type":"BreadcrumbList","@id":"https:\/\/www.prijedordanas.com\/?p=65030#breadcrumb","itemListElement":[{"@type":"ListItem","position":1,"name":"Home","item":"https:\/\/www.prijedordanas.com\/"},{"@type":"ListItem","position":2,"name":"PRIJEDOR: OD POGREBNIKA TRA\u017dILI SANDUK ZA NO\u0106 VJE\u0160TICA"}]},{"@type":"WebSite","@id":"https:\/\/www.prijedordanas.com\/#website","url":"https:\/\/www.prijedordanas.com\/","name":"PrijedorDanas.com - Prijedorski gradski portal","description":"Portal o doga\u0111anjima u gradu Prijedoru","publisher":{"@id":"https:\/\/www.prijedordanas.com\/#organization"},"potentialAction":[{"@type":"SearchAction","target":{"@type":"EntryPoint","urlTemplate":"https:\/\/www.prijedordanas.com\/?s={search_term_string}"},"query-input":"required name=search_term_string"}],"inLanguage":"en-US"},{"@type":"Organization","@id":"https:\/\/www.prijedordanas.com\/#organization","name":"PrijedorDanas.com","url":"https:\/\/www.prijedordanas.com\/","logo":{"@type":"ImageObject","inLanguage":"en-US","@id":"https:\/\/www.prijedordanas.com\/#\/schema\/logo\/image\/","url":"http:\/\/www.prijedordanas.com\/wp-content\/uploads\/2021\/12\/logopng.png","contentUrl":"http:\/\/www.prijedordanas.com\/wp-content\/uploads\/2021\/12\/logopng.png","width":1019,"height":776,"caption":"PrijedorDanas.com"},"image":{"@id":"https:\/\/www.prijedordanas.com\/#\/schema\/logo\/image\/"},"sameAs":["https:\/\/www.facebook.com\/PrijedorDanasCom\/"]},{"@type":"Person","@id":"https:\/\/www.prijedordanas.com\/#\/schema\/person\/4e08ccf29b506ca916ff86d46bb700e6","name":"admin","image":{"@type":"ImageObject","inLanguage":"en-US","@id":"https:\/\/www.prijedordanas.com\/#\/schema\/person\/image\/","url":"https:\/\/secure.gravatar.com\/avatar\/1d3fc949d550f0b53a5f0d51e06dfd79?s=96&d=mm&r=g","contentUrl":"https:\/\/secure.gravatar.com\/avatar\/1d3fc949d550f0b53a5f0d51e06dfd79?s=96&d=mm&r=g","caption":"admin"},"url":"https:\/\/www.prijedordanas.com\/?author=1"}]}},"_links":{"self":[{"href":"https:\/\/www.prijedordanas.com\/index.php?rest_route=\/wp\/v2\/posts\/65030"}],"collection":[{"href":"https:\/\/www.prijedordanas.com\/index.php?rest_route=\/wp\/v2\/posts"}],"about":[{"href":"https:\/\/www.prijedordanas.com\/index.php?rest_route=\/wp\/v2\/types\/post"}],"author":[{"embeddable":true,"href":"https:\/\/www.prijedordanas.com\/index.php?rest_route=\/wp\/v2\/users\/1"}],"replies":[{"embeddable":true,"href":"https:\/\/www.prijedordanas.com\/index.php?rest_route=%2Fwp%2Fv2%2Fcomments&post=65030"}],"version-history":[{"count":1,"href":"https:\/\/www.prijedordanas.com\/index.php?rest_route=\/wp\/v2\/posts\/65030\/revisions"}],"predecessor-version":[{"id":65032,"href":"https:\/\/www.prijedordanas.com\/index.php?rest_route=\/wp\/v2\/posts\/65030\/revisions\/65032"}],"wp:attachment":[{"href":"https:\/\/www.prijedordanas.com\/index.php?rest_route=%2Fwp%2Fv2%2Fmedia&parent=65030"}],"wp:term":[{"taxonomy":"category","embeddable":true,"href":"https:\/\/www.prijedordanas.com\/index.php?rest_route=%2Fwp%2Fv2%2Fcategories&post=65030"},{"taxonomy":"post_tag","embeddable":true,"href":"https:\/\/www.prijedordanas.com\/index.php?rest_route=%2Fwp%2Fv2%2Ftags&post=65030"}],"curies":[{"name":"wp","href":"https:\/\/api.w.org\/{rel}","templated":true}]}}