{"id":64838,"date":"2016-10-31T15:28:21","date_gmt":"2016-10-31T14:28:21","guid":{"rendered":"https:\/\/www.prijedordanas.com\/?p=64838"},"modified":"2016-10-31T15:46:11","modified_gmt":"2016-10-31T14:46:11","slug":"odrzan-fashion-show-kraljica-jelene-govedarice-fotovideo","status":"publish","type":"post","link":"https:\/\/www.prijedordanas.com\/?p=64838","title":{"rendered":"ODR\u017dAN FASHION SHOW \u201cKRALJICA\u201d JELENE GOVEDARICE \u2013 FOTO\/VIDEO"},"content":{"rendered":"<p><a href=\"https:\/\/www.prijedordanas.com\/wp-content\/uploads\/2016\/10\/fashion-show-kraljica-1.jpg\"><img loading=\"lazy\" decoding=\"async\" class=\"alignleft size-medium wp-image-64840\" src=\"https:\/\/www.prijedordanas.com\/wp-content\/uploads\/2016\/10\/fashion-show-kraljica-1-300x231.jpg\" alt=\"fashion-show-kraljica-1\" width=\"300\" height=\"231\" srcset=\"https:\/\/www.prijedordanas.com\/wp-content\/uploads\/2016\/10\/fashion-show-kraljica-1-300x231.jpg 300w, https:\/\/www.prijedordanas.com\/wp-content\/uploads\/2016\/10\/fashion-show-kraljica-1-100x77.jpg 100w, https:\/\/www.prijedordanas.com\/wp-content\/uploads\/2016\/10\/fashion-show-kraljica-1.jpg 650w\" sizes=\"(max-width: 300px) 100vw, 300px\" \/><\/a>Manekenka Jelena Govedarica odr\u017eala je svoj 50. fe\u0161n \u0161ou pod nazivom \u201cKraljica\u201d, za koji potpisuje scenario i koreografiju, ali se pojavljuje i u ulozi k\u0107erke, rame uz rame s poznatom banjalu\u010dkom glumicom Radenkom \u0160eva.<\/p>\n<p>Publika, navikla na Jelenine pozori\u0161no-modne performanse, ni ovog puta nije bila razo\u010darana.<\/p>\n<p>Govedarica je ponosna \u0161to je, za ovih \u0161est godina, do\u010dekala svoj jubilarni modni \u0161ou.<\/p>\n<p>\u2013 Pri\u010dom o majci i k\u0107erki pokazali smo koliko je vaspitanje va\u017eno za formiranje karaktera. Uop\u0161teno smo se bavili usponima i padovima, jer me inspirisala pjesma Emine Vuki\u0107evi\u0107 iz knjige \u201cKraljica\u201d: \u201cIdem, padnem, ustanem, popravim krunu i nastavim dalje\u201d \u2013 rekla je Govedarica.<\/p>\n<p>Banjalu\u010dka glumica Radenka \u0160eva priznaje da je ovo za nju bilo novo iskustvo.<\/p>\n<p><a href=\"https:\/\/www.prijedordanas.com\/wp-content\/uploads\/2016\/10\/fashion-show-kraljica-2.jpg\"><img loading=\"lazy\" decoding=\"async\" class=\"alignleft size-medium wp-image-64842\" src=\"https:\/\/www.prijedordanas.com\/wp-content\/uploads\/2016\/10\/fashion-show-kraljica-2-300x231.jpg\" alt=\"fashion-show-kraljica-2\" width=\"300\" height=\"231\" srcset=\"https:\/\/www.prijedordanas.com\/wp-content\/uploads\/2016\/10\/fashion-show-kraljica-2-300x231.jpg 300w, https:\/\/www.prijedordanas.com\/wp-content\/uploads\/2016\/10\/fashion-show-kraljica-2-100x77.jpg 100w, https:\/\/www.prijedordanas.com\/wp-content\/uploads\/2016\/10\/fashion-show-kraljica-2.jpg 650w\" sizes=\"(max-width: 300px) 100vw, 300px\" \/><\/a>\u2013 U po\u010detku sam bila skepti\u010dna kako \u0107e da izgleda taj spoj glume i mode, me\u0111utim, kako smo se Jelena i ja svaki dan nalazile i radile na tome, bivalo je sve ugodnije i ugodnije i na kraju shvatam da je to divan na\u010din da se ujedine moda i gluma \u2013 otkriva \u0160eva.<\/p>\n<p>Tokom sat i po programa, publika u Prijedorskom pozori\u0161tu mogla je da vidi miks pjesme, plesa, glume, mode. Prire\u0111en je i fingirani izbor za mis svijeta u kome je pobjedu odnijela ljepotica iz BiH.<\/p>\n<p>Modnu liniju sve\u010danih haljina predstavila je prijedorska kreatorka Snje\u017eana Vujinovi\u0107.<\/p>\n<p>\u2013 Haljine su za glamurozne prilike, jer su kori\u0161teni zaista vrhunski materijali i \u010dipka ru\u010dne izrade, s tim da svaka haljina ima neki moj pe\u010dat i posebna je na svoj na\u010din \u2013 rekla je Vujinovi\u0107eva kojoj je ovo bilo i vatreno kr\u0161tenje pred publikom.<\/p>\n<p><a href=\"https:\/\/www.prijedordanas.com\/wp-content\/uploads\/2016\/10\/fashion-show-kraljica-3.jpg\"><img loading=\"lazy\" decoding=\"async\" class=\"alignleft size-medium wp-image-64843\" src=\"https:\/\/www.prijedordanas.com\/wp-content\/uploads\/2016\/10\/fashion-show-kraljica-3-300x231.jpg\" alt=\"fashion-show-kraljica-3\" width=\"300\" height=\"231\" srcset=\"https:\/\/www.prijedordanas.com\/wp-content\/uploads\/2016\/10\/fashion-show-kraljica-3-300x231.jpg 300w, https:\/\/www.prijedordanas.com\/wp-content\/uploads\/2016\/10\/fashion-show-kraljica-3-100x77.jpg 100w, https:\/\/www.prijedordanas.com\/wp-content\/uploads\/2016\/10\/fashion-show-kraljica-3.jpg 650w\" sizes=\"(max-width: 300px) 100vw, 300px\" \/><\/a>Salon vjen\u010danica \u201cPerla\u201d predstavio se poznatim brendovima \u201cenzoani\u201d, \u201cpaula de onofrio\u201d, \u201cmegi sotero\u201d i drugim.<\/p>\n<p>\u201cSport vi\u017en\u201d u\u010destvovao je sa \u0161irokom lepezom brendova: \u201cnajk\u201d, \u201cadidas\u201d, \u201celeze\u201d, \u201c\u010dempion\u201d, a po rije\u010dima Aleksandra \u0110ura\u0161inovi\u0107a, regionalnog menad\u017eera ove firme, cilj im je propagirati zdrav, sportski na\u010din \u017eivota.<\/p>\n<p>Modele su nosili manekeni Jelene Govedarica iz Prijedora, Banjaluke i Novog Grada.<\/p>\n<p>Brojna publika mogla je da izvu\u010de zaklju\u010dak da ne treba slijepo pratiti trendove, ve\u0107 graditi li\u010dni stil i vizuelno najbolje izraziti svoju osobenost.<\/p>\n<p>Generalni pokrovitelj ove pozori\u0161no-modne ve\u010deri bio je Grad Prijedor.<\/p>\n<p>Tekst\/video \u2013 RTV Prijedor<br \/>\nFoto\/video &#8211; Aleksandar Drakuli\u0107 \u2013 <a href=\"www.prijedordanas.com\" target=\"_blank\">www.prijedordanas.com<\/a><\/p>\n<p><iframe loading=\"lazy\" width=\"500\" height=\"281\" src=\"https:\/\/www.youtube.com\/embed\/VvhSjXFQ6TI?feature=oembed\" frameborder=\"0\" allowfullscreen><\/iframe><\/p>\n<p><iframe loading=\"lazy\" width=\"500\" height=\"281\" src=\"https:\/\/www.youtube.com\/embed\/pXSVMrYc-UQ?feature=oembed\" frameborder=\"0\" allowfullscreen><\/iframe><\/p>\n<p><a href=\"https:\/\/www.prijedordanas.com\/wp-content\/uploads\/2016\/10\/fashion-show-kraljica-4.jpg\"><img loading=\"lazy\" decoding=\"async\" class=\"alignleft size-medium wp-image-64844\" src=\"https:\/\/www.prijedordanas.com\/wp-content\/uploads\/2016\/10\/fashion-show-kraljica-4-300x231.jpg\" alt=\"fashion-show-kraljica-4\" width=\"300\" height=\"231\" srcset=\"https:\/\/www.prijedordanas.com\/wp-content\/uploads\/2016\/10\/fashion-show-kraljica-4-300x231.jpg 300w, https:\/\/www.prijedordanas.com\/wp-content\/uploads\/2016\/10\/fashion-show-kraljica-4-100x77.jpg 100w, https:\/\/www.prijedordanas.com\/wp-content\/uploads\/2016\/10\/fashion-show-kraljica-4.jpg 650w\" sizes=\"(max-width: 300px) 100vw, 300px\" \/><\/a> <a href=\"https:\/\/www.prijedordanas.com\/wp-content\/uploads\/2016\/10\/fashion-show-kraljica-5.jpg\"><img loading=\"lazy\" decoding=\"async\" class=\"alignleft size-medium wp-image-64845\" src=\"https:\/\/www.prijedordanas.com\/wp-content\/uploads\/2016\/10\/fashion-show-kraljica-5-300x231.jpg\" alt=\"fashion-show-kraljica-5\" width=\"300\" height=\"231\" srcset=\"https:\/\/www.prijedordanas.com\/wp-content\/uploads\/2016\/10\/fashion-show-kraljica-5-300x231.jpg 300w, https:\/\/www.prijedordanas.com\/wp-content\/uploads\/2016\/10\/fashion-show-kraljica-5-100x77.jpg 100w, https:\/\/www.prijedordanas.com\/wp-content\/uploads\/2016\/10\/fashion-show-kraljica-5.jpg 650w\" sizes=\"(max-width: 300px) 100vw, 300px\" \/><\/a> <a href=\"https:\/\/www.prijedordanas.com\/wp-content\/uploads\/2016\/10\/fashion-show-kraljica-6.jpg\"><img loading=\"lazy\" decoding=\"async\" src=\"https:\/\/www.prijedordanas.com\/wp-content\/uploads\/2016\/10\/fashion-show-kraljica-6-300x231.jpg\" alt=\"fashion-show-kraljica-6\" width=\"300\" height=\"231\" class=\"alignleft size-medium wp-image-64847\" srcset=\"https:\/\/www.prijedordanas.com\/wp-content\/uploads\/2016\/10\/fashion-show-kraljica-6-300x231.jpg 300w, https:\/\/www.prijedordanas.com\/wp-content\/uploads\/2016\/10\/fashion-show-kraljica-6-100x77.jpg 100w, https:\/\/www.prijedordanas.com\/wp-content\/uploads\/2016\/10\/fashion-show-kraljica-6.jpg 650w\" sizes=\"(max-width: 300px) 100vw, 300px\" \/><\/a> <a href=\"https:\/\/www.prijedordanas.com\/wp-content\/uploads\/2016\/10\/fashion-show-kraljica-7.jpg\"><img loading=\"lazy\" decoding=\"async\" src=\"https:\/\/www.prijedordanas.com\/wp-content\/uploads\/2016\/10\/fashion-show-kraljica-7-300x231.jpg\" alt=\"fashion-show-kraljica-7\" width=\"300\" height=\"231\" class=\"alignleft size-medium wp-image-64848\" srcset=\"https:\/\/www.prijedordanas.com\/wp-content\/uploads\/2016\/10\/fashion-show-kraljica-7-300x231.jpg 300w, https:\/\/www.prijedordanas.com\/wp-content\/uploads\/2016\/10\/fashion-show-kraljica-7-100x77.jpg 100w, https:\/\/www.prijedordanas.com\/wp-content\/uploads\/2016\/10\/fashion-show-kraljica-7.jpg 650w\" sizes=\"(max-width: 300px) 100vw, 300px\" \/><\/a> <a href=\"https:\/\/www.prijedordanas.com\/wp-content\/uploads\/2016\/10\/fashion-show-kraljica-8.jpg\"><img loading=\"lazy\" decoding=\"async\" src=\"https:\/\/www.prijedordanas.com\/wp-content\/uploads\/2016\/10\/fashion-show-kraljica-8-300x231.jpg\" alt=\"fashion-show-kraljica-8\" width=\"300\" height=\"231\" class=\"alignleft size-medium wp-image-64850\" srcset=\"https:\/\/www.prijedordanas.com\/wp-content\/uploads\/2016\/10\/fashion-show-kraljica-8-300x231.jpg 300w, https:\/\/www.prijedordanas.com\/wp-content\/uploads\/2016\/10\/fashion-show-kraljica-8-100x77.jpg 100w, https:\/\/www.prijedordanas.com\/wp-content\/uploads\/2016\/10\/fashion-show-kraljica-8.jpg 650w\" sizes=\"(max-width: 300px) 100vw, 300px\" \/><\/a> <a href=\"https:\/\/www.prijedordanas.com\/wp-content\/uploads\/2016\/10\/fashion-show-kraljica-9.jpg\"><img loading=\"lazy\" decoding=\"async\" src=\"https:\/\/www.prijedordanas.com\/wp-content\/uploads\/2016\/10\/fashion-show-kraljica-9-300x231.jpg\" alt=\"fashion-show-kraljica-9\" width=\"300\" height=\"231\" class=\"alignleft size-medium wp-image-64851\" srcset=\"https:\/\/www.prijedordanas.com\/wp-content\/uploads\/2016\/10\/fashion-show-kraljica-9-300x231.jpg 300w, https:\/\/www.prijedordanas.com\/wp-content\/uploads\/2016\/10\/fashion-show-kraljica-9-100x77.jpg 100w, https:\/\/www.prijedordanas.com\/wp-content\/uploads\/2016\/10\/fashion-show-kraljica-9.jpg 650w\" sizes=\"(max-width: 300px) 100vw, 300px\" \/><\/a><\/p>\n","protected":false},"excerpt":{"rendered":"<p>Manekenka Jelena Govedarica odr\u017eala je svoj 50. fe\u0161n \u0161ou pod nazivom \u201cKraljica\u201d, za koji potpisuje scenario i koreografiju, ali se pojavljuje i u ulozi k\u0107erke, rame uz rame s poznatom [&hellip;]<\/p>\n","protected":false},"author":1,"featured_media":0,"comment_status":"closed","ping_status":"open","sticky":false,"template":"","format":"standard","meta":{"_monsterinsights_skip_tracking":false,"_monsterinsights_sitenote_active":false,"_monsterinsights_sitenote_note":"","_monsterinsights_sitenote_category":0,"footnotes":""},"categories":[4],"tags":[9082,831],"yoast_head":"<!-- This site is optimized with the Yoast SEO plugin v21.6 - https:\/\/yoast.com\/wordpress\/plugins\/seo\/ -->\n<title>ODR\u017dAN FASHION SHOW \u201cKRALJICA\u201d JELENE GOVEDARICE \u2013 FOTO\/VIDEO - PrijedorDanas.com - Prijedorski gradski portal<\/title>\n<meta name=\"robots\" content=\"index, follow, max-snippet:-1, max-image-preview:large, max-video-preview:-1\" \/>\n<link rel=\"canonical\" href=\"https:\/\/www.prijedordanas.com\/?p=64838\" \/>\n<meta property=\"og:locale\" content=\"en_US\" \/>\n<meta property=\"og:type\" content=\"article\" \/>\n<meta property=\"og:title\" content=\"ODR\u017dAN FASHION SHOW \u201cKRALJICA\u201d JELENE GOVEDARICE \u2013 FOTO\/VIDEO - PrijedorDanas.com - Prijedorski gradski portal\" \/>\n<meta property=\"og:description\" content=\"Manekenka Jelena Govedarica odr\u017eala je svoj 50. fe\u0161n \u0161ou pod nazivom \u201cKraljica\u201d, za koji potpisuje scenario i koreografiju, ali se pojavljuje i u ulozi k\u0107erke, rame uz rame s poznatom [&hellip;]\" \/>\n<meta property=\"og:url\" content=\"https:\/\/www.prijedordanas.com\/?p=64838\" \/>\n<meta property=\"og:site_name\" content=\"PrijedorDanas.com - Prijedorski gradski portal\" \/>\n<meta property=\"article:publisher\" content=\"https:\/\/www.facebook.com\/PrijedorDanasCom\/\" \/>\n<meta property=\"article:published_time\" content=\"2016-10-31T14:28:21+00:00\" \/>\n<meta property=\"article:modified_time\" content=\"2016-10-31T14:46:11+00:00\" \/>\n<meta property=\"og:image\" content=\"https:\/\/www.prijedordanas.com\/wp-content\/uploads\/2016\/10\/fashion-show-kraljica-1-300x231.jpg\" \/>\n<meta name=\"author\" content=\"admin\" \/>\n<meta name=\"twitter:card\" content=\"summary_large_image\" \/>\n<meta name=\"twitter:label1\" content=\"Written by\" \/>\n\t<meta name=\"twitter:data1\" content=\"admin\" \/>\n\t<meta name=\"twitter:label2\" content=\"Est. reading time\" \/>\n\t<meta name=\"twitter:data2\" content=\"2 minutes\" \/>\n<script type=\"application\/ld+json\" class=\"yoast-schema-graph\">{\"@context\":\"https:\/\/schema.org\",\"@graph\":[{\"@type\":\"Article\",\"@id\":\"https:\/\/www.prijedordanas.com\/?p=64838#article\",\"isPartOf\":{\"@id\":\"https:\/\/www.prijedordanas.com\/?p=64838\"},\"author\":{\"name\":\"admin\",\"@id\":\"https:\/\/www.prijedordanas.com\/#\/schema\/person\/4e08ccf29b506ca916ff86d46bb700e6\"},\"headline\":\"ODR\u017dAN FASHION SHOW \u201cKRALJICA\u201d JELENE GOVEDARICE \u2013 FOTO\/VIDEO\",\"datePublished\":\"2016-10-31T14:28:21+00:00\",\"dateModified\":\"2016-10-31T14:46:11+00:00\",\"mainEntityOfPage\":{\"@id\":\"https:\/\/www.prijedordanas.com\/?p=64838\"},\"wordCount\":408,\"publisher\":{\"@id\":\"https:\/\/www.prijedordanas.com\/#organization\"},\"keywords\":[\"Fashion show \\\"Kraljica\\\"\",\"Jelena Govedarica\"],\"articleSection\":[\"Dru\u0161tvo\"],\"inLanguage\":\"en-US\"},{\"@type\":\"WebPage\",\"@id\":\"https:\/\/www.prijedordanas.com\/?p=64838\",\"url\":\"https:\/\/www.prijedordanas.com\/?p=64838\",\"name\":\"ODR\u017dAN FASHION SHOW \u201cKRALJICA\u201d JELENE GOVEDARICE \u2013 FOTO\/VIDEO - PrijedorDanas.com - Prijedorski gradski portal\",\"isPartOf\":{\"@id\":\"https:\/\/www.prijedordanas.com\/#website\"},\"datePublished\":\"2016-10-31T14:28:21+00:00\",\"dateModified\":\"2016-10-31T14:46:11+00:00\",\"breadcrumb\":{\"@id\":\"https:\/\/www.prijedordanas.com\/?p=64838#breadcrumb\"},\"inLanguage\":\"en-US\",\"potentialAction\":[{\"@type\":\"ReadAction\",\"target\":[\"https:\/\/www.prijedordanas.com\/?p=64838\"]}]},{\"@type\":\"BreadcrumbList\",\"@id\":\"https:\/\/www.prijedordanas.com\/?p=64838#breadcrumb\",\"itemListElement\":[{\"@type\":\"ListItem\",\"position\":1,\"name\":\"Home\",\"item\":\"https:\/\/www.prijedordanas.com\/\"},{\"@type\":\"ListItem\",\"position\":2,\"name\":\"ODR\u017dAN FASHION SHOW \u201cKRALJICA\u201d JELENE GOVEDARICE \u2013 FOTO\/VIDEO\"}]},{\"@type\":\"WebSite\",\"@id\":\"https:\/\/www.prijedordanas.com\/#website\",\"url\":\"https:\/\/www.prijedordanas.com\/\",\"name\":\"PrijedorDanas.com - Prijedorski gradski portal\",\"description\":\"Portal o doga\u0111anjima u gradu Prijedoru\",\"publisher\":{\"@id\":\"https:\/\/www.prijedordanas.com\/#organization\"},\"potentialAction\":[{\"@type\":\"SearchAction\",\"target\":{\"@type\":\"EntryPoint\",\"urlTemplate\":\"https:\/\/www.prijedordanas.com\/?s={search_term_string}\"},\"query-input\":\"required name=search_term_string\"}],\"inLanguage\":\"en-US\"},{\"@type\":\"Organization\",\"@id\":\"https:\/\/www.prijedordanas.com\/#organization\",\"name\":\"PrijedorDanas.com\",\"url\":\"https:\/\/www.prijedordanas.com\/\",\"logo\":{\"@type\":\"ImageObject\",\"inLanguage\":\"en-US\",\"@id\":\"https:\/\/www.prijedordanas.com\/#\/schema\/logo\/image\/\",\"url\":\"http:\/\/www.prijedordanas.com\/wp-content\/uploads\/2021\/12\/logopng.png\",\"contentUrl\":\"http:\/\/www.prijedordanas.com\/wp-content\/uploads\/2021\/12\/logopng.png\",\"width\":1019,\"height\":776,\"caption\":\"PrijedorDanas.com\"},\"image\":{\"@id\":\"https:\/\/www.prijedordanas.com\/#\/schema\/logo\/image\/\"},\"sameAs\":[\"https:\/\/www.facebook.com\/PrijedorDanasCom\/\"]},{\"@type\":\"Person\",\"@id\":\"https:\/\/www.prijedordanas.com\/#\/schema\/person\/4e08ccf29b506ca916ff86d46bb700e6\",\"name\":\"admin\",\"image\":{\"@type\":\"ImageObject\",\"inLanguage\":\"en-US\",\"@id\":\"https:\/\/www.prijedordanas.com\/#\/schema\/person\/image\/\",\"url\":\"https:\/\/secure.gravatar.com\/avatar\/1d3fc949d550f0b53a5f0d51e06dfd79?s=96&d=mm&r=g\",\"contentUrl\":\"https:\/\/secure.gravatar.com\/avatar\/1d3fc949d550f0b53a5f0d51e06dfd79?s=96&d=mm&r=g\",\"caption\":\"admin\"},\"url\":\"https:\/\/www.prijedordanas.com\/?author=1\"}]}<\/script>\n<!-- \/ Yoast SEO plugin. -->","yoast_head_json":{"title":"ODR\u017dAN FASHION SHOW \u201cKRALJICA\u201d JELENE GOVEDARICE \u2013 FOTO\/VIDEO - PrijedorDanas.com - Prijedorski gradski portal","robots":{"index":"index","follow":"follow","max-snippet":"max-snippet:-1","max-image-preview":"max-image-preview:large","max-video-preview":"max-video-preview:-1"},"canonical":"https:\/\/www.prijedordanas.com\/?p=64838","og_locale":"en_US","og_type":"article","og_title":"ODR\u017dAN FASHION SHOW \u201cKRALJICA\u201d JELENE GOVEDARICE \u2013 FOTO\/VIDEO - PrijedorDanas.com - Prijedorski gradski portal","og_description":"Manekenka Jelena Govedarica odr\u017eala je svoj 50. fe\u0161n \u0161ou pod nazivom \u201cKraljica\u201d, za koji potpisuje scenario i koreografiju, ali se pojavljuje i u ulozi k\u0107erke, rame uz rame s poznatom [&hellip;]","og_url":"https:\/\/www.prijedordanas.com\/?p=64838","og_site_name":"PrijedorDanas.com - Prijedorski gradski portal","article_publisher":"https:\/\/www.facebook.com\/PrijedorDanasCom\/","article_published_time":"2016-10-31T14:28:21+00:00","article_modified_time":"2016-10-31T14:46:11+00:00","og_image":[{"url":"https:\/\/www.prijedordanas.com\/wp-content\/uploads\/2016\/10\/fashion-show-kraljica-1-300x231.jpg"}],"author":"admin","twitter_card":"summary_large_image","twitter_misc":{"Written by":"admin","Est. reading time":"2 minutes"},"schema":{"@context":"https:\/\/schema.org","@graph":[{"@type":"Article","@id":"https:\/\/www.prijedordanas.com\/?p=64838#article","isPartOf":{"@id":"https:\/\/www.prijedordanas.com\/?p=64838"},"author":{"name":"admin","@id":"https:\/\/www.prijedordanas.com\/#\/schema\/person\/4e08ccf29b506ca916ff86d46bb700e6"},"headline":"ODR\u017dAN FASHION SHOW \u201cKRALJICA\u201d JELENE GOVEDARICE \u2013 FOTO\/VIDEO","datePublished":"2016-10-31T14:28:21+00:00","dateModified":"2016-10-31T14:46:11+00:00","mainEntityOfPage":{"@id":"https:\/\/www.prijedordanas.com\/?p=64838"},"wordCount":408,"publisher":{"@id":"https:\/\/www.prijedordanas.com\/#organization"},"keywords":["Fashion show \"Kraljica\"","Jelena Govedarica"],"articleSection":["Dru\u0161tvo"],"inLanguage":"en-US"},{"@type":"WebPage","@id":"https:\/\/www.prijedordanas.com\/?p=64838","url":"https:\/\/www.prijedordanas.com\/?p=64838","name":"ODR\u017dAN FASHION SHOW \u201cKRALJICA\u201d JELENE GOVEDARICE \u2013 FOTO\/VIDEO - PrijedorDanas.com - Prijedorski gradski portal","isPartOf":{"@id":"https:\/\/www.prijedordanas.com\/#website"},"datePublished":"2016-10-31T14:28:21+00:00","dateModified":"2016-10-31T14:46:11+00:00","breadcrumb":{"@id":"https:\/\/www.prijedordanas.com\/?p=64838#breadcrumb"},"inLanguage":"en-US","potentialAction":[{"@type":"ReadAction","target":["https:\/\/www.prijedordanas.com\/?p=64838"]}]},{"@type":"BreadcrumbList","@id":"https:\/\/www.prijedordanas.com\/?p=64838#breadcrumb","itemListElement":[{"@type":"ListItem","position":1,"name":"Home","item":"https:\/\/www.prijedordanas.com\/"},{"@type":"ListItem","position":2,"name":"ODR\u017dAN FASHION SHOW \u201cKRALJICA\u201d JELENE GOVEDARICE \u2013 FOTO\/VIDEO"}]},{"@type":"WebSite","@id":"https:\/\/www.prijedordanas.com\/#website","url":"https:\/\/www.prijedordanas.com\/","name":"PrijedorDanas.com - Prijedorski gradski portal","description":"Portal o doga\u0111anjima u gradu Prijedoru","publisher":{"@id":"https:\/\/www.prijedordanas.com\/#organization"},"potentialAction":[{"@type":"SearchAction","target":{"@type":"EntryPoint","urlTemplate":"https:\/\/www.prijedordanas.com\/?s={search_term_string}"},"query-input":"required name=search_term_string"}],"inLanguage":"en-US"},{"@type":"Organization","@id":"https:\/\/www.prijedordanas.com\/#organization","name":"PrijedorDanas.com","url":"https:\/\/www.prijedordanas.com\/","logo":{"@type":"ImageObject","inLanguage":"en-US","@id":"https:\/\/www.prijedordanas.com\/#\/schema\/logo\/image\/","url":"http:\/\/www.prijedordanas.com\/wp-content\/uploads\/2021\/12\/logopng.png","contentUrl":"http:\/\/www.prijedordanas.com\/wp-content\/uploads\/2021\/12\/logopng.png","width":1019,"height":776,"caption":"PrijedorDanas.com"},"image":{"@id":"https:\/\/www.prijedordanas.com\/#\/schema\/logo\/image\/"},"sameAs":["https:\/\/www.facebook.com\/PrijedorDanasCom\/"]},{"@type":"Person","@id":"https:\/\/www.prijedordanas.com\/#\/schema\/person\/4e08ccf29b506ca916ff86d46bb700e6","name":"admin","image":{"@type":"ImageObject","inLanguage":"en-US","@id":"https:\/\/www.prijedordanas.com\/#\/schema\/person\/image\/","url":"https:\/\/secure.gravatar.com\/avatar\/1d3fc949d550f0b53a5f0d51e06dfd79?s=96&d=mm&r=g","contentUrl":"https:\/\/secure.gravatar.com\/avatar\/1d3fc949d550f0b53a5f0d51e06dfd79?s=96&d=mm&r=g","caption":"admin"},"url":"https:\/\/www.prijedordanas.com\/?author=1"}]}},"_links":{"self":[{"href":"https:\/\/www.prijedordanas.com\/index.php?rest_route=\/wp\/v2\/posts\/64838"}],"collection":[{"href":"https:\/\/www.prijedordanas.com\/index.php?rest_route=\/wp\/v2\/posts"}],"about":[{"href":"https:\/\/www.prijedordanas.com\/index.php?rest_route=\/wp\/v2\/types\/post"}],"author":[{"embeddable":true,"href":"https:\/\/www.prijedordanas.com\/index.php?rest_route=\/wp\/v2\/users\/1"}],"replies":[{"embeddable":true,"href":"https:\/\/www.prijedordanas.com\/index.php?rest_route=%2Fwp%2Fv2%2Fcomments&post=64838"}],"version-history":[{"count":3,"href":"https:\/\/www.prijedordanas.com\/index.php?rest_route=\/wp\/v2\/posts\/64838\/revisions"}],"predecessor-version":[{"id":64852,"href":"https:\/\/www.prijedordanas.com\/index.php?rest_route=\/wp\/v2\/posts\/64838\/revisions\/64852"}],"wp:attachment":[{"href":"https:\/\/www.prijedordanas.com\/index.php?rest_route=%2Fwp%2Fv2%2Fmedia&parent=64838"}],"wp:term":[{"taxonomy":"category","embeddable":true,"href":"https:\/\/www.prijedordanas.com\/index.php?rest_route=%2Fwp%2Fv2%2Fcategories&post=64838"},{"taxonomy":"post_tag","embeddable":true,"href":"https:\/\/www.prijedordanas.com\/index.php?rest_route=%2Fwp%2Fv2%2Ftags&post=64838"}],"curies":[{"name":"wp","href":"https:\/\/api.w.org\/{rel}","templated":true}]}}