{"id":64765,"date":"2016-10-30T17:54:50","date_gmt":"2016-10-30T16:54:50","guid":{"rendered":"https:\/\/www.prijedordanas.com\/?p=64765"},"modified":"2016-10-30T17:54:50","modified_gmt":"2016-10-30T16:54:50","slug":"prijedorcani-osjetili-talase-koji-su-iz-italije-dosli-60-sekundi-nakon-zemljotresa-video","status":"publish","type":"post","link":"https:\/\/www.prijedordanas.com\/?p=64765","title":{"rendered":"PRIJEDOR\u010cANI OSJETILI TALASE KOJI SU IZ ITALIJE DO\u0160LI 60 SEKUNDI NAKON ZEMLJOTRESA &#8211; VIDEO"},"content":{"rendered":"<p><a href=\"https:\/\/www.prijedordanas.com\/wp-content\/uploads\/2016\/10\/zemljotres-italija-nedjelja.jpg\"><img loading=\"lazy\" decoding=\"async\" class=\"alignleft size-medium wp-image-64766\" src=\"https:\/\/www.prijedordanas.com\/wp-content\/uploads\/2016\/10\/zemljotres-italija-nedjelja-300x226.jpg\" alt=\"zemljotres-italija-nedjelja\" width=\"300\" height=\"226\" srcset=\"https:\/\/www.prijedordanas.com\/wp-content\/uploads\/2016\/10\/zemljotres-italija-nedjelja-300x226.jpg 300w, https:\/\/www.prijedordanas.com\/wp-content\/uploads\/2016\/10\/zemljotres-italija-nedjelja-100x75.jpg 100w, https:\/\/www.prijedordanas.com\/wp-content\/uploads\/2016\/10\/zemljotres-italija-nedjelja-640x480.jpg 640w, https:\/\/www.prijedordanas.com\/wp-content\/uploads\/2016\/10\/zemljotres-italija-nedjelja.jpg 664w\" sizes=\"(max-width: 300px) 100vw, 300px\" \/><\/a>Instrumenti Republi\u010dkog seizmolo\u0161kog zavoda iz Banja Luke registrovali su italijanski zemljotres jutros oko 7:40 sati, dok je njegov talas do na\u0161ih krajeva do\u0161ao nakon 60 sekundi.<\/p>\n<p>&#8220;Registrovali smo zemljotres u istoj zoni \u017eari\u0161ta kao i onaj koji je zabilje\u017een 26. oktobra. Ipak, ovaj od jutros je bio ja\u010di i iznosio je 6,5 stepeni po Richteru, a zabilje\u017eili smo ga jutros u 7:40 sati&#8221;, potvr\u0111eno je za Klix.ba iz Republi\u010dkog seizmolo\u0161kog zavoda.<\/p>\n<p>Snje\u017eana Cviji\u0107-Amuli\u0107, na\u010delnik Odjeljenja za opservatorsku seizmologiju, objasnila je razloge \u0161to se podrhtavanje tla u Italiji osjetilo i u Bosni i Hercegovini.<\/p>\n<p>&#8220;S obzirom da je zemljotres bio jak, on se mogao osjetiti na teritoriji cijele BiH. Ipak, naj\u010de\u0161\u0107e su ga osjetili gra\u0111ani na vi\u0161im spratovima nebodera. Efekat se osjetio na taj na\u010din da su se vise\u0107i predmeti njihali \u0161to je karakteristi\u010dlno za zemljotrese koji se dese na udaljenim epicentralnim zonama&#8221;, kazala je Cviji\u0107-Amuli\u0107.<\/p>\n<p><a href=\"https:\/\/www.prijedordanas.com\/wp-content\/uploads\/2016\/10\/zemljotres-italija-srijeda.jpg\"><img loading=\"lazy\" decoding=\"async\" class=\"alignleft size-medium wp-image-64767\" src=\"https:\/\/www.prijedordanas.com\/wp-content\/uploads\/2016\/10\/zemljotres-italija-srijeda-248x300.jpg\" alt=\"zemljotres-italija-srijeda\" width=\"248\" height=\"300\" srcset=\"https:\/\/www.prijedordanas.com\/wp-content\/uploads\/2016\/10\/zemljotres-italija-srijeda-248x300.jpg 248w, https:\/\/www.prijedordanas.com\/wp-content\/uploads\/2016\/10\/zemljotres-italija-srijeda-83x100.jpg 83w, https:\/\/www.prijedordanas.com\/wp-content\/uploads\/2016\/10\/zemljotres-italija-srijeda.jpg 495w\" sizes=\"(max-width: 248px) 100vw, 248px\" \/><\/a>Ako smo u epicentralnoj zoni ili jako blizu nje, obja\u0161njava na\u0161a sagovornica, gra\u0111ani osjete podrhtavanje koje traje svega nekoliko sekundi. S obzirom na udaljenost Italije, ovoga puta je rije\u010d o povr\u0161inskim talasima koji do nas dolaze u vidu blagog ljuljanja \u010dak i jednu minutu nakon trenutka zemljotresa.<\/p>\n<p>Italijanski zemljotres se u na\u0161im krajevima osjetilo uglavnom u podru\u010dju zapadne BiH, u Biha\u0107u, Prijedoru i Banjoj Luci, ali i na podru\u010dju ju\u017ene Hercegovine.<\/p>\n<p>Klix.ba<\/p>\n<p>Da su i Prijedor\u010dani osjetili zemljotres iz Italije pokazuje kratki video snimak \u201elovca na oluje\u201c, ina\u010de na\u0161eg sugra\u0111anina, Kristijana Vuj\u010di\u0107a, koji je nastao u srijedu uve\u010de.<\/p>\n<p><iframe loading=\"lazy\" width=\"500\" height=\"375\" src=\"https:\/\/www.youtube.com\/embed\/ckM5EtLU3_Q?feature=oembed\" frameborder=\"0\" allowfullscreen><\/iframe><\/p>\n","protected":false},"excerpt":{"rendered":"<p>Instrumenti Republi\u010dkog seizmolo\u0161kog zavoda iz Banja Luke registrovali su italijanski zemljotres jutros oko 7:40 sati, dok je njegov talas do na\u0161ih krajeva do\u0161ao nakon 60 sekundi. &#8220;Registrovali smo zemljotres u [&hellip;]<\/p>\n","protected":false},"author":1,"featured_media":0,"comment_status":"closed","ping_status":"open","sticky":false,"template":"","format":"standard","meta":{"_monsterinsights_skip_tracking":false,"_monsterinsights_sitenote_active":false,"_monsterinsights_sitenote_note":"","_monsterinsights_sitenote_category":0,"footnotes":""},"categories":[4],"tags":[2419,269],"yoast_head":"<!-- This site is optimized with the Yoast SEO plugin v21.6 - https:\/\/yoast.com\/wordpress\/plugins\/seo\/ -->\n<title>PRIJEDOR\u010cANI OSJETILI TALASE KOJI SU IZ ITALIJE DO\u0160LI 60 SEKUNDI NAKON ZEMLJOTRESA - VIDEO - PrijedorDanas.com - Prijedorski gradski portal<\/title>\n<meta name=\"robots\" content=\"index, follow, max-snippet:-1, max-image-preview:large, max-video-preview:-1\" \/>\n<link rel=\"canonical\" href=\"https:\/\/www.prijedordanas.com\/?p=64765\" \/>\n<meta property=\"og:locale\" content=\"en_US\" \/>\n<meta property=\"og:type\" content=\"article\" \/>\n<meta property=\"og:title\" content=\"PRIJEDOR\u010cANI OSJETILI TALASE KOJI SU IZ ITALIJE DO\u0160LI 60 SEKUNDI NAKON ZEMLJOTRESA - VIDEO - PrijedorDanas.com - Prijedorski gradski portal\" \/>\n<meta property=\"og:description\" content=\"Instrumenti Republi\u010dkog seizmolo\u0161kog zavoda iz Banja Luke registrovali su italijanski zemljotres jutros oko 7:40 sati, dok je njegov talas do na\u0161ih krajeva do\u0161ao nakon 60 sekundi. &#8220;Registrovali smo zemljotres u [&hellip;]\" \/>\n<meta property=\"og:url\" content=\"https:\/\/www.prijedordanas.com\/?p=64765\" \/>\n<meta property=\"og:site_name\" content=\"PrijedorDanas.com - Prijedorski gradski portal\" \/>\n<meta property=\"article:publisher\" content=\"https:\/\/www.facebook.com\/PrijedorDanasCom\/\" \/>\n<meta property=\"article:published_time\" content=\"2016-10-30T16:54:50+00:00\" \/>\n<meta property=\"og:image\" content=\"https:\/\/www.prijedordanas.com\/wp-content\/uploads\/2016\/10\/zemljotres-italija-nedjelja-300x226.jpg\" \/>\n<meta name=\"author\" content=\"admin\" \/>\n<meta name=\"twitter:card\" content=\"summary_large_image\" \/>\n<meta name=\"twitter:label1\" content=\"Written by\" \/>\n\t<meta name=\"twitter:data1\" content=\"admin\" \/>\n\t<meta name=\"twitter:label2\" content=\"Est. reading time\" \/>\n\t<meta name=\"twitter:data2\" content=\"1 minute\" \/>\n<script type=\"application\/ld+json\" class=\"yoast-schema-graph\">{\"@context\":\"https:\/\/schema.org\",\"@graph\":[{\"@type\":\"Article\",\"@id\":\"https:\/\/www.prijedordanas.com\/?p=64765#article\",\"isPartOf\":{\"@id\":\"https:\/\/www.prijedordanas.com\/?p=64765\"},\"author\":{\"name\":\"admin\",\"@id\":\"https:\/\/www.prijedordanas.com\/#\/schema\/person\/4e08ccf29b506ca916ff86d46bb700e6\"},\"headline\":\"PRIJEDOR\u010cANI OSJETILI TALASE KOJI SU IZ ITALIJE DO\u0160LI 60 SEKUNDI NAKON ZEMLJOTRESA &#8211; VIDEO\",\"datePublished\":\"2016-10-30T16:54:50+00:00\",\"dateModified\":\"2016-10-30T16:54:50+00:00\",\"mainEntityOfPage\":{\"@id\":\"https:\/\/www.prijedordanas.com\/?p=64765\"},\"wordCount\":299,\"publisher\":{\"@id\":\"https:\/\/www.prijedordanas.com\/#organization\"},\"keywords\":[\"Italija\",\"zemljotres\"],\"articleSection\":[\"Dru\u0161tvo\"],\"inLanguage\":\"en-US\"},{\"@type\":\"WebPage\",\"@id\":\"https:\/\/www.prijedordanas.com\/?p=64765\",\"url\":\"https:\/\/www.prijedordanas.com\/?p=64765\",\"name\":\"PRIJEDOR\u010cANI OSJETILI TALASE KOJI SU IZ ITALIJE DO\u0160LI 60 SEKUNDI NAKON ZEMLJOTRESA - VIDEO - PrijedorDanas.com - Prijedorski gradski portal\",\"isPartOf\":{\"@id\":\"https:\/\/www.prijedordanas.com\/#website\"},\"datePublished\":\"2016-10-30T16:54:50+00:00\",\"dateModified\":\"2016-10-30T16:54:50+00:00\",\"breadcrumb\":{\"@id\":\"https:\/\/www.prijedordanas.com\/?p=64765#breadcrumb\"},\"inLanguage\":\"en-US\",\"potentialAction\":[{\"@type\":\"ReadAction\",\"target\":[\"https:\/\/www.prijedordanas.com\/?p=64765\"]}]},{\"@type\":\"BreadcrumbList\",\"@id\":\"https:\/\/www.prijedordanas.com\/?p=64765#breadcrumb\",\"itemListElement\":[{\"@type\":\"ListItem\",\"position\":1,\"name\":\"Home\",\"item\":\"https:\/\/www.prijedordanas.com\/\"},{\"@type\":\"ListItem\",\"position\":2,\"name\":\"PRIJEDOR\u010cANI OSJETILI TALASE KOJI SU IZ ITALIJE DO\u0160LI 60 SEKUNDI NAKON ZEMLJOTRESA &#8211; VIDEO\"}]},{\"@type\":\"WebSite\",\"@id\":\"https:\/\/www.prijedordanas.com\/#website\",\"url\":\"https:\/\/www.prijedordanas.com\/\",\"name\":\"PrijedorDanas.com - Prijedorski gradski portal\",\"description\":\"Portal o doga\u0111anjima u gradu Prijedoru\",\"publisher\":{\"@id\":\"https:\/\/www.prijedordanas.com\/#organization\"},\"potentialAction\":[{\"@type\":\"SearchAction\",\"target\":{\"@type\":\"EntryPoint\",\"urlTemplate\":\"https:\/\/www.prijedordanas.com\/?s={search_term_string}\"},\"query-input\":\"required name=search_term_string\"}],\"inLanguage\":\"en-US\"},{\"@type\":\"Organization\",\"@id\":\"https:\/\/www.prijedordanas.com\/#organization\",\"name\":\"PrijedorDanas.com\",\"url\":\"https:\/\/www.prijedordanas.com\/\",\"logo\":{\"@type\":\"ImageObject\",\"inLanguage\":\"en-US\",\"@id\":\"https:\/\/www.prijedordanas.com\/#\/schema\/logo\/image\/\",\"url\":\"http:\/\/www.prijedordanas.com\/wp-content\/uploads\/2021\/12\/logopng.png\",\"contentUrl\":\"http:\/\/www.prijedordanas.com\/wp-content\/uploads\/2021\/12\/logopng.png\",\"width\":1019,\"height\":776,\"caption\":\"PrijedorDanas.com\"},\"image\":{\"@id\":\"https:\/\/www.prijedordanas.com\/#\/schema\/logo\/image\/\"},\"sameAs\":[\"https:\/\/www.facebook.com\/PrijedorDanasCom\/\"]},{\"@type\":\"Person\",\"@id\":\"https:\/\/www.prijedordanas.com\/#\/schema\/person\/4e08ccf29b506ca916ff86d46bb700e6\",\"name\":\"admin\",\"image\":{\"@type\":\"ImageObject\",\"inLanguage\":\"en-US\",\"@id\":\"https:\/\/www.prijedordanas.com\/#\/schema\/person\/image\/\",\"url\":\"https:\/\/secure.gravatar.com\/avatar\/1d3fc949d550f0b53a5f0d51e06dfd79?s=96&d=mm&r=g\",\"contentUrl\":\"https:\/\/secure.gravatar.com\/avatar\/1d3fc949d550f0b53a5f0d51e06dfd79?s=96&d=mm&r=g\",\"caption\":\"admin\"},\"url\":\"https:\/\/www.prijedordanas.com\/?author=1\"}]}<\/script>\n<!-- \/ Yoast SEO plugin. -->","yoast_head_json":{"title":"PRIJEDOR\u010cANI OSJETILI TALASE KOJI SU IZ ITALIJE DO\u0160LI 60 SEKUNDI NAKON ZEMLJOTRESA - VIDEO - PrijedorDanas.com - Prijedorski gradski portal","robots":{"index":"index","follow":"follow","max-snippet":"max-snippet:-1","max-image-preview":"max-image-preview:large","max-video-preview":"max-video-preview:-1"},"canonical":"https:\/\/www.prijedordanas.com\/?p=64765","og_locale":"en_US","og_type":"article","og_title":"PRIJEDOR\u010cANI OSJETILI TALASE KOJI SU IZ ITALIJE DO\u0160LI 60 SEKUNDI NAKON ZEMLJOTRESA - VIDEO - PrijedorDanas.com - Prijedorski gradski portal","og_description":"Instrumenti Republi\u010dkog seizmolo\u0161kog zavoda iz Banja Luke registrovali su italijanski zemljotres jutros oko 7:40 sati, dok je njegov talas do na\u0161ih krajeva do\u0161ao nakon 60 sekundi. &#8220;Registrovali smo zemljotres u [&hellip;]","og_url":"https:\/\/www.prijedordanas.com\/?p=64765","og_site_name":"PrijedorDanas.com - Prijedorski gradski portal","article_publisher":"https:\/\/www.facebook.com\/PrijedorDanasCom\/","article_published_time":"2016-10-30T16:54:50+00:00","og_image":[{"url":"https:\/\/www.prijedordanas.com\/wp-content\/uploads\/2016\/10\/zemljotres-italija-nedjelja-300x226.jpg"}],"author":"admin","twitter_card":"summary_large_image","twitter_misc":{"Written by":"admin","Est. reading time":"1 minute"},"schema":{"@context":"https:\/\/schema.org","@graph":[{"@type":"Article","@id":"https:\/\/www.prijedordanas.com\/?p=64765#article","isPartOf":{"@id":"https:\/\/www.prijedordanas.com\/?p=64765"},"author":{"name":"admin","@id":"https:\/\/www.prijedordanas.com\/#\/schema\/person\/4e08ccf29b506ca916ff86d46bb700e6"},"headline":"PRIJEDOR\u010cANI OSJETILI TALASE KOJI SU IZ ITALIJE DO\u0160LI 60 SEKUNDI NAKON ZEMLJOTRESA &#8211; VIDEO","datePublished":"2016-10-30T16:54:50+00:00","dateModified":"2016-10-30T16:54:50+00:00","mainEntityOfPage":{"@id":"https:\/\/www.prijedordanas.com\/?p=64765"},"wordCount":299,"publisher":{"@id":"https:\/\/www.prijedordanas.com\/#organization"},"keywords":["Italija","zemljotres"],"articleSection":["Dru\u0161tvo"],"inLanguage":"en-US"},{"@type":"WebPage","@id":"https:\/\/www.prijedordanas.com\/?p=64765","url":"https:\/\/www.prijedordanas.com\/?p=64765","name":"PRIJEDOR\u010cANI OSJETILI TALASE KOJI SU IZ ITALIJE DO\u0160LI 60 SEKUNDI NAKON ZEMLJOTRESA - VIDEO - PrijedorDanas.com - Prijedorski gradski portal","isPartOf":{"@id":"https:\/\/www.prijedordanas.com\/#website"},"datePublished":"2016-10-30T16:54:50+00:00","dateModified":"2016-10-30T16:54:50+00:00","breadcrumb":{"@id":"https:\/\/www.prijedordanas.com\/?p=64765#breadcrumb"},"inLanguage":"en-US","potentialAction":[{"@type":"ReadAction","target":["https:\/\/www.prijedordanas.com\/?p=64765"]}]},{"@type":"BreadcrumbList","@id":"https:\/\/www.prijedordanas.com\/?p=64765#breadcrumb","itemListElement":[{"@type":"ListItem","position":1,"name":"Home","item":"https:\/\/www.prijedordanas.com\/"},{"@type":"ListItem","position":2,"name":"PRIJEDOR\u010cANI OSJETILI TALASE KOJI SU IZ ITALIJE DO\u0160LI 60 SEKUNDI NAKON ZEMLJOTRESA &#8211; VIDEO"}]},{"@type":"WebSite","@id":"https:\/\/www.prijedordanas.com\/#website","url":"https:\/\/www.prijedordanas.com\/","name":"PrijedorDanas.com - Prijedorski gradski portal","description":"Portal o doga\u0111anjima u gradu Prijedoru","publisher":{"@id":"https:\/\/www.prijedordanas.com\/#organization"},"potentialAction":[{"@type":"SearchAction","target":{"@type":"EntryPoint","urlTemplate":"https:\/\/www.prijedordanas.com\/?s={search_term_string}"},"query-input":"required name=search_term_string"}],"inLanguage":"en-US"},{"@type":"Organization","@id":"https:\/\/www.prijedordanas.com\/#organization","name":"PrijedorDanas.com","url":"https:\/\/www.prijedordanas.com\/","logo":{"@type":"ImageObject","inLanguage":"en-US","@id":"https:\/\/www.prijedordanas.com\/#\/schema\/logo\/image\/","url":"http:\/\/www.prijedordanas.com\/wp-content\/uploads\/2021\/12\/logopng.png","contentUrl":"http:\/\/www.prijedordanas.com\/wp-content\/uploads\/2021\/12\/logopng.png","width":1019,"height":776,"caption":"PrijedorDanas.com"},"image":{"@id":"https:\/\/www.prijedordanas.com\/#\/schema\/logo\/image\/"},"sameAs":["https:\/\/www.facebook.com\/PrijedorDanasCom\/"]},{"@type":"Person","@id":"https:\/\/www.prijedordanas.com\/#\/schema\/person\/4e08ccf29b506ca916ff86d46bb700e6","name":"admin","image":{"@type":"ImageObject","inLanguage":"en-US","@id":"https:\/\/www.prijedordanas.com\/#\/schema\/person\/image\/","url":"https:\/\/secure.gravatar.com\/avatar\/1d3fc949d550f0b53a5f0d51e06dfd79?s=96&d=mm&r=g","contentUrl":"https:\/\/secure.gravatar.com\/avatar\/1d3fc949d550f0b53a5f0d51e06dfd79?s=96&d=mm&r=g","caption":"admin"},"url":"https:\/\/www.prijedordanas.com\/?author=1"}]}},"_links":{"self":[{"href":"https:\/\/www.prijedordanas.com\/index.php?rest_route=\/wp\/v2\/posts\/64765"}],"collection":[{"href":"https:\/\/www.prijedordanas.com\/index.php?rest_route=\/wp\/v2\/posts"}],"about":[{"href":"https:\/\/www.prijedordanas.com\/index.php?rest_route=\/wp\/v2\/types\/post"}],"author":[{"embeddable":true,"href":"https:\/\/www.prijedordanas.com\/index.php?rest_route=\/wp\/v2\/users\/1"}],"replies":[{"embeddable":true,"href":"https:\/\/www.prijedordanas.com\/index.php?rest_route=%2Fwp%2Fv2%2Fcomments&post=64765"}],"version-history":[{"count":1,"href":"https:\/\/www.prijedordanas.com\/index.php?rest_route=\/wp\/v2\/posts\/64765\/revisions"}],"predecessor-version":[{"id":64768,"href":"https:\/\/www.prijedordanas.com\/index.php?rest_route=\/wp\/v2\/posts\/64765\/revisions\/64768"}],"wp:attachment":[{"href":"https:\/\/www.prijedordanas.com\/index.php?rest_route=%2Fwp%2Fv2%2Fmedia&parent=64765"}],"wp:term":[{"taxonomy":"category","embeddable":true,"href":"https:\/\/www.prijedordanas.com\/index.php?rest_route=%2Fwp%2Fv2%2Fcategories&post=64765"},{"taxonomy":"post_tag","embeddable":true,"href":"https:\/\/www.prijedordanas.com\/index.php?rest_route=%2Fwp%2Fv2%2Ftags&post=64765"}],"curies":[{"name":"wp","href":"https:\/\/api.w.org\/{rel}","templated":true}]}}