{"id":64671,"date":"2016-10-29T17:49:02","date_gmt":"2016-10-29T15:49:02","guid":{"rendered":"https:\/\/www.prijedordanas.com\/?p=64671"},"modified":"2016-10-29T17:49:02","modified_gmt":"2016-10-29T15:49:02","slug":"predlozen-pritvor-vozacu-autobusa-zbog-smrti-pjesaka","status":"publish","type":"post","link":"https:\/\/www.prijedordanas.com\/?p=64671","title":{"rendered":"PREDLO\u017dEN PRITVOR VOZA\u010cU AUTOBUSA ZBOG SMRTI PJE\u0160AKA"},"content":{"rendered":"<p><a href=\"https:\/\/www.prijedordanas.com\/wp-content\/uploads\/2016\/10\/saobracajka-tukovi-poginuo-pjesak-4.jpg\"><img loading=\"lazy\" decoding=\"async\" src=\"https:\/\/www.prijedordanas.com\/wp-content\/uploads\/2016\/10\/saobracajka-tukovi-poginuo-pjesak-4-300x231.jpg\" alt=\"saobracajka-tukovi-poginuo-pjesak-4\" width=\"300\" height=\"231\" class=\"alignleft size-medium wp-image-64531\" srcset=\"https:\/\/www.prijedordanas.com\/wp-content\/uploads\/2016\/10\/saobracajka-tukovi-poginuo-pjesak-4-300x231.jpg 300w, https:\/\/www.prijedordanas.com\/wp-content\/uploads\/2016\/10\/saobracajka-tukovi-poginuo-pjesak-4-100x77.jpg 100w, https:\/\/www.prijedordanas.com\/wp-content\/uploads\/2016\/10\/saobracajka-tukovi-poginuo-pjesak-4.jpg 650w\" sizes=\"(max-width: 300px) 100vw, 300px\" \/><\/a>Tu\u017eila\u0161tvo je predlo\u017eilo da bude odre\u0111en pritvor voza\u010du Miroslavu Drilji\u0107u \/52\/ iz Kranja osumnji\u010denom da je u Prijedoru autobusom udario pje\u0161aka Janka Milutinovi\u0107a \/56\/, koji je smrtno nastradao.<\/p>\n<p>Drilji\u0107 je osumnji\u010den da je po\u010dinio krivi\u010dno djelo ugro\u017eavanje javnog saobra\u0107aja. <\/p>\n<p>Pritvor je danas predlo\u017eilo banjalu\u010dko Okru\u017eno javno tu\u017eila\u0161tvo zbog okolnosti koje ukazuju na opasnost od bjekstva osumnji\u010denog, re\u010deno je Srni u tom tu\u017eila\u0161tvu. <\/p>\n<p>Saobra\u0107ajna nesre\u0107a dogodila se u \u010detvrtak, 27. oktobra, oko 20.00 \u010dasova kada je Drilji\u0107 u Prijedoru autobusom &#8220;Globus tursa&#8221; udario u Milutinovi\u0107a, koji je tom prilikom poginuo. <\/p>\n<p>O prijedlogu za odre\u0111ivanje pritvora odlu\u010di\u0107e sudija za prethodni postupak Osnovnog suda u Prijedoru. <\/p>\n<p>Tekst \u2013 SRNA<br \/>\nFoto \u2013 Aleksandar Drakuli\u0107 \u2013 <a href=\"www.prijedordanas.com\" target=\"_blank\">www.prijedordanas.com<\/a><\/p>\n","protected":false},"excerpt":{"rendered":"<p>Tu\u017eila\u0161tvo je predlo\u017eilo da bude odre\u0111en pritvor voza\u010du Miroslavu Drilji\u0107u \/52\/ iz Kranja osumnji\u010denom da je u Prijedoru autobusom udario pje\u0161aka Janka Milutinovi\u0107a \/56\/, koji je smrtno nastradao. Drilji\u0107 je [&hellip;]<\/p>\n","protected":false},"author":1,"featured_media":0,"comment_status":"closed","ping_status":"open","sticky":false,"template":"","format":"standard","meta":{"_monsterinsights_skip_tracking":false,"_monsterinsights_sitenote_active":false,"_monsterinsights_sitenote_note":"","_monsterinsights_sitenote_category":0,"footnotes":""},"categories":[5],"tags":[20,9075,9079,3435,203,228,7662],"yoast_head":"<!-- This site is optimized with the Yoast SEO plugin v21.6 - https:\/\/yoast.com\/wordpress\/plugins\/seo\/ -->\n<title>PREDLO\u017dEN PRITVOR VOZA\u010cU AUTOBUSA ZBOG SMRTI PJE\u0160AKA - PrijedorDanas.com - Prijedorski gradski portal<\/title>\n<meta name=\"robots\" content=\"index, follow, max-snippet:-1, max-image-preview:large, max-video-preview:-1\" \/>\n<link rel=\"canonical\" href=\"https:\/\/www.prijedordanas.com\/?p=64671\" \/>\n<meta property=\"og:locale\" content=\"en_US\" \/>\n<meta property=\"og:type\" content=\"article\" \/>\n<meta property=\"og:title\" content=\"PREDLO\u017dEN PRITVOR VOZA\u010cU AUTOBUSA ZBOG SMRTI PJE\u0160AKA - PrijedorDanas.com - Prijedorski gradski portal\" \/>\n<meta property=\"og:description\" content=\"Tu\u017eila\u0161tvo je predlo\u017eilo da bude odre\u0111en pritvor voza\u010du Miroslavu Drilji\u0107u \/52\/ iz Kranja osumnji\u010denom da je u Prijedoru autobusom udario pje\u0161aka Janka Milutinovi\u0107a \/56\/, koji je smrtno nastradao. Drilji\u0107 je [&hellip;]\" \/>\n<meta property=\"og:url\" content=\"https:\/\/www.prijedordanas.com\/?p=64671\" \/>\n<meta property=\"og:site_name\" content=\"PrijedorDanas.com - Prijedorski gradski portal\" \/>\n<meta property=\"article:publisher\" content=\"https:\/\/www.facebook.com\/PrijedorDanasCom\/\" \/>\n<meta property=\"article:published_time\" content=\"2016-10-29T15:49:02+00:00\" \/>\n<meta property=\"og:image\" content=\"https:\/\/www.prijedordanas.com\/wp-content\/uploads\/2016\/10\/saobracajka-tukovi-poginuo-pjesak-4-300x231.jpg\" \/>\n<meta name=\"author\" content=\"admin\" \/>\n<meta name=\"twitter:card\" content=\"summary_large_image\" \/>\n<meta name=\"twitter:label1\" content=\"Written by\" \/>\n\t<meta name=\"twitter:data1\" content=\"admin\" \/>\n\t<meta name=\"twitter:label2\" content=\"Est. reading time\" \/>\n\t<meta name=\"twitter:data2\" content=\"1 minute\" \/>\n<script type=\"application\/ld+json\" class=\"yoast-schema-graph\">{\"@context\":\"https:\/\/schema.org\",\"@graph\":[{\"@type\":\"Article\",\"@id\":\"https:\/\/www.prijedordanas.com\/?p=64671#article\",\"isPartOf\":{\"@id\":\"https:\/\/www.prijedordanas.com\/?p=64671\"},\"author\":{\"name\":\"admin\",\"@id\":\"https:\/\/www.prijedordanas.com\/#\/schema\/person\/4e08ccf29b506ca916ff86d46bb700e6\"},\"headline\":\"PREDLO\u017dEN PRITVOR VOZA\u010cU AUTOBUSA ZBOG SMRTI PJE\u0160AKA\",\"datePublished\":\"2016-10-29T15:49:02+00:00\",\"dateModified\":\"2016-10-29T15:49:02+00:00\",\"mainEntityOfPage\":{\"@id\":\"https:\/\/www.prijedordanas.com\/?p=64671\"},\"wordCount\":146,\"publisher\":{\"@id\":\"https:\/\/www.prijedordanas.com\/#organization\"},\"keywords\":[\"autobus\",\"Janko Milutinovi\u0107\",\"Miroslav Drilji\u0107\",\"pje\u0161ak\",\"pritvor\",\"saobra\u0107ajka\",\"voza\u010d\"],\"articleSection\":[\"Hronika\"],\"inLanguage\":\"en-US\"},{\"@type\":\"WebPage\",\"@id\":\"https:\/\/www.prijedordanas.com\/?p=64671\",\"url\":\"https:\/\/www.prijedordanas.com\/?p=64671\",\"name\":\"PREDLO\u017dEN PRITVOR VOZA\u010cU AUTOBUSA ZBOG SMRTI PJE\u0160AKA - PrijedorDanas.com - Prijedorski gradski portal\",\"isPartOf\":{\"@id\":\"https:\/\/www.prijedordanas.com\/#website\"},\"datePublished\":\"2016-10-29T15:49:02+00:00\",\"dateModified\":\"2016-10-29T15:49:02+00:00\",\"breadcrumb\":{\"@id\":\"https:\/\/www.prijedordanas.com\/?p=64671#breadcrumb\"},\"inLanguage\":\"en-US\",\"potentialAction\":[{\"@type\":\"ReadAction\",\"target\":[\"https:\/\/www.prijedordanas.com\/?p=64671\"]}]},{\"@type\":\"BreadcrumbList\",\"@id\":\"https:\/\/www.prijedordanas.com\/?p=64671#breadcrumb\",\"itemListElement\":[{\"@type\":\"ListItem\",\"position\":1,\"name\":\"Home\",\"item\":\"https:\/\/www.prijedordanas.com\/\"},{\"@type\":\"ListItem\",\"position\":2,\"name\":\"PREDLO\u017dEN PRITVOR VOZA\u010cU AUTOBUSA ZBOG SMRTI PJE\u0160AKA\"}]},{\"@type\":\"WebSite\",\"@id\":\"https:\/\/www.prijedordanas.com\/#website\",\"url\":\"https:\/\/www.prijedordanas.com\/\",\"name\":\"PrijedorDanas.com - Prijedorski gradski portal\",\"description\":\"Portal o doga\u0111anjima u gradu Prijedoru\",\"publisher\":{\"@id\":\"https:\/\/www.prijedordanas.com\/#organization\"},\"potentialAction\":[{\"@type\":\"SearchAction\",\"target\":{\"@type\":\"EntryPoint\",\"urlTemplate\":\"https:\/\/www.prijedordanas.com\/?s={search_term_string}\"},\"query-input\":\"required name=search_term_string\"}],\"inLanguage\":\"en-US\"},{\"@type\":\"Organization\",\"@id\":\"https:\/\/www.prijedordanas.com\/#organization\",\"name\":\"PrijedorDanas.com\",\"url\":\"https:\/\/www.prijedordanas.com\/\",\"logo\":{\"@type\":\"ImageObject\",\"inLanguage\":\"en-US\",\"@id\":\"https:\/\/www.prijedordanas.com\/#\/schema\/logo\/image\/\",\"url\":\"http:\/\/www.prijedordanas.com\/wp-content\/uploads\/2021\/12\/logopng.png\",\"contentUrl\":\"http:\/\/www.prijedordanas.com\/wp-content\/uploads\/2021\/12\/logopng.png\",\"width\":1019,\"height\":776,\"caption\":\"PrijedorDanas.com\"},\"image\":{\"@id\":\"https:\/\/www.prijedordanas.com\/#\/schema\/logo\/image\/\"},\"sameAs\":[\"https:\/\/www.facebook.com\/PrijedorDanasCom\/\"]},{\"@type\":\"Person\",\"@id\":\"https:\/\/www.prijedordanas.com\/#\/schema\/person\/4e08ccf29b506ca916ff86d46bb700e6\",\"name\":\"admin\",\"image\":{\"@type\":\"ImageObject\",\"inLanguage\":\"en-US\",\"@id\":\"https:\/\/www.prijedordanas.com\/#\/schema\/person\/image\/\",\"url\":\"https:\/\/secure.gravatar.com\/avatar\/1d3fc949d550f0b53a5f0d51e06dfd79?s=96&d=mm&r=g\",\"contentUrl\":\"https:\/\/secure.gravatar.com\/avatar\/1d3fc949d550f0b53a5f0d51e06dfd79?s=96&d=mm&r=g\",\"caption\":\"admin\"},\"url\":\"https:\/\/www.prijedordanas.com\/?author=1\"}]}<\/script>\n<!-- \/ Yoast SEO plugin. -->","yoast_head_json":{"title":"PREDLO\u017dEN PRITVOR VOZA\u010cU AUTOBUSA ZBOG SMRTI PJE\u0160AKA - PrijedorDanas.com - Prijedorski gradski portal","robots":{"index":"index","follow":"follow","max-snippet":"max-snippet:-1","max-image-preview":"max-image-preview:large","max-video-preview":"max-video-preview:-1"},"canonical":"https:\/\/www.prijedordanas.com\/?p=64671","og_locale":"en_US","og_type":"article","og_title":"PREDLO\u017dEN PRITVOR VOZA\u010cU AUTOBUSA ZBOG SMRTI PJE\u0160AKA - PrijedorDanas.com - Prijedorski gradski portal","og_description":"Tu\u017eila\u0161tvo je predlo\u017eilo da bude odre\u0111en pritvor voza\u010du Miroslavu Drilji\u0107u \/52\/ iz Kranja osumnji\u010denom da je u Prijedoru autobusom udario pje\u0161aka Janka Milutinovi\u0107a \/56\/, koji je smrtno nastradao. Drilji\u0107 je [&hellip;]","og_url":"https:\/\/www.prijedordanas.com\/?p=64671","og_site_name":"PrijedorDanas.com - Prijedorski gradski portal","article_publisher":"https:\/\/www.facebook.com\/PrijedorDanasCom\/","article_published_time":"2016-10-29T15:49:02+00:00","og_image":[{"url":"https:\/\/www.prijedordanas.com\/wp-content\/uploads\/2016\/10\/saobracajka-tukovi-poginuo-pjesak-4-300x231.jpg"}],"author":"admin","twitter_card":"summary_large_image","twitter_misc":{"Written by":"admin","Est. reading time":"1 minute"},"schema":{"@context":"https:\/\/schema.org","@graph":[{"@type":"Article","@id":"https:\/\/www.prijedordanas.com\/?p=64671#article","isPartOf":{"@id":"https:\/\/www.prijedordanas.com\/?p=64671"},"author":{"name":"admin","@id":"https:\/\/www.prijedordanas.com\/#\/schema\/person\/4e08ccf29b506ca916ff86d46bb700e6"},"headline":"PREDLO\u017dEN PRITVOR VOZA\u010cU AUTOBUSA ZBOG SMRTI PJE\u0160AKA","datePublished":"2016-10-29T15:49:02+00:00","dateModified":"2016-10-29T15:49:02+00:00","mainEntityOfPage":{"@id":"https:\/\/www.prijedordanas.com\/?p=64671"},"wordCount":146,"publisher":{"@id":"https:\/\/www.prijedordanas.com\/#organization"},"keywords":["autobus","Janko Milutinovi\u0107","Miroslav Drilji\u0107","pje\u0161ak","pritvor","saobra\u0107ajka","voza\u010d"],"articleSection":["Hronika"],"inLanguage":"en-US"},{"@type":"WebPage","@id":"https:\/\/www.prijedordanas.com\/?p=64671","url":"https:\/\/www.prijedordanas.com\/?p=64671","name":"PREDLO\u017dEN PRITVOR VOZA\u010cU AUTOBUSA ZBOG SMRTI PJE\u0160AKA - PrijedorDanas.com - Prijedorski gradski portal","isPartOf":{"@id":"https:\/\/www.prijedordanas.com\/#website"},"datePublished":"2016-10-29T15:49:02+00:00","dateModified":"2016-10-29T15:49:02+00:00","breadcrumb":{"@id":"https:\/\/www.prijedordanas.com\/?p=64671#breadcrumb"},"inLanguage":"en-US","potentialAction":[{"@type":"ReadAction","target":["https:\/\/www.prijedordanas.com\/?p=64671"]}]},{"@type":"BreadcrumbList","@id":"https:\/\/www.prijedordanas.com\/?p=64671#breadcrumb","itemListElement":[{"@type":"ListItem","position":1,"name":"Home","item":"https:\/\/www.prijedordanas.com\/"},{"@type":"ListItem","position":2,"name":"PREDLO\u017dEN PRITVOR VOZA\u010cU AUTOBUSA ZBOG SMRTI PJE\u0160AKA"}]},{"@type":"WebSite","@id":"https:\/\/www.prijedordanas.com\/#website","url":"https:\/\/www.prijedordanas.com\/","name":"PrijedorDanas.com - Prijedorski gradski portal","description":"Portal o doga\u0111anjima u gradu Prijedoru","publisher":{"@id":"https:\/\/www.prijedordanas.com\/#organization"},"potentialAction":[{"@type":"SearchAction","target":{"@type":"EntryPoint","urlTemplate":"https:\/\/www.prijedordanas.com\/?s={search_term_string}"},"query-input":"required name=search_term_string"}],"inLanguage":"en-US"},{"@type":"Organization","@id":"https:\/\/www.prijedordanas.com\/#organization","name":"PrijedorDanas.com","url":"https:\/\/www.prijedordanas.com\/","logo":{"@type":"ImageObject","inLanguage":"en-US","@id":"https:\/\/www.prijedordanas.com\/#\/schema\/logo\/image\/","url":"http:\/\/www.prijedordanas.com\/wp-content\/uploads\/2021\/12\/logopng.png","contentUrl":"http:\/\/www.prijedordanas.com\/wp-content\/uploads\/2021\/12\/logopng.png","width":1019,"height":776,"caption":"PrijedorDanas.com"},"image":{"@id":"https:\/\/www.prijedordanas.com\/#\/schema\/logo\/image\/"},"sameAs":["https:\/\/www.facebook.com\/PrijedorDanasCom\/"]},{"@type":"Person","@id":"https:\/\/www.prijedordanas.com\/#\/schema\/person\/4e08ccf29b506ca916ff86d46bb700e6","name":"admin","image":{"@type":"ImageObject","inLanguage":"en-US","@id":"https:\/\/www.prijedordanas.com\/#\/schema\/person\/image\/","url":"https:\/\/secure.gravatar.com\/avatar\/1d3fc949d550f0b53a5f0d51e06dfd79?s=96&d=mm&r=g","contentUrl":"https:\/\/secure.gravatar.com\/avatar\/1d3fc949d550f0b53a5f0d51e06dfd79?s=96&d=mm&r=g","caption":"admin"},"url":"https:\/\/www.prijedordanas.com\/?author=1"}]}},"_links":{"self":[{"href":"https:\/\/www.prijedordanas.com\/index.php?rest_route=\/wp\/v2\/posts\/64671"}],"collection":[{"href":"https:\/\/www.prijedordanas.com\/index.php?rest_route=\/wp\/v2\/posts"}],"about":[{"href":"https:\/\/www.prijedordanas.com\/index.php?rest_route=\/wp\/v2\/types\/post"}],"author":[{"embeddable":true,"href":"https:\/\/www.prijedordanas.com\/index.php?rest_route=\/wp\/v2\/users\/1"}],"replies":[{"embeddable":true,"href":"https:\/\/www.prijedordanas.com\/index.php?rest_route=%2Fwp%2Fv2%2Fcomments&post=64671"}],"version-history":[{"count":1,"href":"https:\/\/www.prijedordanas.com\/index.php?rest_route=\/wp\/v2\/posts\/64671\/revisions"}],"predecessor-version":[{"id":64672,"href":"https:\/\/www.prijedordanas.com\/index.php?rest_route=\/wp\/v2\/posts\/64671\/revisions\/64672"}],"wp:attachment":[{"href":"https:\/\/www.prijedordanas.com\/index.php?rest_route=%2Fwp%2Fv2%2Fmedia&parent=64671"}],"wp:term":[{"taxonomy":"category","embeddable":true,"href":"https:\/\/www.prijedordanas.com\/index.php?rest_route=%2Fwp%2Fv2%2Fcategories&post=64671"},{"taxonomy":"post_tag","embeddable":true,"href":"https:\/\/www.prijedordanas.com\/index.php?rest_route=%2Fwp%2Fv2%2Ftags&post=64671"}],"curies":[{"name":"wp","href":"https:\/\/api.w.org\/{rel}","templated":true}]}}