{"id":64613,"date":"2016-10-28T22:56:56","date_gmt":"2016-10-28T20:56:56","guid":{"rendered":"https:\/\/www.prijedordanas.com\/?p=64613"},"modified":"2016-10-28T22:56:56","modified_gmt":"2016-10-28T20:56:56","slug":"prijem-zahvalnice-za-ucesnike-kulturnog-ljeta-fotovideo","status":"publish","type":"post","link":"https:\/\/www.prijedordanas.com\/?p=64613","title":{"rendered":"PRIJEM I ZAHVALNICE ZA U\u010cESNIKE KULTURNOG LJETA \u2013 FOTO\/VIDEO"},"content":{"rendered":"<p><a href=\"https:\/\/www.prijedordanas.com\/wp-content\/uploads\/2016\/10\/kulturno-ljeto-prijedor-2016-prijem-za-ucesnike-1.jpg\"><img loading=\"lazy\" decoding=\"async\" class=\"alignleft size-medium wp-image-64614\" src=\"https:\/\/www.prijedordanas.com\/wp-content\/uploads\/2016\/10\/kulturno-ljeto-prijedor-2016-prijem-za-ucesnike-1-300x231.jpg\" alt=\"kulturno-ljeto-prijedor-2016-prijem-za-ucesnike-1\" width=\"300\" height=\"231\" srcset=\"https:\/\/www.prijedordanas.com\/wp-content\/uploads\/2016\/10\/kulturno-ljeto-prijedor-2016-prijem-za-ucesnike-1-300x231.jpg 300w, https:\/\/www.prijedordanas.com\/wp-content\/uploads\/2016\/10\/kulturno-ljeto-prijedor-2016-prijem-za-ucesnike-1-100x77.jpg 100w, https:\/\/www.prijedordanas.com\/wp-content\/uploads\/2016\/10\/kulturno-ljeto-prijedor-2016-prijem-za-ucesnike-1.jpg 650w\" sizes=\"(max-width: 300px) 100vw, 300px\" \/><\/a>Gradona\u010delnik Prijedora Marko Pavi\u0107 uru\u010dio je danas zahvalnice u\u010desnicima Kulturnog ljeta Prijedor 2016. za dugogodi\u0161nju saradnju i doprinos predstavljanju kulturnih vrijednosti grada.<\/p>\n<p>&#8220;Kultura je ne\u0161to \u0161to se u Prijedoru njeguje i razvija i \u0161to se prezentuje i van podru\u010dja grada, tako da onima koji su zaslu\u017eni za to moramo bar na ovaj na\u010din odati priznanje&#8221;, rekao je Pavi\u0107 novinarima u Prijedoru.<\/p>\n<p>On je najavio da \u0107e gradska uprava i dalje njegovati ovu manifestaciju koja se pokazala kao izuzetna po sadr\u017eaju, broju u\u010desnika i posjetilaca.<\/p>\n<p>&#8220;Aktivnosti iz oblasti kulture doprinijele su da Prijedor i ovog ljeta bude \u017eiv grad i da ima \u0161ta ponuditi i Prijedor\u010danima i njihovim gostima. Direktan kontakt stvaralaca i publike najbolji je na\u010din da se predstavi njihov rad&#8221;, rekao je Pavi\u0107.<\/p>\n<p>Prijedorsko kulturno ljeto organizovano je osmi put i trajalo je od 1. juna do 31. avgusta. Tradicionalni prijem kod gradona\u010delnika Prijedora okupio je danas predstavnike ustanova kulture, kulturno-umjetni\u010dkih dru\u0161tava, Turisti\u010dke organizacije, javnih institucija i nevladinih organizacija koje su kreirale ovogodi\u0161nju manifestaciju.<\/p>\n<p>Tekst \u2013 SRNA<br \/>\nFoto \u2013Aleksandar Drakuli\u0107 \u2013 <a href=\"www.prijedordanas.com\" target=\"_blank\">www.prijedordanas.com<\/a><br \/>\nVideo &#8211; RTV Prijedor<\/p>\n<p><iframe loading=\"lazy\" width=\"500\" height=\"281\" src=\"https:\/\/www.youtube.com\/embed\/X4Vj9Ao30No?feature=oembed\" frameborder=\"0\" allowfullscreen><\/iframe><\/p>\n<p><a href=\"https:\/\/www.prijedordanas.com\/wp-content\/uploads\/2016\/10\/kulturno-ljeto-prijedor-2016-prijem-za-ucesnike-2.jpg\"><img loading=\"lazy\" decoding=\"async\" src=\"https:\/\/www.prijedordanas.com\/wp-content\/uploads\/2016\/10\/kulturno-ljeto-prijedor-2016-prijem-za-ucesnike-2-300x231.jpg\" alt=\"kulturno-ljeto-prijedor-2016-prijem-za-ucesnike-2\" width=\"300\" height=\"231\" class=\"alignleft size-medium wp-image-64615\" srcset=\"https:\/\/www.prijedordanas.com\/wp-content\/uploads\/2016\/10\/kulturno-ljeto-prijedor-2016-prijem-za-ucesnike-2-300x231.jpg 300w, https:\/\/www.prijedordanas.com\/wp-content\/uploads\/2016\/10\/kulturno-ljeto-prijedor-2016-prijem-za-ucesnike-2-100x77.jpg 100w, https:\/\/www.prijedordanas.com\/wp-content\/uploads\/2016\/10\/kulturno-ljeto-prijedor-2016-prijem-za-ucesnike-2.jpg 650w\" sizes=\"(max-width: 300px) 100vw, 300px\" \/><\/a> <a href=\"https:\/\/www.prijedordanas.com\/wp-content\/uploads\/2016\/10\/kulturno-ljeto-prijedor-2016-prijem-za-ucesnike-3.jpg\"><img loading=\"lazy\" decoding=\"async\" src=\"https:\/\/www.prijedordanas.com\/wp-content\/uploads\/2016\/10\/kulturno-ljeto-prijedor-2016-prijem-za-ucesnike-3-300x231.jpg\" alt=\"kulturno-ljeto-prijedor-2016-prijem-za-ucesnike-3\" width=\"300\" height=\"231\" class=\"alignleft size-medium wp-image-64616\" srcset=\"https:\/\/www.prijedordanas.com\/wp-content\/uploads\/2016\/10\/kulturno-ljeto-prijedor-2016-prijem-za-ucesnike-3-300x231.jpg 300w, https:\/\/www.prijedordanas.com\/wp-content\/uploads\/2016\/10\/kulturno-ljeto-prijedor-2016-prijem-za-ucesnike-3-100x77.jpg 100w, https:\/\/www.prijedordanas.com\/wp-content\/uploads\/2016\/10\/kulturno-ljeto-prijedor-2016-prijem-za-ucesnike-3.jpg 650w\" sizes=\"(max-width: 300px) 100vw, 300px\" \/><\/a> <a href=\"https:\/\/www.prijedordanas.com\/wp-content\/uploads\/2016\/10\/kulturno-ljeto-prijedor-2016-prijem-za-ucesnike-4.jpg\"><img loading=\"lazy\" decoding=\"async\" src=\"https:\/\/www.prijedordanas.com\/wp-content\/uploads\/2016\/10\/kulturno-ljeto-prijedor-2016-prijem-za-ucesnike-4-300x201.jpg\" alt=\"kulturno-ljeto-prijedor-2016-prijem-za-ucesnike-4\" width=\"300\" height=\"201\" class=\"alignleft size-medium wp-image-64617\" srcset=\"https:\/\/www.prijedordanas.com\/wp-content\/uploads\/2016\/10\/kulturno-ljeto-prijedor-2016-prijem-za-ucesnike-4-300x200.jpg 300w, https:\/\/www.prijedordanas.com\/wp-content\/uploads\/2016\/10\/kulturno-ljeto-prijedor-2016-prijem-za-ucesnike-4-100x67.jpg 100w, https:\/\/www.prijedordanas.com\/wp-content\/uploads\/2016\/10\/kulturno-ljeto-prijedor-2016-prijem-za-ucesnike-4-480x320.jpg 480w, https:\/\/www.prijedordanas.com\/wp-content\/uploads\/2016\/10\/kulturno-ljeto-prijedor-2016-prijem-za-ucesnike-4.jpg 600w\" sizes=\"(max-width: 300px) 100vw, 300px\" \/><\/a> <a href=\"https:\/\/www.prijedordanas.com\/wp-content\/uploads\/2016\/10\/kulturno-ljeto-prijedor-2016-prijem-za-ucesnike-5.jpg\"><img loading=\"lazy\" decoding=\"async\" src=\"https:\/\/www.prijedordanas.com\/wp-content\/uploads\/2016\/10\/kulturno-ljeto-prijedor-2016-prijem-za-ucesnike-5-300x201.jpg\" alt=\"kulturno-ljeto-prijedor-2016-prijem-za-ucesnike-5\" width=\"300\" height=\"201\" class=\"alignleft size-medium wp-image-64618\" srcset=\"https:\/\/www.prijedordanas.com\/wp-content\/uploads\/2016\/10\/kulturno-ljeto-prijedor-2016-prijem-za-ucesnike-5-300x200.jpg 300w, https:\/\/www.prijedordanas.com\/wp-content\/uploads\/2016\/10\/kulturno-ljeto-prijedor-2016-prijem-za-ucesnike-5-100x67.jpg 100w, https:\/\/www.prijedordanas.com\/wp-content\/uploads\/2016\/10\/kulturno-ljeto-prijedor-2016-prijem-za-ucesnike-5-480x320.jpg 480w, https:\/\/www.prijedordanas.com\/wp-content\/uploads\/2016\/10\/kulturno-ljeto-prijedor-2016-prijem-za-ucesnike-5.jpg 600w\" sizes=\"(max-width: 300px) 100vw, 300px\" \/><\/a> <a href=\"https:\/\/www.prijedordanas.com\/wp-content\/uploads\/2016\/10\/kulturno-ljeto-prijedor-2016-prijem-za-ucesnike-6.jpg\"><img loading=\"lazy\" decoding=\"async\" src=\"https:\/\/www.prijedordanas.com\/wp-content\/uploads\/2016\/10\/kulturno-ljeto-prijedor-2016-prijem-za-ucesnike-6-300x201.jpg\" alt=\"kulturno-ljeto-prijedor-2016-prijem-za-ucesnike-6\" width=\"300\" height=\"201\" class=\"alignleft size-medium wp-image-64619\" srcset=\"https:\/\/www.prijedordanas.com\/wp-content\/uploads\/2016\/10\/kulturno-ljeto-prijedor-2016-prijem-za-ucesnike-6-300x200.jpg 300w, https:\/\/www.prijedordanas.com\/wp-content\/uploads\/2016\/10\/kulturno-ljeto-prijedor-2016-prijem-za-ucesnike-6-100x67.jpg 100w, https:\/\/www.prijedordanas.com\/wp-content\/uploads\/2016\/10\/kulturno-ljeto-prijedor-2016-prijem-za-ucesnike-6-480x320.jpg 480w, https:\/\/www.prijedordanas.com\/wp-content\/uploads\/2016\/10\/kulturno-ljeto-prijedor-2016-prijem-za-ucesnike-6.jpg 600w\" sizes=\"(max-width: 300px) 100vw, 300px\" \/><\/a> <a href=\"https:\/\/www.prijedordanas.com\/wp-content\/uploads\/2016\/10\/kulturno-ljeto-prijedor-2016-prijem-za-ucesnike-7.jpg\"><img loading=\"lazy\" decoding=\"async\" src=\"https:\/\/www.prijedordanas.com\/wp-content\/uploads\/2016\/10\/kulturno-ljeto-prijedor-2016-prijem-za-ucesnike-7-300x201.jpg\" alt=\"kulturno-ljeto-prijedor-2016-prijem-za-ucesnike-7\" width=\"300\" height=\"201\" class=\"alignleft size-medium wp-image-64620\" srcset=\"https:\/\/www.prijedordanas.com\/wp-content\/uploads\/2016\/10\/kulturno-ljeto-prijedor-2016-prijem-za-ucesnike-7-300x200.jpg 300w, https:\/\/www.prijedordanas.com\/wp-content\/uploads\/2016\/10\/kulturno-ljeto-prijedor-2016-prijem-za-ucesnike-7-100x67.jpg 100w, https:\/\/www.prijedordanas.com\/wp-content\/uploads\/2016\/10\/kulturno-ljeto-prijedor-2016-prijem-za-ucesnike-7-480x320.jpg 480w, https:\/\/www.prijedordanas.com\/wp-content\/uploads\/2016\/10\/kulturno-ljeto-prijedor-2016-prijem-za-ucesnike-7.jpg 600w\" sizes=\"(max-width: 300px) 100vw, 300px\" \/><\/a><\/p>\n","protected":false},"excerpt":{"rendered":"<p>Gradona\u010delnik Prijedora Marko Pavi\u0107 uru\u010dio je danas zahvalnice u\u010desnicima Kulturnog ljeta Prijedor 2016. za dugogodi\u0161nju saradnju i doprinos predstavljanju kulturnih vrijednosti grada. &#8220;Kultura je ne\u0161to \u0161to se u Prijedoru njeguje [&hellip;]<\/p>\n","protected":false},"author":1,"featured_media":0,"comment_status":"closed","ping_status":"open","sticky":false,"template":"","format":"standard","meta":{"_monsterinsights_skip_tracking":false,"_monsterinsights_sitenote_active":false,"_monsterinsights_sitenote_note":"","_monsterinsights_sitenote_category":0,"footnotes":""},"categories":[6],"tags":[8005,2894,6335],"yoast_head":"<!-- This site is optimized with the Yoast SEO plugin v21.6 - https:\/\/yoast.com\/wordpress\/plugins\/seo\/ -->\n<title>PRIJEM I ZAHVALNICE ZA U\u010cESNIKE KULTURNOG LJETA \u2013 FOTO\/VIDEO - PrijedorDanas.com - Prijedorski gradski portal<\/title>\n<meta name=\"robots\" content=\"index, follow, max-snippet:-1, max-image-preview:large, max-video-preview:-1\" \/>\n<link rel=\"canonical\" href=\"https:\/\/www.prijedordanas.com\/?p=64613\" \/>\n<meta property=\"og:locale\" content=\"en_US\" \/>\n<meta property=\"og:type\" content=\"article\" \/>\n<meta property=\"og:title\" content=\"PRIJEM I ZAHVALNICE ZA U\u010cESNIKE KULTURNOG LJETA \u2013 FOTO\/VIDEO - PrijedorDanas.com - Prijedorski gradski portal\" \/>\n<meta property=\"og:description\" content=\"Gradona\u010delnik Prijedora Marko Pavi\u0107 uru\u010dio je danas zahvalnice u\u010desnicima Kulturnog ljeta Prijedor 2016. za dugogodi\u0161nju saradnju i doprinos predstavljanju kulturnih vrijednosti grada. &#8220;Kultura je ne\u0161to \u0161to se u Prijedoru njeguje [&hellip;]\" \/>\n<meta property=\"og:url\" content=\"https:\/\/www.prijedordanas.com\/?p=64613\" \/>\n<meta property=\"og:site_name\" content=\"PrijedorDanas.com - Prijedorski gradski portal\" \/>\n<meta property=\"article:publisher\" content=\"https:\/\/www.facebook.com\/PrijedorDanasCom\/\" \/>\n<meta property=\"article:published_time\" content=\"2016-10-28T20:56:56+00:00\" \/>\n<meta property=\"og:image\" content=\"https:\/\/www.prijedordanas.com\/wp-content\/uploads\/2016\/10\/kulturno-ljeto-prijedor-2016-prijem-za-ucesnike-1-300x231.jpg\" \/>\n<meta name=\"author\" content=\"admin\" \/>\n<meta name=\"twitter:card\" content=\"summary_large_image\" \/>\n<meta name=\"twitter:label1\" content=\"Written by\" \/>\n\t<meta name=\"twitter:data1\" content=\"admin\" \/>\n\t<meta name=\"twitter:label2\" content=\"Est. reading time\" \/>\n\t<meta name=\"twitter:data2\" content=\"1 minute\" \/>\n<script type=\"application\/ld+json\" class=\"yoast-schema-graph\">{\"@context\":\"https:\/\/schema.org\",\"@graph\":[{\"@type\":\"Article\",\"@id\":\"https:\/\/www.prijedordanas.com\/?p=64613#article\",\"isPartOf\":{\"@id\":\"https:\/\/www.prijedordanas.com\/?p=64613\"},\"author\":{\"name\":\"admin\",\"@id\":\"https:\/\/www.prijedordanas.com\/#\/schema\/person\/4e08ccf29b506ca916ff86d46bb700e6\"},\"headline\":\"PRIJEM I ZAHVALNICE ZA U\u010cESNIKE KULTURNOG LJETA \u2013 FOTO\/VIDEO\",\"datePublished\":\"2016-10-28T20:56:56+00:00\",\"dateModified\":\"2016-10-28T20:56:56+00:00\",\"mainEntityOfPage\":{\"@id\":\"https:\/\/www.prijedordanas.com\/?p=64613\"},\"wordCount\":208,\"publisher\":{\"@id\":\"https:\/\/www.prijedordanas.com\/#organization\"},\"keywords\":[\"Kulturno ljeto Prijedor 2016\",\"prijem\",\"zahvalnice\"],\"articleSection\":[\"Kultura\"],\"inLanguage\":\"en-US\"},{\"@type\":\"WebPage\",\"@id\":\"https:\/\/www.prijedordanas.com\/?p=64613\",\"url\":\"https:\/\/www.prijedordanas.com\/?p=64613\",\"name\":\"PRIJEM I ZAHVALNICE ZA U\u010cESNIKE KULTURNOG LJETA \u2013 FOTO\/VIDEO - PrijedorDanas.com - Prijedorski gradski portal\",\"isPartOf\":{\"@id\":\"https:\/\/www.prijedordanas.com\/#website\"},\"datePublished\":\"2016-10-28T20:56:56+00:00\",\"dateModified\":\"2016-10-28T20:56:56+00:00\",\"breadcrumb\":{\"@id\":\"https:\/\/www.prijedordanas.com\/?p=64613#breadcrumb\"},\"inLanguage\":\"en-US\",\"potentialAction\":[{\"@type\":\"ReadAction\",\"target\":[\"https:\/\/www.prijedordanas.com\/?p=64613\"]}]},{\"@type\":\"BreadcrumbList\",\"@id\":\"https:\/\/www.prijedordanas.com\/?p=64613#breadcrumb\",\"itemListElement\":[{\"@type\":\"ListItem\",\"position\":1,\"name\":\"Home\",\"item\":\"https:\/\/www.prijedordanas.com\/\"},{\"@type\":\"ListItem\",\"position\":2,\"name\":\"PRIJEM I ZAHVALNICE ZA U\u010cESNIKE KULTURNOG LJETA \u2013 FOTO\/VIDEO\"}]},{\"@type\":\"WebSite\",\"@id\":\"https:\/\/www.prijedordanas.com\/#website\",\"url\":\"https:\/\/www.prijedordanas.com\/\",\"name\":\"PrijedorDanas.com - Prijedorski gradski portal\",\"description\":\"Portal o doga\u0111anjima u gradu Prijedoru\",\"publisher\":{\"@id\":\"https:\/\/www.prijedordanas.com\/#organization\"},\"potentialAction\":[{\"@type\":\"SearchAction\",\"target\":{\"@type\":\"EntryPoint\",\"urlTemplate\":\"https:\/\/www.prijedordanas.com\/?s={search_term_string}\"},\"query-input\":\"required name=search_term_string\"}],\"inLanguage\":\"en-US\"},{\"@type\":\"Organization\",\"@id\":\"https:\/\/www.prijedordanas.com\/#organization\",\"name\":\"PrijedorDanas.com\",\"url\":\"https:\/\/www.prijedordanas.com\/\",\"logo\":{\"@type\":\"ImageObject\",\"inLanguage\":\"en-US\",\"@id\":\"https:\/\/www.prijedordanas.com\/#\/schema\/logo\/image\/\",\"url\":\"http:\/\/www.prijedordanas.com\/wp-content\/uploads\/2021\/12\/logopng.png\",\"contentUrl\":\"http:\/\/www.prijedordanas.com\/wp-content\/uploads\/2021\/12\/logopng.png\",\"width\":1019,\"height\":776,\"caption\":\"PrijedorDanas.com\"},\"image\":{\"@id\":\"https:\/\/www.prijedordanas.com\/#\/schema\/logo\/image\/\"},\"sameAs\":[\"https:\/\/www.facebook.com\/PrijedorDanasCom\/\"]},{\"@type\":\"Person\",\"@id\":\"https:\/\/www.prijedordanas.com\/#\/schema\/person\/4e08ccf29b506ca916ff86d46bb700e6\",\"name\":\"admin\",\"image\":{\"@type\":\"ImageObject\",\"inLanguage\":\"en-US\",\"@id\":\"https:\/\/www.prijedordanas.com\/#\/schema\/person\/image\/\",\"url\":\"https:\/\/secure.gravatar.com\/avatar\/1d3fc949d550f0b53a5f0d51e06dfd79?s=96&d=mm&r=g\",\"contentUrl\":\"https:\/\/secure.gravatar.com\/avatar\/1d3fc949d550f0b53a5f0d51e06dfd79?s=96&d=mm&r=g\",\"caption\":\"admin\"},\"url\":\"https:\/\/www.prijedordanas.com\/?author=1\"}]}<\/script>\n<!-- \/ Yoast SEO plugin. -->","yoast_head_json":{"title":"PRIJEM I ZAHVALNICE ZA U\u010cESNIKE KULTURNOG LJETA \u2013 FOTO\/VIDEO - PrijedorDanas.com - Prijedorski gradski portal","robots":{"index":"index","follow":"follow","max-snippet":"max-snippet:-1","max-image-preview":"max-image-preview:large","max-video-preview":"max-video-preview:-1"},"canonical":"https:\/\/www.prijedordanas.com\/?p=64613","og_locale":"en_US","og_type":"article","og_title":"PRIJEM I ZAHVALNICE ZA U\u010cESNIKE KULTURNOG LJETA \u2013 FOTO\/VIDEO - PrijedorDanas.com - Prijedorski gradski portal","og_description":"Gradona\u010delnik Prijedora Marko Pavi\u0107 uru\u010dio je danas zahvalnice u\u010desnicima Kulturnog ljeta Prijedor 2016. za dugogodi\u0161nju saradnju i doprinos predstavljanju kulturnih vrijednosti grada. &#8220;Kultura je ne\u0161to \u0161to se u Prijedoru njeguje [&hellip;]","og_url":"https:\/\/www.prijedordanas.com\/?p=64613","og_site_name":"PrijedorDanas.com - Prijedorski gradski portal","article_publisher":"https:\/\/www.facebook.com\/PrijedorDanasCom\/","article_published_time":"2016-10-28T20:56:56+00:00","og_image":[{"url":"https:\/\/www.prijedordanas.com\/wp-content\/uploads\/2016\/10\/kulturno-ljeto-prijedor-2016-prijem-za-ucesnike-1-300x231.jpg"}],"author":"admin","twitter_card":"summary_large_image","twitter_misc":{"Written by":"admin","Est. reading time":"1 minute"},"schema":{"@context":"https:\/\/schema.org","@graph":[{"@type":"Article","@id":"https:\/\/www.prijedordanas.com\/?p=64613#article","isPartOf":{"@id":"https:\/\/www.prijedordanas.com\/?p=64613"},"author":{"name":"admin","@id":"https:\/\/www.prijedordanas.com\/#\/schema\/person\/4e08ccf29b506ca916ff86d46bb700e6"},"headline":"PRIJEM I ZAHVALNICE ZA U\u010cESNIKE KULTURNOG LJETA \u2013 FOTO\/VIDEO","datePublished":"2016-10-28T20:56:56+00:00","dateModified":"2016-10-28T20:56:56+00:00","mainEntityOfPage":{"@id":"https:\/\/www.prijedordanas.com\/?p=64613"},"wordCount":208,"publisher":{"@id":"https:\/\/www.prijedordanas.com\/#organization"},"keywords":["Kulturno ljeto Prijedor 2016","prijem","zahvalnice"],"articleSection":["Kultura"],"inLanguage":"en-US"},{"@type":"WebPage","@id":"https:\/\/www.prijedordanas.com\/?p=64613","url":"https:\/\/www.prijedordanas.com\/?p=64613","name":"PRIJEM I ZAHVALNICE ZA U\u010cESNIKE KULTURNOG LJETA \u2013 FOTO\/VIDEO - PrijedorDanas.com - Prijedorski gradski portal","isPartOf":{"@id":"https:\/\/www.prijedordanas.com\/#website"},"datePublished":"2016-10-28T20:56:56+00:00","dateModified":"2016-10-28T20:56:56+00:00","breadcrumb":{"@id":"https:\/\/www.prijedordanas.com\/?p=64613#breadcrumb"},"inLanguage":"en-US","potentialAction":[{"@type":"ReadAction","target":["https:\/\/www.prijedordanas.com\/?p=64613"]}]},{"@type":"BreadcrumbList","@id":"https:\/\/www.prijedordanas.com\/?p=64613#breadcrumb","itemListElement":[{"@type":"ListItem","position":1,"name":"Home","item":"https:\/\/www.prijedordanas.com\/"},{"@type":"ListItem","position":2,"name":"PRIJEM I ZAHVALNICE ZA U\u010cESNIKE KULTURNOG LJETA \u2013 FOTO\/VIDEO"}]},{"@type":"WebSite","@id":"https:\/\/www.prijedordanas.com\/#website","url":"https:\/\/www.prijedordanas.com\/","name":"PrijedorDanas.com - Prijedorski gradski portal","description":"Portal o doga\u0111anjima u gradu Prijedoru","publisher":{"@id":"https:\/\/www.prijedordanas.com\/#organization"},"potentialAction":[{"@type":"SearchAction","target":{"@type":"EntryPoint","urlTemplate":"https:\/\/www.prijedordanas.com\/?s={search_term_string}"},"query-input":"required name=search_term_string"}],"inLanguage":"en-US"},{"@type":"Organization","@id":"https:\/\/www.prijedordanas.com\/#organization","name":"PrijedorDanas.com","url":"https:\/\/www.prijedordanas.com\/","logo":{"@type":"ImageObject","inLanguage":"en-US","@id":"https:\/\/www.prijedordanas.com\/#\/schema\/logo\/image\/","url":"http:\/\/www.prijedordanas.com\/wp-content\/uploads\/2021\/12\/logopng.png","contentUrl":"http:\/\/www.prijedordanas.com\/wp-content\/uploads\/2021\/12\/logopng.png","width":1019,"height":776,"caption":"PrijedorDanas.com"},"image":{"@id":"https:\/\/www.prijedordanas.com\/#\/schema\/logo\/image\/"},"sameAs":["https:\/\/www.facebook.com\/PrijedorDanasCom\/"]},{"@type":"Person","@id":"https:\/\/www.prijedordanas.com\/#\/schema\/person\/4e08ccf29b506ca916ff86d46bb700e6","name":"admin","image":{"@type":"ImageObject","inLanguage":"en-US","@id":"https:\/\/www.prijedordanas.com\/#\/schema\/person\/image\/","url":"https:\/\/secure.gravatar.com\/avatar\/1d3fc949d550f0b53a5f0d51e06dfd79?s=96&d=mm&r=g","contentUrl":"https:\/\/secure.gravatar.com\/avatar\/1d3fc949d550f0b53a5f0d51e06dfd79?s=96&d=mm&r=g","caption":"admin"},"url":"https:\/\/www.prijedordanas.com\/?author=1"}]}},"_links":{"self":[{"href":"https:\/\/www.prijedordanas.com\/index.php?rest_route=\/wp\/v2\/posts\/64613"}],"collection":[{"href":"https:\/\/www.prijedordanas.com\/index.php?rest_route=\/wp\/v2\/posts"}],"about":[{"href":"https:\/\/www.prijedordanas.com\/index.php?rest_route=\/wp\/v2\/types\/post"}],"author":[{"embeddable":true,"href":"https:\/\/www.prijedordanas.com\/index.php?rest_route=\/wp\/v2\/users\/1"}],"replies":[{"embeddable":true,"href":"https:\/\/www.prijedordanas.com\/index.php?rest_route=%2Fwp%2Fv2%2Fcomments&post=64613"}],"version-history":[{"count":1,"href":"https:\/\/www.prijedordanas.com\/index.php?rest_route=\/wp\/v2\/posts\/64613\/revisions"}],"predecessor-version":[{"id":64621,"href":"https:\/\/www.prijedordanas.com\/index.php?rest_route=\/wp\/v2\/posts\/64613\/revisions\/64621"}],"wp:attachment":[{"href":"https:\/\/www.prijedordanas.com\/index.php?rest_route=%2Fwp%2Fv2%2Fmedia&parent=64613"}],"wp:term":[{"taxonomy":"category","embeddable":true,"href":"https:\/\/www.prijedordanas.com\/index.php?rest_route=%2Fwp%2Fv2%2Fcategories&post=64613"},{"taxonomy":"post_tag","embeddable":true,"href":"https:\/\/www.prijedordanas.com\/index.php?rest_route=%2Fwp%2Fv2%2Ftags&post=64613"}],"curies":[{"name":"wp","href":"https:\/\/api.w.org\/{rel}","templated":true}]}}