{"id":64601,"date":"2016-10-28T19:37:32","date_gmt":"2016-10-28T17:37:32","guid":{"rendered":"https:\/\/www.prijedordanas.com\/?p=64601"},"modified":"2016-10-28T19:37:32","modified_gmt":"2016-10-28T17:37:32","slug":"prijedor-zene-na-selu-donirano-18-uredaja-za-muzu-krava-video","status":"publish","type":"post","link":"https:\/\/www.prijedordanas.com\/?p=64601","title":{"rendered":"PRIJEDOR-\u017dENE NA SELU: DONIRANO 18 URE\u0110AJA ZA MU\u017dU KRAVA &#8211; VIDEO"},"content":{"rendered":"<p><a href=\"https:\/\/www.prijedordanas.com\/wp-content\/uploads\/2016\/10\/rtvpd-donacija-muzilica-1.jpg\"><img loading=\"lazy\" decoding=\"async\" class=\"alignleft size-medium wp-image-64602\" src=\"https:\/\/www.prijedordanas.com\/wp-content\/uploads\/2016\/10\/rtvpd-donacija-muzilica-1-300x231.jpg\" alt=\"rtvpd-donacija-muzilica-1\" width=\"300\" height=\"231\" srcset=\"https:\/\/www.prijedordanas.com\/wp-content\/uploads\/2016\/10\/rtvpd-donacija-muzilica-1-300x231.jpg 300w, https:\/\/www.prijedordanas.com\/wp-content\/uploads\/2016\/10\/rtvpd-donacija-muzilica-1-100x77.jpg 100w, https:\/\/www.prijedordanas.com\/wp-content\/uploads\/2016\/10\/rtvpd-donacija-muzilica-1.jpg 650w\" sizes=\"(max-width: 300px) 100vw, 300px\" \/><\/a>Gradona\u010delnik Prijedora Marko Pavi\u0107 uru\u010dio je danas \u017eenama iz 18 poljoprivrednih gazdinstava sa podru\u010dja Prijedora ure\u0111aje za mu\u017eu krava u okviru projekta rodno odgovornog bud\u017eetiranja, a s ciljem pobolj\u0161anja polo\u017eaja \u017eena na selu.<\/p>\n<p>&#8220;Posebno mi je drago da su ovdje uglavnom mla\u0111e \u017eene, \u017eene u punoj radnoj snazi, a za nas je zna\u010dajno da su se one opredijelile da \u017eive i rade na selu, u \u0161tali, na njivi, jer danas, kada svi sanjaju neki dolazak u grad, evo, one su pokazale da ima i suprotnih primjera, da ostaju na svojim imanjima i da se na imanjima mo\u017ee raditi i solidno zaraditi&#8221;, rekao je Pavi\u0107 novinarima u Prijedoru.<\/p>\n<p>\u0160ef Odsjeka za unapre\u0111enje poljoprivrede grada Prijedora Tatjana Mari\u0107 rekla je da je vrijednost doniranih muznih ure\u0111aja 17.500 KM, da je prvobitno planirana nabavka 15 aparata, ali da se zbog koli\u010dine narud\u017ebe sa dobavlja\u010dem postigao dogovor o jo\u0161 tri muzilice.<\/p>\n<p><a href=\"https:\/\/www.prijedordanas.com\/wp-content\/uploads\/2016\/10\/rtvpd-donacija-muzilica-2.jpg\"><img loading=\"lazy\" decoding=\"async\" src=\"https:\/\/www.prijedordanas.com\/wp-content\/uploads\/2016\/10\/rtvpd-donacija-muzilica-2-300x209.jpg\" alt=\"rtvpd-donacija-muzilica-2\" width=\"300\" height=\"209\" class=\"alignleft size-medium wp-image-64603\" srcset=\"https:\/\/www.prijedordanas.com\/wp-content\/uploads\/2016\/10\/rtvpd-donacija-muzilica-2-300x209.jpg 300w, https:\/\/www.prijedordanas.com\/wp-content\/uploads\/2016\/10\/rtvpd-donacija-muzilica-2-100x70.jpg 100w, https:\/\/www.prijedordanas.com\/wp-content\/uploads\/2016\/10\/rtvpd-donacija-muzilica-2.jpg 717w\" sizes=\"(max-width: 300px) 100vw, 300px\" \/><\/a>&#8220;Ovo je prvi put da se provodi ovaj projekat i nadam se da su korisnice zadovoljne jer su ostvarile pravo na muzne ure\u0111aje koji \u0107e im omogu\u0107iti da racionalnije koriste vrijeme i da ostvare dodatni prihod&#8221;, dodala je Mari\u0107eva.<\/p>\n<p>Nata\u0161a Karajica iz Donjih Garevaca i Merima Be\u0161i\u0107 iz Kozarca poljoprivredom se bave od 2004. godine. Nata\u0161a ima 50 muznih grla i dnevno isporu\u010di 550 litara mlijeka mljekari &#8220;Mlijekoprodukt&#8221;, a Merima ima 25 grla i dnevno isporu\u010di 130 litara mlijeka mljekari &#8220;Megle&#8221;. \u017dene su zahvalile gradu i donatorima na vrijednoj donaciji za koju ka\u017eu da \u0107e im ubrzati i olak\u0161ati posao.<\/p>\n<p>Skup\u0161tina grada Prijedor pro\u0161le godine usvojila je akcioni plan za rodno odgovorno bud\u017eetiranje. Organizacije UN \u017eene \/UN women\/ je gradu Prijedoru, kao lokalnoj zajednici u kojoj je sprovedena druga faza projekta &#8220;Rodno odgovorno bud\u017eetiranje&#8221;, darovala 36.000 KM i nadle\u017ena komisija odlu\u010dila je da pola tog novca ide za unapre\u0111enje \u017eenskog sporta, a pola u poljoprivredu.<\/p>\n<p>Me\u0111unarodna organizacija UN \u017eene i Misija OEBS-a u BiH ranije su odale priznanje gradu Prijedoru i op\u0161tinama Lukavac, Od\u017eak i \u0160amac koje su po\u010dele proces primjenjivanja rodno odgovornog bud\u017eetiranja.<\/p>\n<p>Rodno odgovorno bud\u017eetiranje predstavlja metodologiju planiranja, programskog djelovanja i bud\u017eetiranja koja doprinosi ve\u0107oj ravnopravnosti polova i ostvarenju ljudskih prava \u017eena.<\/p>\n<p>SRNA \u2013 RTV Prijedor<\/p>\n<p><iframe loading=\"lazy\" width=\"500\" height=\"281\" src=\"https:\/\/www.youtube.com\/embed\/4gSEUUGDsVM?feature=oembed\" frameborder=\"0\" allowfullscreen><\/iframe><\/p>\n","protected":false},"excerpt":{"rendered":"<p>Gradona\u010delnik Prijedora Marko Pavi\u0107 uru\u010dio je danas \u017eenama iz 18 poljoprivrednih gazdinstava sa podru\u010dja Prijedora ure\u0111aje za mu\u017eu krava u okviru projekta rodno odgovornog bud\u017eetiranja, a s ciljem pobolj\u0161anja polo\u017eaja [&hellip;]<\/p>\n","protected":false},"author":1,"featured_media":0,"comment_status":"closed","ping_status":"open","sticky":false,"template":"","format":"standard","meta":{"_monsterinsights_skip_tracking":false,"_monsterinsights_sitenote_active":false,"_monsterinsights_sitenote_note":"","_monsterinsights_sitenote_category":0,"footnotes":""},"categories":[8],"tags":[662,9077,9076],"yoast_head":"<!-- This site is optimized with the Yoast SEO plugin v21.6 - https:\/\/yoast.com\/wordpress\/plugins\/seo\/ -->\n<title>PRIJEDOR-\u017dENE NA SELU: DONIRANO 18 URE\u0110AJA ZA MU\u017dU KRAVA - VIDEO - PrijedorDanas.com - Prijedorski gradski portal<\/title>\n<meta name=\"robots\" content=\"index, follow, max-snippet:-1, max-image-preview:large, max-video-preview:-1\" \/>\n<link rel=\"canonical\" href=\"https:\/\/www.prijedordanas.com\/?p=64601\" \/>\n<meta property=\"og:locale\" content=\"en_US\" \/>\n<meta property=\"og:type\" content=\"article\" \/>\n<meta property=\"og:title\" content=\"PRIJEDOR-\u017dENE NA SELU: DONIRANO 18 URE\u0110AJA ZA MU\u017dU KRAVA - VIDEO - PrijedorDanas.com - Prijedorski gradski portal\" \/>\n<meta property=\"og:description\" content=\"Gradona\u010delnik Prijedora Marko Pavi\u0107 uru\u010dio je danas \u017eenama iz 18 poljoprivrednih gazdinstava sa podru\u010dja Prijedora ure\u0111aje za mu\u017eu krava u okviru projekta rodno odgovornog bud\u017eetiranja, a s ciljem pobolj\u0161anja polo\u017eaja [&hellip;]\" \/>\n<meta property=\"og:url\" content=\"https:\/\/www.prijedordanas.com\/?p=64601\" \/>\n<meta property=\"og:site_name\" content=\"PrijedorDanas.com - Prijedorski gradski portal\" \/>\n<meta property=\"article:publisher\" content=\"https:\/\/www.facebook.com\/PrijedorDanasCom\/\" \/>\n<meta property=\"article:published_time\" content=\"2016-10-28T17:37:32+00:00\" \/>\n<meta property=\"og:image\" content=\"https:\/\/www.prijedordanas.com\/wp-content\/uploads\/2016\/10\/rtvpd-donacija-muzilica-1-300x231.jpg\" \/>\n<meta name=\"author\" content=\"admin\" \/>\n<meta name=\"twitter:card\" content=\"summary_large_image\" \/>\n<meta name=\"twitter:label1\" content=\"Written by\" \/>\n\t<meta name=\"twitter:data1\" content=\"admin\" \/>\n\t<meta name=\"twitter:label2\" content=\"Est. reading time\" \/>\n\t<meta name=\"twitter:data2\" content=\"2 minutes\" \/>\n<script type=\"application\/ld+json\" class=\"yoast-schema-graph\">{\"@context\":\"https:\/\/schema.org\",\"@graph\":[{\"@type\":\"Article\",\"@id\":\"https:\/\/www.prijedordanas.com\/?p=64601#article\",\"isPartOf\":{\"@id\":\"https:\/\/www.prijedordanas.com\/?p=64601\"},\"author\":{\"name\":\"admin\",\"@id\":\"https:\/\/www.prijedordanas.com\/#\/schema\/person\/4e08ccf29b506ca916ff86d46bb700e6\"},\"headline\":\"PRIJEDOR-\u017dENE NA SELU: DONIRANO 18 URE\u0110AJA ZA MU\u017dU KRAVA &#8211; VIDEO\",\"datePublished\":\"2016-10-28T17:37:32+00:00\",\"dateModified\":\"2016-10-28T17:37:32+00:00\",\"mainEntityOfPage\":{\"@id\":\"https:\/\/www.prijedordanas.com\/?p=64601\"},\"wordCount\":403,\"publisher\":{\"@id\":\"https:\/\/www.prijedordanas.com\/#organization\"},\"keywords\":[\"donacija\",\"ure\u0111aji za mu\u017eu\",\"\u017eene na selu\"],\"articleSection\":[\"Svakodnevno\"],\"inLanguage\":\"en-US\"},{\"@type\":\"WebPage\",\"@id\":\"https:\/\/www.prijedordanas.com\/?p=64601\",\"url\":\"https:\/\/www.prijedordanas.com\/?p=64601\",\"name\":\"PRIJEDOR-\u017dENE NA SELU: DONIRANO 18 URE\u0110AJA ZA MU\u017dU KRAVA - VIDEO - PrijedorDanas.com - Prijedorski gradski portal\",\"isPartOf\":{\"@id\":\"https:\/\/www.prijedordanas.com\/#website\"},\"datePublished\":\"2016-10-28T17:37:32+00:00\",\"dateModified\":\"2016-10-28T17:37:32+00:00\",\"breadcrumb\":{\"@id\":\"https:\/\/www.prijedordanas.com\/?p=64601#breadcrumb\"},\"inLanguage\":\"en-US\",\"potentialAction\":[{\"@type\":\"ReadAction\",\"target\":[\"https:\/\/www.prijedordanas.com\/?p=64601\"]}]},{\"@type\":\"BreadcrumbList\",\"@id\":\"https:\/\/www.prijedordanas.com\/?p=64601#breadcrumb\",\"itemListElement\":[{\"@type\":\"ListItem\",\"position\":1,\"name\":\"Home\",\"item\":\"https:\/\/www.prijedordanas.com\/\"},{\"@type\":\"ListItem\",\"position\":2,\"name\":\"PRIJEDOR-\u017dENE NA SELU: DONIRANO 18 URE\u0110AJA ZA MU\u017dU KRAVA &#8211; VIDEO\"}]},{\"@type\":\"WebSite\",\"@id\":\"https:\/\/www.prijedordanas.com\/#website\",\"url\":\"https:\/\/www.prijedordanas.com\/\",\"name\":\"PrijedorDanas.com - Prijedorski gradski portal\",\"description\":\"Portal o doga\u0111anjima u gradu Prijedoru\",\"publisher\":{\"@id\":\"https:\/\/www.prijedordanas.com\/#organization\"},\"potentialAction\":[{\"@type\":\"SearchAction\",\"target\":{\"@type\":\"EntryPoint\",\"urlTemplate\":\"https:\/\/www.prijedordanas.com\/?s={search_term_string}\"},\"query-input\":\"required name=search_term_string\"}],\"inLanguage\":\"en-US\"},{\"@type\":\"Organization\",\"@id\":\"https:\/\/www.prijedordanas.com\/#organization\",\"name\":\"PrijedorDanas.com\",\"url\":\"https:\/\/www.prijedordanas.com\/\",\"logo\":{\"@type\":\"ImageObject\",\"inLanguage\":\"en-US\",\"@id\":\"https:\/\/www.prijedordanas.com\/#\/schema\/logo\/image\/\",\"url\":\"http:\/\/www.prijedordanas.com\/wp-content\/uploads\/2021\/12\/logopng.png\",\"contentUrl\":\"http:\/\/www.prijedordanas.com\/wp-content\/uploads\/2021\/12\/logopng.png\",\"width\":1019,\"height\":776,\"caption\":\"PrijedorDanas.com\"},\"image\":{\"@id\":\"https:\/\/www.prijedordanas.com\/#\/schema\/logo\/image\/\"},\"sameAs\":[\"https:\/\/www.facebook.com\/PrijedorDanasCom\/\"]},{\"@type\":\"Person\",\"@id\":\"https:\/\/www.prijedordanas.com\/#\/schema\/person\/4e08ccf29b506ca916ff86d46bb700e6\",\"name\":\"admin\",\"image\":{\"@type\":\"ImageObject\",\"inLanguage\":\"en-US\",\"@id\":\"https:\/\/www.prijedordanas.com\/#\/schema\/person\/image\/\",\"url\":\"https:\/\/secure.gravatar.com\/avatar\/1d3fc949d550f0b53a5f0d51e06dfd79?s=96&d=mm&r=g\",\"contentUrl\":\"https:\/\/secure.gravatar.com\/avatar\/1d3fc949d550f0b53a5f0d51e06dfd79?s=96&d=mm&r=g\",\"caption\":\"admin\"},\"url\":\"https:\/\/www.prijedordanas.com\/?author=1\"}]}<\/script>\n<!-- \/ Yoast SEO plugin. -->","yoast_head_json":{"title":"PRIJEDOR-\u017dENE NA SELU: DONIRANO 18 URE\u0110AJA ZA MU\u017dU KRAVA - VIDEO - PrijedorDanas.com - Prijedorski gradski portal","robots":{"index":"index","follow":"follow","max-snippet":"max-snippet:-1","max-image-preview":"max-image-preview:large","max-video-preview":"max-video-preview:-1"},"canonical":"https:\/\/www.prijedordanas.com\/?p=64601","og_locale":"en_US","og_type":"article","og_title":"PRIJEDOR-\u017dENE NA SELU: DONIRANO 18 URE\u0110AJA ZA MU\u017dU KRAVA - VIDEO - PrijedorDanas.com - Prijedorski gradski portal","og_description":"Gradona\u010delnik Prijedora Marko Pavi\u0107 uru\u010dio je danas \u017eenama iz 18 poljoprivrednih gazdinstava sa podru\u010dja Prijedora ure\u0111aje za mu\u017eu krava u okviru projekta rodno odgovornog bud\u017eetiranja, a s ciljem pobolj\u0161anja polo\u017eaja [&hellip;]","og_url":"https:\/\/www.prijedordanas.com\/?p=64601","og_site_name":"PrijedorDanas.com - Prijedorski gradski portal","article_publisher":"https:\/\/www.facebook.com\/PrijedorDanasCom\/","article_published_time":"2016-10-28T17:37:32+00:00","og_image":[{"url":"https:\/\/www.prijedordanas.com\/wp-content\/uploads\/2016\/10\/rtvpd-donacija-muzilica-1-300x231.jpg"}],"author":"admin","twitter_card":"summary_large_image","twitter_misc":{"Written by":"admin","Est. reading time":"2 minutes"},"schema":{"@context":"https:\/\/schema.org","@graph":[{"@type":"Article","@id":"https:\/\/www.prijedordanas.com\/?p=64601#article","isPartOf":{"@id":"https:\/\/www.prijedordanas.com\/?p=64601"},"author":{"name":"admin","@id":"https:\/\/www.prijedordanas.com\/#\/schema\/person\/4e08ccf29b506ca916ff86d46bb700e6"},"headline":"PRIJEDOR-\u017dENE NA SELU: DONIRANO 18 URE\u0110AJA ZA MU\u017dU KRAVA &#8211; VIDEO","datePublished":"2016-10-28T17:37:32+00:00","dateModified":"2016-10-28T17:37:32+00:00","mainEntityOfPage":{"@id":"https:\/\/www.prijedordanas.com\/?p=64601"},"wordCount":403,"publisher":{"@id":"https:\/\/www.prijedordanas.com\/#organization"},"keywords":["donacija","ure\u0111aji za mu\u017eu","\u017eene na selu"],"articleSection":["Svakodnevno"],"inLanguage":"en-US"},{"@type":"WebPage","@id":"https:\/\/www.prijedordanas.com\/?p=64601","url":"https:\/\/www.prijedordanas.com\/?p=64601","name":"PRIJEDOR-\u017dENE NA SELU: DONIRANO 18 URE\u0110AJA ZA MU\u017dU KRAVA - VIDEO - PrijedorDanas.com - Prijedorski gradski portal","isPartOf":{"@id":"https:\/\/www.prijedordanas.com\/#website"},"datePublished":"2016-10-28T17:37:32+00:00","dateModified":"2016-10-28T17:37:32+00:00","breadcrumb":{"@id":"https:\/\/www.prijedordanas.com\/?p=64601#breadcrumb"},"inLanguage":"en-US","potentialAction":[{"@type":"ReadAction","target":["https:\/\/www.prijedordanas.com\/?p=64601"]}]},{"@type":"BreadcrumbList","@id":"https:\/\/www.prijedordanas.com\/?p=64601#breadcrumb","itemListElement":[{"@type":"ListItem","position":1,"name":"Home","item":"https:\/\/www.prijedordanas.com\/"},{"@type":"ListItem","position":2,"name":"PRIJEDOR-\u017dENE NA SELU: DONIRANO 18 URE\u0110AJA ZA MU\u017dU KRAVA &#8211; VIDEO"}]},{"@type":"WebSite","@id":"https:\/\/www.prijedordanas.com\/#website","url":"https:\/\/www.prijedordanas.com\/","name":"PrijedorDanas.com - Prijedorski gradski portal","description":"Portal o doga\u0111anjima u gradu Prijedoru","publisher":{"@id":"https:\/\/www.prijedordanas.com\/#organization"},"potentialAction":[{"@type":"SearchAction","target":{"@type":"EntryPoint","urlTemplate":"https:\/\/www.prijedordanas.com\/?s={search_term_string}"},"query-input":"required name=search_term_string"}],"inLanguage":"en-US"},{"@type":"Organization","@id":"https:\/\/www.prijedordanas.com\/#organization","name":"PrijedorDanas.com","url":"https:\/\/www.prijedordanas.com\/","logo":{"@type":"ImageObject","inLanguage":"en-US","@id":"https:\/\/www.prijedordanas.com\/#\/schema\/logo\/image\/","url":"http:\/\/www.prijedordanas.com\/wp-content\/uploads\/2021\/12\/logopng.png","contentUrl":"http:\/\/www.prijedordanas.com\/wp-content\/uploads\/2021\/12\/logopng.png","width":1019,"height":776,"caption":"PrijedorDanas.com"},"image":{"@id":"https:\/\/www.prijedordanas.com\/#\/schema\/logo\/image\/"},"sameAs":["https:\/\/www.facebook.com\/PrijedorDanasCom\/"]},{"@type":"Person","@id":"https:\/\/www.prijedordanas.com\/#\/schema\/person\/4e08ccf29b506ca916ff86d46bb700e6","name":"admin","image":{"@type":"ImageObject","inLanguage":"en-US","@id":"https:\/\/www.prijedordanas.com\/#\/schema\/person\/image\/","url":"https:\/\/secure.gravatar.com\/avatar\/1d3fc949d550f0b53a5f0d51e06dfd79?s=96&d=mm&r=g","contentUrl":"https:\/\/secure.gravatar.com\/avatar\/1d3fc949d550f0b53a5f0d51e06dfd79?s=96&d=mm&r=g","caption":"admin"},"url":"https:\/\/www.prijedordanas.com\/?author=1"}]}},"_links":{"self":[{"href":"https:\/\/www.prijedordanas.com\/index.php?rest_route=\/wp\/v2\/posts\/64601"}],"collection":[{"href":"https:\/\/www.prijedordanas.com\/index.php?rest_route=\/wp\/v2\/posts"}],"about":[{"href":"https:\/\/www.prijedordanas.com\/index.php?rest_route=\/wp\/v2\/types\/post"}],"author":[{"embeddable":true,"href":"https:\/\/www.prijedordanas.com\/index.php?rest_route=\/wp\/v2\/users\/1"}],"replies":[{"embeddable":true,"href":"https:\/\/www.prijedordanas.com\/index.php?rest_route=%2Fwp%2Fv2%2Fcomments&post=64601"}],"version-history":[{"count":1,"href":"https:\/\/www.prijedordanas.com\/index.php?rest_route=\/wp\/v2\/posts\/64601\/revisions"}],"predecessor-version":[{"id":64604,"href":"https:\/\/www.prijedordanas.com\/index.php?rest_route=\/wp\/v2\/posts\/64601\/revisions\/64604"}],"wp:attachment":[{"href":"https:\/\/www.prijedordanas.com\/index.php?rest_route=%2Fwp%2Fv2%2Fmedia&parent=64601"}],"wp:term":[{"taxonomy":"category","embeddable":true,"href":"https:\/\/www.prijedordanas.com\/index.php?rest_route=%2Fwp%2Fv2%2Fcategories&post=64601"},{"taxonomy":"post_tag","embeddable":true,"href":"https:\/\/www.prijedordanas.com\/index.php?rest_route=%2Fwp%2Fv2%2Ftags&post=64601"}],"curies":[{"name":"wp","href":"https:\/\/api.w.org\/{rel}","templated":true}]}}