{"id":64542,"date":"2016-10-28T00:11:21","date_gmt":"2016-10-27T22:11:21","guid":{"rendered":"https:\/\/www.prijedordanas.com\/?p=64542"},"modified":"2016-10-28T00:11:21","modified_gmt":"2016-10-27T22:11:21","slug":"paznja-uznemirujuce-fotografije-automobilom-se-zabio-u-stub-poginuo","status":"publish","type":"post","link":"https:\/\/www.prijedordanas.com\/?p=64542","title":{"rendered":"PA\u017dNJA-UZNEMIRUJU\u0106E FOTOGRAFIJE: AUTOMOBILOM SE ZABIO U STUB I POGINUO"},"content":{"rendered":"<p><a href=\"https:\/\/www.prijedordanas.com\/wp-content\/uploads\/2016\/10\/saobracajka-kozarac-poginuo-mladic-1.jpg\"><img loading=\"lazy\" decoding=\"async\" class=\"alignleft size-medium wp-image-64543\" src=\"https:\/\/www.prijedordanas.com\/wp-content\/uploads\/2016\/10\/saobracajka-kozarac-poginuo-mladic-1-300x234.jpg\" alt=\"saobracajka-kozarac-poginuo-mladic-1\" width=\"300\" height=\"234\" srcset=\"https:\/\/www.prijedordanas.com\/wp-content\/uploads\/2016\/10\/saobracajka-kozarac-poginuo-mladic-1-300x234.jpg 300w, https:\/\/www.prijedordanas.com\/wp-content\/uploads\/2016\/10\/saobracajka-kozarac-poginuo-mladic-1-100x78.jpg 100w, https:\/\/www.prijedordanas.com\/wp-content\/uploads\/2016\/10\/saobracajka-kozarac-poginuo-mladic-1.jpg 640w\" sizes=\"(max-width: 300px) 100vw, 300px\" \/><\/a>PA\u017dNJA: Ovaj \u010dlanak sadr\u017ei fotografije koje mogu biti uznemiruju\u0107eg karaktera za pojedine osobe.<\/p>\n<p>Ve\u010deras se na podru\u010dju Prijedora dogodila jo\u0161 jedna saobra\u0107ajna nesre\u0107a sa tragi\u010dnim ishodom.<\/p>\n<p>Naime, oko 21:30 \u010dasova u ulici Mladena Stojanovi\u0107a u centru Kozarca, u blizini banke, smrtno je stradao voza\u010d automobila \u201cVW Fox\u201d koji se \u201czabio\u201d u stub.<\/p>\n<p>Kako nezvani\u010dno saznajemo, automobil se kretao iz pravca Kozare te je u jednom trenutku pre\u0161ao na suprotnu stranu ceste i udario u betonski stub.<\/p>\n<p>Nesretni mladi\u0107 je ostao mrtav na licu mjesta dok je suvoza\u010d sa povredama hitno preba\u010den u prijedorsku bolnicu.<\/p>\n<p>Uvi\u0111aj obavljaju policijski slu\u017ebenici CJB Prijedor.<\/p>\n<p>Kako smo saznali, najvjerovatniji uzrok ove saobra\u0107ajne nesre\u0107e sa smrtnim ishodom je neprilago\u0111ena brzina.<\/p>\n<p>Nezvani\u010dno saznajemo da je nastradao H.S iz Kozarca dok je te\u017ee povrije\u0111en B.M iz Zenice.<\/p>\n<p>Tekst i foto \u2013 Nijaz Huremovi\u0107\/Aleksandar Drakuli\u0107 \u2013 <a href=\"www.prijedordanas.com\" target=\"_blank\">www.prijedordanas.com<\/a><\/p>\n<p><a href=\"https:\/\/www.prijedordanas.com\/wp-content\/uploads\/2016\/10\/saobracajka-kozarac-poginuo-mladic-2.jpg\"><img loading=\"lazy\" decoding=\"async\" class=\"alignleft size-medium wp-image-64544\" src=\"https:\/\/www.prijedordanas.com\/wp-content\/uploads\/2016\/10\/saobracajka-kozarac-poginuo-mladic-2-300x234.jpg\" alt=\"saobracajka-kozarac-poginuo-mladic-2\" width=\"300\" height=\"234\" srcset=\"https:\/\/www.prijedordanas.com\/wp-content\/uploads\/2016\/10\/saobracajka-kozarac-poginuo-mladic-2-300x234.jpg 300w, https:\/\/www.prijedordanas.com\/wp-content\/uploads\/2016\/10\/saobracajka-kozarac-poginuo-mladic-2-100x78.jpg 100w, https:\/\/www.prijedordanas.com\/wp-content\/uploads\/2016\/10\/saobracajka-kozarac-poginuo-mladic-2.jpg 640w\" sizes=\"(max-width: 300px) 100vw, 300px\" \/><\/a> <a href=\"https:\/\/www.prijedordanas.com\/wp-content\/uploads\/2016\/10\/saobracajka-kozarac-poginuo-mladic-3.jpg\"><img loading=\"lazy\" decoding=\"async\" class=\"alignleft size-medium wp-image-64545\" src=\"https:\/\/www.prijedordanas.com\/wp-content\/uploads\/2016\/10\/saobracajka-kozarac-poginuo-mladic-3-300x234.jpg\" alt=\"saobracajka-kozarac-poginuo-mladic-3\" width=\"300\" height=\"234\" srcset=\"https:\/\/www.prijedordanas.com\/wp-content\/uploads\/2016\/10\/saobracajka-kozarac-poginuo-mladic-3-300x234.jpg 300w, https:\/\/www.prijedordanas.com\/wp-content\/uploads\/2016\/10\/saobracajka-kozarac-poginuo-mladic-3-100x78.jpg 100w, https:\/\/www.prijedordanas.com\/wp-content\/uploads\/2016\/10\/saobracajka-kozarac-poginuo-mladic-3.jpg 640w\" sizes=\"(max-width: 300px) 100vw, 300px\" \/><\/a> <a href=\"https:\/\/www.prijedordanas.com\/wp-content\/uploads\/2016\/10\/saobracajka-kozarac-poginuo-mladic-4.jpg\"><img loading=\"lazy\" decoding=\"async\" class=\"alignleft size-medium wp-image-64546\" src=\"https:\/\/www.prijedordanas.com\/wp-content\/uploads\/2016\/10\/saobracajka-kozarac-poginuo-mladic-4-300x234.jpg\" alt=\"saobracajka-kozarac-poginuo-mladic-4\" width=\"300\" height=\"234\" srcset=\"https:\/\/www.prijedordanas.com\/wp-content\/uploads\/2016\/10\/saobracajka-kozarac-poginuo-mladic-4-300x234.jpg 300w, https:\/\/www.prijedordanas.com\/wp-content\/uploads\/2016\/10\/saobracajka-kozarac-poginuo-mladic-4-100x78.jpg 100w, https:\/\/www.prijedordanas.com\/wp-content\/uploads\/2016\/10\/saobracajka-kozarac-poginuo-mladic-4.jpg 640w\" sizes=\"(max-width: 300px) 100vw, 300px\" \/><\/a> <a href=\"https:\/\/www.prijedordanas.com\/wp-content\/uploads\/2016\/10\/saobracajka-kozarac-poginuo-mladic-5.jpg\"><img loading=\"lazy\" decoding=\"async\" class=\"alignleft size-medium wp-image-64547\" src=\"https:\/\/www.prijedordanas.com\/wp-content\/uploads\/2016\/10\/saobracajka-kozarac-poginuo-mladic-5-300x234.jpg\" alt=\"saobracajka-kozarac-poginuo-mladic-5\" width=\"300\" height=\"234\" srcset=\"https:\/\/www.prijedordanas.com\/wp-content\/uploads\/2016\/10\/saobracajka-kozarac-poginuo-mladic-5-300x234.jpg 300w, https:\/\/www.prijedordanas.com\/wp-content\/uploads\/2016\/10\/saobracajka-kozarac-poginuo-mladic-5-100x78.jpg 100w, https:\/\/www.prijedordanas.com\/wp-content\/uploads\/2016\/10\/saobracajka-kozarac-poginuo-mladic-5.jpg 640w\" sizes=\"(max-width: 300px) 100vw, 300px\" \/><\/a> <a href=\"https:\/\/www.prijedordanas.com\/wp-content\/uploads\/2016\/10\/saobracajka-kozarac-poginuo-mladic-6.jpg\"><img loading=\"lazy\" decoding=\"async\" class=\"alignleft size-medium wp-image-64548\" src=\"https:\/\/www.prijedordanas.com\/wp-content\/uploads\/2016\/10\/saobracajka-kozarac-poginuo-mladic-6-300x234.jpg\" alt=\"saobracajka-kozarac-poginuo-mladic-6\" width=\"300\" height=\"234\" srcset=\"https:\/\/www.prijedordanas.com\/wp-content\/uploads\/2016\/10\/saobracajka-kozarac-poginuo-mladic-6-300x234.jpg 300w, https:\/\/www.prijedordanas.com\/wp-content\/uploads\/2016\/10\/saobracajka-kozarac-poginuo-mladic-6-100x78.jpg 100w, https:\/\/www.prijedordanas.com\/wp-content\/uploads\/2016\/10\/saobracajka-kozarac-poginuo-mladic-6.jpg 640w\" sizes=\"(max-width: 300px) 100vw, 300px\" \/><\/a> <a href=\"https:\/\/www.prijedordanas.com\/wp-content\/uploads\/2016\/10\/saobracajka-kozarac-poginuo-mladic-7.jpg\"><img loading=\"lazy\" decoding=\"async\" class=\"alignleft size-medium wp-image-64549\" src=\"https:\/\/www.prijedordanas.com\/wp-content\/uploads\/2016\/10\/saobracajka-kozarac-poginuo-mladic-7-300x234.jpg\" alt=\"saobracajka-kozarac-poginuo-mladic-7\" width=\"300\" height=\"234\" srcset=\"https:\/\/www.prijedordanas.com\/wp-content\/uploads\/2016\/10\/saobracajka-kozarac-poginuo-mladic-7-300x234.jpg 300w, https:\/\/www.prijedordanas.com\/wp-content\/uploads\/2016\/10\/saobracajka-kozarac-poginuo-mladic-7-100x78.jpg 100w, https:\/\/www.prijedordanas.com\/wp-content\/uploads\/2016\/10\/saobracajka-kozarac-poginuo-mladic-7.jpg 640w\" sizes=\"(max-width: 300px) 100vw, 300px\" \/><\/a> <a href=\"https:\/\/www.prijedordanas.com\/wp-content\/uploads\/2016\/10\/saobracajka-kozarac-poginuo-mladic-8.jpg\"><img loading=\"lazy\" decoding=\"async\" class=\"alignleft size-medium wp-image-64550\" src=\"https:\/\/www.prijedordanas.com\/wp-content\/uploads\/2016\/10\/saobracajka-kozarac-poginuo-mladic-8-300x234.jpg\" alt=\"saobracajka-kozarac-poginuo-mladic-8\" width=\"300\" height=\"234\" srcset=\"https:\/\/www.prijedordanas.com\/wp-content\/uploads\/2016\/10\/saobracajka-kozarac-poginuo-mladic-8-300x234.jpg 300w, https:\/\/www.prijedordanas.com\/wp-content\/uploads\/2016\/10\/saobracajka-kozarac-poginuo-mladic-8-100x78.jpg 100w, https:\/\/www.prijedordanas.com\/wp-content\/uploads\/2016\/10\/saobracajka-kozarac-poginuo-mladic-8.jpg 640w\" sizes=\"(max-width: 300px) 100vw, 300px\" \/><\/a><\/p>\n","protected":false},"excerpt":{"rendered":"<p>PA\u017dNJA: Ovaj \u010dlanak sadr\u017ei fotografije koje mogu biti uznemiruju\u0107eg karaktera za pojedine osobe. Ve\u010deras se na podru\u010dju Prijedora dogodila jo\u0161 jedna saobra\u0107ajna nesre\u0107a sa tragi\u010dnim ishodom. Naime, oko 21:30 \u010dasova [&hellip;]<\/p>\n","protected":false},"author":1,"featured_media":0,"comment_status":"closed","ping_status":"open","sticky":false,"template":"","format":"standard","meta":{"_monsterinsights_skip_tracking":false,"_monsterinsights_sitenote_active":false,"_monsterinsights_sitenote_note":"","_monsterinsights_sitenote_category":0,"footnotes":""},"categories":[5],"tags":[112,228],"yoast_head":"<!-- This site is optimized with the Yoast SEO plugin v21.6 - https:\/\/yoast.com\/wordpress\/plugins\/seo\/ -->\n<title>PA\u017dNJA-UZNEMIRUJU\u0106E FOTOGRAFIJE: AUTOMOBILOM SE ZABIO U STUB I POGINUO - PrijedorDanas.com - Prijedorski gradski portal<\/title>\n<meta name=\"robots\" content=\"index, follow, max-snippet:-1, max-image-preview:large, max-video-preview:-1\" \/>\n<link rel=\"canonical\" href=\"https:\/\/www.prijedordanas.com\/?p=64542\" \/>\n<meta property=\"og:locale\" content=\"en_US\" \/>\n<meta property=\"og:type\" content=\"article\" \/>\n<meta property=\"og:title\" content=\"PA\u017dNJA-UZNEMIRUJU\u0106E FOTOGRAFIJE: AUTOMOBILOM SE ZABIO U STUB I POGINUO - PrijedorDanas.com - Prijedorski gradski portal\" \/>\n<meta property=\"og:description\" content=\"PA\u017dNJA: Ovaj \u010dlanak sadr\u017ei fotografije koje mogu biti uznemiruju\u0107eg karaktera za pojedine osobe. Ve\u010deras se na podru\u010dju Prijedora dogodila jo\u0161 jedna saobra\u0107ajna nesre\u0107a sa tragi\u010dnim ishodom. Naime, oko 21:30 \u010dasova [&hellip;]\" \/>\n<meta property=\"og:url\" content=\"https:\/\/www.prijedordanas.com\/?p=64542\" \/>\n<meta property=\"og:site_name\" content=\"PrijedorDanas.com - Prijedorski gradski portal\" \/>\n<meta property=\"article:publisher\" content=\"https:\/\/www.facebook.com\/PrijedorDanasCom\/\" \/>\n<meta property=\"article:published_time\" content=\"2016-10-27T22:11:21+00:00\" \/>\n<meta property=\"og:image\" content=\"https:\/\/www.prijedordanas.com\/wp-content\/uploads\/2016\/10\/saobracajka-kozarac-poginuo-mladic-1-300x234.jpg\" \/>\n<meta name=\"author\" content=\"admin\" \/>\n<meta name=\"twitter:card\" content=\"summary_large_image\" \/>\n<meta name=\"twitter:label1\" content=\"Written by\" \/>\n\t<meta name=\"twitter:data1\" content=\"admin\" \/>\n\t<meta name=\"twitter:label2\" content=\"Est. reading time\" \/>\n\t<meta name=\"twitter:data2\" content=\"1 minute\" \/>\n<script type=\"application\/ld+json\" class=\"yoast-schema-graph\">{\"@context\":\"https:\/\/schema.org\",\"@graph\":[{\"@type\":\"Article\",\"@id\":\"https:\/\/www.prijedordanas.com\/?p=64542#article\",\"isPartOf\":{\"@id\":\"https:\/\/www.prijedordanas.com\/?p=64542\"},\"author\":{\"name\":\"admin\",\"@id\":\"https:\/\/www.prijedordanas.com\/#\/schema\/person\/4e08ccf29b506ca916ff86d46bb700e6\"},\"headline\":\"PA\u017dNJA-UZNEMIRUJU\u0106E FOTOGRAFIJE: AUTOMOBILOM SE ZABIO U STUB I POGINUO\",\"datePublished\":\"2016-10-27T22:11:21+00:00\",\"dateModified\":\"2016-10-27T22:11:21+00:00\",\"mainEntityOfPage\":{\"@id\":\"https:\/\/www.prijedordanas.com\/?p=64542\"},\"wordCount\":171,\"publisher\":{\"@id\":\"https:\/\/www.prijedordanas.com\/#organization\"},\"keywords\":[\"Kozarac\",\"saobra\u0107ajka\"],\"articleSection\":[\"Hronika\"],\"inLanguage\":\"en-US\"},{\"@type\":\"WebPage\",\"@id\":\"https:\/\/www.prijedordanas.com\/?p=64542\",\"url\":\"https:\/\/www.prijedordanas.com\/?p=64542\",\"name\":\"PA\u017dNJA-UZNEMIRUJU\u0106E FOTOGRAFIJE: AUTOMOBILOM SE ZABIO U STUB I POGINUO - PrijedorDanas.com - Prijedorski gradski portal\",\"isPartOf\":{\"@id\":\"https:\/\/www.prijedordanas.com\/#website\"},\"datePublished\":\"2016-10-27T22:11:21+00:00\",\"dateModified\":\"2016-10-27T22:11:21+00:00\",\"breadcrumb\":{\"@id\":\"https:\/\/www.prijedordanas.com\/?p=64542#breadcrumb\"},\"inLanguage\":\"en-US\",\"potentialAction\":[{\"@type\":\"ReadAction\",\"target\":[\"https:\/\/www.prijedordanas.com\/?p=64542\"]}]},{\"@type\":\"BreadcrumbList\",\"@id\":\"https:\/\/www.prijedordanas.com\/?p=64542#breadcrumb\",\"itemListElement\":[{\"@type\":\"ListItem\",\"position\":1,\"name\":\"Home\",\"item\":\"https:\/\/www.prijedordanas.com\/\"},{\"@type\":\"ListItem\",\"position\":2,\"name\":\"PA\u017dNJA-UZNEMIRUJU\u0106E FOTOGRAFIJE: AUTOMOBILOM SE ZABIO U STUB I POGINUO\"}]},{\"@type\":\"WebSite\",\"@id\":\"https:\/\/www.prijedordanas.com\/#website\",\"url\":\"https:\/\/www.prijedordanas.com\/\",\"name\":\"PrijedorDanas.com - Prijedorski gradski portal\",\"description\":\"Portal o doga\u0111anjima u gradu Prijedoru\",\"publisher\":{\"@id\":\"https:\/\/www.prijedordanas.com\/#organization\"},\"potentialAction\":[{\"@type\":\"SearchAction\",\"target\":{\"@type\":\"EntryPoint\",\"urlTemplate\":\"https:\/\/www.prijedordanas.com\/?s={search_term_string}\"},\"query-input\":\"required name=search_term_string\"}],\"inLanguage\":\"en-US\"},{\"@type\":\"Organization\",\"@id\":\"https:\/\/www.prijedordanas.com\/#organization\",\"name\":\"PrijedorDanas.com\",\"url\":\"https:\/\/www.prijedordanas.com\/\",\"logo\":{\"@type\":\"ImageObject\",\"inLanguage\":\"en-US\",\"@id\":\"https:\/\/www.prijedordanas.com\/#\/schema\/logo\/image\/\",\"url\":\"http:\/\/www.prijedordanas.com\/wp-content\/uploads\/2021\/12\/logopng.png\",\"contentUrl\":\"http:\/\/www.prijedordanas.com\/wp-content\/uploads\/2021\/12\/logopng.png\",\"width\":1019,\"height\":776,\"caption\":\"PrijedorDanas.com\"},\"image\":{\"@id\":\"https:\/\/www.prijedordanas.com\/#\/schema\/logo\/image\/\"},\"sameAs\":[\"https:\/\/www.facebook.com\/PrijedorDanasCom\/\"]},{\"@type\":\"Person\",\"@id\":\"https:\/\/www.prijedordanas.com\/#\/schema\/person\/4e08ccf29b506ca916ff86d46bb700e6\",\"name\":\"admin\",\"image\":{\"@type\":\"ImageObject\",\"inLanguage\":\"en-US\",\"@id\":\"https:\/\/www.prijedordanas.com\/#\/schema\/person\/image\/\",\"url\":\"https:\/\/secure.gravatar.com\/avatar\/1d3fc949d550f0b53a5f0d51e06dfd79?s=96&d=mm&r=g\",\"contentUrl\":\"https:\/\/secure.gravatar.com\/avatar\/1d3fc949d550f0b53a5f0d51e06dfd79?s=96&d=mm&r=g\",\"caption\":\"admin\"},\"url\":\"https:\/\/www.prijedordanas.com\/?author=1\"}]}<\/script>\n<!-- \/ Yoast SEO plugin. -->","yoast_head_json":{"title":"PA\u017dNJA-UZNEMIRUJU\u0106E FOTOGRAFIJE: AUTOMOBILOM SE ZABIO U STUB I POGINUO - PrijedorDanas.com - Prijedorski gradski portal","robots":{"index":"index","follow":"follow","max-snippet":"max-snippet:-1","max-image-preview":"max-image-preview:large","max-video-preview":"max-video-preview:-1"},"canonical":"https:\/\/www.prijedordanas.com\/?p=64542","og_locale":"en_US","og_type":"article","og_title":"PA\u017dNJA-UZNEMIRUJU\u0106E FOTOGRAFIJE: AUTOMOBILOM SE ZABIO U STUB I POGINUO - PrijedorDanas.com - Prijedorski gradski portal","og_description":"PA\u017dNJA: Ovaj \u010dlanak sadr\u017ei fotografije koje mogu biti uznemiruju\u0107eg karaktera za pojedine osobe. Ve\u010deras se na podru\u010dju Prijedora dogodila jo\u0161 jedna saobra\u0107ajna nesre\u0107a sa tragi\u010dnim ishodom. Naime, oko 21:30 \u010dasova [&hellip;]","og_url":"https:\/\/www.prijedordanas.com\/?p=64542","og_site_name":"PrijedorDanas.com - Prijedorski gradski portal","article_publisher":"https:\/\/www.facebook.com\/PrijedorDanasCom\/","article_published_time":"2016-10-27T22:11:21+00:00","og_image":[{"url":"https:\/\/www.prijedordanas.com\/wp-content\/uploads\/2016\/10\/saobracajka-kozarac-poginuo-mladic-1-300x234.jpg"}],"author":"admin","twitter_card":"summary_large_image","twitter_misc":{"Written by":"admin","Est. reading time":"1 minute"},"schema":{"@context":"https:\/\/schema.org","@graph":[{"@type":"Article","@id":"https:\/\/www.prijedordanas.com\/?p=64542#article","isPartOf":{"@id":"https:\/\/www.prijedordanas.com\/?p=64542"},"author":{"name":"admin","@id":"https:\/\/www.prijedordanas.com\/#\/schema\/person\/4e08ccf29b506ca916ff86d46bb700e6"},"headline":"PA\u017dNJA-UZNEMIRUJU\u0106E FOTOGRAFIJE: AUTOMOBILOM SE ZABIO U STUB I POGINUO","datePublished":"2016-10-27T22:11:21+00:00","dateModified":"2016-10-27T22:11:21+00:00","mainEntityOfPage":{"@id":"https:\/\/www.prijedordanas.com\/?p=64542"},"wordCount":171,"publisher":{"@id":"https:\/\/www.prijedordanas.com\/#organization"},"keywords":["Kozarac","saobra\u0107ajka"],"articleSection":["Hronika"],"inLanguage":"en-US"},{"@type":"WebPage","@id":"https:\/\/www.prijedordanas.com\/?p=64542","url":"https:\/\/www.prijedordanas.com\/?p=64542","name":"PA\u017dNJA-UZNEMIRUJU\u0106E FOTOGRAFIJE: AUTOMOBILOM SE ZABIO U STUB I POGINUO - PrijedorDanas.com - Prijedorski gradski portal","isPartOf":{"@id":"https:\/\/www.prijedordanas.com\/#website"},"datePublished":"2016-10-27T22:11:21+00:00","dateModified":"2016-10-27T22:11:21+00:00","breadcrumb":{"@id":"https:\/\/www.prijedordanas.com\/?p=64542#breadcrumb"},"inLanguage":"en-US","potentialAction":[{"@type":"ReadAction","target":["https:\/\/www.prijedordanas.com\/?p=64542"]}]},{"@type":"BreadcrumbList","@id":"https:\/\/www.prijedordanas.com\/?p=64542#breadcrumb","itemListElement":[{"@type":"ListItem","position":1,"name":"Home","item":"https:\/\/www.prijedordanas.com\/"},{"@type":"ListItem","position":2,"name":"PA\u017dNJA-UZNEMIRUJU\u0106E FOTOGRAFIJE: AUTOMOBILOM SE ZABIO U STUB I POGINUO"}]},{"@type":"WebSite","@id":"https:\/\/www.prijedordanas.com\/#website","url":"https:\/\/www.prijedordanas.com\/","name":"PrijedorDanas.com - Prijedorski gradski portal","description":"Portal o doga\u0111anjima u gradu Prijedoru","publisher":{"@id":"https:\/\/www.prijedordanas.com\/#organization"},"potentialAction":[{"@type":"SearchAction","target":{"@type":"EntryPoint","urlTemplate":"https:\/\/www.prijedordanas.com\/?s={search_term_string}"},"query-input":"required name=search_term_string"}],"inLanguage":"en-US"},{"@type":"Organization","@id":"https:\/\/www.prijedordanas.com\/#organization","name":"PrijedorDanas.com","url":"https:\/\/www.prijedordanas.com\/","logo":{"@type":"ImageObject","inLanguage":"en-US","@id":"https:\/\/www.prijedordanas.com\/#\/schema\/logo\/image\/","url":"http:\/\/www.prijedordanas.com\/wp-content\/uploads\/2021\/12\/logopng.png","contentUrl":"http:\/\/www.prijedordanas.com\/wp-content\/uploads\/2021\/12\/logopng.png","width":1019,"height":776,"caption":"PrijedorDanas.com"},"image":{"@id":"https:\/\/www.prijedordanas.com\/#\/schema\/logo\/image\/"},"sameAs":["https:\/\/www.facebook.com\/PrijedorDanasCom\/"]},{"@type":"Person","@id":"https:\/\/www.prijedordanas.com\/#\/schema\/person\/4e08ccf29b506ca916ff86d46bb700e6","name":"admin","image":{"@type":"ImageObject","inLanguage":"en-US","@id":"https:\/\/www.prijedordanas.com\/#\/schema\/person\/image\/","url":"https:\/\/secure.gravatar.com\/avatar\/1d3fc949d550f0b53a5f0d51e06dfd79?s=96&d=mm&r=g","contentUrl":"https:\/\/secure.gravatar.com\/avatar\/1d3fc949d550f0b53a5f0d51e06dfd79?s=96&d=mm&r=g","caption":"admin"},"url":"https:\/\/www.prijedordanas.com\/?author=1"}]}},"_links":{"self":[{"href":"https:\/\/www.prijedordanas.com\/index.php?rest_route=\/wp\/v2\/posts\/64542"}],"collection":[{"href":"https:\/\/www.prijedordanas.com\/index.php?rest_route=\/wp\/v2\/posts"}],"about":[{"href":"https:\/\/www.prijedordanas.com\/index.php?rest_route=\/wp\/v2\/types\/post"}],"author":[{"embeddable":true,"href":"https:\/\/www.prijedordanas.com\/index.php?rest_route=\/wp\/v2\/users\/1"}],"replies":[{"embeddable":true,"href":"https:\/\/www.prijedordanas.com\/index.php?rest_route=%2Fwp%2Fv2%2Fcomments&post=64542"}],"version-history":[{"count":2,"href":"https:\/\/www.prijedordanas.com\/index.php?rest_route=\/wp\/v2\/posts\/64542\/revisions"}],"predecessor-version":[{"id":64582,"href":"https:\/\/www.prijedordanas.com\/index.php?rest_route=\/wp\/v2\/posts\/64542\/revisions\/64582"}],"wp:attachment":[{"href":"https:\/\/www.prijedordanas.com\/index.php?rest_route=%2Fwp%2Fv2%2Fmedia&parent=64542"}],"wp:term":[{"taxonomy":"category","embeddable":true,"href":"https:\/\/www.prijedordanas.com\/index.php?rest_route=%2Fwp%2Fv2%2Fcategories&post=64542"},{"taxonomy":"post_tag","embeddable":true,"href":"https:\/\/www.prijedordanas.com\/index.php?rest_route=%2Fwp%2Fv2%2Ftags&post=64542"}],"curies":[{"name":"wp","href":"https:\/\/api.w.org\/{rel}","templated":true}]}}