{"id":64500,"date":"2016-10-27T17:15:46","date_gmt":"2016-10-27T15:15:46","guid":{"rendered":"https:\/\/www.prijedordanas.com\/?p=64500"},"modified":"2016-10-27T17:43:35","modified_gmt":"2016-10-27T15:43:35","slug":"sastanak-pavic-tegeltija-dogovoren-nacin-trajnog-smjestaja-novih-pravosudnih-institucija-video","status":"publish","type":"post","link":"https:\/\/www.prijedordanas.com\/?p=64500","title":{"rendered":"SASTANAK PAVI\u0106-TEGELTIJA: DOGOVOREN NA\u010cIN TRAJNOG SMJE\u0160TAJA NOVIH PRAVOSUDNIH INSTITUCIJA &#8211; VIDEO"},"content":{"rendered":"<p><a href=\"https:\/\/www.prijedordanas.com\/wp-content\/uploads\/2016\/10\/srna-sastanak-pavic-tegeltija-1-1.jpg\"><img loading=\"lazy\" decoding=\"async\" class=\"alignleft size-medium wp-image-64501\" src=\"https:\/\/www.prijedordanas.com\/wp-content\/uploads\/2016\/10\/srna-sastanak-pavic-tegeltija-1-1-300x250.jpg\" alt=\"srna-sastanak-pavic-tegeltija-1\" width=\"300\" height=\"250\" srcset=\"https:\/\/www.prijedordanas.com\/wp-content\/uploads\/2016\/10\/srna-sastanak-pavic-tegeltija-1-1-300x250.jpg 300w, https:\/\/www.prijedordanas.com\/wp-content\/uploads\/2016\/10\/srna-sastanak-pavic-tegeltija-1-1-100x83.jpg 100w, https:\/\/www.prijedordanas.com\/wp-content\/uploads\/2016\/10\/srna-sastanak-pavic-tegeltija-1-1.jpg 600w\" sizes=\"(max-width: 300px) 100vw, 300px\" \/><\/a>Gradona\u010delnik Prijedora Marko Pavi\u0107 izjavio je danas da \u0107e nove pravosudne institucije okru\u017enog nivoa &#8211; sud, privredni sud i tu\u017eila\u0161tvo, koje bi u Prijedoru trebalo da po\u010dnu funkcionisati 1. januara, privremeno biti smje\u0161tene u zgradi &#8220;Po\u0161ta Srpske&#8221;, a da \u0107e trajni smje\u0161taj dobiti \u0161est do sedam mjeseci nakon toga.<\/p>\n<p>&#8220;U Ministarstvu finansija, odnosno bud\u017eetu \/Republike Srpske\/ ima milion maraka ostavljenih za finansiranje upravo ovih institucija i to je po\u010detni kapital s kojim \u0107e se krenuti u opremanje novog prostora ovih institucija&#8221;, rekao je Pavi\u0107 novinarima u Prijedoru nakon razgovora sa ministrom finansija u Vladi Republike Srpske Zoranom Tegeltijom.<\/p>\n<p>On je dodao da se sa ve\u0107 obezbije\u0111enim dijelom sredstava, a prije usvajanja bud\u017eeta, kre\u0107e u rje\u0161avanje pitanja trajnog smej\u0161taja novih institucija u Prijedoru, reprezentativnih i za Republiku Srpsku i za grad.<\/p>\n<p>Pavi\u0107 je najavio da \u0107e predstavnici Ministarstva pravde Republike Srpske sutra u Prijedoru jo\u0161 jednom pregledati sve ponu\u0111ene objekte koji bi mogli biti trajno rje\u0161enje za smje\u0161taj sudova i tu\u017eila\u0161tva.<\/p>\n<p><a href=\"https:\/\/www.prijedordanas.com\/wp-content\/uploads\/2016\/10\/srna-sastanak-pavic-tegeltija-2-1.jpg\"><img loading=\"lazy\" decoding=\"async\" src=\"https:\/\/www.prijedordanas.com\/wp-content\/uploads\/2016\/10\/srna-sastanak-pavic-tegeltija-2-1-300x234.jpg\" alt=\"srna-sastanak-pavic-tegeltija-2\" width=\"300\" height=\"234\" class=\"alignleft size-medium wp-image-64502\" srcset=\"https:\/\/www.prijedordanas.com\/wp-content\/uploads\/2016\/10\/srna-sastanak-pavic-tegeltija-2-1-300x234.jpg 300w, https:\/\/www.prijedordanas.com\/wp-content\/uploads\/2016\/10\/srna-sastanak-pavic-tegeltija-2-1-100x78.jpg 100w, https:\/\/www.prijedordanas.com\/wp-content\/uploads\/2016\/10\/srna-sastanak-pavic-tegeltija-2-1.jpg 640w\" sizes=\"(max-width: 300px) 100vw, 300px\" \/><\/a>Ministar finansija Srpske Zoran Tegeltija rekao je da ovo ministarstvo treba da u pripremi budu\u0107eg bud\u017eeta planira sredstva za prostor i opremanje institucija pravosu\u0111a.<\/p>\n<p>&#8220;Na\u0161e stanovi\u0161te je da to Vlada treba da uradi zajedno sa gradom Prijedor, da Vlada obezbijedi najve\u0107i ili gotovo sav iznos sredstava, dio da obezbijedi grad Prijedor i da grad bira lokaciju za institucije&#8221;, rekao je Tegeltija.<\/p>\n<p>On je ocijenio da je Prijedor odli\u010dan posao napravio sa promjenom energenta u &#8220;Toplani&#8221;, da je prijedorska &#8220;Toplana&#8221; sada u &#8220;dobroj kondiciji&#8221;, da obaveze ovog preduze\u0107a prema bud\u017eetu Republike Srpske nisu jo\u0161 definisane, ali da \u0107e biti u narednom kratkoro\u010dnom periodu.<\/p>\n<p>SRNA<\/p>\n<p><iframe loading=\"lazy\" width=\"500\" height=\"375\" src=\"https:\/\/www.youtube.com\/embed\/vrggvt-tXRo?feature=oembed\" frameborder=\"0\" allowfullscreen><\/iframe><\/p>\n","protected":false},"excerpt":{"rendered":"<p>Gradona\u010delnik Prijedora Marko Pavi\u0107 izjavio je danas da \u0107e nove pravosudne institucije okru\u017enog nivoa &#8211; sud, privredni sud i tu\u017eila\u0161tvo, koje bi u Prijedoru trebalo da po\u010dnu funkcionisati 1. januara, [&hellip;]<\/p>\n","protected":false},"author":1,"featured_media":0,"comment_status":"closed","ping_status":"open","sticky":false,"template":"","format":"standard","meta":{"_monsterinsights_skip_tracking":false,"_monsterinsights_sitenote_active":false,"_monsterinsights_sitenote_note":"","_monsterinsights_sitenote_category":0,"footnotes":""},"categories":[8],"tags":[5664,9073,651],"yoast_head":"<!-- This site is optimized with the Yoast SEO plugin v21.6 - https:\/\/yoast.com\/wordpress\/plugins\/seo\/ -->\n<title>SASTANAK PAVI\u0106-TEGELTIJA: DOGOVOREN NA\u010cIN TRAJNOG SMJE\u0160TAJA NOVIH PRAVOSUDNIH INSTITUCIJA - VIDEO - PrijedorDanas.com - Prijedorski gradski portal<\/title>\n<meta name=\"robots\" content=\"index, follow, max-snippet:-1, max-image-preview:large, max-video-preview:-1\" \/>\n<link rel=\"canonical\" href=\"https:\/\/www.prijedordanas.com\/?p=64500\" \/>\n<meta property=\"og:locale\" content=\"en_US\" \/>\n<meta property=\"og:type\" content=\"article\" \/>\n<meta property=\"og:title\" content=\"SASTANAK PAVI\u0106-TEGELTIJA: DOGOVOREN NA\u010cIN TRAJNOG SMJE\u0160TAJA NOVIH PRAVOSUDNIH INSTITUCIJA - VIDEO - PrijedorDanas.com - Prijedorski gradski portal\" \/>\n<meta property=\"og:description\" content=\"Gradona\u010delnik Prijedora Marko Pavi\u0107 izjavio je danas da \u0107e nove pravosudne institucije okru\u017enog nivoa &#8211; sud, privredni sud i tu\u017eila\u0161tvo, koje bi u Prijedoru trebalo da po\u010dnu funkcionisati 1. januara, [&hellip;]\" \/>\n<meta property=\"og:url\" content=\"https:\/\/www.prijedordanas.com\/?p=64500\" \/>\n<meta property=\"og:site_name\" content=\"PrijedorDanas.com - Prijedorski gradski portal\" \/>\n<meta property=\"article:publisher\" content=\"https:\/\/www.facebook.com\/PrijedorDanasCom\/\" \/>\n<meta property=\"article:published_time\" content=\"2016-10-27T15:15:46+00:00\" \/>\n<meta property=\"article:modified_time\" content=\"2016-10-27T15:43:35+00:00\" \/>\n<meta property=\"og:image\" content=\"https:\/\/www.prijedordanas.com\/wp-content\/uploads\/2016\/10\/srna-sastanak-pavic-tegeltija-1-1-300x250.jpg\" \/>\n<meta name=\"author\" content=\"admin\" \/>\n<meta name=\"twitter:card\" content=\"summary_large_image\" \/>\n<meta name=\"twitter:label1\" content=\"Written by\" \/>\n\t<meta name=\"twitter:data1\" content=\"admin\" \/>\n\t<meta name=\"twitter:label2\" content=\"Est. reading time\" \/>\n\t<meta name=\"twitter:data2\" content=\"1 minute\" \/>\n<script type=\"application\/ld+json\" class=\"yoast-schema-graph\">{\"@context\":\"https:\/\/schema.org\",\"@graph\":[{\"@type\":\"Article\",\"@id\":\"https:\/\/www.prijedordanas.com\/?p=64500#article\",\"isPartOf\":{\"@id\":\"https:\/\/www.prijedordanas.com\/?p=64500\"},\"author\":{\"name\":\"admin\",\"@id\":\"https:\/\/www.prijedordanas.com\/#\/schema\/person\/4e08ccf29b506ca916ff86d46bb700e6\"},\"headline\":\"SASTANAK PAVI\u0106-TEGELTIJA: DOGOVOREN NA\u010cIN TRAJNOG SMJE\u0160TAJA NOVIH PRAVOSUDNIH INSTITUCIJA &#8211; VIDEO\",\"datePublished\":\"2016-10-27T15:15:46+00:00\",\"dateModified\":\"2016-10-27T15:43:35+00:00\",\"mainEntityOfPage\":{\"@id\":\"https:\/\/www.prijedordanas.com\/?p=64500\"},\"wordCount\":310,\"publisher\":{\"@id\":\"https:\/\/www.prijedordanas.com\/#organization\"},\"keywords\":[\"gradona\u010delnik Marko Pavi\u0107\",\"ministar finansija\",\"Zoran Tegeltija\"],\"articleSection\":[\"Svakodnevno\"],\"inLanguage\":\"en-US\"},{\"@type\":\"WebPage\",\"@id\":\"https:\/\/www.prijedordanas.com\/?p=64500\",\"url\":\"https:\/\/www.prijedordanas.com\/?p=64500\",\"name\":\"SASTANAK PAVI\u0106-TEGELTIJA: DOGOVOREN NA\u010cIN TRAJNOG SMJE\u0160TAJA NOVIH PRAVOSUDNIH INSTITUCIJA - VIDEO - PrijedorDanas.com - Prijedorski gradski portal\",\"isPartOf\":{\"@id\":\"https:\/\/www.prijedordanas.com\/#website\"},\"datePublished\":\"2016-10-27T15:15:46+00:00\",\"dateModified\":\"2016-10-27T15:43:35+00:00\",\"breadcrumb\":{\"@id\":\"https:\/\/www.prijedordanas.com\/?p=64500#breadcrumb\"},\"inLanguage\":\"en-US\",\"potentialAction\":[{\"@type\":\"ReadAction\",\"target\":[\"https:\/\/www.prijedordanas.com\/?p=64500\"]}]},{\"@type\":\"BreadcrumbList\",\"@id\":\"https:\/\/www.prijedordanas.com\/?p=64500#breadcrumb\",\"itemListElement\":[{\"@type\":\"ListItem\",\"position\":1,\"name\":\"Home\",\"item\":\"https:\/\/www.prijedordanas.com\/\"},{\"@type\":\"ListItem\",\"position\":2,\"name\":\"SASTANAK PAVI\u0106-TEGELTIJA: DOGOVOREN NA\u010cIN TRAJNOG SMJE\u0160TAJA NOVIH PRAVOSUDNIH INSTITUCIJA &#8211; VIDEO\"}]},{\"@type\":\"WebSite\",\"@id\":\"https:\/\/www.prijedordanas.com\/#website\",\"url\":\"https:\/\/www.prijedordanas.com\/\",\"name\":\"PrijedorDanas.com - Prijedorski gradski portal\",\"description\":\"Portal o doga\u0111anjima u gradu Prijedoru\",\"publisher\":{\"@id\":\"https:\/\/www.prijedordanas.com\/#organization\"},\"potentialAction\":[{\"@type\":\"SearchAction\",\"target\":{\"@type\":\"EntryPoint\",\"urlTemplate\":\"https:\/\/www.prijedordanas.com\/?s={search_term_string}\"},\"query-input\":\"required name=search_term_string\"}],\"inLanguage\":\"en-US\"},{\"@type\":\"Organization\",\"@id\":\"https:\/\/www.prijedordanas.com\/#organization\",\"name\":\"PrijedorDanas.com\",\"url\":\"https:\/\/www.prijedordanas.com\/\",\"logo\":{\"@type\":\"ImageObject\",\"inLanguage\":\"en-US\",\"@id\":\"https:\/\/www.prijedordanas.com\/#\/schema\/logo\/image\/\",\"url\":\"http:\/\/www.prijedordanas.com\/wp-content\/uploads\/2021\/12\/logopng.png\",\"contentUrl\":\"http:\/\/www.prijedordanas.com\/wp-content\/uploads\/2021\/12\/logopng.png\",\"width\":1019,\"height\":776,\"caption\":\"PrijedorDanas.com\"},\"image\":{\"@id\":\"https:\/\/www.prijedordanas.com\/#\/schema\/logo\/image\/\"},\"sameAs\":[\"https:\/\/www.facebook.com\/PrijedorDanasCom\/\"]},{\"@type\":\"Person\",\"@id\":\"https:\/\/www.prijedordanas.com\/#\/schema\/person\/4e08ccf29b506ca916ff86d46bb700e6\",\"name\":\"admin\",\"image\":{\"@type\":\"ImageObject\",\"inLanguage\":\"en-US\",\"@id\":\"https:\/\/www.prijedordanas.com\/#\/schema\/person\/image\/\",\"url\":\"https:\/\/secure.gravatar.com\/avatar\/1d3fc949d550f0b53a5f0d51e06dfd79?s=96&d=mm&r=g\",\"contentUrl\":\"https:\/\/secure.gravatar.com\/avatar\/1d3fc949d550f0b53a5f0d51e06dfd79?s=96&d=mm&r=g\",\"caption\":\"admin\"},\"url\":\"https:\/\/www.prijedordanas.com\/?author=1\"}]}<\/script>\n<!-- \/ Yoast SEO plugin. -->","yoast_head_json":{"title":"SASTANAK PAVI\u0106-TEGELTIJA: DOGOVOREN NA\u010cIN TRAJNOG SMJE\u0160TAJA NOVIH PRAVOSUDNIH INSTITUCIJA - VIDEO - PrijedorDanas.com - Prijedorski gradski portal","robots":{"index":"index","follow":"follow","max-snippet":"max-snippet:-1","max-image-preview":"max-image-preview:large","max-video-preview":"max-video-preview:-1"},"canonical":"https:\/\/www.prijedordanas.com\/?p=64500","og_locale":"en_US","og_type":"article","og_title":"SASTANAK PAVI\u0106-TEGELTIJA: DOGOVOREN NA\u010cIN TRAJNOG SMJE\u0160TAJA NOVIH PRAVOSUDNIH INSTITUCIJA - VIDEO - PrijedorDanas.com - Prijedorski gradski portal","og_description":"Gradona\u010delnik Prijedora Marko Pavi\u0107 izjavio je danas da \u0107e nove pravosudne institucije okru\u017enog nivoa &#8211; sud, privredni sud i tu\u017eila\u0161tvo, koje bi u Prijedoru trebalo da po\u010dnu funkcionisati 1. januara, [&hellip;]","og_url":"https:\/\/www.prijedordanas.com\/?p=64500","og_site_name":"PrijedorDanas.com - Prijedorski gradski portal","article_publisher":"https:\/\/www.facebook.com\/PrijedorDanasCom\/","article_published_time":"2016-10-27T15:15:46+00:00","article_modified_time":"2016-10-27T15:43:35+00:00","og_image":[{"url":"https:\/\/www.prijedordanas.com\/wp-content\/uploads\/2016\/10\/srna-sastanak-pavic-tegeltija-1-1-300x250.jpg"}],"author":"admin","twitter_card":"summary_large_image","twitter_misc":{"Written by":"admin","Est. reading time":"1 minute"},"schema":{"@context":"https:\/\/schema.org","@graph":[{"@type":"Article","@id":"https:\/\/www.prijedordanas.com\/?p=64500#article","isPartOf":{"@id":"https:\/\/www.prijedordanas.com\/?p=64500"},"author":{"name":"admin","@id":"https:\/\/www.prijedordanas.com\/#\/schema\/person\/4e08ccf29b506ca916ff86d46bb700e6"},"headline":"SASTANAK PAVI\u0106-TEGELTIJA: DOGOVOREN NA\u010cIN TRAJNOG SMJE\u0160TAJA NOVIH PRAVOSUDNIH INSTITUCIJA &#8211; VIDEO","datePublished":"2016-10-27T15:15:46+00:00","dateModified":"2016-10-27T15:43:35+00:00","mainEntityOfPage":{"@id":"https:\/\/www.prijedordanas.com\/?p=64500"},"wordCount":310,"publisher":{"@id":"https:\/\/www.prijedordanas.com\/#organization"},"keywords":["gradona\u010delnik Marko Pavi\u0107","ministar finansija","Zoran Tegeltija"],"articleSection":["Svakodnevno"],"inLanguage":"en-US"},{"@type":"WebPage","@id":"https:\/\/www.prijedordanas.com\/?p=64500","url":"https:\/\/www.prijedordanas.com\/?p=64500","name":"SASTANAK PAVI\u0106-TEGELTIJA: DOGOVOREN NA\u010cIN TRAJNOG SMJE\u0160TAJA NOVIH PRAVOSUDNIH INSTITUCIJA - VIDEO - PrijedorDanas.com - Prijedorski gradski portal","isPartOf":{"@id":"https:\/\/www.prijedordanas.com\/#website"},"datePublished":"2016-10-27T15:15:46+00:00","dateModified":"2016-10-27T15:43:35+00:00","breadcrumb":{"@id":"https:\/\/www.prijedordanas.com\/?p=64500#breadcrumb"},"inLanguage":"en-US","potentialAction":[{"@type":"ReadAction","target":["https:\/\/www.prijedordanas.com\/?p=64500"]}]},{"@type":"BreadcrumbList","@id":"https:\/\/www.prijedordanas.com\/?p=64500#breadcrumb","itemListElement":[{"@type":"ListItem","position":1,"name":"Home","item":"https:\/\/www.prijedordanas.com\/"},{"@type":"ListItem","position":2,"name":"SASTANAK PAVI\u0106-TEGELTIJA: DOGOVOREN NA\u010cIN TRAJNOG SMJE\u0160TAJA NOVIH PRAVOSUDNIH INSTITUCIJA &#8211; VIDEO"}]},{"@type":"WebSite","@id":"https:\/\/www.prijedordanas.com\/#website","url":"https:\/\/www.prijedordanas.com\/","name":"PrijedorDanas.com - Prijedorski gradski portal","description":"Portal o doga\u0111anjima u gradu Prijedoru","publisher":{"@id":"https:\/\/www.prijedordanas.com\/#organization"},"potentialAction":[{"@type":"SearchAction","target":{"@type":"EntryPoint","urlTemplate":"https:\/\/www.prijedordanas.com\/?s={search_term_string}"},"query-input":"required name=search_term_string"}],"inLanguage":"en-US"},{"@type":"Organization","@id":"https:\/\/www.prijedordanas.com\/#organization","name":"PrijedorDanas.com","url":"https:\/\/www.prijedordanas.com\/","logo":{"@type":"ImageObject","inLanguage":"en-US","@id":"https:\/\/www.prijedordanas.com\/#\/schema\/logo\/image\/","url":"http:\/\/www.prijedordanas.com\/wp-content\/uploads\/2021\/12\/logopng.png","contentUrl":"http:\/\/www.prijedordanas.com\/wp-content\/uploads\/2021\/12\/logopng.png","width":1019,"height":776,"caption":"PrijedorDanas.com"},"image":{"@id":"https:\/\/www.prijedordanas.com\/#\/schema\/logo\/image\/"},"sameAs":["https:\/\/www.facebook.com\/PrijedorDanasCom\/"]},{"@type":"Person","@id":"https:\/\/www.prijedordanas.com\/#\/schema\/person\/4e08ccf29b506ca916ff86d46bb700e6","name":"admin","image":{"@type":"ImageObject","inLanguage":"en-US","@id":"https:\/\/www.prijedordanas.com\/#\/schema\/person\/image\/","url":"https:\/\/secure.gravatar.com\/avatar\/1d3fc949d550f0b53a5f0d51e06dfd79?s=96&d=mm&r=g","contentUrl":"https:\/\/secure.gravatar.com\/avatar\/1d3fc949d550f0b53a5f0d51e06dfd79?s=96&d=mm&r=g","caption":"admin"},"url":"https:\/\/www.prijedordanas.com\/?author=1"}]}},"_links":{"self":[{"href":"https:\/\/www.prijedordanas.com\/index.php?rest_route=\/wp\/v2\/posts\/64500"}],"collection":[{"href":"https:\/\/www.prijedordanas.com\/index.php?rest_route=\/wp\/v2\/posts"}],"about":[{"href":"https:\/\/www.prijedordanas.com\/index.php?rest_route=\/wp\/v2\/types\/post"}],"author":[{"embeddable":true,"href":"https:\/\/www.prijedordanas.com\/index.php?rest_route=\/wp\/v2\/users\/1"}],"replies":[{"embeddable":true,"href":"https:\/\/www.prijedordanas.com\/index.php?rest_route=%2Fwp%2Fv2%2Fcomments&post=64500"}],"version-history":[{"count":3,"href":"https:\/\/www.prijedordanas.com\/index.php?rest_route=\/wp\/v2\/posts\/64500\/revisions"}],"predecessor-version":[{"id":64505,"href":"https:\/\/www.prijedordanas.com\/index.php?rest_route=\/wp\/v2\/posts\/64500\/revisions\/64505"}],"wp:attachment":[{"href":"https:\/\/www.prijedordanas.com\/index.php?rest_route=%2Fwp%2Fv2%2Fmedia&parent=64500"}],"wp:term":[{"taxonomy":"category","embeddable":true,"href":"https:\/\/www.prijedordanas.com\/index.php?rest_route=%2Fwp%2Fv2%2Fcategories&post=64500"},{"taxonomy":"post_tag","embeddable":true,"href":"https:\/\/www.prijedordanas.com\/index.php?rest_route=%2Fwp%2Fv2%2Ftags&post=64500"}],"curies":[{"name":"wp","href":"https:\/\/api.w.org\/{rel}","templated":true}]}}