{"id":64495,"date":"2016-10-27T14:53:40","date_gmt":"2016-10-27T12:53:40","guid":{"rendered":"https:\/\/www.prijedordanas.com\/?p=64495"},"modified":"2016-10-27T14:53:40","modified_gmt":"2016-10-27T12:53:40","slug":"strajk-u-os-petar-skundric-putuju-100-km-skole-nemaju-novac-za-prevoz","status":"publish","type":"post","link":"https:\/\/www.prijedordanas.com\/?p=64495","title":{"rendered":"\u0160TRAJK U O\u0160 &#8220;PETAR \u0160KUNDRI\u0106&#8221;: PUTUJU I 100 KM DO \u0160KOLE, A NEMAJU NOVAC ZA PREVOZ"},"content":{"rendered":"<p><a href=\"https:\/\/www.prijedordanas.com\/wp-content\/uploads\/2016\/10\/nezavisne-strajk-os-petar-skundric.jpg\"><img loading=\"lazy\" decoding=\"async\" src=\"https:\/\/www.prijedordanas.com\/wp-content\/uploads\/2016\/10\/nezavisne-strajk-os-petar-skundric-300x234.jpg\" alt=\"nezavisne-strajk-os-petar-skundric\" width=\"300\" height=\"234\" class=\"alignleft size-medium wp-image-64496\" srcset=\"https:\/\/www.prijedordanas.com\/wp-content\/uploads\/2016\/10\/nezavisne-strajk-os-petar-skundric-300x234.jpg 300w, https:\/\/www.prijedordanas.com\/wp-content\/uploads\/2016\/10\/nezavisne-strajk-os-petar-skundric-100x78.jpg 100w, https:\/\/www.prijedordanas.com\/wp-content\/uploads\/2016\/10\/nezavisne-strajk-os-petar-skundric.jpg 640w\" sizes=\"(max-width: 300px) 100vw, 300px\" \/><\/a>Prvi u nizu \u0161trajkova upozorenja prosvjetnih radnika u Republici Srpskoj zbog neispla\u0107enih naknada odvio se ju\u010de prekidom rada u Osnovnoj \u0161koli &#8220;Petar \u0160kundri\u0107&#8221; u Budimli\u0107 Japri, kod O\u0161tre Luke. <\/p>\n<p>Zaposleni su zakonski propisanim prekidom rada od jednog \u0161kolskog \u010dasa iskazali nezadovoljstvo prije svega \u010dinjenicom da im nije ispla\u0107eno posljednjih pet naknada za prevoz, a onda i, kako ka\u017eu, generalno materijalnim stanjem u kojem se nalaze prosvjetni radnici. <\/p>\n<p>Prosvjetari ka\u017eu da ukoliko nadle\u017eni \u0161trajkove upozorenja ne shvate ozbiljno, onda \u0107e sigurno ozbiljno shvatiti kada 50 i vi\u0161e \u0161kola stupi u \u0161trajk do ispunjenja svih zahtjeva. <\/p>\n<p>Dragan Jari\u0107, predsjednik Sindikata ove \u0161kole, kao osnovni cilj \u0161trajka isti\u010de isplatu zaostalih dugovanja prosvjetnim radnicima. <\/p>\n<p>&#8220;Mi koji putujemo po 100 kilometara smo dovedeni u bezizlaznu situaciju da ne mo\u017eemo do\u0107i do \u0161kole uop\u0161te. Moja naknada za prevoz iznosi 300 KM pa puta pet tran\u0161i koje mi nisu ispla\u0107ene. Pri tome ne mo\u017eemo kupiti ni kartu za autobus jer ovdje javni prevoz ne ide&#8221;, ka\u017ee Jari\u0107. <\/p>\n<p>Jari\u0107a posebno boli \u0161to je prosvjeta, koja, kako ka\u017ee, treba da bude stub jednog dru\u0161tva, dovedena na margine. <\/p>\n<p>&#8220;Nas u medijima predstavljaju kao a\u017edaje koje jedu bud\u017eet. Posebno nezadovoljstvo kod nas je izazvala premijerka \u017deljka Cvijanovi\u0107 kada je najavila isplatu svih potra\u017eivanja do 17. oktobra. Tako se manipuli\u0161e javno\u0161\u0107u i kod ljudi koji tako\u0111e te\u0161ko rade i \u017eive izaziva gnjev prema prosvjetarima&#8221;, govori Jari\u0107.<\/p>\n<p>Dragan Gnjati\u0107, predsjednik Sindikata obrazovanja, nauke i kulture RS, najavio je  tu\u017ebe protiv direktora \u0161kola i onih koji su im nalo\u017eili novi obra\u010dun naknade za prevoz. <\/p>\n<p>&#8220;Tu\u017ei\u0107emo one koji su nezakonito obra\u010dunali naknadu za prevoz, odnosno sve direktore \u0161kola i one koji su im to nalo\u017eili jer uputstvo nema retroaktivnu primjenu&#8221;, rekao je Gnjati\u0107. <\/p>\n<p>Naime, uputstvo o obra\u010dunu za prevoz doneseno je 27. septembra, na snagu je stupilo osam dana kasnije, ali se primjenjivalo ve\u0107 za septembar. <\/p>\n<p>Gnjati\u0107u nije jasno kako nikome drugom od bud\u017eetskih korisnika ne kasne primanja, ve\u0107 samo prosvjetarima isplate zavise od &#8220;priliva novca u bud\u017eet&#8221;. <\/p>\n<p>&#8220;Bruka je i sramota da moram organizovati tri konferencije za \u0161tampu da bih dobio jednu tran\u0161u prevoza. U posljednjih 15 mjeseci sve tran\u0161e koje su ispla\u0107ene su bile takve da malo moljakam, malo prijetim, malo izlazim u javnost&#8221;, navodi Gnjati\u0107, koji je pozvao sve zaposlene u prosvjeti i kulturi da se vrate u okvire sindikata i da se, kako ka\u017ee, zajedno izbore za dostojanstvo. <\/p>\n<p>Na ova de\u0161avanja smo iz Ministarstva prosvjete i kulture RS dobili odgovor da Ministarstvo izmiruje obaveze prema prosvjetnim radnicima u skladu sa prilivom sredstava u bud\u017eet. <\/p>\n<p>&#8220;Ministarstvo je u toku 2016. godine na ime naknada za prevoz uplatilo 2.820.000 maraka. A sva dugovanja prema zaposlenima u prosvjeti i kulturi bi\u0107e izmirena u narednom periodu&#8221;, navode u ovom ministarstvu.  <\/p>\n<p>Nezavisne novine<\/p>\n","protected":false},"excerpt":{"rendered":"<p>Prvi u nizu \u0161trajkova upozorenja prosvjetnih radnika u Republici Srpskoj zbog neispla\u0107enih naknada odvio se ju\u010de prekidom rada u Osnovnoj \u0161koli &#8220;Petar \u0160kundri\u0107&#8221; u Budimli\u0107 Japri, kod O\u0161tre Luke. Zaposleni [&hellip;]<\/p>\n","protected":false},"author":1,"featured_media":0,"comment_status":"closed","ping_status":"open","sticky":false,"template":"","format":"standard","meta":{"_monsterinsights_skip_tracking":false,"_monsterinsights_sitenote_active":false,"_monsterinsights_sitenote_note":"","_monsterinsights_sitenote_category":0,"footnotes":""},"categories":[8],"tags":[9072,9066],"yoast_head":"<!-- This site is optimized with the Yoast SEO plugin v21.6 - https:\/\/yoast.com\/wordpress\/plugins\/seo\/ -->\n<title>\u0160TRAJK U O\u0160 &quot;PETAR \u0160KUNDRI\u0106&quot;: PUTUJU I 100 KM DO \u0160KOLE, A NEMAJU NOVAC ZA PREVOZ - PrijedorDanas.com - Prijedorski gradski portal<\/title>\n<meta name=\"robots\" content=\"index, follow, max-snippet:-1, max-image-preview:large, max-video-preview:-1\" \/>\n<link rel=\"canonical\" href=\"https:\/\/www.prijedordanas.com\/?p=64495\" \/>\n<meta property=\"og:locale\" content=\"en_US\" \/>\n<meta property=\"og:type\" content=\"article\" \/>\n<meta property=\"og:title\" content=\"\u0160TRAJK U O\u0160 &quot;PETAR \u0160KUNDRI\u0106&quot;: PUTUJU I 100 KM DO \u0160KOLE, A NEMAJU NOVAC ZA PREVOZ - PrijedorDanas.com - Prijedorski gradski portal\" \/>\n<meta property=\"og:description\" content=\"Prvi u nizu \u0161trajkova upozorenja prosvjetnih radnika u Republici Srpskoj zbog neispla\u0107enih naknada odvio se ju\u010de prekidom rada u Osnovnoj \u0161koli &#8220;Petar \u0160kundri\u0107&#8221; u Budimli\u0107 Japri, kod O\u0161tre Luke. Zaposleni [&hellip;]\" \/>\n<meta property=\"og:url\" content=\"https:\/\/www.prijedordanas.com\/?p=64495\" \/>\n<meta property=\"og:site_name\" content=\"PrijedorDanas.com - Prijedorski gradski portal\" \/>\n<meta property=\"article:publisher\" content=\"https:\/\/www.facebook.com\/PrijedorDanasCom\/\" \/>\n<meta property=\"article:published_time\" content=\"2016-10-27T12:53:40+00:00\" \/>\n<meta property=\"og:image\" content=\"https:\/\/www.prijedordanas.com\/wp-content\/uploads\/2016\/10\/nezavisne-strajk-os-petar-skundric-300x234.jpg\" \/>\n<meta name=\"author\" content=\"admin\" \/>\n<meta name=\"twitter:card\" content=\"summary_large_image\" \/>\n<meta name=\"twitter:label1\" content=\"Written by\" \/>\n\t<meta name=\"twitter:data1\" content=\"admin\" \/>\n\t<meta name=\"twitter:label2\" content=\"Est. reading time\" \/>\n\t<meta name=\"twitter:data2\" content=\"2 minutes\" \/>\n<script type=\"application\/ld+json\" class=\"yoast-schema-graph\">{\"@context\":\"https:\/\/schema.org\",\"@graph\":[{\"@type\":\"Article\",\"@id\":\"https:\/\/www.prijedordanas.com\/?p=64495#article\",\"isPartOf\":{\"@id\":\"https:\/\/www.prijedordanas.com\/?p=64495\"},\"author\":{\"name\":\"admin\",\"@id\":\"https:\/\/www.prijedordanas.com\/#\/schema\/person\/4e08ccf29b506ca916ff86d46bb700e6\"},\"headline\":\"\u0160TRAJK U O\u0160 &#8220;PETAR \u0160KUNDRI\u0106&#8221;: PUTUJU I 100 KM DO \u0160KOLE, A NEMAJU NOVAC ZA PREVOZ\",\"datePublished\":\"2016-10-27T12:53:40+00:00\",\"dateModified\":\"2016-10-27T12:53:40+00:00\",\"mainEntityOfPage\":{\"@id\":\"https:\/\/www.prijedordanas.com\/?p=64495\"},\"wordCount\":498,\"publisher\":{\"@id\":\"https:\/\/www.prijedordanas.com\/#organization\"},\"keywords\":[\"prosvjetari\",\"\u0161trajk\"],\"articleSection\":[\"Svakodnevno\"],\"inLanguage\":\"en-US\"},{\"@type\":\"WebPage\",\"@id\":\"https:\/\/www.prijedordanas.com\/?p=64495\",\"url\":\"https:\/\/www.prijedordanas.com\/?p=64495\",\"name\":\"\u0160TRAJK U O\u0160 \\\"PETAR \u0160KUNDRI\u0106\\\": PUTUJU I 100 KM DO \u0160KOLE, A NEMAJU NOVAC ZA PREVOZ - PrijedorDanas.com - Prijedorski gradski portal\",\"isPartOf\":{\"@id\":\"https:\/\/www.prijedordanas.com\/#website\"},\"datePublished\":\"2016-10-27T12:53:40+00:00\",\"dateModified\":\"2016-10-27T12:53:40+00:00\",\"breadcrumb\":{\"@id\":\"https:\/\/www.prijedordanas.com\/?p=64495#breadcrumb\"},\"inLanguage\":\"en-US\",\"potentialAction\":[{\"@type\":\"ReadAction\",\"target\":[\"https:\/\/www.prijedordanas.com\/?p=64495\"]}]},{\"@type\":\"BreadcrumbList\",\"@id\":\"https:\/\/www.prijedordanas.com\/?p=64495#breadcrumb\",\"itemListElement\":[{\"@type\":\"ListItem\",\"position\":1,\"name\":\"Home\",\"item\":\"https:\/\/www.prijedordanas.com\/\"},{\"@type\":\"ListItem\",\"position\":2,\"name\":\"\u0160TRAJK U O\u0160 &#8220;PETAR \u0160KUNDRI\u0106&#8221;: PUTUJU I 100 KM DO \u0160KOLE, A NEMAJU NOVAC ZA PREVOZ\"}]},{\"@type\":\"WebSite\",\"@id\":\"https:\/\/www.prijedordanas.com\/#website\",\"url\":\"https:\/\/www.prijedordanas.com\/\",\"name\":\"PrijedorDanas.com - Prijedorski gradski portal\",\"description\":\"Portal o doga\u0111anjima u gradu Prijedoru\",\"publisher\":{\"@id\":\"https:\/\/www.prijedordanas.com\/#organization\"},\"potentialAction\":[{\"@type\":\"SearchAction\",\"target\":{\"@type\":\"EntryPoint\",\"urlTemplate\":\"https:\/\/www.prijedordanas.com\/?s={search_term_string}\"},\"query-input\":\"required name=search_term_string\"}],\"inLanguage\":\"en-US\"},{\"@type\":\"Organization\",\"@id\":\"https:\/\/www.prijedordanas.com\/#organization\",\"name\":\"PrijedorDanas.com\",\"url\":\"https:\/\/www.prijedordanas.com\/\",\"logo\":{\"@type\":\"ImageObject\",\"inLanguage\":\"en-US\",\"@id\":\"https:\/\/www.prijedordanas.com\/#\/schema\/logo\/image\/\",\"url\":\"http:\/\/www.prijedordanas.com\/wp-content\/uploads\/2021\/12\/logopng.png\",\"contentUrl\":\"http:\/\/www.prijedordanas.com\/wp-content\/uploads\/2021\/12\/logopng.png\",\"width\":1019,\"height\":776,\"caption\":\"PrijedorDanas.com\"},\"image\":{\"@id\":\"https:\/\/www.prijedordanas.com\/#\/schema\/logo\/image\/\"},\"sameAs\":[\"https:\/\/www.facebook.com\/PrijedorDanasCom\/\"]},{\"@type\":\"Person\",\"@id\":\"https:\/\/www.prijedordanas.com\/#\/schema\/person\/4e08ccf29b506ca916ff86d46bb700e6\",\"name\":\"admin\",\"image\":{\"@type\":\"ImageObject\",\"inLanguage\":\"en-US\",\"@id\":\"https:\/\/www.prijedordanas.com\/#\/schema\/person\/image\/\",\"url\":\"https:\/\/secure.gravatar.com\/avatar\/1d3fc949d550f0b53a5f0d51e06dfd79?s=96&d=mm&r=g\",\"contentUrl\":\"https:\/\/secure.gravatar.com\/avatar\/1d3fc949d550f0b53a5f0d51e06dfd79?s=96&d=mm&r=g\",\"caption\":\"admin\"},\"url\":\"https:\/\/www.prijedordanas.com\/?author=1\"}]}<\/script>\n<!-- \/ Yoast SEO plugin. -->","yoast_head_json":{"title":"\u0160TRAJK U O\u0160 \"PETAR \u0160KUNDRI\u0106\": PUTUJU I 100 KM DO \u0160KOLE, A NEMAJU NOVAC ZA PREVOZ - PrijedorDanas.com - Prijedorski gradski portal","robots":{"index":"index","follow":"follow","max-snippet":"max-snippet:-1","max-image-preview":"max-image-preview:large","max-video-preview":"max-video-preview:-1"},"canonical":"https:\/\/www.prijedordanas.com\/?p=64495","og_locale":"en_US","og_type":"article","og_title":"\u0160TRAJK U O\u0160 \"PETAR \u0160KUNDRI\u0106\": PUTUJU I 100 KM DO \u0160KOLE, A NEMAJU NOVAC ZA PREVOZ - PrijedorDanas.com - Prijedorski gradski portal","og_description":"Prvi u nizu \u0161trajkova upozorenja prosvjetnih radnika u Republici Srpskoj zbog neispla\u0107enih naknada odvio se ju\u010de prekidom rada u Osnovnoj \u0161koli &#8220;Petar \u0160kundri\u0107&#8221; u Budimli\u0107 Japri, kod O\u0161tre Luke. Zaposleni [&hellip;]","og_url":"https:\/\/www.prijedordanas.com\/?p=64495","og_site_name":"PrijedorDanas.com - Prijedorski gradski portal","article_publisher":"https:\/\/www.facebook.com\/PrijedorDanasCom\/","article_published_time":"2016-10-27T12:53:40+00:00","og_image":[{"url":"https:\/\/www.prijedordanas.com\/wp-content\/uploads\/2016\/10\/nezavisne-strajk-os-petar-skundric-300x234.jpg"}],"author":"admin","twitter_card":"summary_large_image","twitter_misc":{"Written by":"admin","Est. reading time":"2 minutes"},"schema":{"@context":"https:\/\/schema.org","@graph":[{"@type":"Article","@id":"https:\/\/www.prijedordanas.com\/?p=64495#article","isPartOf":{"@id":"https:\/\/www.prijedordanas.com\/?p=64495"},"author":{"name":"admin","@id":"https:\/\/www.prijedordanas.com\/#\/schema\/person\/4e08ccf29b506ca916ff86d46bb700e6"},"headline":"\u0160TRAJK U O\u0160 &#8220;PETAR \u0160KUNDRI\u0106&#8221;: PUTUJU I 100 KM DO \u0160KOLE, A NEMAJU NOVAC ZA PREVOZ","datePublished":"2016-10-27T12:53:40+00:00","dateModified":"2016-10-27T12:53:40+00:00","mainEntityOfPage":{"@id":"https:\/\/www.prijedordanas.com\/?p=64495"},"wordCount":498,"publisher":{"@id":"https:\/\/www.prijedordanas.com\/#organization"},"keywords":["prosvjetari","\u0161trajk"],"articleSection":["Svakodnevno"],"inLanguage":"en-US"},{"@type":"WebPage","@id":"https:\/\/www.prijedordanas.com\/?p=64495","url":"https:\/\/www.prijedordanas.com\/?p=64495","name":"\u0160TRAJK U O\u0160 \"PETAR \u0160KUNDRI\u0106\": PUTUJU I 100 KM DO \u0160KOLE, A NEMAJU NOVAC ZA PREVOZ - PrijedorDanas.com - Prijedorski gradski portal","isPartOf":{"@id":"https:\/\/www.prijedordanas.com\/#website"},"datePublished":"2016-10-27T12:53:40+00:00","dateModified":"2016-10-27T12:53:40+00:00","breadcrumb":{"@id":"https:\/\/www.prijedordanas.com\/?p=64495#breadcrumb"},"inLanguage":"en-US","potentialAction":[{"@type":"ReadAction","target":["https:\/\/www.prijedordanas.com\/?p=64495"]}]},{"@type":"BreadcrumbList","@id":"https:\/\/www.prijedordanas.com\/?p=64495#breadcrumb","itemListElement":[{"@type":"ListItem","position":1,"name":"Home","item":"https:\/\/www.prijedordanas.com\/"},{"@type":"ListItem","position":2,"name":"\u0160TRAJK U O\u0160 &#8220;PETAR \u0160KUNDRI\u0106&#8221;: PUTUJU I 100 KM DO \u0160KOLE, A NEMAJU NOVAC ZA PREVOZ"}]},{"@type":"WebSite","@id":"https:\/\/www.prijedordanas.com\/#website","url":"https:\/\/www.prijedordanas.com\/","name":"PrijedorDanas.com - Prijedorski gradski portal","description":"Portal o doga\u0111anjima u gradu Prijedoru","publisher":{"@id":"https:\/\/www.prijedordanas.com\/#organization"},"potentialAction":[{"@type":"SearchAction","target":{"@type":"EntryPoint","urlTemplate":"https:\/\/www.prijedordanas.com\/?s={search_term_string}"},"query-input":"required name=search_term_string"}],"inLanguage":"en-US"},{"@type":"Organization","@id":"https:\/\/www.prijedordanas.com\/#organization","name":"PrijedorDanas.com","url":"https:\/\/www.prijedordanas.com\/","logo":{"@type":"ImageObject","inLanguage":"en-US","@id":"https:\/\/www.prijedordanas.com\/#\/schema\/logo\/image\/","url":"http:\/\/www.prijedordanas.com\/wp-content\/uploads\/2021\/12\/logopng.png","contentUrl":"http:\/\/www.prijedordanas.com\/wp-content\/uploads\/2021\/12\/logopng.png","width":1019,"height":776,"caption":"PrijedorDanas.com"},"image":{"@id":"https:\/\/www.prijedordanas.com\/#\/schema\/logo\/image\/"},"sameAs":["https:\/\/www.facebook.com\/PrijedorDanasCom\/"]},{"@type":"Person","@id":"https:\/\/www.prijedordanas.com\/#\/schema\/person\/4e08ccf29b506ca916ff86d46bb700e6","name":"admin","image":{"@type":"ImageObject","inLanguage":"en-US","@id":"https:\/\/www.prijedordanas.com\/#\/schema\/person\/image\/","url":"https:\/\/secure.gravatar.com\/avatar\/1d3fc949d550f0b53a5f0d51e06dfd79?s=96&d=mm&r=g","contentUrl":"https:\/\/secure.gravatar.com\/avatar\/1d3fc949d550f0b53a5f0d51e06dfd79?s=96&d=mm&r=g","caption":"admin"},"url":"https:\/\/www.prijedordanas.com\/?author=1"}]}},"_links":{"self":[{"href":"https:\/\/www.prijedordanas.com\/index.php?rest_route=\/wp\/v2\/posts\/64495"}],"collection":[{"href":"https:\/\/www.prijedordanas.com\/index.php?rest_route=\/wp\/v2\/posts"}],"about":[{"href":"https:\/\/www.prijedordanas.com\/index.php?rest_route=\/wp\/v2\/types\/post"}],"author":[{"embeddable":true,"href":"https:\/\/www.prijedordanas.com\/index.php?rest_route=\/wp\/v2\/users\/1"}],"replies":[{"embeddable":true,"href":"https:\/\/www.prijedordanas.com\/index.php?rest_route=%2Fwp%2Fv2%2Fcomments&post=64495"}],"version-history":[{"count":1,"href":"https:\/\/www.prijedordanas.com\/index.php?rest_route=\/wp\/v2\/posts\/64495\/revisions"}],"predecessor-version":[{"id":64497,"href":"https:\/\/www.prijedordanas.com\/index.php?rest_route=\/wp\/v2\/posts\/64495\/revisions\/64497"}],"wp:attachment":[{"href":"https:\/\/www.prijedordanas.com\/index.php?rest_route=%2Fwp%2Fv2%2Fmedia&parent=64495"}],"wp:term":[{"taxonomy":"category","embeddable":true,"href":"https:\/\/www.prijedordanas.com\/index.php?rest_route=%2Fwp%2Fv2%2Fcategories&post=64495"},{"taxonomy":"post_tag","embeddable":true,"href":"https:\/\/www.prijedordanas.com\/index.php?rest_route=%2Fwp%2Fv2%2Ftags&post=64495"}],"curies":[{"name":"wp","href":"https:\/\/api.w.org\/{rel}","templated":true}]}}