{"id":63600,"date":"2016-10-18T21:16:25","date_gmt":"2016-10-18T19:16:25","guid":{"rendered":"https:\/\/www.prijedordanas.com\/?p=63600"},"modified":"2016-10-18T21:16:25","modified_gmt":"2016-10-18T19:16:25","slug":"nova-pobjeda-rukometasica-mire-vuklis-branila-kunovac-resetala-foto","status":"publish","type":"post","link":"https:\/\/www.prijedordanas.com\/?p=63600","title":{"rendered":"NOVA POBJEDA RUKOMETA\u0160ICA \u201eMIRE\u201c: VUKLI\u0160 BRANILA, KUNOVAC \u201eRE\u0160ETALA\u201c &#8211; FOTO"},"content":{"rendered":"<p><a href=\"https:\/\/www.prijedordanas.com\/wp-content\/uploads\/2016\/10\/mira-ilidza-jesen-izvjestaj-1.jpg\"><img loading=\"lazy\" decoding=\"async\" class=\"alignleft size-medium wp-image-63601\" src=\"https:\/\/www.prijedordanas.com\/wp-content\/uploads\/2016\/10\/mira-ilidza-jesen-izvjestaj-1-300x234.jpg\" alt=\"mira-ilidza-jesen-izvjestaj-1\" width=\"300\" height=\"234\" srcset=\"https:\/\/www.prijedordanas.com\/wp-content\/uploads\/2016\/10\/mira-ilidza-jesen-izvjestaj-1-300x234.jpg 300w, https:\/\/www.prijedordanas.com\/wp-content\/uploads\/2016\/10\/mira-ilidza-jesen-izvjestaj-1-100x78.jpg 100w, https:\/\/www.prijedordanas.com\/wp-content\/uploads\/2016\/10\/mira-ilidza-jesen-izvjestaj-1.jpg 640w\" sizes=\"(max-width: 300px) 100vw, 300px\" \/><\/a>Rukometa\u0161ice \u201eMire\u201c su u derbiju 4.kola prvenstva Premijer lige BiH dvije do sada nepora\u017eene ekipe, uz lidera \u201eGrude Autoherc\u201c, savladale veoma dobru \u201eIlid\u017eu\u201c rezultatom 25:22(15:13).<\/p>\n<p>Prvi dio susreta protekao je u izjedna\u010denoj igri oba rivala u kojoj nijedna ekipa nije ostvarila zna\u010dajniju prednost a nakon 30.minuta igre bilo je 15:13 za doma\u0107e.<\/p>\n<p>Izabranice trenera Ljubice Iveti\u0107 su sa dva uzastopna gola najefikasnije igra\u010dice utakmice Dunje Kunovac, uz odli\u010dnu intervenciju golmana Darjane Vukli\u0161 po\u010detkom drugog poluvremena imale najve\u0107u prednost (17:13), ali se go\u0161\u0107e na \u010dijem golu je blistala Adela Merd\u017eani\u0107, tao\u0111e sa dva \u201evezana\u201c pogotka iz sedmeraca u 50.minuti stigle na -1 (22:21).<\/p>\n<p>Povisila je potom Azra Ba\u0161anovi\u0107 vo\u0111stvo doma\u0107ih da bi uslijedio period nervoze na obje strane.<\/p>\n<p><a href=\"https:\/\/www.prijedordanas.com\/wp-content\/uploads\/2016\/10\/mira-ilidza-jesen-izvjestaj-2.jpg\"><img loading=\"lazy\" decoding=\"async\" class=\"alignleft size-medium wp-image-63602\" src=\"https:\/\/www.prijedordanas.com\/wp-content\/uploads\/2016\/10\/mira-ilidza-jesen-izvjestaj-2-300x250.jpg\" alt=\"mira-ilidza-jesen-izvjestaj-2\" width=\"300\" height=\"250\" srcset=\"https:\/\/www.prijedordanas.com\/wp-content\/uploads\/2016\/10\/mira-ilidza-jesen-izvjestaj-2-300x250.jpg 300w, https:\/\/www.prijedordanas.com\/wp-content\/uploads\/2016\/10\/mira-ilidza-jesen-izvjestaj-2-100x83.jpg 100w, https:\/\/www.prijedordanas.com\/wp-content\/uploads\/2016\/10\/mira-ilidza-jesen-izvjestaj-2.jpg 600w\" sizes=\"(max-width: 300px) 100vw, 300px\" \/><\/a>Dragana Dejanovi\u0107 iz penala je proma\u0161ila, ne uspijevaju ni Prijedor\u010danke, a potom Vukli\u0161 zaustavlja u jednom napadu \u0161uteve Iris \u0160kalji\u0107 sa lijevog krila i beka \u010caktarevi\u0107eve, da bi u kontri Kunovac u 55.minuti precizna za 24:21 \u010dime je \u201ezaokru\u017eila\u201c svoje sjajno golgetersko ve\u010de na 10 golova.<\/p>\n<p>Do kraja kvalitetne predstave Dina Saletovi\u0107 je smanjila na 24:22, a iako Ba\u0161anovi\u0107eva sa sedam metara nije savladala Merd\u017eani\u0107evu, jeste iskusna Nevena Luka\u010d za kona\u010dan ishod, jer je Vukli\u0161eva odbraniv\u0161i udarac Dejanovi\u0107eve iz sedmerca potvrdila epitet najbolje igra\u010dice.<\/p>\n<p>-\u010cestitam svojim saigra\u010dicama na borbenosti do posljednjeg minuta i zaslu\u017eenoj pobjedi. Idemo od utakmice do utakmice i u svakoj na tri boda. Tako \u0107e biti i na sljede\u0107em najte\u017eem isku\u0161enju, koje nas u prvenstvu o\u010dekuje ove jeseni, po\u0161to gostujemo u Grudama &#8211; rekla je lijevi bek \u201eMire\u201c Azra Ba\u0161anovi\u0107.<\/p>\n<p><a href=\"https:\/\/www.prijedordanas.com\/wp-content\/uploads\/2016\/10\/mira-ilidza-jesen-izvjestaj-3.jpg\"><img loading=\"lazy\" decoding=\"async\" class=\"alignleft size-medium wp-image-63603\" src=\"https:\/\/www.prijedordanas.com\/wp-content\/uploads\/2016\/10\/mira-ilidza-jesen-izvjestaj-3-300x199.jpg\" alt=\"mira-ilidza-jesen-izvjestaj-3\" width=\"300\" height=\"199\" srcset=\"https:\/\/www.prijedordanas.com\/wp-content\/uploads\/2016\/10\/mira-ilidza-jesen-izvjestaj-3-300x200.jpg 300w, https:\/\/www.prijedordanas.com\/wp-content\/uploads\/2016\/10\/mira-ilidza-jesen-izvjestaj-3-100x66.jpg 100w, https:\/\/www.prijedordanas.com\/wp-content\/uploads\/2016\/10\/mira-ilidza-jesen-izvjestaj-3-480x320.jpg 480w, https:\/\/www.prijedordanas.com\/wp-content\/uploads\/2016\/10\/mira-ilidza-jesen-izvjestaj-3.jpg 600w\" sizes=\"(max-width: 300px) 100vw, 300px\" \/><\/a>Vrijedi napomenuti da je sjajna Bi\u0161\u0107anka, povratnica me\u0111u Prijedor\u010danke, jer je za njih nastupala i u prolje\u0107e 2014.godine kada su osvojile jedinu titulu \u0161ampiona BiH, kao i pehare u Kupu BiH i Kupu RS, do sada za njih u prvenstvu postigla najvi\u0161e golova, jer se u \u010detiri me\u010da 37 puta upisala u listu strijelaca.<\/p>\n<p>-Neko je morao da izgubi u susretu starih sportskih rivala u kojem uvijek odlu\u010duju lopta-dvije. U ovom slu\u010daju je ekipa \u201eMire\u201c bila bolja, \u010destitam joj, ali moje cure su pru\u017eile maksimum da se poka\u017eu u \u0161to boljem svjetlu prijedorskoj publici i hvala joj \u0161to je do\u0161la da posmatra ovaj me\u010d. Na nama je da se \u201evadimo\u201c za dalje, jer nismo \u201eprosule\u201c bodove ovdje. \u201eMira\u201c je super ekipa koja \u0107e se boriti za sami vrh. Raspored im nije naklonjen, a o\u010dekuje ih kao i nas u\u010de\u0161\u0107e u \u010celend\u017e kupu &#8211; istakla je Merd\u017ei\u0107eva golman Ilid\u017eanki, koje u srijedu odlaze u Tursku, gdje \u0107e u pomenutom takmi\u010denju igrati protiv \u201eZagnospora\u201c.<\/p>\n<p><a href=\"https:\/\/www.prijedordanas.com\/wp-content\/uploads\/2016\/10\/mira-ilidza-jesen-izvjestaj-4.jpg\"><img loading=\"lazy\" decoding=\"async\" src=\"https:\/\/www.prijedordanas.com\/wp-content\/uploads\/2016\/10\/mira-ilidza-jesen-izvjestaj-4-300x199.jpg\" alt=\"mira-ilidza-jesen-izvjestaj-4\" width=\"300\" height=\"199\" class=\"alignleft size-medium wp-image-63604\" srcset=\"https:\/\/www.prijedordanas.com\/wp-content\/uploads\/2016\/10\/mira-ilidza-jesen-izvjestaj-4-300x200.jpg 300w, https:\/\/www.prijedordanas.com\/wp-content\/uploads\/2016\/10\/mira-ilidza-jesen-izvjestaj-4-100x66.jpg 100w, https:\/\/www.prijedordanas.com\/wp-content\/uploads\/2016\/10\/mira-ilidza-jesen-izvjestaj-4-480x320.jpg 480w, https:\/\/www.prijedordanas.com\/wp-content\/uploads\/2016\/10\/mira-ilidza-jesen-izvjestaj-4.jpg 600w\" sizes=\"(max-width: 300px) 100vw, 300px\" \/><\/a>\u017dRK Mira: \u017dRK Ilid\u017ea 25:22(15:13)<\/p>\n<p>Prijedor<br \/>\nDvorana: \u201eMladost\u201c<br \/>\nGledalaca: 150<br \/>\nSudije: Zoran Raca (Banjaluka) i Miroslav Rakar (Nova Topola)<br \/>\nSedmerci: Mira 10(7), Ilid\u017ea 9(6)<br \/>\nIsklju\u010denja: Mira 14 minuta, Ilid\u017ea 18 minuta<\/p>\n<p>MIRA:<br \/>\nRosi\u0107, Vukman, Ba\u0161anovi\u0107 6, Kunovac 10, Damjanovi\u0107, Suvajac, Tintor 2, Karari\u0107 1, \u0106ori\u0107, D.Muti\u0107, Vukli\u0161-14 odbrana + 2 sedmerca, Luka\u010d 5, Sladakovi\u0107, J.Muti\u0107 1, Torbica, Gligorevi\u0107<\/p>\n<p>ILID\u017dA:<br \/>\nGalijatovi\u0107, Mihajlovi\u0107, Pavlovi\u0107 3, Dejanovi\u0107 5, \u017ddrale 2, D.Saletovi\u0107 6, \u010cahtarevi\u0107 2, J.Saletovi\u0107 2, I.\u0160kalji\u0107 2, N.\u0160kalji\u0107, Pandurovi\u0107, Merd\u017eani\u0107-13 odbrana + 2 sedmerca<\/p>\n<p>Tekst i foto \u2013 Nenad \u0110eri\u0107\/Aleksandar Drakuli\u0107 \u2013 <a href=\"www.prijedordanas.com\" target=\"_blank\">www.prijedordanas.com<\/a><\/p>\n<p><a href=\"https:\/\/www.prijedordanas.com\/wp-content\/uploads\/2016\/10\/mira-ilidza-jesen-izvjestaj-5.jpg\"><img loading=\"lazy\" decoding=\"async\" src=\"https:\/\/www.prijedordanas.com\/wp-content\/uploads\/2016\/10\/mira-ilidza-jesen-izvjestaj-5-300x199.jpg\" alt=\"mira-ilidza-jesen-izvjestaj-5\" width=\"300\" height=\"199\" class=\"alignleft size-medium wp-image-63605\" srcset=\"https:\/\/www.prijedordanas.com\/wp-content\/uploads\/2016\/10\/mira-ilidza-jesen-izvjestaj-5-300x200.jpg 300w, https:\/\/www.prijedordanas.com\/wp-content\/uploads\/2016\/10\/mira-ilidza-jesen-izvjestaj-5-100x66.jpg 100w, https:\/\/www.prijedordanas.com\/wp-content\/uploads\/2016\/10\/mira-ilidza-jesen-izvjestaj-5-480x320.jpg 480w, https:\/\/www.prijedordanas.com\/wp-content\/uploads\/2016\/10\/mira-ilidza-jesen-izvjestaj-5.jpg 600w\" sizes=\"(max-width: 300px) 100vw, 300px\" \/><\/a> <a href=\"https:\/\/www.prijedordanas.com\/wp-content\/uploads\/2016\/10\/mira-ilidza-jesen-izvjestaj-6.jpg\"><img loading=\"lazy\" decoding=\"async\" src=\"https:\/\/www.prijedordanas.com\/wp-content\/uploads\/2016\/10\/mira-ilidza-jesen-izvjestaj-6-300x199.jpg\" alt=\"mira-ilidza-jesen-izvjestaj-6\" width=\"300\" height=\"199\" class=\"alignleft size-medium wp-image-63606\" srcset=\"https:\/\/www.prijedordanas.com\/wp-content\/uploads\/2016\/10\/mira-ilidza-jesen-izvjestaj-6-300x200.jpg 300w, https:\/\/www.prijedordanas.com\/wp-content\/uploads\/2016\/10\/mira-ilidza-jesen-izvjestaj-6-100x66.jpg 100w, https:\/\/www.prijedordanas.com\/wp-content\/uploads\/2016\/10\/mira-ilidza-jesen-izvjestaj-6-480x320.jpg 480w, https:\/\/www.prijedordanas.com\/wp-content\/uploads\/2016\/10\/mira-ilidza-jesen-izvjestaj-6.jpg 600w\" sizes=\"(max-width: 300px) 100vw, 300px\" \/><\/a> <a href=\"https:\/\/www.prijedordanas.com\/wp-content\/uploads\/2016\/10\/mira-ilidza-jesen-izvjestaj-7.jpg\"><img loading=\"lazy\" decoding=\"async\" src=\"https:\/\/www.prijedordanas.com\/wp-content\/uploads\/2016\/10\/mira-ilidza-jesen-izvjestaj-7-300x199.jpg\" alt=\"mira-ilidza-jesen-izvjestaj-7\" width=\"300\" height=\"199\" class=\"alignleft size-medium wp-image-63607\" srcset=\"https:\/\/www.prijedordanas.com\/wp-content\/uploads\/2016\/10\/mira-ilidza-jesen-izvjestaj-7-300x200.jpg 300w, https:\/\/www.prijedordanas.com\/wp-content\/uploads\/2016\/10\/mira-ilidza-jesen-izvjestaj-7-100x66.jpg 100w, https:\/\/www.prijedordanas.com\/wp-content\/uploads\/2016\/10\/mira-ilidza-jesen-izvjestaj-7-480x320.jpg 480w, https:\/\/www.prijedordanas.com\/wp-content\/uploads\/2016\/10\/mira-ilidza-jesen-izvjestaj-7.jpg 600w\" sizes=\"(max-width: 300px) 100vw, 300px\" \/><\/a><\/p>\n","protected":false},"excerpt":{"rendered":"<p>Rukometa\u0161ice \u201eMire\u201c su u derbiju 4.kola prvenstva Premijer lige BiH dvije do sada nepora\u017eene ekipe, uz lidera \u201eGrude Autoherc\u201c, savladale veoma dobru \u201eIlid\u017eu\u201c rezultatom 25:22(15:13). Prvi dio susreta protekao je [&hellip;]<\/p>\n","protected":false},"author":1,"featured_media":0,"comment_status":"closed","ping_status":"open","sticky":false,"template":"","format":"standard","meta":{"_monsterinsights_skip_tracking":false,"_monsterinsights_sitenote_active":false,"_monsterinsights_sitenote_note":"","_monsterinsights_sitenote_category":0,"footnotes":""},"categories":[7],"tags":[574,224,4050,5274],"yoast_head":"<!-- This site is optimized with the Yoast SEO plugin v21.6 - https:\/\/yoast.com\/wordpress\/plugins\/seo\/ -->\n<title>NOVA POBJEDA RUKOMETA\u0160ICA \u201eMIRE\u201c: VUKLI\u0160 BRANILA, KUNOVAC \u201eRE\u0160ETALA\u201c - FOTO - PrijedorDanas.com - Prijedorski gradski portal<\/title>\n<meta name=\"robots\" content=\"index, follow, max-snippet:-1, max-image-preview:large, max-video-preview:-1\" \/>\n<link rel=\"canonical\" href=\"https:\/\/www.prijedordanas.com\/?p=63600\" \/>\n<meta property=\"og:locale\" content=\"en_US\" \/>\n<meta property=\"og:type\" content=\"article\" \/>\n<meta property=\"og:title\" content=\"NOVA POBJEDA RUKOMETA\u0160ICA \u201eMIRE\u201c: VUKLI\u0160 BRANILA, KUNOVAC \u201eRE\u0160ETALA\u201c - FOTO - PrijedorDanas.com - Prijedorski gradski portal\" \/>\n<meta property=\"og:description\" content=\"Rukometa\u0161ice \u201eMire\u201c su u derbiju 4.kola prvenstva Premijer lige BiH dvije do sada nepora\u017eene ekipe, uz lidera \u201eGrude Autoherc\u201c, savladale veoma dobru \u201eIlid\u017eu\u201c rezultatom 25:22(15:13). Prvi dio susreta protekao je [&hellip;]\" \/>\n<meta property=\"og:url\" content=\"https:\/\/www.prijedordanas.com\/?p=63600\" \/>\n<meta property=\"og:site_name\" content=\"PrijedorDanas.com - Prijedorski gradski portal\" \/>\n<meta property=\"article:publisher\" content=\"https:\/\/www.facebook.com\/PrijedorDanasCom\/\" \/>\n<meta property=\"article:published_time\" content=\"2016-10-18T19:16:25+00:00\" \/>\n<meta property=\"og:image\" content=\"https:\/\/www.prijedordanas.com\/wp-content\/uploads\/2016\/10\/mira-ilidza-jesen-izvjestaj-1-300x234.jpg\" \/>\n<meta name=\"author\" content=\"admin\" \/>\n<meta name=\"twitter:card\" content=\"summary_large_image\" \/>\n<meta name=\"twitter:label1\" content=\"Written by\" \/>\n\t<meta name=\"twitter:data1\" content=\"admin\" \/>\n\t<meta name=\"twitter:label2\" content=\"Est. reading time\" \/>\n\t<meta name=\"twitter:data2\" content=\"3 minutes\" \/>\n<script type=\"application\/ld+json\" class=\"yoast-schema-graph\">{\"@context\":\"https:\/\/schema.org\",\"@graph\":[{\"@type\":\"Article\",\"@id\":\"https:\/\/www.prijedordanas.com\/?p=63600#article\",\"isPartOf\":{\"@id\":\"https:\/\/www.prijedordanas.com\/?p=63600\"},\"author\":{\"name\":\"admin\",\"@id\":\"https:\/\/www.prijedordanas.com\/#\/schema\/person\/4e08ccf29b506ca916ff86d46bb700e6\"},\"headline\":\"NOVA POBJEDA RUKOMETA\u0160ICA \u201eMIRE\u201c: VUKLI\u0160 BRANILA, KUNOVAC \u201eRE\u0160ETALA\u201c &#8211; FOTO\",\"datePublished\":\"2016-10-18T19:16:25+00:00\",\"dateModified\":\"2016-10-18T19:16:25+00:00\",\"mainEntityOfPage\":{\"@id\":\"https:\/\/www.prijedordanas.com\/?p=63600\"},\"wordCount\":557,\"publisher\":{\"@id\":\"https:\/\/www.prijedordanas.com\/#organization\"},\"keywords\":[\"derbi\",\"rukomet\",\"\u017dRK \\\"Mira\\\" Prijedor\",\"\u017dRK Ilid\u017ea\"],\"articleSection\":[\"Sport\"],\"inLanguage\":\"en-US\"},{\"@type\":\"WebPage\",\"@id\":\"https:\/\/www.prijedordanas.com\/?p=63600\",\"url\":\"https:\/\/www.prijedordanas.com\/?p=63600\",\"name\":\"NOVA POBJEDA RUKOMETA\u0160ICA \u201eMIRE\u201c: VUKLI\u0160 BRANILA, KUNOVAC \u201eRE\u0160ETALA\u201c - FOTO - PrijedorDanas.com - Prijedorski gradski portal\",\"isPartOf\":{\"@id\":\"https:\/\/www.prijedordanas.com\/#website\"},\"datePublished\":\"2016-10-18T19:16:25+00:00\",\"dateModified\":\"2016-10-18T19:16:25+00:00\",\"breadcrumb\":{\"@id\":\"https:\/\/www.prijedordanas.com\/?p=63600#breadcrumb\"},\"inLanguage\":\"en-US\",\"potentialAction\":[{\"@type\":\"ReadAction\",\"target\":[\"https:\/\/www.prijedordanas.com\/?p=63600\"]}]},{\"@type\":\"BreadcrumbList\",\"@id\":\"https:\/\/www.prijedordanas.com\/?p=63600#breadcrumb\",\"itemListElement\":[{\"@type\":\"ListItem\",\"position\":1,\"name\":\"Home\",\"item\":\"https:\/\/www.prijedordanas.com\/\"},{\"@type\":\"ListItem\",\"position\":2,\"name\":\"NOVA POBJEDA RUKOMETA\u0160ICA \u201eMIRE\u201c: VUKLI\u0160 BRANILA, KUNOVAC \u201eRE\u0160ETALA\u201c &#8211; FOTO\"}]},{\"@type\":\"WebSite\",\"@id\":\"https:\/\/www.prijedordanas.com\/#website\",\"url\":\"https:\/\/www.prijedordanas.com\/\",\"name\":\"PrijedorDanas.com - Prijedorski gradski portal\",\"description\":\"Portal o doga\u0111anjima u gradu Prijedoru\",\"publisher\":{\"@id\":\"https:\/\/www.prijedordanas.com\/#organization\"},\"potentialAction\":[{\"@type\":\"SearchAction\",\"target\":{\"@type\":\"EntryPoint\",\"urlTemplate\":\"https:\/\/www.prijedordanas.com\/?s={search_term_string}\"},\"query-input\":\"required name=search_term_string\"}],\"inLanguage\":\"en-US\"},{\"@type\":\"Organization\",\"@id\":\"https:\/\/www.prijedordanas.com\/#organization\",\"name\":\"PrijedorDanas.com\",\"url\":\"https:\/\/www.prijedordanas.com\/\",\"logo\":{\"@type\":\"ImageObject\",\"inLanguage\":\"en-US\",\"@id\":\"https:\/\/www.prijedordanas.com\/#\/schema\/logo\/image\/\",\"url\":\"http:\/\/www.prijedordanas.com\/wp-content\/uploads\/2021\/12\/logopng.png\",\"contentUrl\":\"http:\/\/www.prijedordanas.com\/wp-content\/uploads\/2021\/12\/logopng.png\",\"width\":1019,\"height\":776,\"caption\":\"PrijedorDanas.com\"},\"image\":{\"@id\":\"https:\/\/www.prijedordanas.com\/#\/schema\/logo\/image\/\"},\"sameAs\":[\"https:\/\/www.facebook.com\/PrijedorDanasCom\/\"]},{\"@type\":\"Person\",\"@id\":\"https:\/\/www.prijedordanas.com\/#\/schema\/person\/4e08ccf29b506ca916ff86d46bb700e6\",\"name\":\"admin\",\"image\":{\"@type\":\"ImageObject\",\"inLanguage\":\"en-US\",\"@id\":\"https:\/\/www.prijedordanas.com\/#\/schema\/person\/image\/\",\"url\":\"https:\/\/secure.gravatar.com\/avatar\/1d3fc949d550f0b53a5f0d51e06dfd79?s=96&d=mm&r=g\",\"contentUrl\":\"https:\/\/secure.gravatar.com\/avatar\/1d3fc949d550f0b53a5f0d51e06dfd79?s=96&d=mm&r=g\",\"caption\":\"admin\"},\"url\":\"https:\/\/www.prijedordanas.com\/?author=1\"}]}<\/script>\n<!-- \/ Yoast SEO plugin. -->","yoast_head_json":{"title":"NOVA POBJEDA RUKOMETA\u0160ICA \u201eMIRE\u201c: VUKLI\u0160 BRANILA, KUNOVAC \u201eRE\u0160ETALA\u201c - FOTO - PrijedorDanas.com - Prijedorski gradski portal","robots":{"index":"index","follow":"follow","max-snippet":"max-snippet:-1","max-image-preview":"max-image-preview:large","max-video-preview":"max-video-preview:-1"},"canonical":"https:\/\/www.prijedordanas.com\/?p=63600","og_locale":"en_US","og_type":"article","og_title":"NOVA POBJEDA RUKOMETA\u0160ICA \u201eMIRE\u201c: VUKLI\u0160 BRANILA, KUNOVAC \u201eRE\u0160ETALA\u201c - FOTO - PrijedorDanas.com - Prijedorski gradski portal","og_description":"Rukometa\u0161ice \u201eMire\u201c su u derbiju 4.kola prvenstva Premijer lige BiH dvije do sada nepora\u017eene ekipe, uz lidera \u201eGrude Autoherc\u201c, savladale veoma dobru \u201eIlid\u017eu\u201c rezultatom 25:22(15:13). Prvi dio susreta protekao je [&hellip;]","og_url":"https:\/\/www.prijedordanas.com\/?p=63600","og_site_name":"PrijedorDanas.com - Prijedorski gradski portal","article_publisher":"https:\/\/www.facebook.com\/PrijedorDanasCom\/","article_published_time":"2016-10-18T19:16:25+00:00","og_image":[{"url":"https:\/\/www.prijedordanas.com\/wp-content\/uploads\/2016\/10\/mira-ilidza-jesen-izvjestaj-1-300x234.jpg"}],"author":"admin","twitter_card":"summary_large_image","twitter_misc":{"Written by":"admin","Est. reading time":"3 minutes"},"schema":{"@context":"https:\/\/schema.org","@graph":[{"@type":"Article","@id":"https:\/\/www.prijedordanas.com\/?p=63600#article","isPartOf":{"@id":"https:\/\/www.prijedordanas.com\/?p=63600"},"author":{"name":"admin","@id":"https:\/\/www.prijedordanas.com\/#\/schema\/person\/4e08ccf29b506ca916ff86d46bb700e6"},"headline":"NOVA POBJEDA RUKOMETA\u0160ICA \u201eMIRE\u201c: VUKLI\u0160 BRANILA, KUNOVAC \u201eRE\u0160ETALA\u201c &#8211; FOTO","datePublished":"2016-10-18T19:16:25+00:00","dateModified":"2016-10-18T19:16:25+00:00","mainEntityOfPage":{"@id":"https:\/\/www.prijedordanas.com\/?p=63600"},"wordCount":557,"publisher":{"@id":"https:\/\/www.prijedordanas.com\/#organization"},"keywords":["derbi","rukomet","\u017dRK \"Mira\" Prijedor","\u017dRK Ilid\u017ea"],"articleSection":["Sport"],"inLanguage":"en-US"},{"@type":"WebPage","@id":"https:\/\/www.prijedordanas.com\/?p=63600","url":"https:\/\/www.prijedordanas.com\/?p=63600","name":"NOVA POBJEDA RUKOMETA\u0160ICA \u201eMIRE\u201c: VUKLI\u0160 BRANILA, KUNOVAC \u201eRE\u0160ETALA\u201c - FOTO - PrijedorDanas.com - Prijedorski gradski portal","isPartOf":{"@id":"https:\/\/www.prijedordanas.com\/#website"},"datePublished":"2016-10-18T19:16:25+00:00","dateModified":"2016-10-18T19:16:25+00:00","breadcrumb":{"@id":"https:\/\/www.prijedordanas.com\/?p=63600#breadcrumb"},"inLanguage":"en-US","potentialAction":[{"@type":"ReadAction","target":["https:\/\/www.prijedordanas.com\/?p=63600"]}]},{"@type":"BreadcrumbList","@id":"https:\/\/www.prijedordanas.com\/?p=63600#breadcrumb","itemListElement":[{"@type":"ListItem","position":1,"name":"Home","item":"https:\/\/www.prijedordanas.com\/"},{"@type":"ListItem","position":2,"name":"NOVA POBJEDA RUKOMETA\u0160ICA \u201eMIRE\u201c: VUKLI\u0160 BRANILA, KUNOVAC \u201eRE\u0160ETALA\u201c &#8211; FOTO"}]},{"@type":"WebSite","@id":"https:\/\/www.prijedordanas.com\/#website","url":"https:\/\/www.prijedordanas.com\/","name":"PrijedorDanas.com - Prijedorski gradski portal","description":"Portal o doga\u0111anjima u gradu Prijedoru","publisher":{"@id":"https:\/\/www.prijedordanas.com\/#organization"},"potentialAction":[{"@type":"SearchAction","target":{"@type":"EntryPoint","urlTemplate":"https:\/\/www.prijedordanas.com\/?s={search_term_string}"},"query-input":"required name=search_term_string"}],"inLanguage":"en-US"},{"@type":"Organization","@id":"https:\/\/www.prijedordanas.com\/#organization","name":"PrijedorDanas.com","url":"https:\/\/www.prijedordanas.com\/","logo":{"@type":"ImageObject","inLanguage":"en-US","@id":"https:\/\/www.prijedordanas.com\/#\/schema\/logo\/image\/","url":"http:\/\/www.prijedordanas.com\/wp-content\/uploads\/2021\/12\/logopng.png","contentUrl":"http:\/\/www.prijedordanas.com\/wp-content\/uploads\/2021\/12\/logopng.png","width":1019,"height":776,"caption":"PrijedorDanas.com"},"image":{"@id":"https:\/\/www.prijedordanas.com\/#\/schema\/logo\/image\/"},"sameAs":["https:\/\/www.facebook.com\/PrijedorDanasCom\/"]},{"@type":"Person","@id":"https:\/\/www.prijedordanas.com\/#\/schema\/person\/4e08ccf29b506ca916ff86d46bb700e6","name":"admin","image":{"@type":"ImageObject","inLanguage":"en-US","@id":"https:\/\/www.prijedordanas.com\/#\/schema\/person\/image\/","url":"https:\/\/secure.gravatar.com\/avatar\/1d3fc949d550f0b53a5f0d51e06dfd79?s=96&d=mm&r=g","contentUrl":"https:\/\/secure.gravatar.com\/avatar\/1d3fc949d550f0b53a5f0d51e06dfd79?s=96&d=mm&r=g","caption":"admin"},"url":"https:\/\/www.prijedordanas.com\/?author=1"}]}},"_links":{"self":[{"href":"https:\/\/www.prijedordanas.com\/index.php?rest_route=\/wp\/v2\/posts\/63600"}],"collection":[{"href":"https:\/\/www.prijedordanas.com\/index.php?rest_route=\/wp\/v2\/posts"}],"about":[{"href":"https:\/\/www.prijedordanas.com\/index.php?rest_route=\/wp\/v2\/types\/post"}],"author":[{"embeddable":true,"href":"https:\/\/www.prijedordanas.com\/index.php?rest_route=\/wp\/v2\/users\/1"}],"replies":[{"embeddable":true,"href":"https:\/\/www.prijedordanas.com\/index.php?rest_route=%2Fwp%2Fv2%2Fcomments&post=63600"}],"version-history":[{"count":1,"href":"https:\/\/www.prijedordanas.com\/index.php?rest_route=\/wp\/v2\/posts\/63600\/revisions"}],"predecessor-version":[{"id":63608,"href":"https:\/\/www.prijedordanas.com\/index.php?rest_route=\/wp\/v2\/posts\/63600\/revisions\/63608"}],"wp:attachment":[{"href":"https:\/\/www.prijedordanas.com\/index.php?rest_route=%2Fwp%2Fv2%2Fmedia&parent=63600"}],"wp:term":[{"taxonomy":"category","embeddable":true,"href":"https:\/\/www.prijedordanas.com\/index.php?rest_route=%2Fwp%2Fv2%2Fcategories&post=63600"},{"taxonomy":"post_tag","embeddable":true,"href":"https:\/\/www.prijedordanas.com\/index.php?rest_route=%2Fwp%2Fv2%2Ftags&post=63600"}],"curies":[{"name":"wp","href":"https:\/\/api.w.org\/{rel}","templated":true}]}}