{"id":63457,"date":"2016-10-16T15:41:12","date_gmt":"2016-10-16T13:41:12","guid":{"rendered":"https:\/\/www.prijedordanas.com\/?p=63457"},"modified":"2016-10-16T15:41:12","modified_gmt":"2016-10-16T13:41:12","slug":"pripreme-kosarkasa-prijedora-za-novu-sezonu-dosta-turbulencija-u-sastavu","status":"publish","type":"post","link":"https:\/\/www.prijedordanas.com\/?p=63457","title":{"rendered":"PRIPREME KO\u0160ARKA\u0160A PRIJEDORA ZA NOVU SEZONU: DOSTA TURBULENCIJA U SASTAVU"},"content":{"rendered":"<p><a href=\"https:\/\/www.prijedordanas.com\/wp-content\/uploads\/2016\/05\/kk-prijedor-prvak-rs-8.jpg\"><img loading=\"lazy\" decoding=\"async\" class=\"alignleft size-medium wp-image-51336\" src=\"https:\/\/www.prijedordanas.com\/wp-content\/uploads\/2016\/05\/kk-prijedor-prvak-rs-8-300x199.jpg\" alt=\"kk prijedor-prvak rs (8)\" width=\"300\" height=\"199\" srcset=\"https:\/\/www.prijedordanas.com\/wp-content\/uploads\/2016\/05\/kk-prijedor-prvak-rs-8-300x200.jpg 300w, https:\/\/www.prijedordanas.com\/wp-content\/uploads\/2016\/05\/kk-prijedor-prvak-rs-8-768x509.jpg 768w, https:\/\/www.prijedordanas.com\/wp-content\/uploads\/2016\/05\/kk-prijedor-prvak-rs-8-480x320.jpg 480w, https:\/\/www.prijedordanas.com\/wp-content\/uploads\/2016\/05\/kk-prijedor-prvak-rs-8.jpg 800w\" sizes=\"(max-width: 300px) 100vw, 300px\" \/><\/a>Ko\u0161arka\u0161i Prijedora, ovogodi\u0161nji \u0161ampioni Prve lige Republike Srpske, koji spletom okolnosti ne\u0107e nastupiti u elitnom bh.takmi\u010denju, pripremaju se za novu sezonu u dosada\u0161njem ranggu.<\/p>\n<p>-Zbog situacije u kojoj smo se na\u0161li proteklih mjeseci, euforije, neizvjesnosti i na kraju razo\u010darenja zbog neigranja u Premijer ligi, kasno smo po\u010deli sa pripremama. Do\u0161li smo u situaciju da moramo stvari rje\u0161avati u hodu, uostalom, to je na\u017ealost uobi\u010dajena rutina, poznata i od ranije. U na\u0161em timu je bilo turbulentno, uz dosta promjena &#8211; pri\u010da provjereni trener Prijedor\u010dana Danilo Palali\u0107.<\/p>\n<p>Mu\u0161ki klub \u201ekraljice igara\u201c sa imenom grada na Sani napustili su nosioci iz pro\u0161le sezone, Mihajlo Zvonar, Filip Mar\u010deti\u0107, Dejan Zlokapa te Davor Radivojac i Sini\u0161a Braji\u0107.<\/p>\n<p>-Ostale momke smo uspjeli zadr\u017eati, a doveli smo igra\u010de za koje smatram da mogu da iznesu taj teret i da su prije svega karakterni ljudi i dobri ko\u0161arka\u0161i. Iz Kozare (Gradi\u0161ka) do\u0161li su Nemanja Bilanovi\u0107, koji je ve\u0107 u sezoni 2014\/15 nosio des Prijedora, te Igor Damjanovi\u0107, iskusan igra\u010d koji \u0107e nam sigurno donijeti dosta toga dobrog, kao i Nemanja Tomi\u0107 iz banjalu\u010dkog Studenta \u2013 ka\u017ee Palali\u0107.<\/p>\n<p><a href=\"https:\/\/www.prijedordanas.com\/wp-content\/uploads\/2016\/06\/kk-prijedor-prvak-rs-1.jpg\"><img loading=\"lazy\" decoding=\"async\" class=\"alignleft size-medium wp-image-52045\" src=\"https:\/\/www.prijedordanas.com\/wp-content\/uploads\/2016\/06\/kk-prijedor-prvak-rs-1-300x199.jpg\" alt=\"kk prijedor-prvak rs (1)\" width=\"300\" height=\"199\" srcset=\"https:\/\/www.prijedordanas.com\/wp-content\/uploads\/2016\/06\/kk-prijedor-prvak-rs-1-300x200.jpg 300w, https:\/\/www.prijedordanas.com\/wp-content\/uploads\/2016\/06\/kk-prijedor-prvak-rs-1-768x509.jpg 768w, https:\/\/www.prijedordanas.com\/wp-content\/uploads\/2016\/06\/kk-prijedor-prvak-rs-1-480x320.jpg 480w, https:\/\/www.prijedordanas.com\/wp-content\/uploads\/2016\/06\/kk-prijedor-prvak-rs-1.jpg 1000w\" sizes=\"(max-width: 300px) 100vw, 300px\" \/><\/a>Veoma je bitno \u0161to je nastavljena saradnja sa Nenadom Jovi\u010di\u0107em i Goranom Bogi\u0107evi\u0107em, kao i sa Sr\u0111anom Staki\u0107em, Draganom Vukovi\u0107em, Bojanom Majki\u0107em i Milenkom Romani\u0107em.<\/p>\n<p>-Mlade snage polako nadolaze. I treba\u0107e dosta strpljenja, rada i vremena da se to sve uklopi u jednu cjelinu. Izuzetno \u0107e biti te\u0161ko ali ja sam po prirodi optimista i borac tako da \u0107u poku\u0161ati da prenesem to i na svoje igra\u010de koji moraju da znaju da nijedan trud nije uzaludan, iako su u dana\u0161nje vrijeme pravda i nagrada spora ali \u0107e kad-tad do\u0107i &#8211; nagla\u0161ava Palali\u0107.<\/p>\n<p>Odigran je i kontrolni susret u Banjaluci, gdje im je doma\u0107in bio stari znanac Borac, koji ima dobru ekipu.<\/p>\n<p>Po mi\u0161ljenu stratega Prijedor\u010dana, s obzirom da im je ovo bila prva prijateljska utakmica odigrali su dobro i uz poraz od \u0161est poena razlike.<\/p>\n<p>Rival je prvi krenuo sa pripremama, ima korekten sastav i u ovom momentu je spremniji.<\/p>\n<p>-\u017delio bi da pozovem ljude dobre volje i istinske ljubitelje igre pod obru\u010dima i navija\u010de da se ne odri\u010du kosarke, mi \u0107emo se boriti na svakoj utakmici i dati svoj maksimum, jer druga\u010dije ne znamo. Svima nam je \u017eao \u0161to nismo odigrali sezonu u najvi\u0161em stepenu nadmetanja. To najmanje na\u0161a krivica, i molim ljude da to shvate i pru\u017ee nam podr\u0161ku od po\u010detka prvenstva. Ko\u0161arka \u0107e biti jedan od sportova sa prioritetom, prije ili kasnije &#8211; zaklju\u010dio je Danilo Palali\u0107.<\/p>\n<p>Tekst i foto arhiva \u2013 Nenad \u0110eri\u0107\/Aleksandar Drakuli\u0107 \u2013 <a href=\"www.prijedordanas.com\" target=\"_blank\">www.prijedordanas.com<\/a><\/p>\n","protected":false},"excerpt":{"rendered":"<p>Ko\u0161arka\u0161i Prijedora, ovogodi\u0161nji \u0161ampioni Prve lige Republike Srpske, koji spletom okolnosti ne\u0107e nastupiti u elitnom bh.takmi\u010denju, pripremaju se za novu sezonu u dosada\u0161njem ranggu. -Zbog situacije u kojoj smo se [&hellip;]<\/p>\n","protected":false},"author":1,"featured_media":0,"comment_status":"closed","ping_status":"open","sticky":false,"template":"","format":"standard","meta":{"_monsterinsights_skip_tracking":false,"_monsterinsights_sitenote_active":false,"_monsterinsights_sitenote_note":"","_monsterinsights_sitenote_category":0,"footnotes":""},"categories":[7],"tags":[2545,594,201,7164],"yoast_head":"<!-- This site is optimized with the Yoast SEO plugin v21.6 - https:\/\/yoast.com\/wordpress\/plugins\/seo\/ -->\n<title>PRIPREME KO\u0160ARKA\u0160A PRIJEDORA ZA NOVU SEZONU: DOSTA TURBULENCIJA U SASTAVU - PrijedorDanas.com - Prijedorski gradski portal<\/title>\n<meta name=\"robots\" content=\"index, follow, max-snippet:-1, max-image-preview:large, max-video-preview:-1\" \/>\n<link rel=\"canonical\" href=\"https:\/\/www.prijedordanas.com\/?p=63457\" \/>\n<meta property=\"og:locale\" content=\"en_US\" \/>\n<meta property=\"og:type\" content=\"article\" \/>\n<meta property=\"og:title\" content=\"PRIPREME KO\u0160ARKA\u0160A PRIJEDORA ZA NOVU SEZONU: DOSTA TURBULENCIJA U SASTAVU - PrijedorDanas.com - Prijedorski gradski portal\" \/>\n<meta property=\"og:description\" content=\"Ko\u0161arka\u0161i Prijedora, ovogodi\u0161nji \u0161ampioni Prve lige Republike Srpske, koji spletom okolnosti ne\u0107e nastupiti u elitnom bh.takmi\u010denju, pripremaju se za novu sezonu u dosada\u0161njem ranggu. -Zbog situacije u kojoj smo se [&hellip;]\" \/>\n<meta property=\"og:url\" content=\"https:\/\/www.prijedordanas.com\/?p=63457\" \/>\n<meta property=\"og:site_name\" content=\"PrijedorDanas.com - Prijedorski gradski portal\" \/>\n<meta property=\"article:publisher\" content=\"https:\/\/www.facebook.com\/PrijedorDanasCom\/\" \/>\n<meta property=\"article:published_time\" content=\"2016-10-16T13:41:12+00:00\" \/>\n<meta property=\"og:image\" content=\"https:\/\/www.prijedordanas.com\/wp-content\/uploads\/2016\/05\/kk-prijedor-prvak-rs-8-300x199.jpg\" \/>\n<meta name=\"author\" content=\"admin\" \/>\n<meta name=\"twitter:card\" content=\"summary_large_image\" \/>\n<meta name=\"twitter:label1\" content=\"Written by\" \/>\n\t<meta name=\"twitter:data1\" content=\"admin\" \/>\n\t<meta name=\"twitter:label2\" content=\"Est. reading time\" \/>\n\t<meta name=\"twitter:data2\" content=\"2 minutes\" \/>\n<script type=\"application\/ld+json\" class=\"yoast-schema-graph\">{\"@context\":\"https:\/\/schema.org\",\"@graph\":[{\"@type\":\"Article\",\"@id\":\"https:\/\/www.prijedordanas.com\/?p=63457#article\",\"isPartOf\":{\"@id\":\"https:\/\/www.prijedordanas.com\/?p=63457\"},\"author\":{\"name\":\"admin\",\"@id\":\"https:\/\/www.prijedordanas.com\/#\/schema\/person\/4e08ccf29b506ca916ff86d46bb700e6\"},\"headline\":\"PRIPREME KO\u0160ARKA\u0160A PRIJEDORA ZA NOVU SEZONU: DOSTA TURBULENCIJA U SASTAVU\",\"datePublished\":\"2016-10-16T13:41:12+00:00\",\"dateModified\":\"2016-10-16T13:41:12+00:00\",\"mainEntityOfPage\":{\"@id\":\"https:\/\/www.prijedordanas.com\/?p=63457\"},\"wordCount\":490,\"publisher\":{\"@id\":\"https:\/\/www.prijedordanas.com\/#organization\"},\"keywords\":[\"KK Prijedor\",\"ko\u0161arka\",\"pripreme\",\"promjene\"],\"articleSection\":[\"Sport\"],\"inLanguage\":\"en-US\"},{\"@type\":\"WebPage\",\"@id\":\"https:\/\/www.prijedordanas.com\/?p=63457\",\"url\":\"https:\/\/www.prijedordanas.com\/?p=63457\",\"name\":\"PRIPREME KO\u0160ARKA\u0160A PRIJEDORA ZA NOVU SEZONU: DOSTA TURBULENCIJA U SASTAVU - PrijedorDanas.com - Prijedorski gradski portal\",\"isPartOf\":{\"@id\":\"https:\/\/www.prijedordanas.com\/#website\"},\"datePublished\":\"2016-10-16T13:41:12+00:00\",\"dateModified\":\"2016-10-16T13:41:12+00:00\",\"breadcrumb\":{\"@id\":\"https:\/\/www.prijedordanas.com\/?p=63457#breadcrumb\"},\"inLanguage\":\"en-US\",\"potentialAction\":[{\"@type\":\"ReadAction\",\"target\":[\"https:\/\/www.prijedordanas.com\/?p=63457\"]}]},{\"@type\":\"BreadcrumbList\",\"@id\":\"https:\/\/www.prijedordanas.com\/?p=63457#breadcrumb\",\"itemListElement\":[{\"@type\":\"ListItem\",\"position\":1,\"name\":\"Home\",\"item\":\"https:\/\/www.prijedordanas.com\/\"},{\"@type\":\"ListItem\",\"position\":2,\"name\":\"PRIPREME KO\u0160ARKA\u0160A PRIJEDORA ZA NOVU SEZONU: DOSTA TURBULENCIJA U SASTAVU\"}]},{\"@type\":\"WebSite\",\"@id\":\"https:\/\/www.prijedordanas.com\/#website\",\"url\":\"https:\/\/www.prijedordanas.com\/\",\"name\":\"PrijedorDanas.com - Prijedorski gradski portal\",\"description\":\"Portal o doga\u0111anjima u gradu Prijedoru\",\"publisher\":{\"@id\":\"https:\/\/www.prijedordanas.com\/#organization\"},\"potentialAction\":[{\"@type\":\"SearchAction\",\"target\":{\"@type\":\"EntryPoint\",\"urlTemplate\":\"https:\/\/www.prijedordanas.com\/?s={search_term_string}\"},\"query-input\":\"required name=search_term_string\"}],\"inLanguage\":\"en-US\"},{\"@type\":\"Organization\",\"@id\":\"https:\/\/www.prijedordanas.com\/#organization\",\"name\":\"PrijedorDanas.com\",\"url\":\"https:\/\/www.prijedordanas.com\/\",\"logo\":{\"@type\":\"ImageObject\",\"inLanguage\":\"en-US\",\"@id\":\"https:\/\/www.prijedordanas.com\/#\/schema\/logo\/image\/\",\"url\":\"http:\/\/www.prijedordanas.com\/wp-content\/uploads\/2021\/12\/logopng.png\",\"contentUrl\":\"http:\/\/www.prijedordanas.com\/wp-content\/uploads\/2021\/12\/logopng.png\",\"width\":1019,\"height\":776,\"caption\":\"PrijedorDanas.com\"},\"image\":{\"@id\":\"https:\/\/www.prijedordanas.com\/#\/schema\/logo\/image\/\"},\"sameAs\":[\"https:\/\/www.facebook.com\/PrijedorDanasCom\/\"]},{\"@type\":\"Person\",\"@id\":\"https:\/\/www.prijedordanas.com\/#\/schema\/person\/4e08ccf29b506ca916ff86d46bb700e6\",\"name\":\"admin\",\"image\":{\"@type\":\"ImageObject\",\"inLanguage\":\"en-US\",\"@id\":\"https:\/\/www.prijedordanas.com\/#\/schema\/person\/image\/\",\"url\":\"https:\/\/secure.gravatar.com\/avatar\/1d3fc949d550f0b53a5f0d51e06dfd79?s=96&d=mm&r=g\",\"contentUrl\":\"https:\/\/secure.gravatar.com\/avatar\/1d3fc949d550f0b53a5f0d51e06dfd79?s=96&d=mm&r=g\",\"caption\":\"admin\"},\"url\":\"https:\/\/www.prijedordanas.com\/?author=1\"}]}<\/script>\n<!-- \/ Yoast SEO plugin. -->","yoast_head_json":{"title":"PRIPREME KO\u0160ARKA\u0160A PRIJEDORA ZA NOVU SEZONU: DOSTA TURBULENCIJA U SASTAVU - PrijedorDanas.com - Prijedorski gradski portal","robots":{"index":"index","follow":"follow","max-snippet":"max-snippet:-1","max-image-preview":"max-image-preview:large","max-video-preview":"max-video-preview:-1"},"canonical":"https:\/\/www.prijedordanas.com\/?p=63457","og_locale":"en_US","og_type":"article","og_title":"PRIPREME KO\u0160ARKA\u0160A PRIJEDORA ZA NOVU SEZONU: DOSTA TURBULENCIJA U SASTAVU - PrijedorDanas.com - Prijedorski gradski portal","og_description":"Ko\u0161arka\u0161i Prijedora, ovogodi\u0161nji \u0161ampioni Prve lige Republike Srpske, koji spletom okolnosti ne\u0107e nastupiti u elitnom bh.takmi\u010denju, pripremaju se za novu sezonu u dosada\u0161njem ranggu. -Zbog situacije u kojoj smo se [&hellip;]","og_url":"https:\/\/www.prijedordanas.com\/?p=63457","og_site_name":"PrijedorDanas.com - Prijedorski gradski portal","article_publisher":"https:\/\/www.facebook.com\/PrijedorDanasCom\/","article_published_time":"2016-10-16T13:41:12+00:00","og_image":[{"url":"https:\/\/www.prijedordanas.com\/wp-content\/uploads\/2016\/05\/kk-prijedor-prvak-rs-8-300x199.jpg"}],"author":"admin","twitter_card":"summary_large_image","twitter_misc":{"Written by":"admin","Est. reading time":"2 minutes"},"schema":{"@context":"https:\/\/schema.org","@graph":[{"@type":"Article","@id":"https:\/\/www.prijedordanas.com\/?p=63457#article","isPartOf":{"@id":"https:\/\/www.prijedordanas.com\/?p=63457"},"author":{"name":"admin","@id":"https:\/\/www.prijedordanas.com\/#\/schema\/person\/4e08ccf29b506ca916ff86d46bb700e6"},"headline":"PRIPREME KO\u0160ARKA\u0160A PRIJEDORA ZA NOVU SEZONU: DOSTA TURBULENCIJA U SASTAVU","datePublished":"2016-10-16T13:41:12+00:00","dateModified":"2016-10-16T13:41:12+00:00","mainEntityOfPage":{"@id":"https:\/\/www.prijedordanas.com\/?p=63457"},"wordCount":490,"publisher":{"@id":"https:\/\/www.prijedordanas.com\/#organization"},"keywords":["KK Prijedor","ko\u0161arka","pripreme","promjene"],"articleSection":["Sport"],"inLanguage":"en-US"},{"@type":"WebPage","@id":"https:\/\/www.prijedordanas.com\/?p=63457","url":"https:\/\/www.prijedordanas.com\/?p=63457","name":"PRIPREME KO\u0160ARKA\u0160A PRIJEDORA ZA NOVU SEZONU: DOSTA TURBULENCIJA U SASTAVU - PrijedorDanas.com - Prijedorski gradski portal","isPartOf":{"@id":"https:\/\/www.prijedordanas.com\/#website"},"datePublished":"2016-10-16T13:41:12+00:00","dateModified":"2016-10-16T13:41:12+00:00","breadcrumb":{"@id":"https:\/\/www.prijedordanas.com\/?p=63457#breadcrumb"},"inLanguage":"en-US","potentialAction":[{"@type":"ReadAction","target":["https:\/\/www.prijedordanas.com\/?p=63457"]}]},{"@type":"BreadcrumbList","@id":"https:\/\/www.prijedordanas.com\/?p=63457#breadcrumb","itemListElement":[{"@type":"ListItem","position":1,"name":"Home","item":"https:\/\/www.prijedordanas.com\/"},{"@type":"ListItem","position":2,"name":"PRIPREME KO\u0160ARKA\u0160A PRIJEDORA ZA NOVU SEZONU: DOSTA TURBULENCIJA U SASTAVU"}]},{"@type":"WebSite","@id":"https:\/\/www.prijedordanas.com\/#website","url":"https:\/\/www.prijedordanas.com\/","name":"PrijedorDanas.com - Prijedorski gradski portal","description":"Portal o doga\u0111anjima u gradu Prijedoru","publisher":{"@id":"https:\/\/www.prijedordanas.com\/#organization"},"potentialAction":[{"@type":"SearchAction","target":{"@type":"EntryPoint","urlTemplate":"https:\/\/www.prijedordanas.com\/?s={search_term_string}"},"query-input":"required name=search_term_string"}],"inLanguage":"en-US"},{"@type":"Organization","@id":"https:\/\/www.prijedordanas.com\/#organization","name":"PrijedorDanas.com","url":"https:\/\/www.prijedordanas.com\/","logo":{"@type":"ImageObject","inLanguage":"en-US","@id":"https:\/\/www.prijedordanas.com\/#\/schema\/logo\/image\/","url":"http:\/\/www.prijedordanas.com\/wp-content\/uploads\/2021\/12\/logopng.png","contentUrl":"http:\/\/www.prijedordanas.com\/wp-content\/uploads\/2021\/12\/logopng.png","width":1019,"height":776,"caption":"PrijedorDanas.com"},"image":{"@id":"https:\/\/www.prijedordanas.com\/#\/schema\/logo\/image\/"},"sameAs":["https:\/\/www.facebook.com\/PrijedorDanasCom\/"]},{"@type":"Person","@id":"https:\/\/www.prijedordanas.com\/#\/schema\/person\/4e08ccf29b506ca916ff86d46bb700e6","name":"admin","image":{"@type":"ImageObject","inLanguage":"en-US","@id":"https:\/\/www.prijedordanas.com\/#\/schema\/person\/image\/","url":"https:\/\/secure.gravatar.com\/avatar\/1d3fc949d550f0b53a5f0d51e06dfd79?s=96&d=mm&r=g","contentUrl":"https:\/\/secure.gravatar.com\/avatar\/1d3fc949d550f0b53a5f0d51e06dfd79?s=96&d=mm&r=g","caption":"admin"},"url":"https:\/\/www.prijedordanas.com\/?author=1"}]}},"_links":{"self":[{"href":"https:\/\/www.prijedordanas.com\/index.php?rest_route=\/wp\/v2\/posts\/63457"}],"collection":[{"href":"https:\/\/www.prijedordanas.com\/index.php?rest_route=\/wp\/v2\/posts"}],"about":[{"href":"https:\/\/www.prijedordanas.com\/index.php?rest_route=\/wp\/v2\/types\/post"}],"author":[{"embeddable":true,"href":"https:\/\/www.prijedordanas.com\/index.php?rest_route=\/wp\/v2\/users\/1"}],"replies":[{"embeddable":true,"href":"https:\/\/www.prijedordanas.com\/index.php?rest_route=%2Fwp%2Fv2%2Fcomments&post=63457"}],"version-history":[{"count":1,"href":"https:\/\/www.prijedordanas.com\/index.php?rest_route=\/wp\/v2\/posts\/63457\/revisions"}],"predecessor-version":[{"id":63458,"href":"https:\/\/www.prijedordanas.com\/index.php?rest_route=\/wp\/v2\/posts\/63457\/revisions\/63458"}],"wp:attachment":[{"href":"https:\/\/www.prijedordanas.com\/index.php?rest_route=%2Fwp%2Fv2%2Fmedia&parent=63457"}],"wp:term":[{"taxonomy":"category","embeddable":true,"href":"https:\/\/www.prijedordanas.com\/index.php?rest_route=%2Fwp%2Fv2%2Fcategories&post=63457"},{"taxonomy":"post_tag","embeddable":true,"href":"https:\/\/www.prijedordanas.com\/index.php?rest_route=%2Fwp%2Fv2%2Ftags&post=63457"}],"curies":[{"name":"wp","href":"https:\/\/api.w.org\/{rel}","templated":true}]}}