{"id":63451,"date":"2016-10-16T15:23:11","date_gmt":"2016-10-16T13:23:11","guid":{"rendered":"https:\/\/www.prijedordanas.com\/?p=63451"},"modified":"2016-10-16T15:23:11","modified_gmt":"2016-10-16T13:23:11","slug":"konferencija-na-temu-mogucnosti-izazovi-socijalnog-preduzetnistva-foto","status":"publish","type":"post","link":"https:\/\/www.prijedordanas.com\/?p=63451","title":{"rendered":"KONFERENCIJA NA TEMU \u201eMOGU\u0106NOSTI I IZAZOVI SOCIJALNOG PREDUZETNI\u0160TVA\u201c &#8211; FOTO"},"content":{"rendered":"<p><a href=\"https:\/\/www.prijedordanas.com\/wp-content\/uploads\/2016\/10\/srna-konferencija-socijalno-preduzetnistvo-1.jpg\"><img loading=\"lazy\" decoding=\"async\" class=\"alignleft size-medium wp-image-63452\" src=\"https:\/\/www.prijedordanas.com\/wp-content\/uploads\/2016\/10\/srna-konferencija-socijalno-preduzetnistvo-1-300x200.jpg\" alt=\"srna-konferencija-socijalno-preduzetnistvo-1\" width=\"300\" height=\"200\" srcset=\"https:\/\/www.prijedordanas.com\/wp-content\/uploads\/2016\/10\/srna-konferencija-socijalno-preduzetnistvo-1-300x200.jpg 300w, https:\/\/www.prijedordanas.com\/wp-content\/uploads\/2016\/10\/srna-konferencija-socijalno-preduzetnistvo-1-100x67.jpg 100w, https:\/\/www.prijedordanas.com\/wp-content\/uploads\/2016\/10\/srna-konferencija-socijalno-preduzetnistvo-1-480x320.jpg 480w, https:\/\/www.prijedordanas.com\/wp-content\/uploads\/2016\/10\/srna-konferencija-socijalno-preduzetnistvo-1.jpg 600w\" sizes=\"(max-width: 300px) 100vw, 300px\" \/><\/a>Protekle sedmice u Banjaluci je odr\u017eana Konferencija pod nazivom \u201eMogu\u0107nosti i izazovi socijalnog preduzetni\u0161tva\u201c, sa ciljem promovisanja socijalnog preduzetni\u0161tva.<\/p>\n<p>Svoj doprinos radu Konferencije dalo je 66 u\u010desnika.<\/p>\n<p>Organizatori Konferencije su bili NVO Svjetionik iz Prijedora i Agencija za saradnju, edukaciju i razvoj iz Banja Luke.<\/p>\n<p>Finansijsku i stru\u010dnu podr\u0161ku obezbjedili su Evropska unija u okviru projekta \u201ePromocija socijalnog preduzetni\u0161tva i dru\u0161tveno odgovornog poslovanja u BiH\u201c, i Projekat zapo\u0161ljavanja mladih (YEP), koji podr\u017eava Vlada \u0160vicarske.<\/p>\n<p><a href=\"https:\/\/www.prijedordanas.com\/wp-content\/uploads\/2016\/10\/srna-konferencija-socijalno-preduzetnistvo-2.jpg\"><img loading=\"lazy\" decoding=\"async\" class=\"alignleft size-medium wp-image-63453\" src=\"https:\/\/www.prijedordanas.com\/wp-content\/uploads\/2016\/10\/srna-konferencija-socijalno-preduzetnistvo-2-300x200.jpg\" alt=\"srna-konferencija-socijalno-preduzetnistvo-2\" width=\"300\" height=\"200\" srcset=\"https:\/\/www.prijedordanas.com\/wp-content\/uploads\/2016\/10\/srna-konferencija-socijalno-preduzetnistvo-2-300x200.jpg 300w, https:\/\/www.prijedordanas.com\/wp-content\/uploads\/2016\/10\/srna-konferencija-socijalno-preduzetnistvo-2-100x67.jpg 100w, https:\/\/www.prijedordanas.com\/wp-content\/uploads\/2016\/10\/srna-konferencija-socijalno-preduzetnistvo-2-480x320.jpg 480w, https:\/\/www.prijedordanas.com\/wp-content\/uploads\/2016\/10\/srna-konferencija-socijalno-preduzetnistvo-2.jpg 600w\" sizes=\"(max-width: 300px) 100vw, 300px\" \/><\/a>U radu Konfrencije doprinos dalo je pet Ministarstava (Ministarstvo industrije, energetike u rudarstva, Ministarstva rada i bora\u010dkih pitanja, Ministarstvo Zdravlja i socijalne za\u0161tite, Ministarstvo Poljoprivrede i Ministarstvo posvjete i kulture).<\/p>\n<p>Uvodna izlaganja prezentovali su gospo\u0111a Mira Vasi\u0107, pomo\u0107nica Minstra za rad i bora\u010dka pitanja, doc. dr Rajko kli\u010dkovi\u0107, na\u010delnik odjeljenja za rad, zapo\u0161ljavanje, drugostepene inspekcijske poslove rada i evropske integracije, gospodin Du\u0161ko Vu\u010di\u0107, direktor Agencije ACED, prof. Dr \u017deljko Mirjani\u0107, profesor pravnog fakulteta u Banjoj Luci, prof. dr Rajko Macura, direktor udru\u017eenja \u201eSvjetionik\u201c.<\/p>\n<p>Svoj rad u podru\u010dju socijalne ekonomije, predstavilo je 11 udru\u017eenja gra\u0111ana. Doga\u0111aj su propratile TV medijske ku\u0107e (RTRS, ATV, PINK BiH, K3 i drugi), kao i Agencija SRNA.<\/p>\n<p><a href=\"https:\/\/www.prijedordanas.com\/wp-content\/uploads\/2016\/10\/srna-konferencija-socijalno-preduzetnistvo-3.jpg\"><img loading=\"lazy\" decoding=\"async\" class=\"alignleft size-medium wp-image-63454\" src=\"https:\/\/www.prijedordanas.com\/wp-content\/uploads\/2016\/10\/srna-konferencija-socijalno-preduzetnistvo-3-300x200.jpg\" alt=\"srna-konferencija-socijalno-preduzetnistvo-3\" width=\"300\" height=\"200\" srcset=\"https:\/\/www.prijedordanas.com\/wp-content\/uploads\/2016\/10\/srna-konferencija-socijalno-preduzetnistvo-3-300x200.jpg 300w, https:\/\/www.prijedordanas.com\/wp-content\/uploads\/2016\/10\/srna-konferencija-socijalno-preduzetnistvo-3-100x67.jpg 100w, https:\/\/www.prijedordanas.com\/wp-content\/uploads\/2016\/10\/srna-konferencija-socijalno-preduzetnistvo-3-480x320.jpg 480w, https:\/\/www.prijedordanas.com\/wp-content\/uploads\/2016\/10\/srna-konferencija-socijalno-preduzetnistvo-3.jpg 600w\" sizes=\"(max-width: 300px) 100vw, 300px\" \/><\/a>Nakon aktivne rasprave, koju su odvojeno vodili javni i NVO sektor i plenarne rasprave, usvojeni su sljede\u0107i zaklju\u010dci:<\/p>\n<p>Potrebno je u okviru provo\u0111enja strategije zapo\u0161ljavanja u Republici Srpskoj za period 2016-2020 pri\u0107i realizaciji operativnog cilja i mjera vezanih za socijalno preduzetni\u0161tvo kroz: izradu, usvajanje i primjenu Platforme socijalnog preduzetni\u0161tva, kao i izradu, usvajanje i provo\u0111enje normativnih akata, u kojima su prepoznata socijalna preduze\u0107a i svrstana u odre\u0111enu, ranije definisanu kategoriju pod ta\u010dno propisanim uslovima.<\/p>\n<p>Osnivanje pilot socijalnih preduze\u0107a\/zadruga u svakoj od \u0161est regija Republike Srpske.<\/p>\n<p>U cilju odr\u017eivosti socijalnih preduze\u0107a, neophodno je uspostaviti koordinaciju na svim nivoima u cilju definisanja oblika podr\u0161ke i odgovornosti aktera socijalnog preduzetni\u0161tva za svaki od tih oblika. Isto tako, neophodno je vr\u0161iti obuke menad\u017eera socijalnih preduze\u0107a, kao i stru\u010dnih timova i osoblja socijalnih preduze\u0107a. U tom smislu, potrebno je formirati stru\u010dni konsultatntski centar, koji bi pru\u017eao stru\u010dnu podr\u0161ku u raznim oblastima, kao \u0161to je pravna regulativa, odnosi s javno\u0161\u0107u, marketing, razvoj preduzetni\u0161tva, razvoj poljoprivrede i sl.<\/p>\n<p><a href=\"https:\/\/www.prijedordanas.com\/wp-content\/uploads\/2016\/10\/srna-konferencija-socijalno-preduzetnistvo-4.jpg\"><img loading=\"lazy\" decoding=\"async\" src=\"https:\/\/www.prijedordanas.com\/wp-content\/uploads\/2016\/10\/srna-konferencija-socijalno-preduzetnistvo-4-300x200.jpg\" alt=\"srna-konferencija-socijalno-preduzetnistvo-4\" width=\"300\" height=\"200\" class=\"alignleft size-medium wp-image-63455\" srcset=\"https:\/\/www.prijedordanas.com\/wp-content\/uploads\/2016\/10\/srna-konferencija-socijalno-preduzetnistvo-4-300x200.jpg 300w, https:\/\/www.prijedordanas.com\/wp-content\/uploads\/2016\/10\/srna-konferencija-socijalno-preduzetnistvo-4-100x67.jpg 100w, https:\/\/www.prijedordanas.com\/wp-content\/uploads\/2016\/10\/srna-konferencija-socijalno-preduzetnistvo-4-480x320.jpg 480w, https:\/\/www.prijedordanas.com\/wp-content\/uploads\/2016\/10\/srna-konferencija-socijalno-preduzetnistvo-4.jpg 600w\" sizes=\"(max-width: 300px) 100vw, 300px\" \/><\/a>Potrebno je razdvojiti uloge menad\u017eera socijalnih preduze\u0107a i lidera Udru\u017eenja \u2013 osniva\u010da socijalnih preduze\u0107a.<\/p>\n<p>Neophodno je razviti dru\u0161tveni dijalog, u kojem \u0107e, pored socijalnih partnera, u\u010destvovati i predstavnici udru\u017eenja gra\u0111ana i korisnika socijalnog preuzetni\u0161tva.<\/p>\n<p>U cilju pove\u0107anja prepoznatljivosti uloge i zna\u010daja socijalnog preduzetni\u0161tva i podizanja nivoa svijesti, potrebno je vr\u0161iti obuke, javne promocije i zagovaranje u vezi razvoja socijalnog preduzetni\u0161tva.<\/p>\n<p>Potrebno je zakonski urediti obavezu i nadle\u017eni organ za vo\u0111enje registra socijalnih preduze\u0107a, pratiti njihov rad i podsticati ona preduze\u0107a koja rade u javnom interesu. U skladu s tim, treba u odre\u0111enom postotku favorizovati socijalna preduze\u0107a pri nabavci materijala, proizvoda i usluga u javnom sektoru. Na taj na\u010din dati podr\u0161ku i promovisati rad socijalnih preduze\u0107a i zapo\u0161ljavanje ranjivih kategorija.<\/p>\n<p>Potrebno je raditi na pove\u0107anju motivacije za rad osoba koje su dugotrajno nezaposlene zbog nedostatka kompetencija ili umanjene radne sposobnost. Klju\u010dnu ulogu treba da ima JU \u201eZavod za zapo\u0161ljavanje Republike Srpske\u201c u saradnji sa drugim akterima socijalnog peduzetni\u0161tva.<\/p>\n<p>Potrebno je ta\u010dno regulisati beneficije pri zapo\u0161ljavanju ranjivih kategorija, te definisati procenat u kojem \u0107e se u praksi upotreba proizvoda socijalnih preduze\u0107a, regulisati sistem napalate u roku za proizvedene outpute socijalnih preduze\u0107a \u010dime bi se omogu\u0107io rad preduze\u0107a kao konkurentnog na tr\u017ei\u0161tu.<\/p>\n<p>S obzirom da Promocija i razvoj socijalnog preduzetni\u0161tva jedan od ciljeva Strategije razvoja Republike Srpske 2016 \u2013 2020., usvojeni zakljku\u010dci \u0107e doprinijeti izradi mjera za realizaciju navedenog cilja i akcionih planova.<\/p>\n<p>NVO Svjetionik<br \/>\nFoto &#8211; SRNA<\/p>\n","protected":false},"excerpt":{"rendered":"<p>Protekle sedmice u Banjaluci je odr\u017eana Konferencija pod nazivom \u201eMogu\u0107nosti i izazovi socijalnog preduzetni\u0161tva\u201c, sa ciljem promovisanja socijalnog preduzetni\u0161tva. Svoj doprinos radu Konferencije dalo je 66 u\u010desnika. Organizatori Konferencije su [&hellip;]<\/p>\n","protected":false},"author":1,"featured_media":0,"comment_status":"closed","ping_status":"open","sticky":false,"template":"","format":"standard","meta":{"_monsterinsights_skip_tracking":false,"_monsterinsights_sitenote_active":false,"_monsterinsights_sitenote_note":"","_monsterinsights_sitenote_category":0,"footnotes":""},"categories":[3],"tags":[330,9009,9008],"yoast_head":"<!-- This site is optimized with the Yoast SEO plugin v21.6 - https:\/\/yoast.com\/wordpress\/plugins\/seo\/ -->\n<title>KONFERENCIJA NA TEMU \u201eMOGU\u0106NOSTI I IZAZOVI SOCIJALNOG PREDUZETNI\u0160TVA\u201c - FOTO - PrijedorDanas.com - Prijedorski gradski portal<\/title>\n<meta name=\"robots\" content=\"index, follow, max-snippet:-1, max-image-preview:large, max-video-preview:-1\" \/>\n<link rel=\"canonical\" href=\"https:\/\/www.prijedordanas.com\/?p=63451\" \/>\n<meta property=\"og:locale\" content=\"en_US\" \/>\n<meta property=\"og:type\" content=\"article\" \/>\n<meta property=\"og:title\" content=\"KONFERENCIJA NA TEMU \u201eMOGU\u0106NOSTI I IZAZOVI SOCIJALNOG PREDUZETNI\u0160TVA\u201c - FOTO - PrijedorDanas.com - Prijedorski gradski portal\" \/>\n<meta property=\"og:description\" content=\"Protekle sedmice u Banjaluci je odr\u017eana Konferencija pod nazivom \u201eMogu\u0107nosti i izazovi socijalnog preduzetni\u0161tva\u201c, sa ciljem promovisanja socijalnog preduzetni\u0161tva. Svoj doprinos radu Konferencije dalo je 66 u\u010desnika. Organizatori Konferencije su [&hellip;]\" \/>\n<meta property=\"og:url\" content=\"https:\/\/www.prijedordanas.com\/?p=63451\" \/>\n<meta property=\"og:site_name\" content=\"PrijedorDanas.com - Prijedorski gradski portal\" \/>\n<meta property=\"article:publisher\" content=\"https:\/\/www.facebook.com\/PrijedorDanasCom\/\" \/>\n<meta property=\"article:published_time\" content=\"2016-10-16T13:23:11+00:00\" \/>\n<meta property=\"og:image\" content=\"https:\/\/www.prijedordanas.com\/wp-content\/uploads\/2016\/10\/srna-konferencija-socijalno-preduzetnistvo-1-300x200.jpg\" \/>\n<meta name=\"author\" content=\"admin\" \/>\n<meta name=\"twitter:card\" content=\"summary_large_image\" \/>\n<meta name=\"twitter:label1\" content=\"Written by\" \/>\n\t<meta name=\"twitter:data1\" content=\"admin\" \/>\n\t<meta name=\"twitter:label2\" content=\"Est. reading time\" \/>\n\t<meta name=\"twitter:data2\" content=\"3 minutes\" \/>\n<script type=\"application\/ld+json\" class=\"yoast-schema-graph\">{\"@context\":\"https:\/\/schema.org\",\"@graph\":[{\"@type\":\"Article\",\"@id\":\"https:\/\/www.prijedordanas.com\/?p=63451#article\",\"isPartOf\":{\"@id\":\"https:\/\/www.prijedordanas.com\/?p=63451\"},\"author\":{\"name\":\"admin\",\"@id\":\"https:\/\/www.prijedordanas.com\/#\/schema\/person\/4e08ccf29b506ca916ff86d46bb700e6\"},\"headline\":\"KONFERENCIJA NA TEMU \u201eMOGU\u0106NOSTI I IZAZOVI SOCIJALNOG PREDUZETNI\u0160TVA\u201c &#8211; FOTO\",\"datePublished\":\"2016-10-16T13:23:11+00:00\",\"dateModified\":\"2016-10-16T13:23:11+00:00\",\"mainEntityOfPage\":{\"@id\":\"https:\/\/www.prijedordanas.com\/?p=63451\"},\"wordCount\":681,\"publisher\":{\"@id\":\"https:\/\/www.prijedordanas.com\/#organization\"},\"keywords\":[\"konferencija\",\"Mogu\u0107nosti i izazovi socijalnog preduzetni\u0161tva\",\"NVO Svjetionik\"],\"articleSection\":[\"\u017divot\"],\"inLanguage\":\"en-US\"},{\"@type\":\"WebPage\",\"@id\":\"https:\/\/www.prijedordanas.com\/?p=63451\",\"url\":\"https:\/\/www.prijedordanas.com\/?p=63451\",\"name\":\"KONFERENCIJA NA TEMU \u201eMOGU\u0106NOSTI I IZAZOVI SOCIJALNOG PREDUZETNI\u0160TVA\u201c - FOTO - PrijedorDanas.com - Prijedorski gradski portal\",\"isPartOf\":{\"@id\":\"https:\/\/www.prijedordanas.com\/#website\"},\"datePublished\":\"2016-10-16T13:23:11+00:00\",\"dateModified\":\"2016-10-16T13:23:11+00:00\",\"breadcrumb\":{\"@id\":\"https:\/\/www.prijedordanas.com\/?p=63451#breadcrumb\"},\"inLanguage\":\"en-US\",\"potentialAction\":[{\"@type\":\"ReadAction\",\"target\":[\"https:\/\/www.prijedordanas.com\/?p=63451\"]}]},{\"@type\":\"BreadcrumbList\",\"@id\":\"https:\/\/www.prijedordanas.com\/?p=63451#breadcrumb\",\"itemListElement\":[{\"@type\":\"ListItem\",\"position\":1,\"name\":\"Home\",\"item\":\"https:\/\/www.prijedordanas.com\/\"},{\"@type\":\"ListItem\",\"position\":2,\"name\":\"KONFERENCIJA NA TEMU \u201eMOGU\u0106NOSTI I IZAZOVI SOCIJALNOG PREDUZETNI\u0160TVA\u201c &#8211; FOTO\"}]},{\"@type\":\"WebSite\",\"@id\":\"https:\/\/www.prijedordanas.com\/#website\",\"url\":\"https:\/\/www.prijedordanas.com\/\",\"name\":\"PrijedorDanas.com - Prijedorski gradski portal\",\"description\":\"Portal o doga\u0111anjima u gradu Prijedoru\",\"publisher\":{\"@id\":\"https:\/\/www.prijedordanas.com\/#organization\"},\"potentialAction\":[{\"@type\":\"SearchAction\",\"target\":{\"@type\":\"EntryPoint\",\"urlTemplate\":\"https:\/\/www.prijedordanas.com\/?s={search_term_string}\"},\"query-input\":\"required name=search_term_string\"}],\"inLanguage\":\"en-US\"},{\"@type\":\"Organization\",\"@id\":\"https:\/\/www.prijedordanas.com\/#organization\",\"name\":\"PrijedorDanas.com\",\"url\":\"https:\/\/www.prijedordanas.com\/\",\"logo\":{\"@type\":\"ImageObject\",\"inLanguage\":\"en-US\",\"@id\":\"https:\/\/www.prijedordanas.com\/#\/schema\/logo\/image\/\",\"url\":\"http:\/\/www.prijedordanas.com\/wp-content\/uploads\/2021\/12\/logopng.png\",\"contentUrl\":\"http:\/\/www.prijedordanas.com\/wp-content\/uploads\/2021\/12\/logopng.png\",\"width\":1019,\"height\":776,\"caption\":\"PrijedorDanas.com\"},\"image\":{\"@id\":\"https:\/\/www.prijedordanas.com\/#\/schema\/logo\/image\/\"},\"sameAs\":[\"https:\/\/www.facebook.com\/PrijedorDanasCom\/\"]},{\"@type\":\"Person\",\"@id\":\"https:\/\/www.prijedordanas.com\/#\/schema\/person\/4e08ccf29b506ca916ff86d46bb700e6\",\"name\":\"admin\",\"image\":{\"@type\":\"ImageObject\",\"inLanguage\":\"en-US\",\"@id\":\"https:\/\/www.prijedordanas.com\/#\/schema\/person\/image\/\",\"url\":\"https:\/\/secure.gravatar.com\/avatar\/1d3fc949d550f0b53a5f0d51e06dfd79?s=96&d=mm&r=g\",\"contentUrl\":\"https:\/\/secure.gravatar.com\/avatar\/1d3fc949d550f0b53a5f0d51e06dfd79?s=96&d=mm&r=g\",\"caption\":\"admin\"},\"url\":\"https:\/\/www.prijedordanas.com\/?author=1\"}]}<\/script>\n<!-- \/ Yoast SEO plugin. -->","yoast_head_json":{"title":"KONFERENCIJA NA TEMU \u201eMOGU\u0106NOSTI I IZAZOVI SOCIJALNOG PREDUZETNI\u0160TVA\u201c - FOTO - PrijedorDanas.com - Prijedorski gradski portal","robots":{"index":"index","follow":"follow","max-snippet":"max-snippet:-1","max-image-preview":"max-image-preview:large","max-video-preview":"max-video-preview:-1"},"canonical":"https:\/\/www.prijedordanas.com\/?p=63451","og_locale":"en_US","og_type":"article","og_title":"KONFERENCIJA NA TEMU \u201eMOGU\u0106NOSTI I IZAZOVI SOCIJALNOG PREDUZETNI\u0160TVA\u201c - FOTO - PrijedorDanas.com - Prijedorski gradski portal","og_description":"Protekle sedmice u Banjaluci je odr\u017eana Konferencija pod nazivom \u201eMogu\u0107nosti i izazovi socijalnog preduzetni\u0161tva\u201c, sa ciljem promovisanja socijalnog preduzetni\u0161tva. Svoj doprinos radu Konferencije dalo je 66 u\u010desnika. Organizatori Konferencije su [&hellip;]","og_url":"https:\/\/www.prijedordanas.com\/?p=63451","og_site_name":"PrijedorDanas.com - Prijedorski gradski portal","article_publisher":"https:\/\/www.facebook.com\/PrijedorDanasCom\/","article_published_time":"2016-10-16T13:23:11+00:00","og_image":[{"url":"https:\/\/www.prijedordanas.com\/wp-content\/uploads\/2016\/10\/srna-konferencija-socijalno-preduzetnistvo-1-300x200.jpg"}],"author":"admin","twitter_card":"summary_large_image","twitter_misc":{"Written by":"admin","Est. reading time":"3 minutes"},"schema":{"@context":"https:\/\/schema.org","@graph":[{"@type":"Article","@id":"https:\/\/www.prijedordanas.com\/?p=63451#article","isPartOf":{"@id":"https:\/\/www.prijedordanas.com\/?p=63451"},"author":{"name":"admin","@id":"https:\/\/www.prijedordanas.com\/#\/schema\/person\/4e08ccf29b506ca916ff86d46bb700e6"},"headline":"KONFERENCIJA NA TEMU \u201eMOGU\u0106NOSTI I IZAZOVI SOCIJALNOG PREDUZETNI\u0160TVA\u201c &#8211; FOTO","datePublished":"2016-10-16T13:23:11+00:00","dateModified":"2016-10-16T13:23:11+00:00","mainEntityOfPage":{"@id":"https:\/\/www.prijedordanas.com\/?p=63451"},"wordCount":681,"publisher":{"@id":"https:\/\/www.prijedordanas.com\/#organization"},"keywords":["konferencija","Mogu\u0107nosti i izazovi socijalnog preduzetni\u0161tva","NVO Svjetionik"],"articleSection":["\u017divot"],"inLanguage":"en-US"},{"@type":"WebPage","@id":"https:\/\/www.prijedordanas.com\/?p=63451","url":"https:\/\/www.prijedordanas.com\/?p=63451","name":"KONFERENCIJA NA TEMU \u201eMOGU\u0106NOSTI I IZAZOVI SOCIJALNOG PREDUZETNI\u0160TVA\u201c - FOTO - PrijedorDanas.com - Prijedorski gradski portal","isPartOf":{"@id":"https:\/\/www.prijedordanas.com\/#website"},"datePublished":"2016-10-16T13:23:11+00:00","dateModified":"2016-10-16T13:23:11+00:00","breadcrumb":{"@id":"https:\/\/www.prijedordanas.com\/?p=63451#breadcrumb"},"inLanguage":"en-US","potentialAction":[{"@type":"ReadAction","target":["https:\/\/www.prijedordanas.com\/?p=63451"]}]},{"@type":"BreadcrumbList","@id":"https:\/\/www.prijedordanas.com\/?p=63451#breadcrumb","itemListElement":[{"@type":"ListItem","position":1,"name":"Home","item":"https:\/\/www.prijedordanas.com\/"},{"@type":"ListItem","position":2,"name":"KONFERENCIJA NA TEMU \u201eMOGU\u0106NOSTI I IZAZOVI SOCIJALNOG PREDUZETNI\u0160TVA\u201c &#8211; FOTO"}]},{"@type":"WebSite","@id":"https:\/\/www.prijedordanas.com\/#website","url":"https:\/\/www.prijedordanas.com\/","name":"PrijedorDanas.com - Prijedorski gradski portal","description":"Portal o doga\u0111anjima u gradu Prijedoru","publisher":{"@id":"https:\/\/www.prijedordanas.com\/#organization"},"potentialAction":[{"@type":"SearchAction","target":{"@type":"EntryPoint","urlTemplate":"https:\/\/www.prijedordanas.com\/?s={search_term_string}"},"query-input":"required name=search_term_string"}],"inLanguage":"en-US"},{"@type":"Organization","@id":"https:\/\/www.prijedordanas.com\/#organization","name":"PrijedorDanas.com","url":"https:\/\/www.prijedordanas.com\/","logo":{"@type":"ImageObject","inLanguage":"en-US","@id":"https:\/\/www.prijedordanas.com\/#\/schema\/logo\/image\/","url":"http:\/\/www.prijedordanas.com\/wp-content\/uploads\/2021\/12\/logopng.png","contentUrl":"http:\/\/www.prijedordanas.com\/wp-content\/uploads\/2021\/12\/logopng.png","width":1019,"height":776,"caption":"PrijedorDanas.com"},"image":{"@id":"https:\/\/www.prijedordanas.com\/#\/schema\/logo\/image\/"},"sameAs":["https:\/\/www.facebook.com\/PrijedorDanasCom\/"]},{"@type":"Person","@id":"https:\/\/www.prijedordanas.com\/#\/schema\/person\/4e08ccf29b506ca916ff86d46bb700e6","name":"admin","image":{"@type":"ImageObject","inLanguage":"en-US","@id":"https:\/\/www.prijedordanas.com\/#\/schema\/person\/image\/","url":"https:\/\/secure.gravatar.com\/avatar\/1d3fc949d550f0b53a5f0d51e06dfd79?s=96&d=mm&r=g","contentUrl":"https:\/\/secure.gravatar.com\/avatar\/1d3fc949d550f0b53a5f0d51e06dfd79?s=96&d=mm&r=g","caption":"admin"},"url":"https:\/\/www.prijedordanas.com\/?author=1"}]}},"_links":{"self":[{"href":"https:\/\/www.prijedordanas.com\/index.php?rest_route=\/wp\/v2\/posts\/63451"}],"collection":[{"href":"https:\/\/www.prijedordanas.com\/index.php?rest_route=\/wp\/v2\/posts"}],"about":[{"href":"https:\/\/www.prijedordanas.com\/index.php?rest_route=\/wp\/v2\/types\/post"}],"author":[{"embeddable":true,"href":"https:\/\/www.prijedordanas.com\/index.php?rest_route=\/wp\/v2\/users\/1"}],"replies":[{"embeddable":true,"href":"https:\/\/www.prijedordanas.com\/index.php?rest_route=%2Fwp%2Fv2%2Fcomments&post=63451"}],"version-history":[{"count":1,"href":"https:\/\/www.prijedordanas.com\/index.php?rest_route=\/wp\/v2\/posts\/63451\/revisions"}],"predecessor-version":[{"id":63456,"href":"https:\/\/www.prijedordanas.com\/index.php?rest_route=\/wp\/v2\/posts\/63451\/revisions\/63456"}],"wp:attachment":[{"href":"https:\/\/www.prijedordanas.com\/index.php?rest_route=%2Fwp%2Fv2%2Fmedia&parent=63451"}],"wp:term":[{"taxonomy":"category","embeddable":true,"href":"https:\/\/www.prijedordanas.com\/index.php?rest_route=%2Fwp%2Fv2%2Fcategories&post=63451"},{"taxonomy":"post_tag","embeddable":true,"href":"https:\/\/www.prijedordanas.com\/index.php?rest_route=%2Fwp%2Fv2%2Ftags&post=63451"}],"curies":[{"name":"wp","href":"https:\/\/api.w.org\/{rel}","templated":true}]}}