{"id":63305,"date":"2016-10-14T23:09:05","date_gmt":"2016-10-14T21:09:05","guid":{"rendered":"https:\/\/www.prijedordanas.com\/?p=63305"},"modified":"2016-10-14T23:09:05","modified_gmt":"2016-10-14T21:09:05","slug":"u-subotu-akcija-popravljanja-zeljeznog-mosta-na-bereku-uredenje-omladinskog-parka","status":"publish","type":"post","link":"https:\/\/www.prijedordanas.com\/?p=63305","title":{"rendered":"U SUBOTU AKCIJA POPRAVLJANJA \u017dELJEZNOG MOSTA NA BEREKU I URE\u0110ENJE OMLADINSKOG PARKA"},"content":{"rendered":"<p><a href=\"https:\/\/www.prijedordanas.com\/wp-content\/uploads\/2016\/10\/zeljezni-most-na-bereku.jpg\"><img loading=\"lazy\" decoding=\"async\" class=\"alignleft size-medium wp-image-63306\" src=\"https:\/\/www.prijedordanas.com\/wp-content\/uploads\/2016\/10\/zeljezni-most-na-bereku-300x250.jpg\" alt=\"zeljezni-most-na-bereku\" width=\"300\" height=\"250\" srcset=\"https:\/\/www.prijedordanas.com\/wp-content\/uploads\/2016\/10\/zeljezni-most-na-bereku-300x250.jpg 300w, https:\/\/www.prijedordanas.com\/wp-content\/uploads\/2016\/10\/zeljezni-most-na-bereku-100x83.jpg 100w, https:\/\/www.prijedordanas.com\/wp-content\/uploads\/2016\/10\/zeljezni-most-na-bereku.jpg 600w\" sizes=\"(max-width: 300px) 100vw, 300px\" \/><\/a>Neformalna grupa gra\u0111ana iz Prijedora organizuje ove subote aktivnosti na popravljanju mosta u Omladinskom parku, (park preko puta prostorija SKUD-a \u201eDr Mladen Stojanovi\u0107\u201c) kao i sre\u0111ivanje samog parka.<\/p>\n<p>Okupljanje zainteresovanih (nije bitna starost ve\u0107 dobra volja)i po\u010detak radova predvi\u0111eni su za 12.00 \u010dasova, a za sve aktiviste i u\u010desnike \u0107e biti obezbje\u0111eno osvje\u017eenje i hrana.<\/p>\n<p>Popravka \u017eeljeznog mosta na Bereku, uklanjanje starih i postavljane novih dasaka, popravka klupa i ure\u0111enje prostora u parku omogu\u0107ila je neformalna grupa mladih iz Prijedora kroz projekat \u201cPark mladosti, most pomirenja\u201d, koji je podr\u017ean od strane USAID-ovog projekta PRO-Budu\u0107nost kojeg implementira Catholic Relief Services u saradnji sa Fondacijom Mozaik, Caritasom Biskupske konferencije BiH, Forumom gra\u0111ana Tuzle, Helsin\u0161kim parlamentom gra\u0111ana Banja Luka i Me\u0111ureligijskim vije\u0107em u BiH.<\/p>\n<p>Za subotu je planiran po\u010detak radova na renoviranju mosta i ure\u0111enju parka a isti \u0107e biti nastvljeni i u narednim danima, u zavisnosti od vremenskih prilika i prethodno odra\u0111enog posla.<\/p>\n<p><a href=\"https:\/\/www.prijedordanas.com\/wp-content\/uploads\/2016\/10\/omladinski-park-uredjenje.jpg\"><img loading=\"lazy\" decoding=\"async\" src=\"https:\/\/www.prijedordanas.com\/wp-content\/uploads\/2016\/10\/omladinski-park-uredjenje-300x250.jpg\" alt=\"omladinski-park-uredjenje\" width=\"300\" height=\"250\" class=\"alignleft size-medium wp-image-63307\" srcset=\"https:\/\/www.prijedordanas.com\/wp-content\/uploads\/2016\/10\/omladinski-park-uredjenje-300x250.jpg 300w, https:\/\/www.prijedordanas.com\/wp-content\/uploads\/2016\/10\/omladinski-park-uredjenje-100x83.jpg 100w, https:\/\/www.prijedordanas.com\/wp-content\/uploads\/2016\/10\/omladinski-park-uredjenje.jpg 600w\" sizes=\"(max-width: 300px) 100vw, 300px\" \/><\/a>Nakon zavr\u0161etka radova bi\u0107e odr\u017eane mirovne radionice za srednjo\u0161kolce, u trajanju od dva dana, kao i mirovne edukacije te promovisanje pozitivnih primjera zajedni\u010dkog rada mladih.<\/p>\n<p>Tokom edukacija mladi \u0107e imati priliku da razgovaraju sa vjerskim slu\u017ebenicima o zna\u010daju zajedni\u010dkog rada i stvaranja pozitivnih vibracija u dru\u0161tvu.<\/p>\n<p>Edukacije \u0107e se realizovati u vidu interaktivnih radionica koje \u0107e podsticati timski rad i raditi na izgradnji mladih u male mirovne lidere.<\/p>\n<p>Kroz radionice mladi \u0107e biti podstakmuti da razgovaraju o temama koje su im nametnute od dru\u0161tva i sredine i koje ih u jednu ruku razdvajaju, a u drugu spajaju.<\/p>\n<p>Pravo na u\u010de\u0161\u0107e u radionicama ima\u0107e mladi volonteri koji su u\u010destvovali u prija\u0161njim aktivnostima projekta.<\/p>\n<p>-Kao mladi koji \u017eele promjene u dru\u0161tvu, u sklopu ovog projekta \u017eelimo predstaviti i znanja i iskustva koja smo nau\u010dili na Mirovnom kampu PRO-Budu\u0107nosti u Mostaru, kao i na Mirovnom kampu Platformir na Jahorini, kako bismo u Prijedoru pro\u0161irili krug mladih, koji bi se bavili \u0161irenjem pozitivnih vrijednosti i spre\u010davanjem govora mr\u017enje \u2013 isti\u010du iz neformalne grupe mladih koja realizuje gore pomenuti projekat.<\/p>\n<p>Priredio -Aleksandar Drakuli\u0107 \u2013 <a href=\"www.prijedordanas.com\" target=\"_blank\">www.prijedordanas.com<\/a><\/p>\n","protected":false},"excerpt":{"rendered":"<p>Neformalna grupa gra\u0111ana iz Prijedora organizuje ove subote aktivnosti na popravljanju mosta u Omladinskom parku, (park preko puta prostorija SKUD-a \u201eDr Mladen Stojanovi\u0107\u201c) kao i sre\u0111ivanje samog parka. Okupljanje zainteresovanih [&hellip;]<\/p>\n","protected":false},"author":1,"featured_media":0,"comment_status":"closed","ping_status":"open","sticky":false,"template":"","format":"standard","meta":{"_monsterinsights_skip_tracking":false,"_monsterinsights_sitenote_active":false,"_monsterinsights_sitenote_note":"","_monsterinsights_sitenote_category":0,"footnotes":""},"categories":[7518],"tags":[4697,8994],"yoast_head":"<!-- This site is optimized with the Yoast SEO plugin v21.6 - https:\/\/yoast.com\/wordpress\/plugins\/seo\/ -->\n<title>U SUBOTU AKCIJA POPRAVLJANJA \u017dELJEZNOG MOSTA NA BEREKU I URE\u0110ENJE OMLADINSKOG PARKA - PrijedorDanas.com - Prijedorski gradski portal<\/title>\n<meta name=\"robots\" content=\"index, follow, max-snippet:-1, max-image-preview:large, max-video-preview:-1\" \/>\n<link rel=\"canonical\" href=\"https:\/\/www.prijedordanas.com\/?p=63305\" \/>\n<meta property=\"og:locale\" content=\"en_US\" \/>\n<meta property=\"og:type\" content=\"article\" \/>\n<meta property=\"og:title\" content=\"U SUBOTU AKCIJA POPRAVLJANJA \u017dELJEZNOG MOSTA NA BEREKU I URE\u0110ENJE OMLADINSKOG PARKA - PrijedorDanas.com - Prijedorski gradski portal\" \/>\n<meta property=\"og:description\" content=\"Neformalna grupa gra\u0111ana iz Prijedora organizuje ove subote aktivnosti na popravljanju mosta u Omladinskom parku, (park preko puta prostorija SKUD-a \u201eDr Mladen Stojanovi\u0107\u201c) kao i sre\u0111ivanje samog parka. Okupljanje zainteresovanih [&hellip;]\" \/>\n<meta property=\"og:url\" content=\"https:\/\/www.prijedordanas.com\/?p=63305\" \/>\n<meta property=\"og:site_name\" content=\"PrijedorDanas.com - Prijedorski gradski portal\" \/>\n<meta property=\"article:publisher\" content=\"https:\/\/www.facebook.com\/PrijedorDanasCom\/\" \/>\n<meta property=\"article:published_time\" content=\"2016-10-14T21:09:05+00:00\" \/>\n<meta property=\"og:image\" content=\"https:\/\/www.prijedordanas.com\/wp-content\/uploads\/2016\/10\/zeljezni-most-na-bereku-300x250.jpg\" \/>\n<meta name=\"author\" content=\"admin\" \/>\n<meta name=\"twitter:card\" content=\"summary_large_image\" \/>\n<meta name=\"twitter:label1\" content=\"Written by\" \/>\n\t<meta name=\"twitter:data1\" content=\"admin\" \/>\n\t<meta name=\"twitter:label2\" content=\"Est. reading time\" \/>\n\t<meta name=\"twitter:data2\" content=\"2 minutes\" \/>\n<script type=\"application\/ld+json\" class=\"yoast-schema-graph\">{\"@context\":\"https:\/\/schema.org\",\"@graph\":[{\"@type\":\"Article\",\"@id\":\"https:\/\/www.prijedordanas.com\/?p=63305#article\",\"isPartOf\":{\"@id\":\"https:\/\/www.prijedordanas.com\/?p=63305\"},\"author\":{\"name\":\"admin\",\"@id\":\"https:\/\/www.prijedordanas.com\/#\/schema\/person\/4e08ccf29b506ca916ff86d46bb700e6\"},\"headline\":\"U SUBOTU AKCIJA POPRAVLJANJA \u017dELJEZNOG MOSTA NA BEREKU I URE\u0110ENJE OMLADINSKOG PARKA\",\"datePublished\":\"2016-10-14T21:09:05+00:00\",\"dateModified\":\"2016-10-14T21:09:05+00:00\",\"mainEntityOfPage\":{\"@id\":\"https:\/\/www.prijedordanas.com\/?p=63305\"},\"wordCount\":385,\"publisher\":{\"@id\":\"https:\/\/www.prijedordanas.com\/#organization\"},\"keywords\":[\"neformalna grupa gra\u0111ana\",\"Omladinski park\"],\"articleSection\":[\"Mladi\"],\"inLanguage\":\"en-US\"},{\"@type\":\"WebPage\",\"@id\":\"https:\/\/www.prijedordanas.com\/?p=63305\",\"url\":\"https:\/\/www.prijedordanas.com\/?p=63305\",\"name\":\"U SUBOTU AKCIJA POPRAVLJANJA \u017dELJEZNOG MOSTA NA BEREKU I URE\u0110ENJE OMLADINSKOG PARKA - PrijedorDanas.com - Prijedorski gradski portal\",\"isPartOf\":{\"@id\":\"https:\/\/www.prijedordanas.com\/#website\"},\"datePublished\":\"2016-10-14T21:09:05+00:00\",\"dateModified\":\"2016-10-14T21:09:05+00:00\",\"breadcrumb\":{\"@id\":\"https:\/\/www.prijedordanas.com\/?p=63305#breadcrumb\"},\"inLanguage\":\"en-US\",\"potentialAction\":[{\"@type\":\"ReadAction\",\"target\":[\"https:\/\/www.prijedordanas.com\/?p=63305\"]}]},{\"@type\":\"BreadcrumbList\",\"@id\":\"https:\/\/www.prijedordanas.com\/?p=63305#breadcrumb\",\"itemListElement\":[{\"@type\":\"ListItem\",\"position\":1,\"name\":\"Home\",\"item\":\"https:\/\/www.prijedordanas.com\/\"},{\"@type\":\"ListItem\",\"position\":2,\"name\":\"U SUBOTU AKCIJA POPRAVLJANJA \u017dELJEZNOG MOSTA NA BEREKU I URE\u0110ENJE OMLADINSKOG PARKA\"}]},{\"@type\":\"WebSite\",\"@id\":\"https:\/\/www.prijedordanas.com\/#website\",\"url\":\"https:\/\/www.prijedordanas.com\/\",\"name\":\"PrijedorDanas.com - Prijedorski gradski portal\",\"description\":\"Portal o doga\u0111anjima u gradu Prijedoru\",\"publisher\":{\"@id\":\"https:\/\/www.prijedordanas.com\/#organization\"},\"potentialAction\":[{\"@type\":\"SearchAction\",\"target\":{\"@type\":\"EntryPoint\",\"urlTemplate\":\"https:\/\/www.prijedordanas.com\/?s={search_term_string}\"},\"query-input\":\"required name=search_term_string\"}],\"inLanguage\":\"en-US\"},{\"@type\":\"Organization\",\"@id\":\"https:\/\/www.prijedordanas.com\/#organization\",\"name\":\"PrijedorDanas.com\",\"url\":\"https:\/\/www.prijedordanas.com\/\",\"logo\":{\"@type\":\"ImageObject\",\"inLanguage\":\"en-US\",\"@id\":\"https:\/\/www.prijedordanas.com\/#\/schema\/logo\/image\/\",\"url\":\"http:\/\/www.prijedordanas.com\/wp-content\/uploads\/2021\/12\/logopng.png\",\"contentUrl\":\"http:\/\/www.prijedordanas.com\/wp-content\/uploads\/2021\/12\/logopng.png\",\"width\":1019,\"height\":776,\"caption\":\"PrijedorDanas.com\"},\"image\":{\"@id\":\"https:\/\/www.prijedordanas.com\/#\/schema\/logo\/image\/\"},\"sameAs\":[\"https:\/\/www.facebook.com\/PrijedorDanasCom\/\"]},{\"@type\":\"Person\",\"@id\":\"https:\/\/www.prijedordanas.com\/#\/schema\/person\/4e08ccf29b506ca916ff86d46bb700e6\",\"name\":\"admin\",\"image\":{\"@type\":\"ImageObject\",\"inLanguage\":\"en-US\",\"@id\":\"https:\/\/www.prijedordanas.com\/#\/schema\/person\/image\/\",\"url\":\"https:\/\/secure.gravatar.com\/avatar\/1d3fc949d550f0b53a5f0d51e06dfd79?s=96&d=mm&r=g\",\"contentUrl\":\"https:\/\/secure.gravatar.com\/avatar\/1d3fc949d550f0b53a5f0d51e06dfd79?s=96&d=mm&r=g\",\"caption\":\"admin\"},\"url\":\"https:\/\/www.prijedordanas.com\/?author=1\"}]}<\/script>\n<!-- \/ Yoast SEO plugin. -->","yoast_head_json":{"title":"U SUBOTU AKCIJA POPRAVLJANJA \u017dELJEZNOG MOSTA NA BEREKU I URE\u0110ENJE OMLADINSKOG PARKA - PrijedorDanas.com - Prijedorski gradski portal","robots":{"index":"index","follow":"follow","max-snippet":"max-snippet:-1","max-image-preview":"max-image-preview:large","max-video-preview":"max-video-preview:-1"},"canonical":"https:\/\/www.prijedordanas.com\/?p=63305","og_locale":"en_US","og_type":"article","og_title":"U SUBOTU AKCIJA POPRAVLJANJA \u017dELJEZNOG MOSTA NA BEREKU I URE\u0110ENJE OMLADINSKOG PARKA - PrijedorDanas.com - Prijedorski gradski portal","og_description":"Neformalna grupa gra\u0111ana iz Prijedora organizuje ove subote aktivnosti na popravljanju mosta u Omladinskom parku, (park preko puta prostorija SKUD-a \u201eDr Mladen Stojanovi\u0107\u201c) kao i sre\u0111ivanje samog parka. Okupljanje zainteresovanih [&hellip;]","og_url":"https:\/\/www.prijedordanas.com\/?p=63305","og_site_name":"PrijedorDanas.com - Prijedorski gradski portal","article_publisher":"https:\/\/www.facebook.com\/PrijedorDanasCom\/","article_published_time":"2016-10-14T21:09:05+00:00","og_image":[{"url":"https:\/\/www.prijedordanas.com\/wp-content\/uploads\/2016\/10\/zeljezni-most-na-bereku-300x250.jpg"}],"author":"admin","twitter_card":"summary_large_image","twitter_misc":{"Written by":"admin","Est. reading time":"2 minutes"},"schema":{"@context":"https:\/\/schema.org","@graph":[{"@type":"Article","@id":"https:\/\/www.prijedordanas.com\/?p=63305#article","isPartOf":{"@id":"https:\/\/www.prijedordanas.com\/?p=63305"},"author":{"name":"admin","@id":"https:\/\/www.prijedordanas.com\/#\/schema\/person\/4e08ccf29b506ca916ff86d46bb700e6"},"headline":"U SUBOTU AKCIJA POPRAVLJANJA \u017dELJEZNOG MOSTA NA BEREKU I URE\u0110ENJE OMLADINSKOG PARKA","datePublished":"2016-10-14T21:09:05+00:00","dateModified":"2016-10-14T21:09:05+00:00","mainEntityOfPage":{"@id":"https:\/\/www.prijedordanas.com\/?p=63305"},"wordCount":385,"publisher":{"@id":"https:\/\/www.prijedordanas.com\/#organization"},"keywords":["neformalna grupa gra\u0111ana","Omladinski park"],"articleSection":["Mladi"],"inLanguage":"en-US"},{"@type":"WebPage","@id":"https:\/\/www.prijedordanas.com\/?p=63305","url":"https:\/\/www.prijedordanas.com\/?p=63305","name":"U SUBOTU AKCIJA POPRAVLJANJA \u017dELJEZNOG MOSTA NA BEREKU I URE\u0110ENJE OMLADINSKOG PARKA - PrijedorDanas.com - Prijedorski gradski portal","isPartOf":{"@id":"https:\/\/www.prijedordanas.com\/#website"},"datePublished":"2016-10-14T21:09:05+00:00","dateModified":"2016-10-14T21:09:05+00:00","breadcrumb":{"@id":"https:\/\/www.prijedordanas.com\/?p=63305#breadcrumb"},"inLanguage":"en-US","potentialAction":[{"@type":"ReadAction","target":["https:\/\/www.prijedordanas.com\/?p=63305"]}]},{"@type":"BreadcrumbList","@id":"https:\/\/www.prijedordanas.com\/?p=63305#breadcrumb","itemListElement":[{"@type":"ListItem","position":1,"name":"Home","item":"https:\/\/www.prijedordanas.com\/"},{"@type":"ListItem","position":2,"name":"U SUBOTU AKCIJA POPRAVLJANJA \u017dELJEZNOG MOSTA NA BEREKU I URE\u0110ENJE OMLADINSKOG PARKA"}]},{"@type":"WebSite","@id":"https:\/\/www.prijedordanas.com\/#website","url":"https:\/\/www.prijedordanas.com\/","name":"PrijedorDanas.com - Prijedorski gradski portal","description":"Portal o doga\u0111anjima u gradu Prijedoru","publisher":{"@id":"https:\/\/www.prijedordanas.com\/#organization"},"potentialAction":[{"@type":"SearchAction","target":{"@type":"EntryPoint","urlTemplate":"https:\/\/www.prijedordanas.com\/?s={search_term_string}"},"query-input":"required name=search_term_string"}],"inLanguage":"en-US"},{"@type":"Organization","@id":"https:\/\/www.prijedordanas.com\/#organization","name":"PrijedorDanas.com","url":"https:\/\/www.prijedordanas.com\/","logo":{"@type":"ImageObject","inLanguage":"en-US","@id":"https:\/\/www.prijedordanas.com\/#\/schema\/logo\/image\/","url":"http:\/\/www.prijedordanas.com\/wp-content\/uploads\/2021\/12\/logopng.png","contentUrl":"http:\/\/www.prijedordanas.com\/wp-content\/uploads\/2021\/12\/logopng.png","width":1019,"height":776,"caption":"PrijedorDanas.com"},"image":{"@id":"https:\/\/www.prijedordanas.com\/#\/schema\/logo\/image\/"},"sameAs":["https:\/\/www.facebook.com\/PrijedorDanasCom\/"]},{"@type":"Person","@id":"https:\/\/www.prijedordanas.com\/#\/schema\/person\/4e08ccf29b506ca916ff86d46bb700e6","name":"admin","image":{"@type":"ImageObject","inLanguage":"en-US","@id":"https:\/\/www.prijedordanas.com\/#\/schema\/person\/image\/","url":"https:\/\/secure.gravatar.com\/avatar\/1d3fc949d550f0b53a5f0d51e06dfd79?s=96&d=mm&r=g","contentUrl":"https:\/\/secure.gravatar.com\/avatar\/1d3fc949d550f0b53a5f0d51e06dfd79?s=96&d=mm&r=g","caption":"admin"},"url":"https:\/\/www.prijedordanas.com\/?author=1"}]}},"_links":{"self":[{"href":"https:\/\/www.prijedordanas.com\/index.php?rest_route=\/wp\/v2\/posts\/63305"}],"collection":[{"href":"https:\/\/www.prijedordanas.com\/index.php?rest_route=\/wp\/v2\/posts"}],"about":[{"href":"https:\/\/www.prijedordanas.com\/index.php?rest_route=\/wp\/v2\/types\/post"}],"author":[{"embeddable":true,"href":"https:\/\/www.prijedordanas.com\/index.php?rest_route=\/wp\/v2\/users\/1"}],"replies":[{"embeddable":true,"href":"https:\/\/www.prijedordanas.com\/index.php?rest_route=%2Fwp%2Fv2%2Fcomments&post=63305"}],"version-history":[{"count":1,"href":"https:\/\/www.prijedordanas.com\/index.php?rest_route=\/wp\/v2\/posts\/63305\/revisions"}],"predecessor-version":[{"id":63308,"href":"https:\/\/www.prijedordanas.com\/index.php?rest_route=\/wp\/v2\/posts\/63305\/revisions\/63308"}],"wp:attachment":[{"href":"https:\/\/www.prijedordanas.com\/index.php?rest_route=%2Fwp%2Fv2%2Fmedia&parent=63305"}],"wp:term":[{"taxonomy":"category","embeddable":true,"href":"https:\/\/www.prijedordanas.com\/index.php?rest_route=%2Fwp%2Fv2%2Fcategories&post=63305"},{"taxonomy":"post_tag","embeddable":true,"href":"https:\/\/www.prijedordanas.com\/index.php?rest_route=%2Fwp%2Fv2%2Ftags&post=63305"}],"curies":[{"name":"wp","href":"https:\/\/api.w.org\/{rel}","templated":true}]}}