{"id":62984,"date":"2016-10-13T09:08:27","date_gmt":"2016-10-13T07:08:27","guid":{"rendered":"https:\/\/www.prijedordanas.com\/?p=62984"},"modified":"2016-10-13T09:08:27","modified_gmt":"2016-10-13T07:08:27","slug":"ekipa-fsa-prijedor-osvojila-vrijedan-bod-u-gostima-oslabljeni-iznenadili-mladost","status":"publish","type":"post","link":"https:\/\/www.prijedordanas.com\/?p=62984","title":{"rendered":"EKIPA FSA PRIJEDOR OSVOJILA VRIJEDAN BOD U GOSTIMA: OSLABLJENI IZNENADILI MLADOST"},"content":{"rendered":"<p><a href=\"https:\/\/www.prijedordanas.com\/wp-content\/uploads\/2016\/05\/fsa-lijevce-2.jpg\"><img loading=\"lazy\" decoding=\"async\" src=\"https:\/\/www.prijedordanas.com\/wp-content\/uploads\/2016\/05\/fsa-lijevce-2-300x199.jpg\" alt=\"fsa-lijevce (2)\" width=\"300\" height=\"199\" class=\"alignleft size-medium wp-image-50764\" srcset=\"https:\/\/www.prijedordanas.com\/wp-content\/uploads\/2016\/05\/fsa-lijevce-2-300x200.jpg 300w, https:\/\/www.prijedordanas.com\/wp-content\/uploads\/2016\/05\/fsa-lijevce-2-480x320.jpg 480w, https:\/\/www.prijedordanas.com\/wp-content\/uploads\/2016\/05\/fsa-lijevce-2.jpg 600w\" sizes=\"(max-width: 300px) 100vw, 300px\" \/><\/a>Ekipa FSA Prijedor, poslije pobjede nad Progresom od 1:0 iznenadila je i Mladost iz Kotor Varo\u0161a, koja je upravo sa pomenutim rivalom iz Kne\u017eeva do ovog kola dijelila drugu i tre\u0107u poziciju na tabeli Regionalne lige RS-grupa Zapad. <\/p>\n<p>Malo ko se tom nadao, jer trener Nenad Ba\u0161i\u0107 nije iz raznih razloga mogao da ra\u010duna na \u010dak osmoricu igra\u010da: Kotarana, Buji\u0107a, Torbicu, Karupovi\u0107a, Granati\u0107a, Rudaka, \u010culi\u0107a i golmana Novakovi\u0107a, a njegovi izabranici osvojili su vrijedan bod, igraju\u0107i nerije\u0161eno 1:1.<\/p>\n<p>-Zaista bih \u010destitao momcima, koje su predvodili iskusni Borislav Miki\u0107 i Darko \u010ca\u010di\u0107, jer su pru\u017eili odli\u010dnu partiju protiv kvalitetnog doma\u0107ina, koji je prvo poluvrijeme rije\u0161io u svoju korist, da bi u nastavku izjedna\u010dio \u0110uka Bilakovi\u0107. Vrijedi pohvaliti 16-godi\u0161njeg  \u010duvara mre\u017ee Dejana Milinkovi\u0107a, koji je sve sigurniji, a imamo informacije da ga prate skauti drugoliga\u0161a Linca iz Austrije &#8211; naglasio je Ba\u0161i\u0107.<\/p>\n<p>Prijedor\u010dani su tako zadr\u017eali 14.mjesto sa osam bodova, a u sljede\u0107em kolu u subotu od 15:00 \u010dasova na stadionu \u201ePoljana\u201c o\u010dekuje ih novi te\u017eak zadatak. <\/p>\n<p>Ugosti\u0107e \u0161estoplasirani sastav Kladara, koji je bio \u010dak i na liderskoj poziciji, a ovog vikenda neo\u010dekivano je poklekao kod ku\u0107e, izgubiv\u0161i od Partizana iz Kostajnice (1:2), te \u0107e sigurno imati namjeru da se iskupi u gradu na Sani. <\/p>\n<p>Ipak, za o\u010dekivati je da FSA-ovci budu kompletniji i da nastave uspje\u0161an rezultatski niz, ujedno i bijeg iz \u201edonjeg doma\u201c. <\/p>\n<p>Tekst i foto arhiva \u2013 Nenad \u0110eri\u0107\/Aleksandar Drakuli\u0107 \u2013 <a href=\"www.prijedordanas.com\" target=\"_blank\">www.prijedordanas.com<\/a><\/p>\n","protected":false},"excerpt":{"rendered":"<p>Ekipa FSA Prijedor, poslije pobjede nad Progresom od 1:0 iznenadila je i Mladost iz Kotor Varo\u0161a, koja je upravo sa pomenutim rivalom iz Kne\u017eeva do ovog kola dijelila drugu i [&hellip;]<\/p>\n","protected":false},"author":1,"featured_media":0,"comment_status":"closed","ping_status":"open","sticky":false,"template":"","format":"standard","meta":{"_monsterinsights_skip_tracking":false,"_monsterinsights_sitenote_active":false,"_monsterinsights_sitenote_note":"","_monsterinsights_sitenote_category":0,"footnotes":""},"categories":[7],"tags":[1825,80,537],"yoast_head":"<!-- This site is optimized with the Yoast SEO plugin v21.6 - https:\/\/yoast.com\/wordpress\/plugins\/seo\/ -->\n<title>EKIPA FSA PRIJEDOR OSVOJILA VRIJEDAN BOD U GOSTIMA: OSLABLJENI IZNENADILI MLADOST - PrijedorDanas.com - Prijedorski gradski portal<\/title>\n<meta name=\"robots\" content=\"index, follow, max-snippet:-1, max-image-preview:large, max-video-preview:-1\" \/>\n<link rel=\"canonical\" href=\"https:\/\/www.prijedordanas.com\/?p=62984\" \/>\n<meta property=\"og:locale\" content=\"en_US\" \/>\n<meta property=\"og:type\" content=\"article\" \/>\n<meta property=\"og:title\" content=\"EKIPA FSA PRIJEDOR OSVOJILA VRIJEDAN BOD U GOSTIMA: OSLABLJENI IZNENADILI MLADOST - PrijedorDanas.com - Prijedorski gradski portal\" \/>\n<meta property=\"og:description\" content=\"Ekipa FSA Prijedor, poslije pobjede nad Progresom od 1:0 iznenadila je i Mladost iz Kotor Varo\u0161a, koja je upravo sa pomenutim rivalom iz Kne\u017eeva do ovog kola dijelila drugu i [&hellip;]\" \/>\n<meta property=\"og:url\" content=\"https:\/\/www.prijedordanas.com\/?p=62984\" \/>\n<meta property=\"og:site_name\" content=\"PrijedorDanas.com - Prijedorski gradski portal\" \/>\n<meta property=\"article:publisher\" content=\"https:\/\/www.facebook.com\/PrijedorDanasCom\/\" \/>\n<meta property=\"article:published_time\" content=\"2016-10-13T07:08:27+00:00\" \/>\n<meta property=\"og:image\" content=\"https:\/\/www.prijedordanas.com\/wp-content\/uploads\/2016\/05\/fsa-lijevce-2-300x199.jpg\" \/>\n<meta name=\"author\" content=\"admin\" \/>\n<meta name=\"twitter:card\" content=\"summary_large_image\" \/>\n<meta name=\"twitter:label1\" content=\"Written by\" \/>\n\t<meta name=\"twitter:data1\" content=\"admin\" \/>\n\t<meta name=\"twitter:label2\" content=\"Est. reading time\" \/>\n\t<meta name=\"twitter:data2\" content=\"1 minute\" \/>\n<script type=\"application\/ld+json\" class=\"yoast-schema-graph\">{\"@context\":\"https:\/\/schema.org\",\"@graph\":[{\"@type\":\"Article\",\"@id\":\"https:\/\/www.prijedordanas.com\/?p=62984#article\",\"isPartOf\":{\"@id\":\"https:\/\/www.prijedordanas.com\/?p=62984\"},\"author\":{\"name\":\"admin\",\"@id\":\"https:\/\/www.prijedordanas.com\/#\/schema\/person\/4e08ccf29b506ca916ff86d46bb700e6\"},\"headline\":\"EKIPA FSA PRIJEDOR OSVOJILA VRIJEDAN BOD U GOSTIMA: OSLABLJENI IZNENADILI MLADOST\",\"datePublished\":\"2016-10-13T07:08:27+00:00\",\"dateModified\":\"2016-10-13T07:08:27+00:00\",\"mainEntityOfPage\":{\"@id\":\"https:\/\/www.prijedordanas.com\/?p=62984\"},\"wordCount\":276,\"publisher\":{\"@id\":\"https:\/\/www.prijedordanas.com\/#organization\"},\"keywords\":[\"FSA Prijedor\",\"fudbal\",\"Regionalna liga grupa Zapad\"],\"articleSection\":[\"Sport\"],\"inLanguage\":\"en-US\"},{\"@type\":\"WebPage\",\"@id\":\"https:\/\/www.prijedordanas.com\/?p=62984\",\"url\":\"https:\/\/www.prijedordanas.com\/?p=62984\",\"name\":\"EKIPA FSA PRIJEDOR OSVOJILA VRIJEDAN BOD U GOSTIMA: OSLABLJENI IZNENADILI MLADOST - PrijedorDanas.com - Prijedorski gradski portal\",\"isPartOf\":{\"@id\":\"https:\/\/www.prijedordanas.com\/#website\"},\"datePublished\":\"2016-10-13T07:08:27+00:00\",\"dateModified\":\"2016-10-13T07:08:27+00:00\",\"breadcrumb\":{\"@id\":\"https:\/\/www.prijedordanas.com\/?p=62984#breadcrumb\"},\"inLanguage\":\"en-US\",\"potentialAction\":[{\"@type\":\"ReadAction\",\"target\":[\"https:\/\/www.prijedordanas.com\/?p=62984\"]}]},{\"@type\":\"BreadcrumbList\",\"@id\":\"https:\/\/www.prijedordanas.com\/?p=62984#breadcrumb\",\"itemListElement\":[{\"@type\":\"ListItem\",\"position\":1,\"name\":\"Home\",\"item\":\"https:\/\/www.prijedordanas.com\/\"},{\"@type\":\"ListItem\",\"position\":2,\"name\":\"EKIPA FSA PRIJEDOR OSVOJILA VRIJEDAN BOD U GOSTIMA: OSLABLJENI IZNENADILI MLADOST\"}]},{\"@type\":\"WebSite\",\"@id\":\"https:\/\/www.prijedordanas.com\/#website\",\"url\":\"https:\/\/www.prijedordanas.com\/\",\"name\":\"PrijedorDanas.com - Prijedorski gradski portal\",\"description\":\"Portal o doga\u0111anjima u gradu Prijedoru\",\"publisher\":{\"@id\":\"https:\/\/www.prijedordanas.com\/#organization\"},\"potentialAction\":[{\"@type\":\"SearchAction\",\"target\":{\"@type\":\"EntryPoint\",\"urlTemplate\":\"https:\/\/www.prijedordanas.com\/?s={search_term_string}\"},\"query-input\":\"required name=search_term_string\"}],\"inLanguage\":\"en-US\"},{\"@type\":\"Organization\",\"@id\":\"https:\/\/www.prijedordanas.com\/#organization\",\"name\":\"PrijedorDanas.com\",\"url\":\"https:\/\/www.prijedordanas.com\/\",\"logo\":{\"@type\":\"ImageObject\",\"inLanguage\":\"en-US\",\"@id\":\"https:\/\/www.prijedordanas.com\/#\/schema\/logo\/image\/\",\"url\":\"http:\/\/www.prijedordanas.com\/wp-content\/uploads\/2021\/12\/logopng.png\",\"contentUrl\":\"http:\/\/www.prijedordanas.com\/wp-content\/uploads\/2021\/12\/logopng.png\",\"width\":1019,\"height\":776,\"caption\":\"PrijedorDanas.com\"},\"image\":{\"@id\":\"https:\/\/www.prijedordanas.com\/#\/schema\/logo\/image\/\"},\"sameAs\":[\"https:\/\/www.facebook.com\/PrijedorDanasCom\/\"]},{\"@type\":\"Person\",\"@id\":\"https:\/\/www.prijedordanas.com\/#\/schema\/person\/4e08ccf29b506ca916ff86d46bb700e6\",\"name\":\"admin\",\"image\":{\"@type\":\"ImageObject\",\"inLanguage\":\"en-US\",\"@id\":\"https:\/\/www.prijedordanas.com\/#\/schema\/person\/image\/\",\"url\":\"https:\/\/secure.gravatar.com\/avatar\/1d3fc949d550f0b53a5f0d51e06dfd79?s=96&d=mm&r=g\",\"contentUrl\":\"https:\/\/secure.gravatar.com\/avatar\/1d3fc949d550f0b53a5f0d51e06dfd79?s=96&d=mm&r=g\",\"caption\":\"admin\"},\"url\":\"https:\/\/www.prijedordanas.com\/?author=1\"}]}<\/script>\n<!-- \/ Yoast SEO plugin. -->","yoast_head_json":{"title":"EKIPA FSA PRIJEDOR OSVOJILA VRIJEDAN BOD U GOSTIMA: OSLABLJENI IZNENADILI MLADOST - PrijedorDanas.com - Prijedorski gradski portal","robots":{"index":"index","follow":"follow","max-snippet":"max-snippet:-1","max-image-preview":"max-image-preview:large","max-video-preview":"max-video-preview:-1"},"canonical":"https:\/\/www.prijedordanas.com\/?p=62984","og_locale":"en_US","og_type":"article","og_title":"EKIPA FSA PRIJEDOR OSVOJILA VRIJEDAN BOD U GOSTIMA: OSLABLJENI IZNENADILI MLADOST - PrijedorDanas.com - Prijedorski gradski portal","og_description":"Ekipa FSA Prijedor, poslije pobjede nad Progresom od 1:0 iznenadila je i Mladost iz Kotor Varo\u0161a, koja je upravo sa pomenutim rivalom iz Kne\u017eeva do ovog kola dijelila drugu i [&hellip;]","og_url":"https:\/\/www.prijedordanas.com\/?p=62984","og_site_name":"PrijedorDanas.com - Prijedorski gradski portal","article_publisher":"https:\/\/www.facebook.com\/PrijedorDanasCom\/","article_published_time":"2016-10-13T07:08:27+00:00","og_image":[{"url":"https:\/\/www.prijedordanas.com\/wp-content\/uploads\/2016\/05\/fsa-lijevce-2-300x199.jpg"}],"author":"admin","twitter_card":"summary_large_image","twitter_misc":{"Written by":"admin","Est. reading time":"1 minute"},"schema":{"@context":"https:\/\/schema.org","@graph":[{"@type":"Article","@id":"https:\/\/www.prijedordanas.com\/?p=62984#article","isPartOf":{"@id":"https:\/\/www.prijedordanas.com\/?p=62984"},"author":{"name":"admin","@id":"https:\/\/www.prijedordanas.com\/#\/schema\/person\/4e08ccf29b506ca916ff86d46bb700e6"},"headline":"EKIPA FSA PRIJEDOR OSVOJILA VRIJEDAN BOD U GOSTIMA: OSLABLJENI IZNENADILI MLADOST","datePublished":"2016-10-13T07:08:27+00:00","dateModified":"2016-10-13T07:08:27+00:00","mainEntityOfPage":{"@id":"https:\/\/www.prijedordanas.com\/?p=62984"},"wordCount":276,"publisher":{"@id":"https:\/\/www.prijedordanas.com\/#organization"},"keywords":["FSA Prijedor","fudbal","Regionalna liga grupa Zapad"],"articleSection":["Sport"],"inLanguage":"en-US"},{"@type":"WebPage","@id":"https:\/\/www.prijedordanas.com\/?p=62984","url":"https:\/\/www.prijedordanas.com\/?p=62984","name":"EKIPA FSA PRIJEDOR OSVOJILA VRIJEDAN BOD U GOSTIMA: OSLABLJENI IZNENADILI MLADOST - PrijedorDanas.com - Prijedorski gradski portal","isPartOf":{"@id":"https:\/\/www.prijedordanas.com\/#website"},"datePublished":"2016-10-13T07:08:27+00:00","dateModified":"2016-10-13T07:08:27+00:00","breadcrumb":{"@id":"https:\/\/www.prijedordanas.com\/?p=62984#breadcrumb"},"inLanguage":"en-US","potentialAction":[{"@type":"ReadAction","target":["https:\/\/www.prijedordanas.com\/?p=62984"]}]},{"@type":"BreadcrumbList","@id":"https:\/\/www.prijedordanas.com\/?p=62984#breadcrumb","itemListElement":[{"@type":"ListItem","position":1,"name":"Home","item":"https:\/\/www.prijedordanas.com\/"},{"@type":"ListItem","position":2,"name":"EKIPA FSA PRIJEDOR OSVOJILA VRIJEDAN BOD U GOSTIMA: OSLABLJENI IZNENADILI MLADOST"}]},{"@type":"WebSite","@id":"https:\/\/www.prijedordanas.com\/#website","url":"https:\/\/www.prijedordanas.com\/","name":"PrijedorDanas.com - Prijedorski gradski portal","description":"Portal o doga\u0111anjima u gradu Prijedoru","publisher":{"@id":"https:\/\/www.prijedordanas.com\/#organization"},"potentialAction":[{"@type":"SearchAction","target":{"@type":"EntryPoint","urlTemplate":"https:\/\/www.prijedordanas.com\/?s={search_term_string}"},"query-input":"required name=search_term_string"}],"inLanguage":"en-US"},{"@type":"Organization","@id":"https:\/\/www.prijedordanas.com\/#organization","name":"PrijedorDanas.com","url":"https:\/\/www.prijedordanas.com\/","logo":{"@type":"ImageObject","inLanguage":"en-US","@id":"https:\/\/www.prijedordanas.com\/#\/schema\/logo\/image\/","url":"http:\/\/www.prijedordanas.com\/wp-content\/uploads\/2021\/12\/logopng.png","contentUrl":"http:\/\/www.prijedordanas.com\/wp-content\/uploads\/2021\/12\/logopng.png","width":1019,"height":776,"caption":"PrijedorDanas.com"},"image":{"@id":"https:\/\/www.prijedordanas.com\/#\/schema\/logo\/image\/"},"sameAs":["https:\/\/www.facebook.com\/PrijedorDanasCom\/"]},{"@type":"Person","@id":"https:\/\/www.prijedordanas.com\/#\/schema\/person\/4e08ccf29b506ca916ff86d46bb700e6","name":"admin","image":{"@type":"ImageObject","inLanguage":"en-US","@id":"https:\/\/www.prijedordanas.com\/#\/schema\/person\/image\/","url":"https:\/\/secure.gravatar.com\/avatar\/1d3fc949d550f0b53a5f0d51e06dfd79?s=96&d=mm&r=g","contentUrl":"https:\/\/secure.gravatar.com\/avatar\/1d3fc949d550f0b53a5f0d51e06dfd79?s=96&d=mm&r=g","caption":"admin"},"url":"https:\/\/www.prijedordanas.com\/?author=1"}]}},"_links":{"self":[{"href":"https:\/\/www.prijedordanas.com\/index.php?rest_route=\/wp\/v2\/posts\/62984"}],"collection":[{"href":"https:\/\/www.prijedordanas.com\/index.php?rest_route=\/wp\/v2\/posts"}],"about":[{"href":"https:\/\/www.prijedordanas.com\/index.php?rest_route=\/wp\/v2\/types\/post"}],"author":[{"embeddable":true,"href":"https:\/\/www.prijedordanas.com\/index.php?rest_route=\/wp\/v2\/users\/1"}],"replies":[{"embeddable":true,"href":"https:\/\/www.prijedordanas.com\/index.php?rest_route=%2Fwp%2Fv2%2Fcomments&post=62984"}],"version-history":[{"count":2,"href":"https:\/\/www.prijedordanas.com\/index.php?rest_route=\/wp\/v2\/posts\/62984\/revisions"}],"predecessor-version":[{"id":62986,"href":"https:\/\/www.prijedordanas.com\/index.php?rest_route=\/wp\/v2\/posts\/62984\/revisions\/62986"}],"wp:attachment":[{"href":"https:\/\/www.prijedordanas.com\/index.php?rest_route=%2Fwp%2Fv2%2Fmedia&parent=62984"}],"wp:term":[{"taxonomy":"category","embeddable":true,"href":"https:\/\/www.prijedordanas.com\/index.php?rest_route=%2Fwp%2Fv2%2Fcategories&post=62984"},{"taxonomy":"post_tag","embeddable":true,"href":"https:\/\/www.prijedordanas.com\/index.php?rest_route=%2Fwp%2Fv2%2Ftags&post=62984"}],"curies":[{"name":"wp","href":"https:\/\/api.w.org\/{rel}","templated":true}]}}