{"id":62900,"date":"2016-10-09T20:43:33","date_gmt":"2016-10-09T18:43:33","guid":{"rendered":"https:\/\/www.prijedordanas.com\/?p=62900"},"modified":"2016-10-09T23:56:24","modified_gmt":"2016-10-09T21:56:24","slug":"u-celi-proslavljena-nova-hidzretska-1438-godina-foto","status":"publish","type":"post","link":"https:\/\/www.prijedordanas.com\/?p=62900","title":{"rendered":"U \u0106ELI PROSLAVLJENA NOVA HID\u017dRETSKA 1438. GODINA \u2013 FOTO"},"content":{"rendered":"<p><a href=\"https:\/\/www.prijedordanas.com\/wp-content\/uploads\/2016\/10\/nova-hidzretska-1438-godina-1.jpg\"><img loading=\"lazy\" decoding=\"async\" class=\"alignleft size-medium wp-image-62902\" src=\"https:\/\/www.prijedordanas.com\/wp-content\/uploads\/2016\/10\/nova-hidzretska-1438-godina-1-300x234.jpg\" alt=\"nova-hidzretska-1438-godina-1\" width=\"300\" height=\"234\" srcset=\"https:\/\/www.prijedordanas.com\/wp-content\/uploads\/2016\/10\/nova-hidzretska-1438-godina-1-300x234.jpg 300w, https:\/\/www.prijedordanas.com\/wp-content\/uploads\/2016\/10\/nova-hidzretska-1438-godina-1-100x78.jpg 100w, https:\/\/www.prijedordanas.com\/wp-content\/uploads\/2016\/10\/nova-hidzretska-1438-godina-1.jpg 640w\" sizes=\"(max-width: 300px) 100vw, 300px\" \/><\/a>U organizaciji Med\u017elisa islamske zajednice Prijedor, d\u017eemata \u0106ela i mje\u0161tana naselja Grabovac-Rami\u0107i ove subote je, ve\u0107 jedanaestu godinu zaredom, odr\u017eana manifestacija povodom nastupaju\u0107e 1438. hid\u017eretske nove godine.<\/p>\n<p>Uz pomo\u0107 lokalnog stanovni\u0161tva, grada Prijedora i brojnih drugih sponzora prire\u0111ena je ova tradicionalna manifestacija sve\u010danog obilje\u017eavanja dolaska nove muslimanske godine.<\/p>\n<p>Skupu su se obra\u0107ali \u0107elanski efendija Amir Spahi\u0107, glavni imam MIZ Prijedor, Husein ef. Veli\u0107 kao i dugogodi\u0161nji imam u ovom mjestu Adil ef. Solo.<\/p>\n<p>U kulturno-zabavnom dijelu programa moglo se \u010duti izvo\u0111enje ilahija te folklorni nastup \u010dlanova Kulturno-umjetni\u010dkog dru\u0161tva \u201e\u010cigre\u201c iz \u0106ele.<\/p>\n<p><a href=\"https:\/\/www.prijedordanas.com\/wp-content\/uploads\/2016\/10\/nova-hidzretska-1438-godina-2.jpg\"><img loading=\"lazy\" decoding=\"async\" class=\"alignleft size-medium wp-image-62903\" src=\"https:\/\/www.prijedordanas.com\/wp-content\/uploads\/2016\/10\/nova-hidzretska-1438-godina-2-300x234.jpg\" alt=\"nova-hidzretska-1438-godina-2\" width=\"300\" height=\"234\" srcset=\"https:\/\/www.prijedordanas.com\/wp-content\/uploads\/2016\/10\/nova-hidzretska-1438-godina-2-300x234.jpg 300w, https:\/\/www.prijedordanas.com\/wp-content\/uploads\/2016\/10\/nova-hidzretska-1438-godina-2-100x78.jpg 100w, https:\/\/www.prijedordanas.com\/wp-content\/uploads\/2016\/10\/nova-hidzretska-1438-godina-2.jpg 640w\" sizes=\"(max-width: 300px) 100vw, 300px\" \/><\/a>Ovom prilikom uru\u010deno je preko stotinu novogodi\u0161njih paketi\u0107a najmla\u0111im stanovnicima ovog naselja te djeci koja su stigla iz drugih d\u017eemata.<\/p>\n<p>Kako je istaknuto, hid\u017eretska nova godina se u \u0106eli obilje\u017eava ve\u0107 50 godina, a ovo je bila 11. godina zaredom kako je ta tradicija obnovljena.<\/p>\n<p>-Svake godine imamo sve bolje uslove za odr\u017eavanje ove manifestacije. Zahvaljujemo se i na odli\u010dnom odnosu lokalne zajednice prema jednom ovakvom de\u0161avanju. Mi jednostavno \u017eelimo da ka\u017eemo da mo\u017eemo i ho\u0107emo da zajedni\u010dki organizujemo \u0161to vi\u0161e manifestacija kao \u0161to je ova. Potrudili smo se da ugostimo sve ljude koji su stigli i nadamo se da \u0107emo u budu\u0107nosti to \u010diniti jo\u0161 bolje &#8211; rekao je Sead Jakupovi\u0107, \u010dlan Organizacionog odbora manifestacije i aktuelni predsjednik Skup\u0161tine grada Prijedora.<\/p>\n<p><a href=\"https:\/\/www.prijedordanas.com\/wp-content\/uploads\/2016\/10\/nova-hidzretska-1438-godina-3.jpg\"><img loading=\"lazy\" decoding=\"async\" class=\"alignleft size-medium wp-image-62904\" src=\"https:\/\/www.prijedordanas.com\/wp-content\/uploads\/2016\/10\/nova-hidzretska-1438-godina-3-300x234.jpg\" alt=\"nova-hidzretska-1438-godina-3\" width=\"300\" height=\"234\" srcset=\"https:\/\/www.prijedordanas.com\/wp-content\/uploads\/2016\/10\/nova-hidzretska-1438-godina-3-300x234.jpg 300w, https:\/\/www.prijedordanas.com\/wp-content\/uploads\/2016\/10\/nova-hidzretska-1438-godina-3-100x78.jpg 100w, https:\/\/www.prijedordanas.com\/wp-content\/uploads\/2016\/10\/nova-hidzretska-1438-godina-3.jpg 640w\" sizes=\"(max-width: 300px) 100vw, 300px\" \/><\/a>On je istakao \u010dinjenicu da je grad Prijedor i ove godine izdvojio sredstva da se manifestacija pripremi i odr\u017ei, a svoj doprinos je dalo i nekoliko preduze\u0107a i pojedinaca kojima su uru\u010dene i zahvalnice.<\/p>\n<p>Glavni imam MIZ Prijedor Husein ef. Veli\u0107 govorio je o zna\u010daju hid\u017eretske nove godine i odr\u017eavanju tradicije njenog obilje\u017eavanja u d\u017eematu \u0106ela i na podru\u010dju Prijedora.<\/p>\n<p>Nakon kulturno-zabavnog programa prire\u0111en je ru\u010dak za sve zvanice i prisutne goste me\u0111u kojima su bile i \u010dlanice Udru\u017eenja \u017eena Orahova iz istoimenog mjesta.<\/p>\n<p>Nova hid\u017eretska 1438.godina nastupila je 1.oktobra, ali su organizatori svoju manifestaciju pomjerili za sedam dana zbog lokalnih izbora.<\/p>\n<p>Tekst i foto \u2013 Aleksandar Drakuli\u0107 \u2013 <a href=\"www.prijedordanas.com\" target=\"_blank\">www.prijedordanas.com<\/a><\/p>\n<p><a href=\"https:\/\/www.prijedordanas.com\/wp-content\/uploads\/2016\/10\/nova-hidzretska-1438-godina-4.jpg\"><img loading=\"lazy\" decoding=\"async\" class=\"alignleft size-medium wp-image-62905\" src=\"https:\/\/www.prijedordanas.com\/wp-content\/uploads\/2016\/10\/nova-hidzretska-1438-godina-4-300x199.jpg\" alt=\"nova-hidzretska-1438-godina-4\" width=\"300\" height=\"199\" srcset=\"https:\/\/www.prijedordanas.com\/wp-content\/uploads\/2016\/10\/nova-hidzretska-1438-godina-4-300x200.jpg 300w, https:\/\/www.prijedordanas.com\/wp-content\/uploads\/2016\/10\/nova-hidzretska-1438-godina-4-100x66.jpg 100w, https:\/\/www.prijedordanas.com\/wp-content\/uploads\/2016\/10\/nova-hidzretska-1438-godina-4-480x320.jpg 480w, https:\/\/www.prijedordanas.com\/wp-content\/uploads\/2016\/10\/nova-hidzretska-1438-godina-4.jpg 600w\" sizes=\"(max-width: 300px) 100vw, 300px\" \/><\/a> <a href=\"https:\/\/www.prijedordanas.com\/wp-content\/uploads\/2016\/10\/nova-hidzretska-1438-godina-5.jpg\"><img loading=\"lazy\" decoding=\"async\" class=\"alignleft size-medium wp-image-62906\" src=\"https:\/\/www.prijedordanas.com\/wp-content\/uploads\/2016\/10\/nova-hidzretska-1438-godina-5-300x199.jpg\" alt=\"nova-hidzretska-1438-godina-5\" width=\"300\" height=\"199\" srcset=\"https:\/\/www.prijedordanas.com\/wp-content\/uploads\/2016\/10\/nova-hidzretska-1438-godina-5-300x200.jpg 300w, https:\/\/www.prijedordanas.com\/wp-content\/uploads\/2016\/10\/nova-hidzretska-1438-godina-5-100x66.jpg 100w, https:\/\/www.prijedordanas.com\/wp-content\/uploads\/2016\/10\/nova-hidzretska-1438-godina-5-480x320.jpg 480w, https:\/\/www.prijedordanas.com\/wp-content\/uploads\/2016\/10\/nova-hidzretska-1438-godina-5.jpg 600w\" sizes=\"(max-width: 300px) 100vw, 300px\" \/><\/a> <a href=\"https:\/\/www.prijedordanas.com\/wp-content\/uploads\/2016\/10\/nova-hidzretska-1438-godina-6.jpg\"><img loading=\"lazy\" decoding=\"async\" class=\"alignleft size-medium wp-image-62907\" src=\"https:\/\/www.prijedordanas.com\/wp-content\/uploads\/2016\/10\/nova-hidzretska-1438-godina-6-300x199.jpg\" alt=\"nova-hidzretska-1438-godina-6\" width=\"300\" height=\"199\" srcset=\"https:\/\/www.prijedordanas.com\/wp-content\/uploads\/2016\/10\/nova-hidzretska-1438-godina-6-300x200.jpg 300w, https:\/\/www.prijedordanas.com\/wp-content\/uploads\/2016\/10\/nova-hidzretska-1438-godina-6-100x66.jpg 100w, https:\/\/www.prijedordanas.com\/wp-content\/uploads\/2016\/10\/nova-hidzretska-1438-godina-6-480x320.jpg 480w, https:\/\/www.prijedordanas.com\/wp-content\/uploads\/2016\/10\/nova-hidzretska-1438-godina-6.jpg 600w\" sizes=\"(max-width: 300px) 100vw, 300px\" \/><\/a> <a href=\"https:\/\/www.prijedordanas.com\/wp-content\/uploads\/2016\/10\/nova-hidzretska-1438-godina-7.jpg\"><img loading=\"lazy\" decoding=\"async\" class=\"alignleft size-medium wp-image-62908\" src=\"https:\/\/www.prijedordanas.com\/wp-content\/uploads\/2016\/10\/nova-hidzretska-1438-godina-7-300x199.jpg\" alt=\"nova-hidzretska-1438-godina-7\" width=\"300\" height=\"199\" srcset=\"https:\/\/www.prijedordanas.com\/wp-content\/uploads\/2016\/10\/nova-hidzretska-1438-godina-7-300x200.jpg 300w, https:\/\/www.prijedordanas.com\/wp-content\/uploads\/2016\/10\/nova-hidzretska-1438-godina-7-100x66.jpg 100w, https:\/\/www.prijedordanas.com\/wp-content\/uploads\/2016\/10\/nova-hidzretska-1438-godina-7-480x320.jpg 480w, https:\/\/www.prijedordanas.com\/wp-content\/uploads\/2016\/10\/nova-hidzretska-1438-godina-7.jpg 600w\" sizes=\"(max-width: 300px) 100vw, 300px\" \/><\/a> <a href=\"https:\/\/www.prijedordanas.com\/wp-content\/uploads\/2016\/10\/nova-hidzretska-1438-godina-8.jpg\"><img loading=\"lazy\" decoding=\"async\" class=\"alignleft size-medium wp-image-62909\" src=\"https:\/\/www.prijedordanas.com\/wp-content\/uploads\/2016\/10\/nova-hidzretska-1438-godina-8-300x199.jpg\" alt=\"nova-hidzretska-1438-godina-8\" width=\"300\" height=\"199\" srcset=\"https:\/\/www.prijedordanas.com\/wp-content\/uploads\/2016\/10\/nova-hidzretska-1438-godina-8-300x200.jpg 300w, https:\/\/www.prijedordanas.com\/wp-content\/uploads\/2016\/10\/nova-hidzretska-1438-godina-8-100x66.jpg 100w, https:\/\/www.prijedordanas.com\/wp-content\/uploads\/2016\/10\/nova-hidzretska-1438-godina-8-480x320.jpg 480w, https:\/\/www.prijedordanas.com\/wp-content\/uploads\/2016\/10\/nova-hidzretska-1438-godina-8.jpg 600w\" sizes=\"(max-width: 300px) 100vw, 300px\" \/><\/a> <a href=\"https:\/\/www.prijedordanas.com\/wp-content\/uploads\/2016\/10\/nova-hidzretska-1438-godina-9.jpg\"><img loading=\"lazy\" decoding=\"async\" class=\"alignleft size-medium wp-image-62910\" src=\"https:\/\/www.prijedordanas.com\/wp-content\/uploads\/2016\/10\/nova-hidzretska-1438-godina-9-300x199.jpg\" alt=\"nova-hidzretska-1438-godina-9\" width=\"300\" height=\"199\" srcset=\"https:\/\/www.prijedordanas.com\/wp-content\/uploads\/2016\/10\/nova-hidzretska-1438-godina-9-300x200.jpg 300w, https:\/\/www.prijedordanas.com\/wp-content\/uploads\/2016\/10\/nova-hidzretska-1438-godina-9-100x66.jpg 100w, https:\/\/www.prijedordanas.com\/wp-content\/uploads\/2016\/10\/nova-hidzretska-1438-godina-9-480x320.jpg 480w, https:\/\/www.prijedordanas.com\/wp-content\/uploads\/2016\/10\/nova-hidzretska-1438-godina-9.jpg 600w\" sizes=\"(max-width: 300px) 100vw, 300px\" \/><\/a> <a href=\"https:\/\/www.prijedordanas.com\/wp-content\/uploads\/2016\/10\/nova-hidzretska-1438-godina-10.jpg\"><img loading=\"lazy\" decoding=\"async\" class=\"alignleft size-medium wp-image-62911\" src=\"https:\/\/www.prijedordanas.com\/wp-content\/uploads\/2016\/10\/nova-hidzretska-1438-godina-10-300x199.jpg\" alt=\"nova-hidzretska-1438-godina-10\" width=\"300\" height=\"199\" srcset=\"https:\/\/www.prijedordanas.com\/wp-content\/uploads\/2016\/10\/nova-hidzretska-1438-godina-10-300x200.jpg 300w, https:\/\/www.prijedordanas.com\/wp-content\/uploads\/2016\/10\/nova-hidzretska-1438-godina-10-100x66.jpg 100w, https:\/\/www.prijedordanas.com\/wp-content\/uploads\/2016\/10\/nova-hidzretska-1438-godina-10-480x320.jpg 480w, https:\/\/www.prijedordanas.com\/wp-content\/uploads\/2016\/10\/nova-hidzretska-1438-godina-10.jpg 600w\" sizes=\"(max-width: 300px) 100vw, 300px\" \/><\/a> <a href=\"https:\/\/www.prijedordanas.com\/wp-content\/uploads\/2016\/10\/nova-hidzretska-1438-godina-11.jpg\"><img loading=\"lazy\" decoding=\"async\" class=\"alignleft size-medium wp-image-62912\" src=\"https:\/\/www.prijedordanas.com\/wp-content\/uploads\/2016\/10\/nova-hidzretska-1438-godina-11-300x199.jpg\" alt=\"nova-hidzretska-1438-godina-11\" width=\"300\" height=\"199\" srcset=\"https:\/\/www.prijedordanas.com\/wp-content\/uploads\/2016\/10\/nova-hidzretska-1438-godina-11-300x200.jpg 300w, https:\/\/www.prijedordanas.com\/wp-content\/uploads\/2016\/10\/nova-hidzretska-1438-godina-11-100x66.jpg 100w, https:\/\/www.prijedordanas.com\/wp-content\/uploads\/2016\/10\/nova-hidzretska-1438-godina-11-480x320.jpg 480w, https:\/\/www.prijedordanas.com\/wp-content\/uploads\/2016\/10\/nova-hidzretska-1438-godina-11.jpg 600w\" sizes=\"(max-width: 300px) 100vw, 300px\" \/><\/a> <a href=\"https:\/\/www.prijedordanas.com\/wp-content\/uploads\/2016\/10\/nova-hidzretska-1438-godina-12.jpg\"><img loading=\"lazy\" decoding=\"async\" class=\"alignleft size-medium wp-image-62913\" src=\"https:\/\/www.prijedordanas.com\/wp-content\/uploads\/2016\/10\/nova-hidzretska-1438-godina-12-300x199.jpg\" alt=\"nova-hidzretska-1438-godina-12\" width=\"300\" height=\"199\" srcset=\"https:\/\/www.prijedordanas.com\/wp-content\/uploads\/2016\/10\/nova-hidzretska-1438-godina-12-300x200.jpg 300w, https:\/\/www.prijedordanas.com\/wp-content\/uploads\/2016\/10\/nova-hidzretska-1438-godina-12-100x66.jpg 100w, https:\/\/www.prijedordanas.com\/wp-content\/uploads\/2016\/10\/nova-hidzretska-1438-godina-12-480x320.jpg 480w, https:\/\/www.prijedordanas.com\/wp-content\/uploads\/2016\/10\/nova-hidzretska-1438-godina-12.jpg 600w\" sizes=\"(max-width: 300px) 100vw, 300px\" \/><\/a> <a href=\"https:\/\/www.prijedordanas.com\/wp-content\/uploads\/2016\/10\/nova-hidzretska-1438-godina-13.jpg\"><img loading=\"lazy\" decoding=\"async\" class=\"alignleft size-medium wp-image-62914\" src=\"https:\/\/www.prijedordanas.com\/wp-content\/uploads\/2016\/10\/nova-hidzretska-1438-godina-13-300x199.jpg\" alt=\"nova-hidzretska-1438-godina-13\" width=\"300\" height=\"199\" srcset=\"https:\/\/www.prijedordanas.com\/wp-content\/uploads\/2016\/10\/nova-hidzretska-1438-godina-13-300x200.jpg 300w, https:\/\/www.prijedordanas.com\/wp-content\/uploads\/2016\/10\/nova-hidzretska-1438-godina-13-100x66.jpg 100w, https:\/\/www.prijedordanas.com\/wp-content\/uploads\/2016\/10\/nova-hidzretska-1438-godina-13-480x320.jpg 480w, https:\/\/www.prijedordanas.com\/wp-content\/uploads\/2016\/10\/nova-hidzretska-1438-godina-13.jpg 600w\" sizes=\"(max-width: 300px) 100vw, 300px\" \/><\/a> <a href=\"https:\/\/www.prijedordanas.com\/wp-content\/uploads\/2016\/10\/nova-hidzretska-1438-godina-14.jpg\"><img loading=\"lazy\" decoding=\"async\" class=\"alignleft size-medium wp-image-62915\" src=\"https:\/\/www.prijedordanas.com\/wp-content\/uploads\/2016\/10\/nova-hidzretska-1438-godina-14-300x199.jpg\" alt=\"nova-hidzretska-1438-godina-14\" width=\"300\" height=\"199\" srcset=\"https:\/\/www.prijedordanas.com\/wp-content\/uploads\/2016\/10\/nova-hidzretska-1438-godina-14-300x200.jpg 300w, https:\/\/www.prijedordanas.com\/wp-content\/uploads\/2016\/10\/nova-hidzretska-1438-godina-14-100x66.jpg 100w, https:\/\/www.prijedordanas.com\/wp-content\/uploads\/2016\/10\/nova-hidzretska-1438-godina-14-480x320.jpg 480w, https:\/\/www.prijedordanas.com\/wp-content\/uploads\/2016\/10\/nova-hidzretska-1438-godina-14.jpg 600w\" sizes=\"(max-width: 300px) 100vw, 300px\" \/><\/a> <a href=\"https:\/\/www.prijedordanas.com\/wp-content\/uploads\/2016\/10\/nova-hidzretska-1438-godina-15.jpg\"><img loading=\"lazy\" decoding=\"async\" class=\"alignleft size-medium wp-image-62916\" src=\"https:\/\/www.prijedordanas.com\/wp-content\/uploads\/2016\/10\/nova-hidzretska-1438-godina-15-300x199.jpg\" alt=\"nova-hidzretska-1438-godina-15\" width=\"300\" height=\"199\" srcset=\"https:\/\/www.prijedordanas.com\/wp-content\/uploads\/2016\/10\/nova-hidzretska-1438-godina-15-300x200.jpg 300w, https:\/\/www.prijedordanas.com\/wp-content\/uploads\/2016\/10\/nova-hidzretska-1438-godina-15-100x66.jpg 100w, https:\/\/www.prijedordanas.com\/wp-content\/uploads\/2016\/10\/nova-hidzretska-1438-godina-15-480x320.jpg 480w, https:\/\/www.prijedordanas.com\/wp-content\/uploads\/2016\/10\/nova-hidzretska-1438-godina-15.jpg 600w\" sizes=\"(max-width: 300px) 100vw, 300px\" \/><\/a><\/p>\n","protected":false},"excerpt":{"rendered":"<p>U organizaciji Med\u017elisa islamske zajednice Prijedor, d\u017eemata \u0106ela i mje\u0161tana naselja Grabovac-Rami\u0107i ove subote je, ve\u0107 jedanaestu godinu zaredom, odr\u017eana manifestacija povodom nastupaju\u0107e 1438. hid\u017eretske nove godine. Uz pomo\u0107 lokalnog [&hellip;]<\/p>\n","protected":false},"author":1,"featured_media":0,"comment_status":"closed","ping_status":"open","sticky":false,"template":"","format":"standard","meta":{"_monsterinsights_skip_tracking":false,"_monsterinsights_sitenote_active":false,"_monsterinsights_sitenote_note":"","_monsterinsights_sitenote_category":0,"footnotes":""},"categories":[8],"tags":[2562,2563,3070],"yoast_head":"<!-- This site is optimized with the Yoast SEO plugin v21.6 - https:\/\/yoast.com\/wordpress\/plugins\/seo\/ -->\n<title>U \u0106ELI PROSLAVLJENA NOVA HID\u017dRETSKA 1438. GODINA \u2013 FOTO - PrijedorDanas.com - Prijedorski gradski portal<\/title>\n<meta name=\"robots\" content=\"index, follow, max-snippet:-1, max-image-preview:large, max-video-preview:-1\" \/>\n<link rel=\"canonical\" href=\"https:\/\/www.prijedordanas.com\/?p=62900\" \/>\n<meta property=\"og:locale\" content=\"en_US\" \/>\n<meta property=\"og:type\" content=\"article\" \/>\n<meta property=\"og:title\" content=\"U \u0106ELI PROSLAVLJENA NOVA HID\u017dRETSKA 1438. GODINA \u2013 FOTO - PrijedorDanas.com - Prijedorski gradski portal\" \/>\n<meta property=\"og:description\" content=\"U organizaciji Med\u017elisa islamske zajednice Prijedor, d\u017eemata \u0106ela i mje\u0161tana naselja Grabovac-Rami\u0107i ove subote je, ve\u0107 jedanaestu godinu zaredom, odr\u017eana manifestacija povodom nastupaju\u0107e 1438. hid\u017eretske nove godine. Uz pomo\u0107 lokalnog [&hellip;]\" \/>\n<meta property=\"og:url\" content=\"https:\/\/www.prijedordanas.com\/?p=62900\" \/>\n<meta property=\"og:site_name\" content=\"PrijedorDanas.com - Prijedorski gradski portal\" \/>\n<meta property=\"article:publisher\" content=\"https:\/\/www.facebook.com\/PrijedorDanasCom\/\" \/>\n<meta property=\"article:published_time\" content=\"2016-10-09T18:43:33+00:00\" \/>\n<meta property=\"article:modified_time\" content=\"2016-10-09T21:56:24+00:00\" \/>\n<meta property=\"og:image\" content=\"https:\/\/www.prijedordanas.com\/wp-content\/uploads\/2016\/10\/nova-hidzretska-1438-godina-1-300x234.jpg\" \/>\n<meta name=\"author\" content=\"admin\" \/>\n<meta name=\"twitter:card\" content=\"summary_large_image\" \/>\n<meta name=\"twitter:label1\" content=\"Written by\" \/>\n\t<meta name=\"twitter:data1\" content=\"admin\" \/>\n\t<meta name=\"twitter:label2\" content=\"Est. reading time\" \/>\n\t<meta name=\"twitter:data2\" content=\"2 minutes\" \/>\n<script type=\"application\/ld+json\" class=\"yoast-schema-graph\">{\"@context\":\"https:\/\/schema.org\",\"@graph\":[{\"@type\":\"Article\",\"@id\":\"https:\/\/www.prijedordanas.com\/?p=62900#article\",\"isPartOf\":{\"@id\":\"https:\/\/www.prijedordanas.com\/?p=62900\"},\"author\":{\"name\":\"admin\",\"@id\":\"https:\/\/www.prijedordanas.com\/#\/schema\/person\/4e08ccf29b506ca916ff86d46bb700e6\"},\"headline\":\"U \u0106ELI PROSLAVLJENA NOVA HID\u017dRETSKA 1438. GODINA \u2013 FOTO\",\"datePublished\":\"2016-10-09T18:43:33+00:00\",\"dateModified\":\"2016-10-09T21:56:24+00:00\",\"mainEntityOfPage\":{\"@id\":\"https:\/\/www.prijedordanas.com\/?p=62900\"},\"wordCount\":375,\"publisher\":{\"@id\":\"https:\/\/www.prijedordanas.com\/#organization\"},\"keywords\":[\"\u0106ela\",\"hid\u017eretska nova godina\",\"proslava\"],\"articleSection\":[\"Svakodnevno\"],\"inLanguage\":\"en-US\"},{\"@type\":\"WebPage\",\"@id\":\"https:\/\/www.prijedordanas.com\/?p=62900\",\"url\":\"https:\/\/www.prijedordanas.com\/?p=62900\",\"name\":\"U \u0106ELI PROSLAVLJENA NOVA HID\u017dRETSKA 1438. GODINA \u2013 FOTO - PrijedorDanas.com - Prijedorski gradski portal\",\"isPartOf\":{\"@id\":\"https:\/\/www.prijedordanas.com\/#website\"},\"datePublished\":\"2016-10-09T18:43:33+00:00\",\"dateModified\":\"2016-10-09T21:56:24+00:00\",\"breadcrumb\":{\"@id\":\"https:\/\/www.prijedordanas.com\/?p=62900#breadcrumb\"},\"inLanguage\":\"en-US\",\"potentialAction\":[{\"@type\":\"ReadAction\",\"target\":[\"https:\/\/www.prijedordanas.com\/?p=62900\"]}]},{\"@type\":\"BreadcrumbList\",\"@id\":\"https:\/\/www.prijedordanas.com\/?p=62900#breadcrumb\",\"itemListElement\":[{\"@type\":\"ListItem\",\"position\":1,\"name\":\"Home\",\"item\":\"https:\/\/www.prijedordanas.com\/\"},{\"@type\":\"ListItem\",\"position\":2,\"name\":\"U \u0106ELI PROSLAVLJENA NOVA HID\u017dRETSKA 1438. GODINA \u2013 FOTO\"}]},{\"@type\":\"WebSite\",\"@id\":\"https:\/\/www.prijedordanas.com\/#website\",\"url\":\"https:\/\/www.prijedordanas.com\/\",\"name\":\"PrijedorDanas.com - Prijedorski gradski portal\",\"description\":\"Portal o doga\u0111anjima u gradu Prijedoru\",\"publisher\":{\"@id\":\"https:\/\/www.prijedordanas.com\/#organization\"},\"potentialAction\":[{\"@type\":\"SearchAction\",\"target\":{\"@type\":\"EntryPoint\",\"urlTemplate\":\"https:\/\/www.prijedordanas.com\/?s={search_term_string}\"},\"query-input\":\"required name=search_term_string\"}],\"inLanguage\":\"en-US\"},{\"@type\":\"Organization\",\"@id\":\"https:\/\/www.prijedordanas.com\/#organization\",\"name\":\"PrijedorDanas.com\",\"url\":\"https:\/\/www.prijedordanas.com\/\",\"logo\":{\"@type\":\"ImageObject\",\"inLanguage\":\"en-US\",\"@id\":\"https:\/\/www.prijedordanas.com\/#\/schema\/logo\/image\/\",\"url\":\"http:\/\/www.prijedordanas.com\/wp-content\/uploads\/2021\/12\/logopng.png\",\"contentUrl\":\"http:\/\/www.prijedordanas.com\/wp-content\/uploads\/2021\/12\/logopng.png\",\"width\":1019,\"height\":776,\"caption\":\"PrijedorDanas.com\"},\"image\":{\"@id\":\"https:\/\/www.prijedordanas.com\/#\/schema\/logo\/image\/\"},\"sameAs\":[\"https:\/\/www.facebook.com\/PrijedorDanasCom\/\"]},{\"@type\":\"Person\",\"@id\":\"https:\/\/www.prijedordanas.com\/#\/schema\/person\/4e08ccf29b506ca916ff86d46bb700e6\",\"name\":\"admin\",\"image\":{\"@type\":\"ImageObject\",\"inLanguage\":\"en-US\",\"@id\":\"https:\/\/www.prijedordanas.com\/#\/schema\/person\/image\/\",\"url\":\"https:\/\/secure.gravatar.com\/avatar\/1d3fc949d550f0b53a5f0d51e06dfd79?s=96&d=mm&r=g\",\"contentUrl\":\"https:\/\/secure.gravatar.com\/avatar\/1d3fc949d550f0b53a5f0d51e06dfd79?s=96&d=mm&r=g\",\"caption\":\"admin\"},\"url\":\"https:\/\/www.prijedordanas.com\/?author=1\"}]}<\/script>\n<!-- \/ Yoast SEO plugin. -->","yoast_head_json":{"title":"U \u0106ELI PROSLAVLJENA NOVA HID\u017dRETSKA 1438. GODINA \u2013 FOTO - PrijedorDanas.com - Prijedorski gradski portal","robots":{"index":"index","follow":"follow","max-snippet":"max-snippet:-1","max-image-preview":"max-image-preview:large","max-video-preview":"max-video-preview:-1"},"canonical":"https:\/\/www.prijedordanas.com\/?p=62900","og_locale":"en_US","og_type":"article","og_title":"U \u0106ELI PROSLAVLJENA NOVA HID\u017dRETSKA 1438. GODINA \u2013 FOTO - PrijedorDanas.com - Prijedorski gradski portal","og_description":"U organizaciji Med\u017elisa islamske zajednice Prijedor, d\u017eemata \u0106ela i mje\u0161tana naselja Grabovac-Rami\u0107i ove subote je, ve\u0107 jedanaestu godinu zaredom, odr\u017eana manifestacija povodom nastupaju\u0107e 1438. hid\u017eretske nove godine. Uz pomo\u0107 lokalnog [&hellip;]","og_url":"https:\/\/www.prijedordanas.com\/?p=62900","og_site_name":"PrijedorDanas.com - Prijedorski gradski portal","article_publisher":"https:\/\/www.facebook.com\/PrijedorDanasCom\/","article_published_time":"2016-10-09T18:43:33+00:00","article_modified_time":"2016-10-09T21:56:24+00:00","og_image":[{"url":"https:\/\/www.prijedordanas.com\/wp-content\/uploads\/2016\/10\/nova-hidzretska-1438-godina-1-300x234.jpg"}],"author":"admin","twitter_card":"summary_large_image","twitter_misc":{"Written by":"admin","Est. reading time":"2 minutes"},"schema":{"@context":"https:\/\/schema.org","@graph":[{"@type":"Article","@id":"https:\/\/www.prijedordanas.com\/?p=62900#article","isPartOf":{"@id":"https:\/\/www.prijedordanas.com\/?p=62900"},"author":{"name":"admin","@id":"https:\/\/www.prijedordanas.com\/#\/schema\/person\/4e08ccf29b506ca916ff86d46bb700e6"},"headline":"U \u0106ELI PROSLAVLJENA NOVA HID\u017dRETSKA 1438. GODINA \u2013 FOTO","datePublished":"2016-10-09T18:43:33+00:00","dateModified":"2016-10-09T21:56:24+00:00","mainEntityOfPage":{"@id":"https:\/\/www.prijedordanas.com\/?p=62900"},"wordCount":375,"publisher":{"@id":"https:\/\/www.prijedordanas.com\/#organization"},"keywords":["\u0106ela","hid\u017eretska nova godina","proslava"],"articleSection":["Svakodnevno"],"inLanguage":"en-US"},{"@type":"WebPage","@id":"https:\/\/www.prijedordanas.com\/?p=62900","url":"https:\/\/www.prijedordanas.com\/?p=62900","name":"U \u0106ELI PROSLAVLJENA NOVA HID\u017dRETSKA 1438. GODINA \u2013 FOTO - PrijedorDanas.com - Prijedorski gradski portal","isPartOf":{"@id":"https:\/\/www.prijedordanas.com\/#website"},"datePublished":"2016-10-09T18:43:33+00:00","dateModified":"2016-10-09T21:56:24+00:00","breadcrumb":{"@id":"https:\/\/www.prijedordanas.com\/?p=62900#breadcrumb"},"inLanguage":"en-US","potentialAction":[{"@type":"ReadAction","target":["https:\/\/www.prijedordanas.com\/?p=62900"]}]},{"@type":"BreadcrumbList","@id":"https:\/\/www.prijedordanas.com\/?p=62900#breadcrumb","itemListElement":[{"@type":"ListItem","position":1,"name":"Home","item":"https:\/\/www.prijedordanas.com\/"},{"@type":"ListItem","position":2,"name":"U \u0106ELI PROSLAVLJENA NOVA HID\u017dRETSKA 1438. GODINA \u2013 FOTO"}]},{"@type":"WebSite","@id":"https:\/\/www.prijedordanas.com\/#website","url":"https:\/\/www.prijedordanas.com\/","name":"PrijedorDanas.com - Prijedorski gradski portal","description":"Portal o doga\u0111anjima u gradu Prijedoru","publisher":{"@id":"https:\/\/www.prijedordanas.com\/#organization"},"potentialAction":[{"@type":"SearchAction","target":{"@type":"EntryPoint","urlTemplate":"https:\/\/www.prijedordanas.com\/?s={search_term_string}"},"query-input":"required name=search_term_string"}],"inLanguage":"en-US"},{"@type":"Organization","@id":"https:\/\/www.prijedordanas.com\/#organization","name":"PrijedorDanas.com","url":"https:\/\/www.prijedordanas.com\/","logo":{"@type":"ImageObject","inLanguage":"en-US","@id":"https:\/\/www.prijedordanas.com\/#\/schema\/logo\/image\/","url":"http:\/\/www.prijedordanas.com\/wp-content\/uploads\/2021\/12\/logopng.png","contentUrl":"http:\/\/www.prijedordanas.com\/wp-content\/uploads\/2021\/12\/logopng.png","width":1019,"height":776,"caption":"PrijedorDanas.com"},"image":{"@id":"https:\/\/www.prijedordanas.com\/#\/schema\/logo\/image\/"},"sameAs":["https:\/\/www.facebook.com\/PrijedorDanasCom\/"]},{"@type":"Person","@id":"https:\/\/www.prijedordanas.com\/#\/schema\/person\/4e08ccf29b506ca916ff86d46bb700e6","name":"admin","image":{"@type":"ImageObject","inLanguage":"en-US","@id":"https:\/\/www.prijedordanas.com\/#\/schema\/person\/image\/","url":"https:\/\/secure.gravatar.com\/avatar\/1d3fc949d550f0b53a5f0d51e06dfd79?s=96&d=mm&r=g","contentUrl":"https:\/\/secure.gravatar.com\/avatar\/1d3fc949d550f0b53a5f0d51e06dfd79?s=96&d=mm&r=g","caption":"admin"},"url":"https:\/\/www.prijedordanas.com\/?author=1"}]}},"_links":{"self":[{"href":"https:\/\/www.prijedordanas.com\/index.php?rest_route=\/wp\/v2\/posts\/62900"}],"collection":[{"href":"https:\/\/www.prijedordanas.com\/index.php?rest_route=\/wp\/v2\/posts"}],"about":[{"href":"https:\/\/www.prijedordanas.com\/index.php?rest_route=\/wp\/v2\/types\/post"}],"author":[{"embeddable":true,"href":"https:\/\/www.prijedordanas.com\/index.php?rest_route=\/wp\/v2\/users\/1"}],"replies":[{"embeddable":true,"href":"https:\/\/www.prijedordanas.com\/index.php?rest_route=%2Fwp%2Fv2%2Fcomments&post=62900"}],"version-history":[{"count":4,"href":"https:\/\/www.prijedordanas.com\/index.php?rest_route=\/wp\/v2\/posts\/62900\/revisions"}],"predecessor-version":[{"id":62929,"href":"https:\/\/www.prijedordanas.com\/index.php?rest_route=\/wp\/v2\/posts\/62900\/revisions\/62929"}],"wp:attachment":[{"href":"https:\/\/www.prijedordanas.com\/index.php?rest_route=%2Fwp%2Fv2%2Fmedia&parent=62900"}],"wp:term":[{"taxonomy":"category","embeddable":true,"href":"https:\/\/www.prijedordanas.com\/index.php?rest_route=%2Fwp%2Fv2%2Fcategories&post=62900"},{"taxonomy":"post_tag","embeddable":true,"href":"https:\/\/www.prijedordanas.com\/index.php?rest_route=%2Fwp%2Fv2%2Ftags&post=62900"}],"curies":[{"name":"wp","href":"https:\/\/api.w.org\/{rel}","templated":true}]}}