{"id":62818,"date":"2016-10-08T09:56:09","date_gmt":"2016-10-08T07:56:09","guid":{"rendered":"https:\/\/www.prijedordanas.com\/?p=62818"},"modified":"2016-10-08T09:56:09","modified_gmt":"2016-10-08T07:56:09","slug":"u-osnovnoj-skoli-jovan-cvijic-brezicani-obiljezena-djecija-nedjelja-foto","status":"publish","type":"post","link":"https:\/\/www.prijedordanas.com\/?p=62818","title":{"rendered":"U OSNOVNOJ \u0160KOLI \u201eJOVAN CVIJI\u0106\u201c BREZI\u010cANI OBILJE\u017dENA DJE\u010cIJA NEDJELJA \u2013 FOTO"},"content":{"rendered":"<p><a href=\"https:\/\/www.prijedordanas.com\/wp-content\/uploads\/2016\/10\/djecija-nedjelja-os-jovan-cvijic-brezicani-1.jpg\"><img loading=\"lazy\" decoding=\"async\" class=\"alignleft size-medium wp-image-62819\" src=\"https:\/\/www.prijedordanas.com\/wp-content\/uploads\/2016\/10\/djecija-nedjelja-os-jovan-cvijic-brezicani-1-300x244.jpg\" alt=\"djecija-nedjelja-os-jovan-cvijic-brezicani-1\" width=\"300\" height=\"244\" srcset=\"https:\/\/www.prijedordanas.com\/wp-content\/uploads\/2016\/10\/djecija-nedjelja-os-jovan-cvijic-brezicani-1-300x244.jpg 300w, https:\/\/www.prijedordanas.com\/wp-content\/uploads\/2016\/10\/djecija-nedjelja-os-jovan-cvijic-brezicani-1-100x81.jpg 100w, https:\/\/www.prijedordanas.com\/wp-content\/uploads\/2016\/10\/djecija-nedjelja-os-jovan-cvijic-brezicani-1.jpg 616w\" sizes=\"(max-width: 300px) 100vw, 300px\" \/><\/a>Tokom protekle sedmice u Javnoj ustanovi Osnovna \u0161kola \u201eJovan Cviji\u0107\u201c Brezi\u010dani realizovan je niz aktivnosti povodom Dje\u010dije nedjelje.<\/p>\n<p>-Dje\u010dija nedjelja se i u na\u0161oj \u0161koli obilje\u017eavala u prvoj sedmici oktobra. Cilj svega je bio da se realizuju nastavni sadr\u017eaji putem kreativnih i radioni\u010dkih aktivnosti, kao i da se u prvi plan stave prava djeteta i prate\u0107e du\u017enosti u\u010denika \u2013 rekla je u\u010diteljica Marina Kne\u017eevi\u0107.<\/p>\n<p>Ona je dodala da su, u skladu sa Razvojnim planom \u0161kole kojim se radi na inteziviranju saradnje porodice i \u0161kole i ovogodi\u0161njim sloganom \u201ePorodica na prvom mjestu\u201c, u ve\u0107inu aktivnosti uklju\u010deni i \u0111a\u010dki roditelji.<\/p>\n<p>-Smatramo da je dobra saradnja porodice i \u0161kole jedan od preduslova za optimalan razvoj u\u010denika \u2013 istakla je Kne\u017eevi\u0107eva.<\/p>\n<p>Neke od aktivnosti koje su realizovane, kao u mati\u010dnoj \u0161koli, tako i u svim podru\u010dnim objektima bili su: veseli \u010das, prava i du\u017enosti u\u010denika, jesenja radionica, izrada ku\u0107ica od bundeva, slike od materijala iz prirode, ramovi za fotografije, figurice od jesenjih plodova, slikanje slamom, na\u0161e srce i sli\u010dno.<\/p>\n<p>-Ono \u0161to je najva\u017enije jeste da su se radnici, roditelji i u\u010denici podsjetili na primjenu i po\u0161tivanje Konvencije UN-a o pravima djeteta i pri tome u\u017eivali u aktivnostima i odli\u010dno sara\u0111ivali \u2013 rekla je Olivera Brdar, direktorica O\u0160 \u201eJovan Cviji\u0107\u201c Brezi\u010dani.<\/p>\n<p>Tekst i foto \u2013 O\u0160 \u201eJovan Cviji\u0107\u201c Brezi\u010dani\/Aleksandar Drakuli\u0107 \u2013 <a href=\"www.prijedordanas.com\" target=\"_blank\">www.prijedordanas.com<\/a><\/p>\n<p><a href=\"https:\/\/www.prijedordanas.com\/wp-content\/uploads\/2016\/10\/djecija-nedjelja-os-jovan-cvijic-brezicani-2.jpg\"><img loading=\"lazy\" decoding=\"async\" class=\"alignleft size-medium wp-image-62820\" src=\"https:\/\/www.prijedordanas.com\/wp-content\/uploads\/2016\/10\/djecija-nedjelja-os-jovan-cvijic-brezicani-2-300x250.jpg\" alt=\"djecija-nedjelja-os-jovan-cvijic-brezicani-2\" width=\"300\" height=\"250\" srcset=\"https:\/\/www.prijedordanas.com\/wp-content\/uploads\/2016\/10\/djecija-nedjelja-os-jovan-cvijic-brezicani-2-300x250.jpg 300w, https:\/\/www.prijedordanas.com\/wp-content\/uploads\/2016\/10\/djecija-nedjelja-os-jovan-cvijic-brezicani-2-100x83.jpg 100w, https:\/\/www.prijedordanas.com\/wp-content\/uploads\/2016\/10\/djecija-nedjelja-os-jovan-cvijic-brezicani-2.jpg 600w\" sizes=\"(max-width: 300px) 100vw, 300px\" \/><\/a> <a href=\"https:\/\/www.prijedordanas.com\/wp-content\/uploads\/2016\/10\/djecija-nedjelja-os-jovan-cvijic-brezicani-3.jpg\"><img loading=\"lazy\" decoding=\"async\" class=\"alignleft size-medium wp-image-62821\" src=\"https:\/\/www.prijedordanas.com\/wp-content\/uploads\/2016\/10\/djecija-nedjelja-os-jovan-cvijic-brezicani-3-300x250.jpg\" alt=\"djecija-nedjelja-os-jovan-cvijic-brezicani-3\" width=\"300\" height=\"250\" srcset=\"https:\/\/www.prijedordanas.com\/wp-content\/uploads\/2016\/10\/djecija-nedjelja-os-jovan-cvijic-brezicani-3-300x250.jpg 300w, https:\/\/www.prijedordanas.com\/wp-content\/uploads\/2016\/10\/djecija-nedjelja-os-jovan-cvijic-brezicani-3-100x83.jpg 100w, https:\/\/www.prijedordanas.com\/wp-content\/uploads\/2016\/10\/djecija-nedjelja-os-jovan-cvijic-brezicani-3.jpg 600w\" sizes=\"(max-width: 300px) 100vw, 300px\" \/><\/a> <a href=\"https:\/\/www.prijedordanas.com\/wp-content\/uploads\/2016\/10\/djecija-nedjelja-os-jovan-cvijic-brezicani-4.jpg\"><img loading=\"lazy\" decoding=\"async\" class=\"alignleft size-medium wp-image-62822\" src=\"https:\/\/www.prijedordanas.com\/wp-content\/uploads\/2016\/10\/djecija-nedjelja-os-jovan-cvijic-brezicani-4-300x225.jpg\" alt=\"djecija-nedjelja-os-jovan-cvijic-brezicani-4\" width=\"300\" height=\"225\" srcset=\"https:\/\/www.prijedordanas.com\/wp-content\/uploads\/2016\/10\/djecija-nedjelja-os-jovan-cvijic-brezicani-4-300x225.jpg 300w, https:\/\/www.prijedordanas.com\/wp-content\/uploads\/2016\/10\/djecija-nedjelja-os-jovan-cvijic-brezicani-4-100x75.jpg 100w, https:\/\/www.prijedordanas.com\/wp-content\/uploads\/2016\/10\/djecija-nedjelja-os-jovan-cvijic-brezicani-4.jpg 600w\" sizes=\"(max-width: 300px) 100vw, 300px\" \/><\/a> <a href=\"https:\/\/www.prijedordanas.com\/wp-content\/uploads\/2016\/10\/djecija-nedjelja-os-jovan-cvijic-brezicani-5.jpg\"><img loading=\"lazy\" decoding=\"async\" class=\"alignleft size-medium wp-image-62823\" src=\"https:\/\/www.prijedordanas.com\/wp-content\/uploads\/2016\/10\/djecija-nedjelja-os-jovan-cvijic-brezicani-5-300x225.jpg\" alt=\"djecija-nedjelja-os-jovan-cvijic-brezicani-5\" width=\"300\" height=\"225\" srcset=\"https:\/\/www.prijedordanas.com\/wp-content\/uploads\/2016\/10\/djecija-nedjelja-os-jovan-cvijic-brezicani-5-300x225.jpg 300w, https:\/\/www.prijedordanas.com\/wp-content\/uploads\/2016\/10\/djecija-nedjelja-os-jovan-cvijic-brezicani-5-100x75.jpg 100w, https:\/\/www.prijedordanas.com\/wp-content\/uploads\/2016\/10\/djecija-nedjelja-os-jovan-cvijic-brezicani-5.jpg 600w\" sizes=\"(max-width: 300px) 100vw, 300px\" \/><\/a> <a href=\"https:\/\/www.prijedordanas.com\/wp-content\/uploads\/2016\/10\/djecija-nedjelja-os-jovan-cvijic-brezicani-6.jpg\"><img loading=\"lazy\" decoding=\"async\" class=\"alignleft size-medium wp-image-62824\" src=\"https:\/\/www.prijedordanas.com\/wp-content\/uploads\/2016\/10\/djecija-nedjelja-os-jovan-cvijic-brezicani-6-300x225.jpg\" alt=\"djecija-nedjelja-os-jovan-cvijic-brezicani-6\" width=\"300\" height=\"225\" srcset=\"https:\/\/www.prijedordanas.com\/wp-content\/uploads\/2016\/10\/djecija-nedjelja-os-jovan-cvijic-brezicani-6-300x225.jpg 300w, https:\/\/www.prijedordanas.com\/wp-content\/uploads\/2016\/10\/djecija-nedjelja-os-jovan-cvijic-brezicani-6-100x75.jpg 100w, https:\/\/www.prijedordanas.com\/wp-content\/uploads\/2016\/10\/djecija-nedjelja-os-jovan-cvijic-brezicani-6.jpg 600w\" sizes=\"(max-width: 300px) 100vw, 300px\" \/><\/a> <a href=\"https:\/\/www.prijedordanas.com\/wp-content\/uploads\/2016\/10\/djecija-nedjelja-os-jovan-cvijic-brezicani-7.jpg\"><img loading=\"lazy\" decoding=\"async\" class=\"alignleft size-medium wp-image-62825\" src=\"https:\/\/www.prijedordanas.com\/wp-content\/uploads\/2016\/10\/djecija-nedjelja-os-jovan-cvijic-brezicani-7-300x225.jpg\" alt=\"djecija-nedjelja-os-jovan-cvijic-brezicani-7\" width=\"300\" height=\"225\" srcset=\"https:\/\/www.prijedordanas.com\/wp-content\/uploads\/2016\/10\/djecija-nedjelja-os-jovan-cvijic-brezicani-7-300x225.jpg 300w, https:\/\/www.prijedordanas.com\/wp-content\/uploads\/2016\/10\/djecija-nedjelja-os-jovan-cvijic-brezicani-7-100x75.jpg 100w, https:\/\/www.prijedordanas.com\/wp-content\/uploads\/2016\/10\/djecija-nedjelja-os-jovan-cvijic-brezicani-7.jpg 600w\" sizes=\"(max-width: 300px) 100vw, 300px\" \/><\/a> <a href=\"https:\/\/www.prijedordanas.com\/wp-content\/uploads\/2016\/10\/djecija-nedjelja-os-jovan-cvijic-brezicani-8.jpg\"><img loading=\"lazy\" decoding=\"async\" class=\"alignleft size-medium wp-image-62826\" src=\"https:\/\/www.prijedordanas.com\/wp-content\/uploads\/2016\/10\/djecija-nedjelja-os-jovan-cvijic-brezicani-8-300x225.jpg\" alt=\"djecija-nedjelja-os-jovan-cvijic-brezicani-8\" width=\"300\" height=\"225\" srcset=\"https:\/\/www.prijedordanas.com\/wp-content\/uploads\/2016\/10\/djecija-nedjelja-os-jovan-cvijic-brezicani-8-300x225.jpg 300w, https:\/\/www.prijedordanas.com\/wp-content\/uploads\/2016\/10\/djecija-nedjelja-os-jovan-cvijic-brezicani-8-100x75.jpg 100w, https:\/\/www.prijedordanas.com\/wp-content\/uploads\/2016\/10\/djecija-nedjelja-os-jovan-cvijic-brezicani-8.jpg 600w\" sizes=\"(max-width: 300px) 100vw, 300px\" \/><\/a> <a href=\"https:\/\/www.prijedordanas.com\/wp-content\/uploads\/2016\/10\/djecija-nedjelja-os-jovan-cvijic-brezicani-9.jpg\"><img loading=\"lazy\" decoding=\"async\" class=\"alignleft size-medium wp-image-62827\" src=\"https:\/\/www.prijedordanas.com\/wp-content\/uploads\/2016\/10\/djecija-nedjelja-os-jovan-cvijic-brezicani-9-300x225.jpg\" alt=\"djecija-nedjelja-os-jovan-cvijic-brezicani-9\" width=\"300\" height=\"225\" srcset=\"https:\/\/www.prijedordanas.com\/wp-content\/uploads\/2016\/10\/djecija-nedjelja-os-jovan-cvijic-brezicani-9-300x225.jpg 300w, https:\/\/www.prijedordanas.com\/wp-content\/uploads\/2016\/10\/djecija-nedjelja-os-jovan-cvijic-brezicani-9-100x75.jpg 100w, https:\/\/www.prijedordanas.com\/wp-content\/uploads\/2016\/10\/djecija-nedjelja-os-jovan-cvijic-brezicani-9.jpg 600w\" sizes=\"(max-width: 300px) 100vw, 300px\" \/><\/a> <a href=\"https:\/\/www.prijedordanas.com\/wp-content\/uploads\/2016\/10\/djecija-nedjelja-os-jovan-cvijic-brezicani-10.jpg\"><img loading=\"lazy\" decoding=\"async\" class=\"alignleft size-medium wp-image-62828\" src=\"https:\/\/www.prijedordanas.com\/wp-content\/uploads\/2016\/10\/djecija-nedjelja-os-jovan-cvijic-brezicani-10-300x225.jpg\" alt=\"djecija-nedjelja-os-jovan-cvijic-brezicani-10\" width=\"300\" height=\"225\" srcset=\"https:\/\/www.prijedordanas.com\/wp-content\/uploads\/2016\/10\/djecija-nedjelja-os-jovan-cvijic-brezicani-10-300x225.jpg 300w, https:\/\/www.prijedordanas.com\/wp-content\/uploads\/2016\/10\/djecija-nedjelja-os-jovan-cvijic-brezicani-10-100x75.jpg 100w, https:\/\/www.prijedordanas.com\/wp-content\/uploads\/2016\/10\/djecija-nedjelja-os-jovan-cvijic-brezicani-10.jpg 600w\" sizes=\"(max-width: 300px) 100vw, 300px\" \/><\/a> <a href=\"https:\/\/www.prijedordanas.com\/wp-content\/uploads\/2016\/10\/djecija-nedjelja-os-jovan-cvijic-brezicani-11.jpg\"><img loading=\"lazy\" decoding=\"async\" class=\"alignleft size-medium wp-image-62829\" src=\"https:\/\/www.prijedordanas.com\/wp-content\/uploads\/2016\/10\/djecija-nedjelja-os-jovan-cvijic-brezicani-11-225x300.jpg\" alt=\"djecija-nedjelja-os-jovan-cvijic-brezicani-11\" width=\"225\" height=\"300\" srcset=\"https:\/\/www.prijedordanas.com\/wp-content\/uploads\/2016\/10\/djecija-nedjelja-os-jovan-cvijic-brezicani-11-225x300.jpg 225w, https:\/\/www.prijedordanas.com\/wp-content\/uploads\/2016\/10\/djecija-nedjelja-os-jovan-cvijic-brezicani-11-75x100.jpg 75w, https:\/\/www.prijedordanas.com\/wp-content\/uploads\/2016\/10\/djecija-nedjelja-os-jovan-cvijic-brezicani-11.jpg 450w\" sizes=\"(max-width: 225px) 100vw, 225px\" \/><\/a><\/p>\n","protected":false},"excerpt":{"rendered":"<p>Tokom protekle sedmice u Javnoj ustanovi Osnovna \u0161kola \u201eJovan Cviji\u0107\u201c Brezi\u010dani realizovan je niz aktivnosti povodom Dje\u010dije nedjelje. -Dje\u010dija nedjelja se i u na\u0161oj \u0161koli obilje\u017eavala u prvoj sedmici oktobra. [&hellip;]<\/p>\n","protected":false},"author":1,"featured_media":0,"comment_status":"closed","ping_status":"open","sticky":false,"template":"","format":"standard","meta":{"_monsterinsights_skip_tracking":false,"_monsterinsights_sitenote_active":false,"_monsterinsights_sitenote_note":"","_monsterinsights_sitenote_category":0,"footnotes":""},"categories":[7518],"tags":[6442,5285,5765],"yoast_head":"<!-- This site is optimized with the Yoast SEO plugin v21.6 - https:\/\/yoast.com\/wordpress\/plugins\/seo\/ -->\n<title>U OSNOVNOJ \u0160KOLI \u201eJOVAN CVIJI\u0106\u201c BREZI\u010cANI OBILJE\u017dENA DJE\u010cIJA NEDJELJA \u2013 FOTO - PrijedorDanas.com - Prijedorski gradski portal<\/title>\n<meta name=\"robots\" content=\"index, follow, max-snippet:-1, max-image-preview:large, max-video-preview:-1\" \/>\n<link rel=\"canonical\" href=\"https:\/\/www.prijedordanas.com\/?p=62818\" \/>\n<meta property=\"og:locale\" content=\"en_US\" \/>\n<meta property=\"og:type\" content=\"article\" \/>\n<meta property=\"og:title\" content=\"U OSNOVNOJ \u0160KOLI \u201eJOVAN CVIJI\u0106\u201c BREZI\u010cANI OBILJE\u017dENA DJE\u010cIJA NEDJELJA \u2013 FOTO - PrijedorDanas.com - Prijedorski gradski portal\" \/>\n<meta property=\"og:description\" content=\"Tokom protekle sedmice u Javnoj ustanovi Osnovna \u0161kola \u201eJovan Cviji\u0107\u201c Brezi\u010dani realizovan je niz aktivnosti povodom Dje\u010dije nedjelje. -Dje\u010dija nedjelja se i u na\u0161oj \u0161koli obilje\u017eavala u prvoj sedmici oktobra. [&hellip;]\" \/>\n<meta property=\"og:url\" content=\"https:\/\/www.prijedordanas.com\/?p=62818\" \/>\n<meta property=\"og:site_name\" content=\"PrijedorDanas.com - Prijedorski gradski portal\" \/>\n<meta property=\"article:publisher\" content=\"https:\/\/www.facebook.com\/PrijedorDanasCom\/\" \/>\n<meta property=\"article:published_time\" content=\"2016-10-08T07:56:09+00:00\" \/>\n<meta property=\"og:image\" content=\"https:\/\/www.prijedordanas.com\/wp-content\/uploads\/2016\/10\/djecija-nedjelja-os-jovan-cvijic-brezicani-1-300x244.jpg\" \/>\n<meta name=\"author\" content=\"admin\" \/>\n<meta name=\"twitter:card\" content=\"summary_large_image\" \/>\n<meta name=\"twitter:label1\" content=\"Written by\" \/>\n\t<meta name=\"twitter:data1\" content=\"admin\" \/>\n\t<meta name=\"twitter:label2\" content=\"Est. reading time\" \/>\n\t<meta name=\"twitter:data2\" content=\"1 minute\" \/>\n<script type=\"application\/ld+json\" class=\"yoast-schema-graph\">{\"@context\":\"https:\/\/schema.org\",\"@graph\":[{\"@type\":\"Article\",\"@id\":\"https:\/\/www.prijedordanas.com\/?p=62818#article\",\"isPartOf\":{\"@id\":\"https:\/\/www.prijedordanas.com\/?p=62818\"},\"author\":{\"name\":\"admin\",\"@id\":\"https:\/\/www.prijedordanas.com\/#\/schema\/person\/4e08ccf29b506ca916ff86d46bb700e6\"},\"headline\":\"U OSNOVNOJ \u0160KOLI \u201eJOVAN CVIJI\u0106\u201c BREZI\u010cANI OBILJE\u017dENA DJE\u010cIJA NEDJELJA \u2013 FOTO\",\"datePublished\":\"2016-10-08T07:56:09+00:00\",\"dateModified\":\"2016-10-08T07:56:09+00:00\",\"mainEntityOfPage\":{\"@id\":\"https:\/\/www.prijedordanas.com\/?p=62818\"},\"wordCount\":262,\"publisher\":{\"@id\":\"https:\/\/www.prijedordanas.com\/#organization\"},\"keywords\":[\"aktivnosti\",\"Dje\u010dija nedjelja\",\"O\u0160 \\\"Jovan Cviji\u0107\\\" Brezi\u010dani\"],\"articleSection\":[\"Mladi\"],\"inLanguage\":\"en-US\"},{\"@type\":\"WebPage\",\"@id\":\"https:\/\/www.prijedordanas.com\/?p=62818\",\"url\":\"https:\/\/www.prijedordanas.com\/?p=62818\",\"name\":\"U OSNOVNOJ \u0160KOLI \u201eJOVAN CVIJI\u0106\u201c BREZI\u010cANI OBILJE\u017dENA DJE\u010cIJA NEDJELJA \u2013 FOTO - PrijedorDanas.com - Prijedorski gradski portal\",\"isPartOf\":{\"@id\":\"https:\/\/www.prijedordanas.com\/#website\"},\"datePublished\":\"2016-10-08T07:56:09+00:00\",\"dateModified\":\"2016-10-08T07:56:09+00:00\",\"breadcrumb\":{\"@id\":\"https:\/\/www.prijedordanas.com\/?p=62818#breadcrumb\"},\"inLanguage\":\"en-US\",\"potentialAction\":[{\"@type\":\"ReadAction\",\"target\":[\"https:\/\/www.prijedordanas.com\/?p=62818\"]}]},{\"@type\":\"BreadcrumbList\",\"@id\":\"https:\/\/www.prijedordanas.com\/?p=62818#breadcrumb\",\"itemListElement\":[{\"@type\":\"ListItem\",\"position\":1,\"name\":\"Home\",\"item\":\"https:\/\/www.prijedordanas.com\/\"},{\"@type\":\"ListItem\",\"position\":2,\"name\":\"U OSNOVNOJ \u0160KOLI \u201eJOVAN CVIJI\u0106\u201c BREZI\u010cANI OBILJE\u017dENA DJE\u010cIJA NEDJELJA \u2013 FOTO\"}]},{\"@type\":\"WebSite\",\"@id\":\"https:\/\/www.prijedordanas.com\/#website\",\"url\":\"https:\/\/www.prijedordanas.com\/\",\"name\":\"PrijedorDanas.com - Prijedorski gradski portal\",\"description\":\"Portal o doga\u0111anjima u gradu Prijedoru\",\"publisher\":{\"@id\":\"https:\/\/www.prijedordanas.com\/#organization\"},\"potentialAction\":[{\"@type\":\"SearchAction\",\"target\":{\"@type\":\"EntryPoint\",\"urlTemplate\":\"https:\/\/www.prijedordanas.com\/?s={search_term_string}\"},\"query-input\":\"required name=search_term_string\"}],\"inLanguage\":\"en-US\"},{\"@type\":\"Organization\",\"@id\":\"https:\/\/www.prijedordanas.com\/#organization\",\"name\":\"PrijedorDanas.com\",\"url\":\"https:\/\/www.prijedordanas.com\/\",\"logo\":{\"@type\":\"ImageObject\",\"inLanguage\":\"en-US\",\"@id\":\"https:\/\/www.prijedordanas.com\/#\/schema\/logo\/image\/\",\"url\":\"http:\/\/www.prijedordanas.com\/wp-content\/uploads\/2021\/12\/logopng.png\",\"contentUrl\":\"http:\/\/www.prijedordanas.com\/wp-content\/uploads\/2021\/12\/logopng.png\",\"width\":1019,\"height\":776,\"caption\":\"PrijedorDanas.com\"},\"image\":{\"@id\":\"https:\/\/www.prijedordanas.com\/#\/schema\/logo\/image\/\"},\"sameAs\":[\"https:\/\/www.facebook.com\/PrijedorDanasCom\/\"]},{\"@type\":\"Person\",\"@id\":\"https:\/\/www.prijedordanas.com\/#\/schema\/person\/4e08ccf29b506ca916ff86d46bb700e6\",\"name\":\"admin\",\"image\":{\"@type\":\"ImageObject\",\"inLanguage\":\"en-US\",\"@id\":\"https:\/\/www.prijedordanas.com\/#\/schema\/person\/image\/\",\"url\":\"https:\/\/secure.gravatar.com\/avatar\/1d3fc949d550f0b53a5f0d51e06dfd79?s=96&d=mm&r=g\",\"contentUrl\":\"https:\/\/secure.gravatar.com\/avatar\/1d3fc949d550f0b53a5f0d51e06dfd79?s=96&d=mm&r=g\",\"caption\":\"admin\"},\"url\":\"https:\/\/www.prijedordanas.com\/?author=1\"}]}<\/script>\n<!-- \/ Yoast SEO plugin. -->","yoast_head_json":{"title":"U OSNOVNOJ \u0160KOLI \u201eJOVAN CVIJI\u0106\u201c BREZI\u010cANI OBILJE\u017dENA DJE\u010cIJA NEDJELJA \u2013 FOTO - PrijedorDanas.com - Prijedorski gradski portal","robots":{"index":"index","follow":"follow","max-snippet":"max-snippet:-1","max-image-preview":"max-image-preview:large","max-video-preview":"max-video-preview:-1"},"canonical":"https:\/\/www.prijedordanas.com\/?p=62818","og_locale":"en_US","og_type":"article","og_title":"U OSNOVNOJ \u0160KOLI \u201eJOVAN CVIJI\u0106\u201c BREZI\u010cANI OBILJE\u017dENA DJE\u010cIJA NEDJELJA \u2013 FOTO - PrijedorDanas.com - Prijedorski gradski portal","og_description":"Tokom protekle sedmice u Javnoj ustanovi Osnovna \u0161kola \u201eJovan Cviji\u0107\u201c Brezi\u010dani realizovan je niz aktivnosti povodom Dje\u010dije nedjelje. -Dje\u010dija nedjelja se i u na\u0161oj \u0161koli obilje\u017eavala u prvoj sedmici oktobra. [&hellip;]","og_url":"https:\/\/www.prijedordanas.com\/?p=62818","og_site_name":"PrijedorDanas.com - Prijedorski gradski portal","article_publisher":"https:\/\/www.facebook.com\/PrijedorDanasCom\/","article_published_time":"2016-10-08T07:56:09+00:00","og_image":[{"url":"https:\/\/www.prijedordanas.com\/wp-content\/uploads\/2016\/10\/djecija-nedjelja-os-jovan-cvijic-brezicani-1-300x244.jpg"}],"author":"admin","twitter_card":"summary_large_image","twitter_misc":{"Written by":"admin","Est. reading time":"1 minute"},"schema":{"@context":"https:\/\/schema.org","@graph":[{"@type":"Article","@id":"https:\/\/www.prijedordanas.com\/?p=62818#article","isPartOf":{"@id":"https:\/\/www.prijedordanas.com\/?p=62818"},"author":{"name":"admin","@id":"https:\/\/www.prijedordanas.com\/#\/schema\/person\/4e08ccf29b506ca916ff86d46bb700e6"},"headline":"U OSNOVNOJ \u0160KOLI \u201eJOVAN CVIJI\u0106\u201c BREZI\u010cANI OBILJE\u017dENA DJE\u010cIJA NEDJELJA \u2013 FOTO","datePublished":"2016-10-08T07:56:09+00:00","dateModified":"2016-10-08T07:56:09+00:00","mainEntityOfPage":{"@id":"https:\/\/www.prijedordanas.com\/?p=62818"},"wordCount":262,"publisher":{"@id":"https:\/\/www.prijedordanas.com\/#organization"},"keywords":["aktivnosti","Dje\u010dija nedjelja","O\u0160 \"Jovan Cviji\u0107\" Brezi\u010dani"],"articleSection":["Mladi"],"inLanguage":"en-US"},{"@type":"WebPage","@id":"https:\/\/www.prijedordanas.com\/?p=62818","url":"https:\/\/www.prijedordanas.com\/?p=62818","name":"U OSNOVNOJ \u0160KOLI \u201eJOVAN CVIJI\u0106\u201c BREZI\u010cANI OBILJE\u017dENA DJE\u010cIJA NEDJELJA \u2013 FOTO - PrijedorDanas.com - Prijedorski gradski portal","isPartOf":{"@id":"https:\/\/www.prijedordanas.com\/#website"},"datePublished":"2016-10-08T07:56:09+00:00","dateModified":"2016-10-08T07:56:09+00:00","breadcrumb":{"@id":"https:\/\/www.prijedordanas.com\/?p=62818#breadcrumb"},"inLanguage":"en-US","potentialAction":[{"@type":"ReadAction","target":["https:\/\/www.prijedordanas.com\/?p=62818"]}]},{"@type":"BreadcrumbList","@id":"https:\/\/www.prijedordanas.com\/?p=62818#breadcrumb","itemListElement":[{"@type":"ListItem","position":1,"name":"Home","item":"https:\/\/www.prijedordanas.com\/"},{"@type":"ListItem","position":2,"name":"U OSNOVNOJ \u0160KOLI \u201eJOVAN CVIJI\u0106\u201c BREZI\u010cANI OBILJE\u017dENA DJE\u010cIJA NEDJELJA \u2013 FOTO"}]},{"@type":"WebSite","@id":"https:\/\/www.prijedordanas.com\/#website","url":"https:\/\/www.prijedordanas.com\/","name":"PrijedorDanas.com - Prijedorski gradski portal","description":"Portal o doga\u0111anjima u gradu Prijedoru","publisher":{"@id":"https:\/\/www.prijedordanas.com\/#organization"},"potentialAction":[{"@type":"SearchAction","target":{"@type":"EntryPoint","urlTemplate":"https:\/\/www.prijedordanas.com\/?s={search_term_string}"},"query-input":"required name=search_term_string"}],"inLanguage":"en-US"},{"@type":"Organization","@id":"https:\/\/www.prijedordanas.com\/#organization","name":"PrijedorDanas.com","url":"https:\/\/www.prijedordanas.com\/","logo":{"@type":"ImageObject","inLanguage":"en-US","@id":"https:\/\/www.prijedordanas.com\/#\/schema\/logo\/image\/","url":"http:\/\/www.prijedordanas.com\/wp-content\/uploads\/2021\/12\/logopng.png","contentUrl":"http:\/\/www.prijedordanas.com\/wp-content\/uploads\/2021\/12\/logopng.png","width":1019,"height":776,"caption":"PrijedorDanas.com"},"image":{"@id":"https:\/\/www.prijedordanas.com\/#\/schema\/logo\/image\/"},"sameAs":["https:\/\/www.facebook.com\/PrijedorDanasCom\/"]},{"@type":"Person","@id":"https:\/\/www.prijedordanas.com\/#\/schema\/person\/4e08ccf29b506ca916ff86d46bb700e6","name":"admin","image":{"@type":"ImageObject","inLanguage":"en-US","@id":"https:\/\/www.prijedordanas.com\/#\/schema\/person\/image\/","url":"https:\/\/secure.gravatar.com\/avatar\/1d3fc949d550f0b53a5f0d51e06dfd79?s=96&d=mm&r=g","contentUrl":"https:\/\/secure.gravatar.com\/avatar\/1d3fc949d550f0b53a5f0d51e06dfd79?s=96&d=mm&r=g","caption":"admin"},"url":"https:\/\/www.prijedordanas.com\/?author=1"}]}},"_links":{"self":[{"href":"https:\/\/www.prijedordanas.com\/index.php?rest_route=\/wp\/v2\/posts\/62818"}],"collection":[{"href":"https:\/\/www.prijedordanas.com\/index.php?rest_route=\/wp\/v2\/posts"}],"about":[{"href":"https:\/\/www.prijedordanas.com\/index.php?rest_route=\/wp\/v2\/types\/post"}],"author":[{"embeddable":true,"href":"https:\/\/www.prijedordanas.com\/index.php?rest_route=\/wp\/v2\/users\/1"}],"replies":[{"embeddable":true,"href":"https:\/\/www.prijedordanas.com\/index.php?rest_route=%2Fwp%2Fv2%2Fcomments&post=62818"}],"version-history":[{"count":1,"href":"https:\/\/www.prijedordanas.com\/index.php?rest_route=\/wp\/v2\/posts\/62818\/revisions"}],"predecessor-version":[{"id":62830,"href":"https:\/\/www.prijedordanas.com\/index.php?rest_route=\/wp\/v2\/posts\/62818\/revisions\/62830"}],"wp:attachment":[{"href":"https:\/\/www.prijedordanas.com\/index.php?rest_route=%2Fwp%2Fv2%2Fmedia&parent=62818"}],"wp:term":[{"taxonomy":"category","embeddable":true,"href":"https:\/\/www.prijedordanas.com\/index.php?rest_route=%2Fwp%2Fv2%2Fcategories&post=62818"},{"taxonomy":"post_tag","embeddable":true,"href":"https:\/\/www.prijedordanas.com\/index.php?rest_route=%2Fwp%2Fv2%2Ftags&post=62818"}],"curies":[{"name":"wp","href":"https:\/\/api.w.org\/{rel}","templated":true}]}}